{"id":21728,"date":"2021-11-25T11:19:31","date_gmt":"2021-11-25T11:19:31","guid":{"rendered":"https:\/\/www.vegaintro-projekti.com\/pilar-stari\/?p=21728"},"modified":"2022-02-23T11:37:10","modified_gmt":"2022-02-23T11:37:10","slug":"anketno-ispitivanje-javnog-mnijenja-na-6-kontinenata-globalno-umrezavanje-iseljene-i-domovinske-hrvatske-25-11-2021","status":"publish","type":"post","link":"https:\/\/www.vegaintro-projekti.com\/pilar-stari\/2021\/11\/anketno-ispitivanje-javnog-mnijenja-na-6-kontinenata-globalno-umrezavanje-iseljene-i-domovinske-hrvatske-25-11-2021\/","title":{"rendered":"Anketno ispitivanje javnog mnijenja na 6 kontinenata \u2013 globalno umre\u017eavanje iseljene i domovinske Hrvatske, 25. 11. 2021."},"content":{"rendered":"<p><strong>Jedan od najzahtjevnijih koraka u provedbi projekta <em>zaJEDNO srce, jedna du\u0161a, jedna Hrvatska<\/em> je provedba <em>procesa ispitivanja javnog mnijenja<\/em>. Izrazito opse\u017eno ispitivanje nije bilo izazovno samo u smislu velikog broja ulaznih podataka koji su se prikupljali nego i u smislu geografske raspr\u0161enosti ispitanika<\/strong><\/p>\n<p><img decoding=\"async\" loading=\"lazy\" class=\"alignnone size-full wp-image-21726 aligncenter\" src=\"https:\/\/www.vegaintro-projekti.com\/pilar-stari\/wp-content\/uploads\/2022\/02\/za01.jpg\" alt=\"\" width=\"250\" height=\"38\"><\/p>\n<p><img decoding=\"async\" loading=\"lazy\" class=\"alignnone size-medium wp-image-21727 aligncenter\" src=\"https:\/\/www.vegaintro-projekti.com\/pilar-stari\/wp-content\/uploads\/2022\/02\/za02-289x300.jpg\" alt=\"\" width=\"289\" height=\"300\" srcset=\"https:\/\/www.vegaintro-projekti.com\/pilar-stari\/wp-content\/uploads\/2022\/02\/za02-289x300.jpg 289w, https:\/\/www.vegaintro-projekti.com\/pilar-stari\/wp-content\/uploads\/2022\/02\/za02.jpg 310w\" sizes=\"(max-width: 289px) 100vw, 289px\" \/><\/p>\n<p>U anketiranju su sudjelovali ispitanici, hrvatski iseljenici i potomci Hrvata sa 6 kontinenata i iz 9 klastera: Sjedinjenih Ameri\u010dkih Dr\u017eava, Kanade, Australije, Ju\u017ene Amerike, Skandinavije, \u0160vicarske, Austrije, Njema\u010dke, Hrvatske. Radi tolikog geografskog obuhvata bilo je potrebno ankete i jezi\u010dno prilagoditi, pa su one bile dostupne na: hrvatskom, engleskom, njema\u010dkom i \u0161panjolskom jeziku.<\/p>\n<p>Uslijed, pandemije anketiranje je obavljeno uz pomo\u0107 on-line platformi za prikupljanje anketnih podataka.<\/p>\n<p>Proces ispitivanja javnog mnijenja rezultiralo je slijede\u0107im ishodima:<\/p>\n<p><strong>&#8211; Provedene 4 <em>vi\u0161ejezi\u010dne<\/em> ankete na vi\u0161e od 4000 ispitanika<\/strong><\/p>\n<p>o provedena anketa na reprezentativnom uzorku od 1000 osoba sa temom <em>ispitivanja socijalnog i lobisti\u010dkog potencijala hrvatskih iseljeni\u010dkih zajednica i udruga s obzirom na njihovo povijesno i kulturno naslije\u0111e i status u zemljama sa ispitanicima iz iseljeni\u010dkih podru\u010dja<\/em><\/p>\n<p>o provedena anketa na reprezentativnom uzorku od 1000 osoba sa temom <em>motivacijskih ciklusa migriranja mladih Hrvatske sa ispitanicima iz iseljeni\u010dkih podru\u010dja<\/em><\/p>\n<p>o provedena anketa na reprezentativnom uzorku od 1000 osoba sa temom <em>motivacijskih ciklusa migriranja mladih Hrvatske sa ispitanicima iz Republike Hrvatske<\/em><\/p>\n<p>o provedena anketa na reprezentativnom uzorku od 1000 osoba s ciljem <em>ispitivanja imid\u017ea RH u svijetu i potencijala promocije gospodarskih interesa i kulturnog identiteta kroz djelovanje hrvatskih iseljeni\u010dkih zajednica i udruga sa ispitanicima iz iseljeni\u010dkih podru\u010dja<\/em><\/p>\n<p>Osim anketa provode se i dubinskih intervjui i fokus grupe.<\/p>\n<p>Rezultati su u obradi i koriste se kao inputi za znanstvena istra\u017eivanja koja \u0107e potom proizvesti znanstvene i stru\u010dne \u010dlanke koji \u0107e poslu\u017eiti kao podloga za razvoj novih javnih politika i ja\u010danje suradnje organizacija civilnoga dru\u0161tva u Iseljeni\u0161tvu i Domovini, jedinica lokalne i regionalne samouprave, javne uprave, dr\u017eavnih institucija te znanstveno-istra\u017eiva\u010dkih institucija i drugih va\u017enih aktera koji mogu i \u017eele doprinijeti ideji \u201cIseljeni\u0161tvo kao pokreta\u010d razvoja u Republici Hrvatskoj\u201d.<\/p>\n<p>Zahvaljujemo svima koji su se odazvali i sudjelovali u ispitivanju.<\/p>\n<p><img decoding=\"async\" loading=\"lazy\" class=\"alignnone size-medium wp-image-21718 aligncenter\" src=\"https:\/\/www.vegaintro-projekti.com\/pilar-stari\/wp-content\/uploads\/2022\/02\/03-300x75.jpg\" alt=\"\" width=\"300\" height=\"75\" srcset=\"https:\/\/www.vegaintro-projekti.com\/pilar-stari\/wp-content\/uploads\/2022\/02\/03-300x75.jpg 300w, https:\/\/www.vegaintro-projekti.com\/pilar-stari\/wp-content\/uploads\/2022\/02\/03.jpg 356w\" sizes=\"(max-width: 300px) 100vw, 300px\" \/><\/p>\n<p style=\"text-align: center;\"><strong>Projekt je sufinancirala Europska unija iz Europskog socijalnog fonda.<\/strong><\/p>\n<p>Sadr\u017eaj objave isklju\u010diva je odgovornost Humanitarne udruge \u201efra Mladen Hrka\u0107\u201c i projektnih partnera.<\/p>\n<blockquote><p><a href=\"https:\/\/www.vegaintro-projekti.com\/pilar-stari\/2021\/07\/zajedno-srce-jedna-dusa-jedna-hrvatska\/\">Projekt ZA-JEDNO.HR<\/a><\/p><\/blockquote>\n","protected":false},"excerpt":{"rendered":"<p>Jedan od najzahtjevnijih koraka u provedbi projekta zaJEDNO srce, jedna du\u0161a, jedna Hrvatska je provedba procesa ispitivanja javnog mnijenja. Izrazito opse\u017eno ispitivanje nije bilo izazovno samo u smislu velikog broja ulaznih podataka koji su se prikupljali nego i u smislu geografske raspr\u0161enosti ispitanika U anketiranju su sudjelovali ispitanici, hrvatski iseljenici i potomci Hrvata sa 6&hellip; <a class=\"continue\" href=\"https:\/\/www.vegaintro-projekti.com\/pilar-stari\/2021\/11\/anketno-ispitivanje-javnog-mnijenja-na-6-kontinenata-globalno-umrezavanje-iseljene-i-domovinske-hrvatske-25-11-2021\/\">Pro\u010ditaj vi\u0161e o<span> Anketno ispitivanje javnog mnijenja na 6 kontinenata \u2013 globalno umre\u017eavanje iseljene i domovinske Hrvatske, 25. 11. 2021.<\/span><\/a><\/p>\n","protected":false},"author":7,"featured_media":21724,"comment_status":"closed","ping_status":"closed","sticky":false,"template":"","format":"standard","meta":{"inline_featured_image":false,"ngg_post_thumbnail":0,"footnotes":""},"categories":[29],"tags":[],"yoast_head":"<!-- This site is optimized with the Yoast SEO plugin v21.2 - https:\/\/yoast.com\/wordpress\/plugins\/seo\/ -->\n<title>Anketno ispitivanje javnog mnijenja na 6 kontinenata \u2013 globalno umre\u017eavanje iseljene i domovinske Hrvatske, 25. 11. 2021. - Institut dru&scaron;tvenih znanosti Ivo Pilar<\/title>\n<meta name=\"robots\" content=\"noindex, follow, max-snippet:-1, max-image-preview:large, max-video-preview:-1\" \/>\n<meta property=\"og:locale\" content=\"hr_HR\" \/>\n<meta property=\"og:type\" content=\"article\" \/>\n<meta property=\"og:title\" content=\"Anketno ispitivanje javnog mnijenja na 6 kontinenata \u2013 globalno umre\u017eavanje iseljene i domovinske Hrvatske, 25. 11. 2021. - Institut dru&scaron;tvenih znanosti Ivo Pilar\" \/>\n<meta property=\"og:description\" content=\"Jedan od najzahtjevnijih koraka u provedbi projekta zaJEDNO srce, jedna du\u0161a, jedna Hrvatska je provedba procesa ispitivanja javnog mnijenja. Izrazito opse\u017eno ispitivanje nije bilo izazovno samo u smislu velikog broja ulaznih podataka koji su se prikupljali nego i u smislu geografske raspr\u0161enosti ispitanika U anketiranju su sudjelovali ispitanici, hrvatski iseljenici i potomci Hrvata sa 6&hellip; Pro\u010ditaj vi\u0161e o Anketno ispitivanje javnog mnijenja na 6 kontinenata \u2013 globalno umre\u017eavanje iseljene i domovinske Hrvatske, 25. 11. 2021.\" \/>\n<meta property=\"og:url\" content=\"https:\/\/www.vegaintro-projekti.com\/pilar-stari\/2021\/11\/anketno-ispitivanje-javnog-mnijenja-na-6-kontinenata-globalno-umrezavanje-iseljene-i-domovinske-hrvatske-25-11-2021\/\" \/>\n<meta property=\"og:site_name\" content=\"Institut dru&scaron;tvenih znanosti Ivo Pilar\" \/>\n<meta property=\"article:published_time\" content=\"2021-11-25T11:19:31+00:00\" \/>\n<meta property=\"article:modified_time\" content=\"2022-02-23T11:37:10+00:00\" \/>\n<meta property=\"og:image\" content=\"https:\/\/www.vegaintro-projekti.com\/pilar-stari\/wp-content\/uploads\/2022\/02\/zaJEDNO.jpg\" \/>\n\t<meta property=\"og:image:width\" content=\"620\" \/>\n\t<meta property=\"og:image:height\" content=\"321\" \/>\n\t<meta property=\"og:image:type\" content=\"image\/jpeg\" \/>\n<meta name=\"author\" content=\"Boris\" \/>\n<meta name=\"twitter:card\" content=\"summary_large_image\" \/>\n<meta name=\"twitter:label1\" content=\"Napisao\/la\" \/>\n\t<meta name=\"twitter:data1\" content=\"Boris\" \/>\n\t<meta name=\"twitter:label2\" content=\"Procijenjeno vrijeme \u010ditanja\" \/>\n\t<meta name=\"twitter:data2\" content=\"2 minute\" \/>\n<script type=\"application\/ld+json\" class=\"yoast-schema-graph\">{\"@context\":\"https:\/\/schema.org\",\"@graph\":[{\"@type\":\"WebPage\",\"@id\":\"https:\/\/www.vegaintro-projekti.com\/pilar-stari\/2021\/11\/anketno-ispitivanje-javnog-mnijenja-na-6-kontinenata-globalno-umrezavanje-iseljene-i-domovinske-hrvatske-25-11-2021\/\",\"url\":\"https:\/\/www.vegaintro-projekti.com\/pilar-stari\/2021\/11\/anketno-ispitivanje-javnog-mnijenja-na-6-kontinenata-globalno-umrezavanje-iseljene-i-domovinske-hrvatske-25-11-2021\/\",\"name\":\"Anketno ispitivanje javnog mnijenja na 6 kontinenata \u2013 globalno umre\u017eavanje iseljene i domovinske Hrvatske, 25. 11. 2021. - Institut dru&scaron;tvenih znanosti Ivo Pilar\",\"isPartOf\":{\"@id\":\"https:\/\/www.vegaintro-projekti.com\/pilar-stari\/#website\"},\"datePublished\":\"2021-11-25T11:19:31+00:00\",\"dateModified\":\"2022-02-23T11:37:10+00:00\",\"author\":{\"@id\":\"https:\/\/www.vegaintro-projekti.com\/pilar-stari\/#\/schema\/person\/ddd404c9f1e15e4ffef5986ac6a5d28b\"},\"breadcrumb\":{\"@id\":\"https:\/\/www.vegaintro-projekti.com\/pilar-stari\/2021\/11\/anketno-ispitivanje-javnog-mnijenja-na-6-kontinenata-globalno-umrezavanje-iseljene-i-domovinske-hrvatske-25-11-2021\/#breadcrumb\"},\"inLanguage\":\"hr\",\"potentialAction\":[{\"@type\":\"ReadAction\",\"target\":[\"https:\/\/www.vegaintro-projekti.com\/pilar-stari\/2021\/11\/anketno-ispitivanje-javnog-mnijenja-na-6-kontinenata-globalno-umrezavanje-iseljene-i-domovinske-hrvatske-25-11-2021\/\"]}]},{\"@type\":\"BreadcrumbList\",\"@id\":\"https:\/\/www.vegaintro-projekti.com\/pilar-stari\/2021\/11\/anketno-ispitivanje-javnog-mnijenja-na-6-kontinenata-globalno-umrezavanje-iseljene-i-domovinske-hrvatske-25-11-2021\/#breadcrumb\",\"itemListElement\":[{\"@type\":\"ListItem\",\"position\":1,\"name\":\"Home\",\"item\":\"https:\/\/www.vegaintro-projekti.com\/pilar-stari\/\"},{\"@type\":\"ListItem\",\"position\":2,\"name\":\"Anketno ispitivanje javnog mnijenja na 6 kontinenata \u2013 globalno umre\u017eavanje iseljene i domovinske Hrvatske, 25. 11. 2021.\"}]},{\"@type\":\"WebSite\",\"@id\":\"https:\/\/www.vegaintro-projekti.com\/pilar-stari\/#website\",\"url\":\"https:\/\/www.vegaintro-projekti.com\/pilar-stari\/\",\"name\":\"Institut dru&scaron;tvenih znanosti Ivo Pilar\",\"description\":\"Pilar\",\"potentialAction\":[{\"@type\":\"SearchAction\",\"target\":{\"@type\":\"EntryPoint\",\"urlTemplate\":\"https:\/\/www.vegaintro-projekti.com\/pilar-stari\/?s={search_term_string}\"},\"query-input\":\"required name=search_term_string\"}],\"inLanguage\":\"hr\"},{\"@type\":\"Person\",\"@id\":\"https:\/\/www.vegaintro-projekti.com\/pilar-stari\/#\/schema\/person\/ddd404c9f1e15e4ffef5986ac6a5d28b\",\"name\":\"Boris\",\"image\":{\"@type\":\"ImageObject\",\"inLanguage\":\"hr\",\"@id\":\"https:\/\/www.vegaintro-projekti.com\/pilar-stari\/#\/schema\/person\/image\/\",\"url\":\"https:\/\/secure.gravatar.com\/avatar\/29557b161a6ce6ab86ac1503164f1e90?s=96&d=mm&r=g\",\"contentUrl\":\"https:\/\/secure.gravatar.com\/avatar\/29557b161a6ce6ab86ac1503164f1e90?s=96&d=mm&r=g\",\"caption\":\"Boris\"},\"url\":\"https:\/\/www.vegaintro-projekti.com\/pilar-stari\/author\/boris\/\"}]}<\/script>\n<!-- \/ Yoast SEO plugin. -->","yoast_head_json":{"title":"Anketno ispitivanje javnog mnijenja na 6 kontinenata \u2013 globalno umre\u017eavanje iseljene i domovinske Hrvatske, 25. 11. 2021. - Institut dru&scaron;tvenih znanosti Ivo Pilar","robots":{"index":"noindex","follow":"follow","max-snippet":"max-snippet:-1","max-image-preview":"max-image-preview:large","max-video-preview":"max-video-preview:-1"},"og_locale":"hr_HR","og_type":"article","og_title":"Anketno ispitivanje javnog mnijenja na 6 kontinenata \u2013 globalno umre\u017eavanje iseljene i domovinske Hrvatske, 25. 11. 2021. - Institut dru&scaron;tvenih znanosti Ivo Pilar","og_description":"Jedan od najzahtjevnijih koraka u provedbi projekta zaJEDNO srce, jedna du\u0161a, jedna Hrvatska je provedba procesa ispitivanja javnog mnijenja. Izrazito opse\u017eno ispitivanje nije bilo izazovno samo u smislu velikog broja ulaznih podataka koji su se prikupljali nego i u smislu geografske raspr\u0161enosti ispitanika U anketiranju su sudjelovali ispitanici, hrvatski iseljenici i potomci Hrvata sa 6&hellip; Pro\u010ditaj vi\u0161e o Anketno ispitivanje javnog mnijenja na 6 kontinenata \u2013 globalno umre\u017eavanje iseljene i domovinske Hrvatske, 25. 11. 2021.","og_url":"https:\/\/www.vegaintro-projekti.com\/pilar-stari\/2021\/11\/anketno-ispitivanje-javnog-mnijenja-na-6-kontinenata-globalno-umrezavanje-iseljene-i-domovinske-hrvatske-25-11-2021\/","og_site_name":"Institut dru&scaron;tvenih znanosti Ivo Pilar","article_published_time":"2021-11-25T11:19:31+00:00","article_modified_time":"2022-02-23T11:37:10+00:00","og_image":[{"width":620,"height":321,"url":"https:\/\/www.vegaintro-projekti.com\/pilar-stari\/wp-content\/uploads\/2022\/02\/zaJEDNO.jpg","type":"image\/jpeg"}],"author":"Boris","twitter_card":"summary_large_image","twitter_misc":{"Napisao\/la":"Boris","Procijenjeno vrijeme \u010ditanja":"2 minute"},"schema":{"@context":"https:\/\/schema.org","@graph":[{"@type":"WebPage","@id":"https:\/\/www.vegaintro-projekti.com\/pilar-stari\/2021\/11\/anketno-ispitivanje-javnog-mnijenja-na-6-kontinenata-globalno-umrezavanje-iseljene-i-domovinske-hrvatske-25-11-2021\/","url":"https:\/\/www.vegaintro-projekti.com\/pilar-stari\/2021\/11\/anketno-ispitivanje-javnog-mnijenja-na-6-kontinenata-globalno-umrezavanje-iseljene-i-domovinske-hrvatske-25-11-2021\/","name":"Anketno ispitivanje javnog mnijenja na 6 kontinenata \u2013 globalno umre\u017eavanje iseljene i domovinske Hrvatske, 25. 11. 2021. - Institut dru&scaron;tvenih znanosti Ivo Pilar","isPartOf":{"@id":"https:\/\/www.vegaintro-projekti.com\/pilar-stari\/#website"},"datePublished":"2021-11-25T11:19:31+00:00","dateModified":"2022-02-23T11:37:10+00:00","author":{"@id":"https:\/\/www.vegaintro-projekti.com\/pilar-stari\/#\/schema\/person\/ddd404c9f1e15e4ffef5986ac6a5d28b"},"breadcrumb":{"@id":"https:\/\/www.vegaintro-projekti.com\/pilar-stari\/2021\/11\/anketno-ispitivanje-javnog-mnijenja-na-6-kontinenata-globalno-umrezavanje-iseljene-i-domovinske-hrvatske-25-11-2021\/#breadcrumb"},"inLanguage":"hr","potentialAction":[{"@type":"ReadAction","target":["https:\/\/www.vegaintro-projekti.com\/pilar-stari\/2021\/11\/anketno-ispitivanje-javnog-mnijenja-na-6-kontinenata-globalno-umrezavanje-iseljene-i-domovinske-hrvatske-25-11-2021\/"]}]},{"@type":"BreadcrumbList","@id":"https:\/\/www.vegaintro-projekti.com\/pilar-stari\/2021\/11\/anketno-ispitivanje-javnog-mnijenja-na-6-kontinenata-globalno-umrezavanje-iseljene-i-domovinske-hrvatske-25-11-2021\/#breadcrumb","itemListElement":[{"@type":"ListItem","position":1,"name":"Home","item":"https:\/\/www.vegaintro-projekti.com\/pilar-stari\/"},{"@type":"ListItem","position":2,"name":"Anketno ispitivanje javnog mnijenja na 6 kontinenata \u2013 globalno umre\u017eavanje iseljene i domovinske Hrvatske, 25. 11. 2021."}]},{"@type":"WebSite","@id":"https:\/\/www.vegaintro-projekti.com\/pilar-stari\/#website","url":"https:\/\/www.vegaintro-projekti.com\/pilar-stari\/","name":"Institut dru&scaron;tvenih znanosti Ivo Pilar","description":"Pilar","potentialAction":[{"@type":"SearchAction","target":{"@type":"EntryPoint","urlTemplate":"https:\/\/www.vegaintro-projekti.com\/pilar-stari\/?s={search_term_string}"},"query-input":"required name=search_term_string"}],"inLanguage":"hr"},{"@type":"Person","@id":"https:\/\/www.vegaintro-projekti.com\/pilar-stari\/#\/schema\/person\/ddd404c9f1e15e4ffef5986ac6a5d28b","name":"Boris","image":{"@type":"ImageObject","inLanguage":"hr","@id":"https:\/\/www.vegaintro-projekti.com\/pilar-stari\/#\/schema\/person\/image\/","url":"https:\/\/secure.gravatar.com\/avatar\/29557b161a6ce6ab86ac1503164f1e90?s=96&d=mm&r=g","contentUrl":"https:\/\/secure.gravatar.com\/avatar\/29557b161a6ce6ab86ac1503164f1e90?s=96&d=mm&r=g","caption":"Boris"},"url":"https:\/\/www.vegaintro-projekti.com\/pilar-stari\/author\/boris\/"}]}},"_links":{"self":[{"href":"https:\/\/www.vegaintro-projekti.com\/pilar-stari\/wp-json\/wp\/v2\/posts\/21728"}],"collection":[{"href":"https:\/\/www.vegaintro-projekti.com\/pilar-stari\/wp-json\/wp\/v2\/posts"}],"about":[{"href":"https:\/\/www.vegaintro-projekti.com\/pilar-stari\/wp-json\/wp\/v2\/types\/post"}],"author":[{"embeddable":true,"href":"https:\/\/www.vegaintro-projekti.com\/pilar-stari\/wp-json\/wp\/v2\/users\/7"}],"replies":[{"embeddable":true,"href":"https:\/\/www.vegaintro-projekti.com\/pilar-stari\/wp-json\/wp\/v2\/comments?post=21728"}],"version-history":[{"count":1,"href":"https:\/\/www.vegaintro-projekti.com\/pilar-stari\/wp-json\/wp\/v2\/posts\/21728\/revisions"}],"predecessor-version":[{"id":21729,"href":"https:\/\/www.vegaintro-projekti.com\/pilar-stari\/wp-json\/wp\/v2\/posts\/21728\/revisions\/21729"}],"wp:featuredmedia":[{"embeddable":true,"href":"https:\/\/www.vegaintro-projekti.com\/pilar-stari\/wp-json\/wp\/v2\/media\/21724"}],"wp:attachment":[{"href":"https:\/\/www.vegaintro-projekti.com\/pilar-stari\/wp-json\/wp\/v2\/media?parent=21728"}],"wp:term":[{"taxonomy":"category","embeddable":true,"href":"https:\/\/www.vegaintro-projekti.com\/pilar-stari\/wp-json\/wp\/v2\/categories?post=21728"},{"taxonomy":"post_tag","embeddable":true,"href":"https:\/\/www.vegaintro-projekti.com\/pilar-stari\/wp-json\/wp\/v2\/tags?post=21728"}],"curies":[{"name":"wp","href":"https:\/\/api.w.org\/{rel}","templated":true}]}}