{"id":21772,"date":"2022-03-02T12:40:56","date_gmt":"2022-03-02T12:40:56","guid":{"rendered":"https:\/\/www.vegaintro-projekti.com\/pilar-stari\/?p=21772"},"modified":"2022-03-05T16:24:12","modified_gmt":"2022-03-05T16:24:12","slug":"mr-sc-tatjana-tomaic-cijeli-svijet-je-sokiran-brutalnim-razaranjem-i-stradavanjem-u-srcu-europe-28-2-2022","status":"publish","type":"post","link":"https:\/\/www.vegaintro-projekti.com\/pilar-stari\/2022\/03\/mr-sc-tatjana-tomaic-cijeli-svijet-je-sokiran-brutalnim-razaranjem-i-stradavanjem-u-srcu-europe-28-2-2022\/","title":{"rendered":"Mr. sc. Tatjana Tomai\u0107: Cijeli svijet je \u0161okiran brutalnim razaranjem i stradavanjem u srcu Europe, 28. 2. 2022."},"content":{"rendered":"<p><strong>Glas Istre u broju od 28. velja\u010de 2022. objavljuje razgovor Milana Pavlovi\u0107a s mr. sc. Tatjanom Tomai\u0107 pod naslovom &#8220;Cijeli svijet je \u0161okiran brutalnim razaranjem i stradavanjem u srcu Europe. Mi u Hrvatskoj smo posebno osjetljivi zbog sli\u010dnih doga\u0111aja koje smo do\u017eivjeli prije 30 godina&#8221;<\/strong><\/p>\n<p><a href=\"https:\/\/www.vegaintro-projekti.com\/pilar-stari\/wp-content\/uploads\/2022\/02\/TTomaic.pdf\"><img decoding=\"async\" loading=\"lazy\" class=\"alignnone wp-image-21770 size-full\" src=\"https:\/\/www.vegaintro-projekti.com\/pilar-stari\/wp-content\/uploads\/2022\/02\/TTomaic.jpg\" alt=\"\" width=\"620\" height=\"896\" srcset=\"https:\/\/www.vegaintro-projekti.com\/pilar-stari\/wp-content\/uploads\/2022\/02\/TTomaic.jpg 620w, https:\/\/www.vegaintro-projekti.com\/pilar-stari\/wp-content\/uploads\/2022\/02\/TTomaic-208x300.jpg 208w\" sizes=\"(max-width: 620px) 100vw, 620px\" \/><\/a><\/p>\n<p><strong>&#8211; Glas Istre (tiskano izdanje):<\/strong> <a href=\"https:\/\/www.vegaintro-projekti.com\/pilar-stari\/wp-content\/uploads\/2022\/02\/TTomaic.pdf\">Cijeli svijet je \u0161okiran brutalnim razaranjem i stradavanjem u srcu Europe, 28. 2. 2022.<\/a><br \/>\n<strong>&#8211; Glas Istre (online izdanje):<\/strong> <a href=\"https:\/\/www.glasistre.hr\/istra\/puljanka-tatjana-tomaic-clanica-odbora-za-vanjsku-politiku-hrvatskog-sabora-zasto-putin-ovo-radi-zato-sto-moze-780154\">PULJANKA TATJANA TOMAI\u0106, \u010dlanica Odbora za vanjsku politiku Hrvatskog sabora: &#8220;Za\u0161to Putin ovo radi? Zato \u0161to mo\u017ee&#8221;, 28. 2. 2022.<\/a><\/p>\n<p><span style=\"font-size: 14pt;\">PULJANKA TATJANA TOMAI\u0106, \u010dlanica Odbora za vanjsku politiku Hrvatskog sabora: &#8220;Za\u0161to Putin ovo radi? Zato \u0161to mo\u017ee&#8221;<\/span><br \/>\n28.02.2022 18:04 | Autor: Milan PAVLOVI\u0106<\/p>\n<p>&#8220;Prvo i osnovno \u0161to \u017eelim re\u0107i je da smo kao Odbor za vanjsku politiku Hrvatskog sabora jasno i nedvosmisleno osudili svaku agresiju i cijepanje teritorijalnog integriteta Ukrajine. Takav stav preto\u010den je u jednoglasno izglasanoj Deklaraciji o Ukrajini, koju je 25. velja\u010de, osu\u0111uju\u0107i agresiju i pozivaju\u0107i Rusiju na prekid vatre i povla\u010denje s ukrajinskog teritorija, usvojio i Hrvatski sabor. U Deklaraciji se podr\u017eava europski sigurnosni poredak, postoje\u0107i pregovara\u010dki okviri, teritorijalni integritet Ukrajine i poziva Vlada Republike Hrvatske na pru\u017eanje humanitarne i tehni\u010dke pomo\u0107i napadnutoj zemlji, ka\u017ee Puljanka, mr. sc. Tatjana Tomai\u0107, komentiraju\u0107i prve poteze hrvatske politike vezane uz aktualna ratna zbivanja u Ukrajini.<\/p>\n<p>Ova politi\u010dka analiti\u010darka i znanstvenica iz Instituta dru\u0161tvenih znanosti &#8220;Ivo Pilar&#8221; \u010dlanica je saborskog Odbora za vanjsku politiku iz reda javnih, znanstvenih i stru\u010dnih djelatnika. Hrvatska vanjska politika, ka\u017ee ona, jedinstvena je u osudi ruske agresije i invazije na teritorij druge suverene dr\u017eave, te su premijer, predsjednik i Sabor pokazali solidarnost s ukrajinskim narodom i ponudili humanitarnu i tehni\u010dku pomo\u0107 stanovni\u0161tvu na podru\u010djima zahva\u0107enih ratnim operacijama.<\/p>\n<p>&#8211; Razvidna je jasna i nedvosmislena potpora Hrvatske neovisnosti, suverenosti i teritorijalnoj cjelovitosti Ukrajine koja je neposredno nakon po\u010detka ruske agresije upu\u0107ena s plenarne sjednice Europskog parlamenta, kao i iz ve\u0107ine parlamenata dr\u017eava \u010dlanica, odnosno od strane predsjednika dr\u017eava i vlada europskih zemalja. Me\u0111utim, ono \u0161to je u ovom trenutku najva\u017enije, to je zaustavljanje ratnih sukoba u kojima najve\u0107u cijenu, kao i u svim ostalim ratovima, pla\u0107a civilno stanovni\u0161tvo, te povratak za pregovara\u010dki stol i poku\u0161aj rje\u0161avanja svih nesporazuma diplomatskim putem, ka\u017ee Tomai\u0107.<\/p>\n<p>&#8211; Cijeli svijet je \u0161okiran brutalnim razaranjem i stradavanjem u srcu Europe, no dr\u017eim da smo mi u Hrvatskoj posebno osjetljivi i svjesni toga zbog sli\u010dnih doga\u0111aja koje smo sami do\u017eivjeli prije 30 godina. \u017drtve, razaranje i veliki broj izbjeglica i prognanika ne\u0161to je \u0161to i danas mnogi \u017eivo pamtimo, kao \u0161to pamtimo i nemo\u0107 Europske unije i op\u0107enito zapadnog svijeta da tu nesre\u0107u sprije\u010de i zaustave. Na\u017ealost, sli\u010dna situacija ponavlja se i u Ukrajini, jer osim uvo\u0111enja sankcija Rusiji i naoru\u017eavanja Ukrajine, ni Europa ni svijet nemaju na\u010dina da direktno utje\u010du na zaustavljanje onoga \u0161to se doga\u0111a na podru\u010djima koja su pretvorena u ratne zone, smatra Tatjana Tomai\u0107.<\/p>\n<p>Europska unija nastala je, ka\u017ee ona, zbog te\u017enje europskih zemalja da se nikad vi\u0161e na europskom kontinentu ne doga\u0111aju veliki ratovi nakon ona dva koja su je devastirala u prvoj polovici pro\u0161log stolje\u0107a. Danas svjedo\u010dimo situaciji da rat bjesni u najve\u0107oj europskoj dr\u017eavi, koju je napala najve\u0107a dr\u017eava na svijetu.<\/p>\n<p>&#8211; To govori da, na\u017ealost, u toj svojoj osnovnoj zada\u0107i Europska unija nije bila uspje\u0161na i da u skoroj budu\u0107nosti mora postati aktivniji akter geopoliti\u010dkih zbivanja, kao i razviti projekt europske obrambene unije, ka\u017ee Tomai\u0107, dodav\u0161i da su veleposlanstva zemalja \u010dlanica EU, usprkos ratnim zbivanjima, ostala u Kijevu, \u010dime pru\u017eaju toj zemlji zna\u010dajnu politi\u010dku podr\u0161ku.<\/p>\n<p>Posljedice ukrajinske krize osjetit \u0107e se \u0161irom svijeta, pa na to mora biti spremno i hrvatsko gospodarstvo. Kada je Istra u pitanju, to se prije svega odnosi na hrvatski turizam koji je lani s tr\u017ei\u0161ta te dvije zemlje kumulativno ostvario oko 300 tisu\u0107a dolazaka i vi\u0161e od milijun i pol no\u0107enja, na \u0161to ovog ljeta ne\u0107e mo\u0107i ra\u010dunati. Energetska ovisnost Hrvatske o Rusiji nije toliko izra\u017eena kao \u0161to je to slu\u010daj kod nekih drugih zemalja, a ni gospodarska razmjena nije na tom nivou da bi zna\u010dajnije o\u0161tetila hrvatske proizvo\u0111a\u010de. Ono \u0161to bi mogla biti opasnost, upozorava Tomai\u0107, je nova destabilizacija, koja bi se zbog ovog sukoba mogla dogoditi u nekim zemljama s prostora biv\u0161e Jugoslavije. Prije svega to je, ka\u017ee, BiH koju na jesen o\u010dekuju izbori, a odnosi izme\u0111u entiteta su sve samo ne idili\u010dni, ali i Crna Gora koja je momentalno bez vlade i u kojoj se politikom ve\u0107 dulje vrijeme bavi ulica.<\/p>\n<p>\u010cinjenica je, dodaje, da su odnosi s Rusijom krenuli krivim kolosijekom puno godina prije nego \u0161to je prema Ukrajini poletjela prva ruska raketa. Putin je ve\u0107 odavno nazna\u010dio da je jedan od glavnih ciljeva ruske vanjske politike zaustaviti daljnje \u0161irenje NATO pakta i pribli\u017eavanje tog vojnog saveza ruskim granicama. Od sukoba u Gruziji i ruskog utjecaja na secesionisti\u010dke te\u017enje Abhazije i Ju\u017ene Osetije, preko referenduma o pripajanja Krima i oru\u017eane pobune u Donbasu, sve su aktivnosti bile usmjerene ka ostvarivanju tog cilja, ka\u017ee na\u0161a sugovornica.<\/p>\n<p>&#8211; Za\u0161to Putin to radi? Zato \u0161to mo\u017ee, rekla bih. On pred sobom ima jasne ciljeve, a zapad, odnosno prije svega Europska unija, nemaju efikasne diplomatske, ni druge alate, da ga primoraju da od njih odustane. Nedavni razgovori na kojima su se na stolu na\u0161la &#8220;sigurnosna jamstva&#8221; koja je Rusija tra\u017eila propali su jer su u SAD-u i na Zapadu do\u017eivljeni kao ultimatum. Diplomatski pregovori unutar Trilateralne kontaktne skupine, kao i unutar &#8220;nordijskog formata&#8221;, nisu donijeli nikakav konkretan napredak, a nije se dogodila ni implementacija sporazuma o mirnom rje\u0161enju krize u Donbasu iz Minska. I onda se dogodila invazija. Velike sankcije kao odgovor Rusiji bile su nu\u017ene, no one ne\u0107e zaustaviti rat jer su ne\u0161to na \u0161to je Putin ra\u010dunao i za \u0161to se godinama pripremao, izme\u0111u ostalog i zna\u010dajnim uve\u0107avanjem udjela zlata u svojim rezervama. Ulazak u oru\u017eani sukob snaga NATO pakta na strani Ukrajine i rat nuklearnih sila imao bi vjerojatno posljedice koje je te\u0161ko i pojmiti, radi \u010dega je jedino raspolo\u017eivo sredstvo za zaustavljanje rata u ovom trenutku diplomacija. Zara\u0107ene strane \u0161to prije trebaju sjesti za pregovara\u010dki stol jer nastavkom rata ne\u0107emo dobiti pobjednika, nego samo nastavak nesre\u0107e, smrti i razaranja. A to mora stati, zaklju\u010dila je Tomai\u0107.<\/p>\n<blockquote><p><a href=\"https:\/\/www.vegaintro-projekti.com\/pilar-stari\/2010\/07\/podruni-centar-pula-2\/\">Podru\u010dni centar Pula<\/a><\/p>\n<p><a href=\"https:\/\/www.vegaintro-projekti.com\/pilar-stari\/biografije\/user-bio\/?my_user_id=118\">Mr. sc. Tatjana Tomai\u0107<\/a><\/p><\/blockquote>\n","protected":false},"excerpt":{"rendered":"<p>Glas Istre u broju od 28. velja\u010de 2022. objavljuje razgovor Milana Pavlovi\u0107a s mr. sc. Tatjanom Tomai\u0107 pod naslovom &#8220;Cijeli svijet je \u0161okiran brutalnim razaranjem i stradavanjem u srcu Europe. Mi u Hrvatskoj smo posebno osjetljivi zbog sli\u010dnih doga\u0111aja koje smo do\u017eivjeli prije 30 godina&#8221; &#8211; Glas Istre (tiskano izdanje): Cijeli svijet je \u0161okiran brutalnim&hellip; <a class=\"continue\" href=\"https:\/\/www.vegaintro-projekti.com\/pilar-stari\/2022\/03\/mr-sc-tatjana-tomaic-cijeli-svijet-je-sokiran-brutalnim-razaranjem-i-stradavanjem-u-srcu-europe-28-2-2022\/\">Pro\u010ditaj vi\u0161e o<span> Mr. sc. Tatjana Tomai\u0107: Cijeli svijet je \u0161okiran brutalnim razaranjem i stradavanjem u srcu Europe, 28. 2. 2022.<\/span><\/a><\/p>\n","protected":false},"author":7,"featured_media":21769,"comment_status":"closed","ping_status":"closed","sticky":false,"template":"","format":"standard","meta":{"inline_featured_image":false,"ngg_post_thumbnail":0,"footnotes":""},"categories":[48,12],"tags":[],"yoast_head":"<!-- This site is optimized with the Yoast SEO plugin v21.2 - https:\/\/yoast.com\/wordpress\/plugins\/seo\/ -->\n<title>Mr. sc. Tatjana Tomai\u0107: Cijeli svijet je \u0161okiran brutalnim razaranjem i stradavanjem u srcu Europe, 28. 2. 2022. - Institut dru&scaron;tvenih znanosti Ivo Pilar<\/title>\n<meta name=\"robots\" content=\"noindex, follow, max-snippet:-1, max-image-preview:large, max-video-preview:-1\" \/>\n<meta property=\"og:locale\" content=\"hr_HR\" \/>\n<meta property=\"og:type\" content=\"article\" \/>\n<meta property=\"og:title\" content=\"Mr. sc. Tatjana Tomai\u0107: Cijeli svijet je \u0161okiran brutalnim razaranjem i stradavanjem u srcu Europe, 28. 2. 2022. - Institut dru&scaron;tvenih znanosti Ivo Pilar\" \/>\n<meta property=\"og:description\" content=\"Glas Istre u broju od 28. velja\u010de 2022. objavljuje razgovor Milana Pavlovi\u0107a s mr. sc. Tatjanom Tomai\u0107 pod naslovom &#8220;Cijeli svijet je \u0161okiran brutalnim razaranjem i stradavanjem u srcu Europe. Mi u Hrvatskoj smo posebno osjetljivi zbog sli\u010dnih doga\u0111aja koje smo do\u017eivjeli prije 30 godina&#8221; &#8211; Glas Istre (tiskano izdanje): Cijeli svijet je \u0161okiran brutalnim&hellip; Pro\u010ditaj vi\u0161e o Mr. sc. Tatjana Tomai\u0107: Cijeli svijet je \u0161okiran brutalnim razaranjem i stradavanjem u srcu Europe, 28. 2. 2022.\" \/>\n<meta property=\"og:url\" content=\"https:\/\/www.vegaintro-projekti.com\/pilar-stari\/2022\/03\/mr-sc-tatjana-tomaic-cijeli-svijet-je-sokiran-brutalnim-razaranjem-i-stradavanjem-u-srcu-europe-28-2-2022\/\" \/>\n<meta property=\"og:site_name\" content=\"Institut dru&scaron;tvenih znanosti Ivo Pilar\" \/>\n<meta property=\"article:published_time\" content=\"2022-03-02T12:40:56+00:00\" \/>\n<meta property=\"article:modified_time\" content=\"2022-03-05T16:24:12+00:00\" \/>\n<meta property=\"og:image\" content=\"https:\/\/www.vegaintro-projekti.com\/pilar-stari\/wp-content\/uploads\/2022\/02\/TT_fi.jpg\" \/>\n\t<meta property=\"og:image:width\" content=\"500\" \/>\n\t<meta property=\"og:image:height\" content=\"230\" \/>\n\t<meta property=\"og:image:type\" content=\"image\/jpeg\" \/>\n<meta name=\"author\" content=\"Boris\" \/>\n<meta name=\"twitter:card\" content=\"summary_large_image\" \/>\n<meta name=\"twitter:label1\" content=\"Napisao\/la\" \/>\n\t<meta name=\"twitter:data1\" content=\"Boris\" \/>\n\t<meta name=\"twitter:label2\" content=\"Procijenjeno vrijeme \u010ditanja\" \/>\n\t<meta name=\"twitter:data2\" content=\"6 minuta\" \/>\n<script type=\"application\/ld+json\" class=\"yoast-schema-graph\">{\"@context\":\"https:\/\/schema.org\",\"@graph\":[{\"@type\":\"WebPage\",\"@id\":\"https:\/\/www.vegaintro-projekti.com\/pilar-stari\/2022\/03\/mr-sc-tatjana-tomaic-cijeli-svijet-je-sokiran-brutalnim-razaranjem-i-stradavanjem-u-srcu-europe-28-2-2022\/\",\"url\":\"https:\/\/www.vegaintro-projekti.com\/pilar-stari\/2022\/03\/mr-sc-tatjana-tomaic-cijeli-svijet-je-sokiran-brutalnim-razaranjem-i-stradavanjem-u-srcu-europe-28-2-2022\/\",\"name\":\"Mr. sc. Tatjana Tomai\u0107: Cijeli svijet je \u0161okiran brutalnim razaranjem i stradavanjem u srcu Europe, 28. 2. 2022. - Institut dru&scaron;tvenih znanosti Ivo Pilar\",\"isPartOf\":{\"@id\":\"https:\/\/www.vegaintro-projekti.com\/pilar-stari\/#website\"},\"datePublished\":\"2022-03-02T12:40:56+00:00\",\"dateModified\":\"2022-03-05T16:24:12+00:00\",\"author\":{\"@id\":\"https:\/\/www.vegaintro-projekti.com\/pilar-stari\/#\/schema\/person\/ddd404c9f1e15e4ffef5986ac6a5d28b\"},\"breadcrumb\":{\"@id\":\"https:\/\/www.vegaintro-projekti.com\/pilar-stari\/2022\/03\/mr-sc-tatjana-tomaic-cijeli-svijet-je-sokiran-brutalnim-razaranjem-i-stradavanjem-u-srcu-europe-28-2-2022\/#breadcrumb\"},\"inLanguage\":\"hr\",\"potentialAction\":[{\"@type\":\"ReadAction\",\"target\":[\"https:\/\/www.vegaintro-projekti.com\/pilar-stari\/2022\/03\/mr-sc-tatjana-tomaic-cijeli-svijet-je-sokiran-brutalnim-razaranjem-i-stradavanjem-u-srcu-europe-28-2-2022\/\"]}]},{\"@type\":\"BreadcrumbList\",\"@id\":\"https:\/\/www.vegaintro-projekti.com\/pilar-stari\/2022\/03\/mr-sc-tatjana-tomaic-cijeli-svijet-je-sokiran-brutalnim-razaranjem-i-stradavanjem-u-srcu-europe-28-2-2022\/#breadcrumb\",\"itemListElement\":[{\"@type\":\"ListItem\",\"position\":1,\"name\":\"Home\",\"item\":\"https:\/\/www.vegaintro-projekti.com\/pilar-stari\/\"},{\"@type\":\"ListItem\",\"position\":2,\"name\":\"Mr. sc. Tatjana Tomai\u0107: Cijeli svijet je \u0161okiran brutalnim razaranjem i stradavanjem u srcu Europe, 28. 2. 2022.\"}]},{\"@type\":\"WebSite\",\"@id\":\"https:\/\/www.vegaintro-projekti.com\/pilar-stari\/#website\",\"url\":\"https:\/\/www.vegaintro-projekti.com\/pilar-stari\/\",\"name\":\"Institut dru&scaron;tvenih znanosti Ivo Pilar\",\"description\":\"Pilar\",\"potentialAction\":[{\"@type\":\"SearchAction\",\"target\":{\"@type\":\"EntryPoint\",\"urlTemplate\":\"https:\/\/www.vegaintro-projekti.com\/pilar-stari\/?s={search_term_string}\"},\"query-input\":\"required name=search_term_string\"}],\"inLanguage\":\"hr\"},{\"@type\":\"Person\",\"@id\":\"https:\/\/www.vegaintro-projekti.com\/pilar-stari\/#\/schema\/person\/ddd404c9f1e15e4ffef5986ac6a5d28b\",\"name\":\"Boris\",\"image\":{\"@type\":\"ImageObject\",\"inLanguage\":\"hr\",\"@id\":\"https:\/\/www.vegaintro-projekti.com\/pilar-stari\/#\/schema\/person\/image\/\",\"url\":\"https:\/\/secure.gravatar.com\/avatar\/29557b161a6ce6ab86ac1503164f1e90?s=96&d=mm&r=g\",\"contentUrl\":\"https:\/\/secure.gravatar.com\/avatar\/29557b161a6ce6ab86ac1503164f1e90?s=96&d=mm&r=g\",\"caption\":\"Boris\"},\"url\":\"https:\/\/www.vegaintro-projekti.com\/pilar-stari\/author\/boris\/\"}]}<\/script>\n<!-- \/ Yoast SEO plugin. -->","yoast_head_json":{"title":"Mr. sc. Tatjana Tomai\u0107: Cijeli svijet je \u0161okiran brutalnim razaranjem i stradavanjem u srcu Europe, 28. 2. 2022. - Institut dru&scaron;tvenih znanosti Ivo Pilar","robots":{"index":"noindex","follow":"follow","max-snippet":"max-snippet:-1","max-image-preview":"max-image-preview:large","max-video-preview":"max-video-preview:-1"},"og_locale":"hr_HR","og_type":"article","og_title":"Mr. sc. Tatjana Tomai\u0107: Cijeli svijet je \u0161okiran brutalnim razaranjem i stradavanjem u srcu Europe, 28. 2. 2022. - Institut dru&scaron;tvenih znanosti Ivo Pilar","og_description":"Glas Istre u broju od 28. velja\u010de 2022. objavljuje razgovor Milana Pavlovi\u0107a s mr. sc. Tatjanom Tomai\u0107 pod naslovom &#8220;Cijeli svijet je \u0161okiran brutalnim razaranjem i stradavanjem u srcu Europe. Mi u Hrvatskoj smo posebno osjetljivi zbog sli\u010dnih doga\u0111aja koje smo do\u017eivjeli prije 30 godina&#8221; &#8211; Glas Istre (tiskano izdanje): Cijeli svijet je \u0161okiran brutalnim&hellip; Pro\u010ditaj vi\u0161e o Mr. sc. Tatjana Tomai\u0107: Cijeli svijet je \u0161okiran brutalnim razaranjem i stradavanjem u srcu Europe, 28. 2. 2022.","og_url":"https:\/\/www.vegaintro-projekti.com\/pilar-stari\/2022\/03\/mr-sc-tatjana-tomaic-cijeli-svijet-je-sokiran-brutalnim-razaranjem-i-stradavanjem-u-srcu-europe-28-2-2022\/","og_site_name":"Institut dru&scaron;tvenih znanosti Ivo Pilar","article_published_time":"2022-03-02T12:40:56+00:00","article_modified_time":"2022-03-05T16:24:12+00:00","og_image":[{"width":500,"height":230,"url":"https:\/\/www.vegaintro-projekti.com\/pilar-stari\/wp-content\/uploads\/2022\/02\/TT_fi.jpg","type":"image\/jpeg"}],"author":"Boris","twitter_card":"summary_large_image","twitter_misc":{"Napisao\/la":"Boris","Procijenjeno vrijeme \u010ditanja":"6 minuta"},"schema":{"@context":"https:\/\/schema.org","@graph":[{"@type":"WebPage","@id":"https:\/\/www.vegaintro-projekti.com\/pilar-stari\/2022\/03\/mr-sc-tatjana-tomaic-cijeli-svijet-je-sokiran-brutalnim-razaranjem-i-stradavanjem-u-srcu-europe-28-2-2022\/","url":"https:\/\/www.vegaintro-projekti.com\/pilar-stari\/2022\/03\/mr-sc-tatjana-tomaic-cijeli-svijet-je-sokiran-brutalnim-razaranjem-i-stradavanjem-u-srcu-europe-28-2-2022\/","name":"Mr. sc. Tatjana Tomai\u0107: Cijeli svijet je \u0161okiran brutalnim razaranjem i stradavanjem u srcu Europe, 28. 2. 2022. - Institut dru&scaron;tvenih znanosti Ivo Pilar","isPartOf":{"@id":"https:\/\/www.vegaintro-projekti.com\/pilar-stari\/#website"},"datePublished":"2022-03-02T12:40:56+00:00","dateModified":"2022-03-05T16:24:12+00:00","author":{"@id":"https:\/\/www.vegaintro-projekti.com\/pilar-stari\/#\/schema\/person\/ddd404c9f1e15e4ffef5986ac6a5d28b"},"breadcrumb":{"@id":"https:\/\/www.vegaintro-projekti.com\/pilar-stari\/2022\/03\/mr-sc-tatjana-tomaic-cijeli-svijet-je-sokiran-brutalnim-razaranjem-i-stradavanjem-u-srcu-europe-28-2-2022\/#breadcrumb"},"inLanguage":"hr","potentialAction":[{"@type":"ReadAction","target":["https:\/\/www.vegaintro-projekti.com\/pilar-stari\/2022\/03\/mr-sc-tatjana-tomaic-cijeli-svijet-je-sokiran-brutalnim-razaranjem-i-stradavanjem-u-srcu-europe-28-2-2022\/"]}]},{"@type":"BreadcrumbList","@id":"https:\/\/www.vegaintro-projekti.com\/pilar-stari\/2022\/03\/mr-sc-tatjana-tomaic-cijeli-svijet-je-sokiran-brutalnim-razaranjem-i-stradavanjem-u-srcu-europe-28-2-2022\/#breadcrumb","itemListElement":[{"@type":"ListItem","position":1,"name":"Home","item":"https:\/\/www.vegaintro-projekti.com\/pilar-stari\/"},{"@type":"ListItem","position":2,"name":"Mr. sc. Tatjana Tomai\u0107: Cijeli svijet je \u0161okiran brutalnim razaranjem i stradavanjem u srcu Europe, 28. 2. 2022."}]},{"@type":"WebSite","@id":"https:\/\/www.vegaintro-projekti.com\/pilar-stari\/#website","url":"https:\/\/www.vegaintro-projekti.com\/pilar-stari\/","name":"Institut dru&scaron;tvenih znanosti Ivo Pilar","description":"Pilar","potentialAction":[{"@type":"SearchAction","target":{"@type":"EntryPoint","urlTemplate":"https:\/\/www.vegaintro-projekti.com\/pilar-stari\/?s={search_term_string}"},"query-input":"required name=search_term_string"}],"inLanguage":"hr"},{"@type":"Person","@id":"https:\/\/www.vegaintro-projekti.com\/pilar-stari\/#\/schema\/person\/ddd404c9f1e15e4ffef5986ac6a5d28b","name":"Boris","image":{"@type":"ImageObject","inLanguage":"hr","@id":"https:\/\/www.vegaintro-projekti.com\/pilar-stari\/#\/schema\/person\/image\/","url":"https:\/\/secure.gravatar.com\/avatar\/29557b161a6ce6ab86ac1503164f1e90?s=96&d=mm&r=g","contentUrl":"https:\/\/secure.gravatar.com\/avatar\/29557b161a6ce6ab86ac1503164f1e90?s=96&d=mm&r=g","caption":"Boris"},"url":"https:\/\/www.vegaintro-projekti.com\/pilar-stari\/author\/boris\/"}]}},"_links":{"self":[{"href":"https:\/\/www.vegaintro-projekti.com\/pilar-stari\/wp-json\/wp\/v2\/posts\/21772"}],"collection":[{"href":"https:\/\/www.vegaintro-projekti.com\/pilar-stari\/wp-json\/wp\/v2\/posts"}],"about":[{"href":"https:\/\/www.vegaintro-projekti.com\/pilar-stari\/wp-json\/wp\/v2\/types\/post"}],"author":[{"embeddable":true,"href":"https:\/\/www.vegaintro-projekti.com\/pilar-stari\/wp-json\/wp\/v2\/users\/7"}],"replies":[{"embeddable":true,"href":"https:\/\/www.vegaintro-projekti.com\/pilar-stari\/wp-json\/wp\/v2\/comments?post=21772"}],"version-history":[{"count":3,"href":"https:\/\/www.vegaintro-projekti.com\/pilar-stari\/wp-json\/wp\/v2\/posts\/21772\/revisions"}],"predecessor-version":[{"id":21787,"href":"https:\/\/www.vegaintro-projekti.com\/pilar-stari\/wp-json\/wp\/v2\/posts\/21772\/revisions\/21787"}],"wp:featuredmedia":[{"embeddable":true,"href":"https:\/\/www.vegaintro-projekti.com\/pilar-stari\/wp-json\/wp\/v2\/media\/21769"}],"wp:attachment":[{"href":"https:\/\/www.vegaintro-projekti.com\/pilar-stari\/wp-json\/wp\/v2\/media?parent=21772"}],"wp:term":[{"taxonomy":"category","embeddable":true,"href":"https:\/\/www.vegaintro-projekti.com\/pilar-stari\/wp-json\/wp\/v2\/categories?post=21772"},{"taxonomy":"post_tag","embeddable":true,"href":"https:\/\/www.vegaintro-projekti.com\/pilar-stari\/wp-json\/wp\/v2\/tags?post=21772"}],"curies":[{"name":"wp","href":"https:\/\/api.w.org\/{rel}","templated":true}]}}