{"id":21809,"date":"2022-03-02T18:56:06","date_gmt":"2022-03-02T18:56:06","guid":{"rendered":"https:\/\/www.vegaintro-projekti.com\/pilar-stari\/?p=21809"},"modified":"2022-03-08T22:55:36","modified_gmt":"2022-03-08T22:55:36","slug":"dr-sc-nenad-pokos-udvostrucen-udio-starijih-od-65-a-djece-je-153-000-manje-2-3-2022","status":"publish","type":"post","link":"https:\/\/www.vegaintro-projekti.com\/pilar-stari\/2022\/03\/dr-sc-nenad-pokos-udvostrucen-udio-starijih-od-65-a-djece-je-153-000-manje-2-3-2022\/","title":{"rendered":"Dr. sc. Nenad Pokos: Udvostru\u010den udio starijih od 65, a djece je 153.000 manje, 2. 3. 2022."},"content":{"rendered":"<p><strong>U Ve\u010dernjem listu od 2. o\u017eujka 2022. godine u prilogu Dijane Jurasi\u0107 dr. sc. Nenad Pokos komentirao je \u201edramati\u010dne podatke dobne strukture stanovni\u0161tva\u201c iz popisa 2021.<\/strong><\/p>\n<p><a href=\"https:\/\/www.vegaintro-projekti.com\/pilar-stari\/wp-content\/uploads\/2022\/03\/Infografika.jpg\"><img decoding=\"async\" loading=\"lazy\" class=\"alignnone wp-image-21807 size-full\" src=\"https:\/\/www.vegaintro-projekti.com\/pilar-stari\/wp-content\/uploads\/2022\/03\/Grafika.jpg\" alt=\"\" width=\"620\" height=\"353\" srcset=\"https:\/\/www.vegaintro-projekti.com\/pilar-stari\/wp-content\/uploads\/2022\/03\/Grafika.jpg 620w, https:\/\/www.vegaintro-projekti.com\/pilar-stari\/wp-content\/uploads\/2022\/03\/Grafika-300x171.jpg 300w\" sizes=\"(max-width: 620px) 100vw, 620px\" \/><\/a><\/p>\n<p><strong>&#8211; Ve\u010dernji list:<\/strong> <a href=\"https:\/\/www.vecernji.hr\/vijesti\/dramaticni-podaci-ovo-je-upozorenje-cijelom-hrvatskom-drustvu-1567572\">Dramati\u010dni podaci: &#8216;Ovo je upozorenje cijelom hrvatskom dru\u0161tvu&#8217;, 2. 3. 2022.<\/a><\/p>\n<p><span style=\"font-size: 14pt;\">Pokos: Hrvatska \u0107e se uskoro suo\u010diti s ekonomskim, socijalnim i financijskim pote\u0161ko\u0107ama, do\u0107i \u0107e u pitanje funkcioniranje gospodarskog sustava<\/span><\/p>\n<p>&#8211; Usporedba broja stanovnika u dobi od 65 godina i vi\u0161e iz popisa u popis pokazuje intenzivan porast i njihova apsolutnoga i relativnog broja. Izme\u0111u 1991. i 2021. apsolutni broj starog stanovni\u0161tva pove\u0107an je 56,2% iako je u istom razdoblju broj ukupnog stanovni\u0161tva smanjen 18,7%. Koeficijent starosti, odnosno udio osoba od 65 godina i vi\u0161e u ukupnom stanovni\u0161tvu, u posljednjih je 30 godina udvostru\u010den, pove\u0107an je s 11,6% na 22,3%. Istodobno je koeficijent mladosti (udio stanovni\u0161tva do 14 godina) lani smanjen s 19,7% na 14, 2% &#8211; isti\u010de Pokos, dodaju\u0107i da se smatra da je stanovni\u0161tvo neke zemlje ili podru\u010dja po\u010delo starjeti tada kad udio stanovni\u0161tva 65+ dostigne 10% ukupnog stanovni\u0161tva. Prema podacima UN-a za 2020. dodaje, ve\u0107i udio stanovni\u0161tva 65+ od Hrvatske imali su samo Japan, Italija, Portugal i Finska dok Gr\u010dka ima isti udio starog stanovni\u0161tva kao i mi, 22,3%.<\/p>\n<p>&#8211; Ipak, bolji pokazatelj starosti populacije je indeks starenja, koji pokazuje omjer broja onih u dobi 65+ na 100 mladih (od 0 do 14 godina). U popisu stanovni\u0161tva iz 2011. prvi je put zabilje\u017een ve\u0107i broj starih od mladih, odnosno na 100 stanovnika do 14 godina dolazilo je 116,3 starih stanovnika. Prvi rezultati pro\u0161logodi\u0161njeg popisa kazuju da na 100 djece dolazi \u010dak 156,9 stanovnika u dobi od 65 godina i vi\u0161e &#8211; napominje Pokos. \u0160to za zemlju zna\u010di ovakva dobna struktura?<\/p>\n<p>&#8211; Zbog produbljivanja prirodnog pada stanovni\u0161tva, iseljavanja i produljenja o\u010dekivanog \u017eivotnog vijeka iz godine u godinu dolazi do smanjenja udjela mladog i radno aktivnog stanovni\u0161tva te intenziviranja procesa starenja. Zbog toga \u0107e se Hrvatska uskoro suo\u010diti s ekonomskim, socijalnim i financijskim pote\u0161ko\u0107ama jer sve manje stanovnika upla\u0107uje za mirovinski i zdravstveni sustav. Zbog toga \u0107e u pitanje do\u0107i funkcioniranje gospodarskog sustava \u0161to mo\u017ee rezultirati smanjenjem socijalnih davanja, odnosno ni\u017eim mirovinama, ukidanjem besplatnog zdravstva, \u0161kolstva &#8211; ka\u017ee Pokos.<\/p>\n<p>Najstarije stanovni\u0161tvo \u017eivi u \u0160ibensko-kninskoj \u017eupaniji gdje na 100 djece dolazi \u010dak 214,8 stanovnika starih 65+, dodaje Pokos. Glavni razlog je intenzivan proces starenja ponajprije u Zagori, odnosno u gradovima i op\u0107inama stradalim u Domovinskom ratu. Dijelom to vrijedi i za Li\u010dko-senjsku \u017eupaniju, u kojoj je tako\u0111er broj starijih vi\u0161e nego dvostruko ve\u0107i u odnosu na mlade i ondje indeks starenja iznosi 209,6 dok je na tre\u0107em mjestu po tom pokazatelju Primorsko-goranska \u017eupanija sa 207,1. Najpovoljniju situaciju bilje\u017ei Me\u0111imurska \u017eupanija s indeksom starenja 127,8, a glavni razlog je relativno velik broj Roma koji imaju znatno mla\u0111u dobnu strukturu. Slijede Grad Zagreb (135,8) te Zagreba\u010dka \u017eupanija s indeksom starenja od 142,8, \u0161to mogu zahvaliti svojoj gospodarskoj razvijenosti \u010dime privla\u010de relativno mla\u0111e stanovni\u0161tvo iz ostalih dijelova Hrvatske, tuma\u010di Pokos.<\/p>\n<blockquote><p><a href=\"https:\/\/www.vegaintro-projekti.com\/pilar-stari\/biografije\/user-bio\/?my_user_id=78\">Dr. sc. Nenad Pokos<\/a><\/p><\/blockquote>\n","protected":false},"excerpt":{"rendered":"<p>U Ve\u010dernjem listu od 2. o\u017eujka 2022. godine u prilogu Dijane Jurasi\u0107 dr. sc. Nenad Pokos komentirao je \u201edramati\u010dne podatke dobne strukture stanovni\u0161tva\u201c iz popisa 2021. &#8211; Ve\u010dernji list: Dramati\u010dni podaci: &#8216;Ovo je upozorenje cijelom hrvatskom dru\u0161tvu&#8217;, 2. 3. 2022. Pokos: Hrvatska \u0107e se uskoro suo\u010diti s ekonomskim, socijalnim i financijskim pote\u0161ko\u0107ama, do\u0107i \u0107e u&hellip; <a class=\"continue\" href=\"https:\/\/www.vegaintro-projekti.com\/pilar-stari\/2022\/03\/dr-sc-nenad-pokos-udvostrucen-udio-starijih-od-65-a-djece-je-153-000-manje-2-3-2022\/\">Pro\u010ditaj vi\u0161e o<span> Dr. sc. Nenad Pokos: Udvostru\u010den udio starijih od 65, a djece je 153.000 manje, 2. 3. 2022.<\/span><\/a><\/p>\n","protected":false},"author":7,"featured_media":21808,"comment_status":"closed","ping_status":"closed","sticky":false,"template":"","format":"standard","meta":{"inline_featured_image":false,"ngg_post_thumbnail":0,"footnotes":""},"categories":[48,12],"tags":[],"yoast_head":"<!-- This site is optimized with the Yoast SEO plugin v21.2 - https:\/\/yoast.com\/wordpress\/plugins\/seo\/ -->\n<title>Dr. sc. Nenad Pokos: Udvostru\u010den udio starijih od 65, a djece je 153.000 manje, 2. 3. 2022. - Institut dru&scaron;tvenih znanosti Ivo Pilar<\/title>\n<meta name=\"robots\" content=\"noindex, follow, max-snippet:-1, max-image-preview:large, max-video-preview:-1\" \/>\n<meta property=\"og:locale\" content=\"hr_HR\" \/>\n<meta property=\"og:type\" content=\"article\" \/>\n<meta property=\"og:title\" content=\"Dr. sc. Nenad Pokos: Udvostru\u010den udio starijih od 65, a djece je 153.000 manje, 2. 3. 2022. - Institut dru&scaron;tvenih znanosti Ivo Pilar\" \/>\n<meta property=\"og:description\" content=\"U Ve\u010dernjem listu od 2. o\u017eujka 2022. godine u prilogu Dijane Jurasi\u0107 dr. sc. Nenad Pokos komentirao je \u201edramati\u010dne podatke dobne strukture stanovni\u0161tva\u201c iz popisa 2021. &#8211; Ve\u010dernji list: Dramati\u010dni podaci: &#8216;Ovo je upozorenje cijelom hrvatskom dru\u0161tvu&#8217;, 2. 3. 2022. Pokos: Hrvatska \u0107e se uskoro suo\u010diti s ekonomskim, socijalnim i financijskim pote\u0161ko\u0107ama, do\u0107i \u0107e u&hellip; Pro\u010ditaj vi\u0161e o Dr. sc. Nenad Pokos: Udvostru\u010den udio starijih od 65, a djece je 153.000 manje, 2. 3. 2022.\" \/>\n<meta property=\"og:url\" content=\"https:\/\/www.vegaintro-projekti.com\/pilar-stari\/2022\/03\/dr-sc-nenad-pokos-udvostrucen-udio-starijih-od-65-a-djece-je-153-000-manje-2-3-2022\/\" \/>\n<meta property=\"og:site_name\" content=\"Institut dru&scaron;tvenih znanosti Ivo Pilar\" \/>\n<meta property=\"article:published_time\" content=\"2022-03-02T18:56:06+00:00\" \/>\n<meta property=\"article:modified_time\" content=\"2022-03-08T22:55:36+00:00\" \/>\n<meta property=\"og:image\" content=\"https:\/\/www.vegaintro-projekti.com\/pilar-stari\/wp-content\/uploads\/2022\/03\/NPokos_fi.jpg\" \/>\n\t<meta property=\"og:image:width\" content=\"329\" \/>\n\t<meta property=\"og:image:height\" content=\"227\" \/>\n\t<meta property=\"og:image:type\" content=\"image\/jpeg\" \/>\n<meta name=\"author\" content=\"Boris\" \/>\n<meta name=\"twitter:card\" content=\"summary_large_image\" \/>\n<meta name=\"twitter:label1\" content=\"Napisao\/la\" \/>\n\t<meta name=\"twitter:data1\" content=\"Boris\" \/>\n\t<meta name=\"twitter:label2\" content=\"Procijenjeno vrijeme \u010ditanja\" \/>\n\t<meta name=\"twitter:data2\" content=\"3 minute\" \/>\n<script type=\"application\/ld+json\" class=\"yoast-schema-graph\">{\"@context\":\"https:\/\/schema.org\",\"@graph\":[{\"@type\":\"WebPage\",\"@id\":\"https:\/\/www.vegaintro-projekti.com\/pilar-stari\/2022\/03\/dr-sc-nenad-pokos-udvostrucen-udio-starijih-od-65-a-djece-je-153-000-manje-2-3-2022\/\",\"url\":\"https:\/\/www.vegaintro-projekti.com\/pilar-stari\/2022\/03\/dr-sc-nenad-pokos-udvostrucen-udio-starijih-od-65-a-djece-je-153-000-manje-2-3-2022\/\",\"name\":\"Dr. sc. Nenad Pokos: Udvostru\u010den udio starijih od 65, a djece je 153.000 manje, 2. 3. 2022. - Institut dru&scaron;tvenih znanosti Ivo Pilar\",\"isPartOf\":{\"@id\":\"https:\/\/www.vegaintro-projekti.com\/pilar-stari\/#website\"},\"datePublished\":\"2022-03-02T18:56:06+00:00\",\"dateModified\":\"2022-03-08T22:55:36+00:00\",\"author\":{\"@id\":\"https:\/\/www.vegaintro-projekti.com\/pilar-stari\/#\/schema\/person\/ddd404c9f1e15e4ffef5986ac6a5d28b\"},\"breadcrumb\":{\"@id\":\"https:\/\/www.vegaintro-projekti.com\/pilar-stari\/2022\/03\/dr-sc-nenad-pokos-udvostrucen-udio-starijih-od-65-a-djece-je-153-000-manje-2-3-2022\/#breadcrumb\"},\"inLanguage\":\"hr\",\"potentialAction\":[{\"@type\":\"ReadAction\",\"target\":[\"https:\/\/www.vegaintro-projekti.com\/pilar-stari\/2022\/03\/dr-sc-nenad-pokos-udvostrucen-udio-starijih-od-65-a-djece-je-153-000-manje-2-3-2022\/\"]}]},{\"@type\":\"BreadcrumbList\",\"@id\":\"https:\/\/www.vegaintro-projekti.com\/pilar-stari\/2022\/03\/dr-sc-nenad-pokos-udvostrucen-udio-starijih-od-65-a-djece-je-153-000-manje-2-3-2022\/#breadcrumb\",\"itemListElement\":[{\"@type\":\"ListItem\",\"position\":1,\"name\":\"Home\",\"item\":\"https:\/\/www.vegaintro-projekti.com\/pilar-stari\/\"},{\"@type\":\"ListItem\",\"position\":2,\"name\":\"Dr. sc. Nenad Pokos: Udvostru\u010den udio starijih od 65, a djece je 153.000 manje, 2. 3. 2022.\"}]},{\"@type\":\"WebSite\",\"@id\":\"https:\/\/www.vegaintro-projekti.com\/pilar-stari\/#website\",\"url\":\"https:\/\/www.vegaintro-projekti.com\/pilar-stari\/\",\"name\":\"Institut dru&scaron;tvenih znanosti Ivo Pilar\",\"description\":\"Pilar\",\"potentialAction\":[{\"@type\":\"SearchAction\",\"target\":{\"@type\":\"EntryPoint\",\"urlTemplate\":\"https:\/\/www.vegaintro-projekti.com\/pilar-stari\/?s={search_term_string}\"},\"query-input\":\"required name=search_term_string\"}],\"inLanguage\":\"hr\"},{\"@type\":\"Person\",\"@id\":\"https:\/\/www.vegaintro-projekti.com\/pilar-stari\/#\/schema\/person\/ddd404c9f1e15e4ffef5986ac6a5d28b\",\"name\":\"Boris\",\"image\":{\"@type\":\"ImageObject\",\"inLanguage\":\"hr\",\"@id\":\"https:\/\/www.vegaintro-projekti.com\/pilar-stari\/#\/schema\/person\/image\/\",\"url\":\"https:\/\/secure.gravatar.com\/avatar\/29557b161a6ce6ab86ac1503164f1e90?s=96&d=mm&r=g\",\"contentUrl\":\"https:\/\/secure.gravatar.com\/avatar\/29557b161a6ce6ab86ac1503164f1e90?s=96&d=mm&r=g\",\"caption\":\"Boris\"},\"url\":\"https:\/\/www.vegaintro-projekti.com\/pilar-stari\/author\/boris\/\"}]}<\/script>\n<!-- \/ Yoast SEO plugin. -->","yoast_head_json":{"title":"Dr. sc. Nenad Pokos: Udvostru\u010den udio starijih od 65, a djece je 153.000 manje, 2. 3. 2022. - Institut dru&scaron;tvenih znanosti Ivo Pilar","robots":{"index":"noindex","follow":"follow","max-snippet":"max-snippet:-1","max-image-preview":"max-image-preview:large","max-video-preview":"max-video-preview:-1"},"og_locale":"hr_HR","og_type":"article","og_title":"Dr. sc. Nenad Pokos: Udvostru\u010den udio starijih od 65, a djece je 153.000 manje, 2. 3. 2022. - Institut dru&scaron;tvenih znanosti Ivo Pilar","og_description":"U Ve\u010dernjem listu od 2. o\u017eujka 2022. godine u prilogu Dijane Jurasi\u0107 dr. sc. Nenad Pokos komentirao je \u201edramati\u010dne podatke dobne strukture stanovni\u0161tva\u201c iz popisa 2021. &#8211; Ve\u010dernji list: Dramati\u010dni podaci: &#8216;Ovo je upozorenje cijelom hrvatskom dru\u0161tvu&#8217;, 2. 3. 2022. Pokos: Hrvatska \u0107e se uskoro suo\u010diti s ekonomskim, socijalnim i financijskim pote\u0161ko\u0107ama, do\u0107i \u0107e u&hellip; Pro\u010ditaj vi\u0161e o Dr. sc. Nenad Pokos: Udvostru\u010den udio starijih od 65, a djece je 153.000 manje, 2. 3. 2022.","og_url":"https:\/\/www.vegaintro-projekti.com\/pilar-stari\/2022\/03\/dr-sc-nenad-pokos-udvostrucen-udio-starijih-od-65-a-djece-je-153-000-manje-2-3-2022\/","og_site_name":"Institut dru&scaron;tvenih znanosti Ivo Pilar","article_published_time":"2022-03-02T18:56:06+00:00","article_modified_time":"2022-03-08T22:55:36+00:00","og_image":[{"width":329,"height":227,"url":"https:\/\/www.vegaintro-projekti.com\/pilar-stari\/wp-content\/uploads\/2022\/03\/NPokos_fi.jpg","type":"image\/jpeg"}],"author":"Boris","twitter_card":"summary_large_image","twitter_misc":{"Napisao\/la":"Boris","Procijenjeno vrijeme \u010ditanja":"3 minute"},"schema":{"@context":"https:\/\/schema.org","@graph":[{"@type":"WebPage","@id":"https:\/\/www.vegaintro-projekti.com\/pilar-stari\/2022\/03\/dr-sc-nenad-pokos-udvostrucen-udio-starijih-od-65-a-djece-je-153-000-manje-2-3-2022\/","url":"https:\/\/www.vegaintro-projekti.com\/pilar-stari\/2022\/03\/dr-sc-nenad-pokos-udvostrucen-udio-starijih-od-65-a-djece-je-153-000-manje-2-3-2022\/","name":"Dr. sc. Nenad Pokos: Udvostru\u010den udio starijih od 65, a djece je 153.000 manje, 2. 3. 2022. - Institut dru&scaron;tvenih znanosti Ivo Pilar","isPartOf":{"@id":"https:\/\/www.vegaintro-projekti.com\/pilar-stari\/#website"},"datePublished":"2022-03-02T18:56:06+00:00","dateModified":"2022-03-08T22:55:36+00:00","author":{"@id":"https:\/\/www.vegaintro-projekti.com\/pilar-stari\/#\/schema\/person\/ddd404c9f1e15e4ffef5986ac6a5d28b"},"breadcrumb":{"@id":"https:\/\/www.vegaintro-projekti.com\/pilar-stari\/2022\/03\/dr-sc-nenad-pokos-udvostrucen-udio-starijih-od-65-a-djece-je-153-000-manje-2-3-2022\/#breadcrumb"},"inLanguage":"hr","potentialAction":[{"@type":"ReadAction","target":["https:\/\/www.vegaintro-projekti.com\/pilar-stari\/2022\/03\/dr-sc-nenad-pokos-udvostrucen-udio-starijih-od-65-a-djece-je-153-000-manje-2-3-2022\/"]}]},{"@type":"BreadcrumbList","@id":"https:\/\/www.vegaintro-projekti.com\/pilar-stari\/2022\/03\/dr-sc-nenad-pokos-udvostrucen-udio-starijih-od-65-a-djece-je-153-000-manje-2-3-2022\/#breadcrumb","itemListElement":[{"@type":"ListItem","position":1,"name":"Home","item":"https:\/\/www.vegaintro-projekti.com\/pilar-stari\/"},{"@type":"ListItem","position":2,"name":"Dr. sc. Nenad Pokos: Udvostru\u010den udio starijih od 65, a djece je 153.000 manje, 2. 3. 2022."}]},{"@type":"WebSite","@id":"https:\/\/www.vegaintro-projekti.com\/pilar-stari\/#website","url":"https:\/\/www.vegaintro-projekti.com\/pilar-stari\/","name":"Institut dru&scaron;tvenih znanosti Ivo Pilar","description":"Pilar","potentialAction":[{"@type":"SearchAction","target":{"@type":"EntryPoint","urlTemplate":"https:\/\/www.vegaintro-projekti.com\/pilar-stari\/?s={search_term_string}"},"query-input":"required name=search_term_string"}],"inLanguage":"hr"},{"@type":"Person","@id":"https:\/\/www.vegaintro-projekti.com\/pilar-stari\/#\/schema\/person\/ddd404c9f1e15e4ffef5986ac6a5d28b","name":"Boris","image":{"@type":"ImageObject","inLanguage":"hr","@id":"https:\/\/www.vegaintro-projekti.com\/pilar-stari\/#\/schema\/person\/image\/","url":"https:\/\/secure.gravatar.com\/avatar\/29557b161a6ce6ab86ac1503164f1e90?s=96&d=mm&r=g","contentUrl":"https:\/\/secure.gravatar.com\/avatar\/29557b161a6ce6ab86ac1503164f1e90?s=96&d=mm&r=g","caption":"Boris"},"url":"https:\/\/www.vegaintro-projekti.com\/pilar-stari\/author\/boris\/"}]}},"_links":{"self":[{"href":"https:\/\/www.vegaintro-projekti.com\/pilar-stari\/wp-json\/wp\/v2\/posts\/21809"}],"collection":[{"href":"https:\/\/www.vegaintro-projekti.com\/pilar-stari\/wp-json\/wp\/v2\/posts"}],"about":[{"href":"https:\/\/www.vegaintro-projekti.com\/pilar-stari\/wp-json\/wp\/v2\/types\/post"}],"author":[{"embeddable":true,"href":"https:\/\/www.vegaintro-projekti.com\/pilar-stari\/wp-json\/wp\/v2\/users\/7"}],"replies":[{"embeddable":true,"href":"https:\/\/www.vegaintro-projekti.com\/pilar-stari\/wp-json\/wp\/v2\/comments?post=21809"}],"version-history":[{"count":3,"href":"https:\/\/www.vegaintro-projekti.com\/pilar-stari\/wp-json\/wp\/v2\/posts\/21809\/revisions"}],"predecessor-version":[{"id":21814,"href":"https:\/\/www.vegaintro-projekti.com\/pilar-stari\/wp-json\/wp\/v2\/posts\/21809\/revisions\/21814"}],"wp:featuredmedia":[{"embeddable":true,"href":"https:\/\/www.vegaintro-projekti.com\/pilar-stari\/wp-json\/wp\/v2\/media\/21808"}],"wp:attachment":[{"href":"https:\/\/www.vegaintro-projekti.com\/pilar-stari\/wp-json\/wp\/v2\/media?parent=21809"}],"wp:term":[{"taxonomy":"category","embeddable":true,"href":"https:\/\/www.vegaintro-projekti.com\/pilar-stari\/wp-json\/wp\/v2\/categories?post=21809"},{"taxonomy":"post_tag","embeddable":true,"href":"https:\/\/www.vegaintro-projekti.com\/pilar-stari\/wp-json\/wp\/v2\/tags?post=21809"}],"curies":[{"name":"wp","href":"https:\/\/api.w.org\/{rel}","templated":true}]}}