{"id":219,"date":"2009-10-01T13:40:38","date_gmt":"2009-10-01T13:40:38","guid":{"rendered":"https:\/\/www.vegaintro-projekti.com\/pilar-stari\/2009\/10\/01\/abou-the-institute\/"},"modified":"2023-06-21T20:23:03","modified_gmt":"2023-06-21T20:23:03","slug":"abou-the-institute","status":"publish","type":"post","link":"https:\/\/www.vegaintro-projekti.com\/pilar-stari\/2009\/10\/abou-the-institute\/","title":{"rendered":"About the Institute"},"content":{"rendered":"<p style=\"text-align: right;\"><span style=\"color: #008000; font-size: 10pt;\"><br \/>\n<strong>This site is under construction<\/strong><\/span><\/p>\n<p style=\"text-align: left;\">\u25cf <a href=\"#founding\">Founding of the Institute<\/a> \u25cf <a href=\"#headquarters\">Headquarters<\/a> \u25cf <a href=\"#centers\">Regional Centers<\/a> \u25cf <a href=\"#governance\">Governance<\/a> \u25cf <a href=\"#activities\">Activities of the Institute<\/a> \u25cf <a href=\"#library\">The Library<\/a> \u25cf <a href=\"#technology\">Information Technology<\/a> \u25cf <a href=\"#cooperation\">International Cooperation<\/a> \u25cf <a href=\"#medal\">The Institute Medal<\/a> \u25cf <a href=\"#donations\">Donations<\/a> \u25cf <a href=\"#who\">Who was Ivo Pilar<\/a>&nbsp;\u25cf&nbsp;<a href=\"https:\/\/www.vegaintro-projekti.com\/pilar-stari\/fotogalerija\/institut-ivo-pilar\/\">Gallery<\/a><a href=\"https:\/\/www.vegaintro-projekti.com\/pilar-stari\/2008\/10\/institut-drutvenih-znanosti-ivo-pilar\/\" target=\"_blank\" rel=\"noopener noreferrer\"><br \/>\n<\/a><br \/>\n&gt;&gt;&gt;&nbsp;<strong><a href=\"https:\/\/www.vegaintro-projekti.com\/pilar-stari\/2015\/01\/hr-excellence-in-researches\/\">&#8220;HR Excellence in Researches&#8221;<\/a><\/strong><\/p>\n<p>&nbsp;<\/p>\n<p><strong>Founding of the Institute<br \/>\n<\/strong><br \/>\nThe Institute of Social Sciences Ivo Pilar was founded by a decision of the University Assembly of the University of Zagreb on November 26, 1991. By the Law of Institutions of 1993, it became a public institution; and by the Law of Scholarly Research of the same year, it became a public institute of the Republic of Croatia.<br \/>\nThe original name of the Institute was the \u201cInstitute of Applied Social Research\u201d. It was renamed \u201cInstitute of Social Sciences Ivo Pilar\u201d by a decision made by the Governing Board on February 18, 1997.<br \/>\n<a name=\"headquarters\"><\/a>&nbsp;<\/p>\n<p><strong>Headquarters<br \/>\n<\/strong><br \/>\nMaruli\u0107ev trg 19<br \/>\nPO Box 277<br \/>\n10000 Zagreb<br \/>\nTel: +385 1 4886 800<br \/>\nFax: +385 1 4828 296<br \/>\nE-mail: <a href=\"mailto:ured@ipdi.hr\">ured@vegaintro-projekti.com\/pilar-stari<\/a><br \/>\n<a href=\"https:\/\/www.vegaintro-projekti.com\/pilar-stari\/2009\/10\/abou-the-institute\/\">https:\/\/www.vegaintro-projekti.com\/pilar-stari<\/a><br \/>\n<a name=\"centers\"><\/a>&nbsp;<\/p>\n<p><strong>Regional Centers<br \/>\n<\/strong><br \/>\nThe Institute has regional centers in Osijek, Split,&nbsp;Pula, Vukovar, Gospi\u0107,&nbsp; Dubrovnik, and Vara\u017edin.<\/p>\n<p>Regional Center Osijek<br \/>\n\u0160ama\u010dka 9\/II<br \/>\n31000 Osijek<br \/>\nTel: +385 31 207 294<br \/>\nFax: +385 31 202 067<\/p>\n<p>Regional Center Split<br \/>\nPoljana kraljice Jelene 1<br \/>\n21000 Split<br \/>\nTel\/Fax: +385 21 344 154<\/p>\n<p>Regional Center Pula<br \/>\nLeharova 1, p.p. 70<br \/>\n52100 Pula<br \/>\nTel\/Fax: +385 52 534 260<\/p>\n<p>Regional Center Vukovar<br \/>\nJosipa Jurja Strossmayera 25, p.p. 58<br \/>\n32 000 Vukovar<br \/>\nTel: +385 32 450 323<br \/>\nFax: +385 32 450 348<\/p>\n<p>Regional Center Gospi\u0107<br \/>\nTrg Stjepana Radi\u0107a 4\/1<br \/>\n53 000 Gospi\u0107<br \/>\nTel\/Fax: +385&nbsp; 53 741 140<\/p>\n<p>Regional Center Dubrovnik<br \/>\nOd Ka\u0161tela 11<br \/>\n20 000 Dubrovnik<br \/>\nTel: +385 20 323 946<br \/>\nFax: +385 20 324 769<\/p>\n<p>Regional Center Vara\u017edin<br \/>\nc\/o Maruli\u0107ev trg 19<br \/>\n10 000 Zagreb<br \/>\nTel: +385 1 4886 819<br \/>\nFax: + 385 1 4828 296<\/p>\n<p><a name=\"governance\"><\/a>&nbsp;<\/p>\n<p><strong>Governance<br \/>\n<\/strong><br \/>\nThe Institute is governed by a Governing Board and Director, both nominated by the Minister of Science and Education of the Republic of Croatia. Scientific matters are supervised by the Research Council.&nbsp;<\/p>\n<p>The Research Council has 59 members.<br \/>\nThe Head of the Research Council is Nenad Pokos, Ph.D.<\/p>\n<p>Director of the Institute is \u017deljko Holjevac, Ph.D. His Assistant is Dra\u017een \u017divi\u0107, Ph.D.<\/p>\n<p><a name=\"activities\"><\/a>&nbsp;<\/p>\n<p><strong>Activities of the Institute<\/strong><\/p>\n<p>\u25cf Scientific research in the field of social sciences and humanities \u2013 basic, applied, and developmental.<br \/>\n\u25cf Professional research, expert consulting, and other intellectual services in social sciences and humanistic disciplines.<br \/>\n\u25cf Interdisciplinary scientific and professional research combining the fields of social sciences and humanities with those<br \/>\n&nbsp;&nbsp; of economy, engineering, technology, medicine, natural sciences, and ecology.<br \/>\n\u25cf Strategic analysis and research.<br \/>\n\u25cf Market analysis, public opinion research, analysis and evaluation of numerous other issues on a regional and state<br \/>\n&nbsp;&nbsp; basis.<br \/>\n\u25cf Publishing.<br \/>\n\u25cf Public lectures and book presentations.<br \/>\n\u25cf Scholarly and professional gatherings.<br \/>\n\u25cf Library activity and documentation gathering.<\/p>\n<p><a name=\"library\"><\/a>&nbsp;<\/p>\n<p><strong>The Library<br \/>\n<\/strong><br \/>\nThe Institute possesses its own library which contains professional literature, reference materials, dictionaries, etc. It has over 6,000 volumes accessible to both the members and extramural research associates.<br \/>\n<a name=\"technology\"><\/a>&nbsp;<\/p>\n<p><strong>Information Technology<br \/>\n<\/strong><br \/>\nThe Institute is supplied with information technology linking it, through the Croatian Academic Network, the CARNet, with information networks in Croatia and abroad.<br \/>\n<a name=\"cooperation\"><\/a>&nbsp;<\/p>\n<p><strong>International Cooperation<\/strong><\/p>\n<p>The Institute has developed a comprehensive network of cooperation with foreign and local institutions, organizations, and researchers, and with international and regional governmental organizations, institutions and associations, and NGOs.<br \/>\n<a name=\"medal\"><\/a>&nbsp;<\/p>\n<p><strong>The Institute Medal<br \/>\n<\/strong><br \/>\nSince 1998 the Institute has been awarding a medal with the likeness of Ivo Pilar (a work by the Academic Sculptor Stipe Sikirica) to outstanding scholars and scientists. The first such medals were awarded to the Institute founders \u2013 distinguished academic and public figures.<br \/>\n<a name=\"donations\"><\/a>&nbsp;<\/p>\n<p><strong>Donations<br \/>\n<\/strong><br \/>\nHeirs to Ivo Pilar have donated to the Institute a series of original documents which are kept in the Institute\u2019s safe; copies of which are on exhibit.<\/p>\n<p><a name=\"who\"><\/a>&nbsp;<\/p>\n<p><strong>Who was Ivo Pilar<\/strong><\/p>\n<p>&nbsp;<\/p>\n<p><img decoding=\"async\" loading=\"lazy\" class=\"alignleft\" src=\"https:\/\/www.vegaintro-projekti.com\/pilar-stari\/wp-content\/images\/stories\/fotografije\/proba\/pilar-stoji.jpg\" alt=\"pilar-stoji\" width=\"220\" height=\"640\"><\/p>\n<p>&nbsp;<\/p>\n<p><strong>Dr. Ivo Pilar (b. 19 June 1874, Zagreb; d. 3 September 1933)<\/strong><br \/>\n<span style=\"font-size: 10pt;\">A respected attorney in Sarajevo, Tuzla, and Zagreb; politician, publicist, sociologist, and the father of Croatian geopolitical science.<\/span><strong><span style=\"font-size: 10pt;\"><br \/>\n<\/span><\/strong><span style=\"font-size: 10pt;\">Having studied law in Vienna and Paris, Pilar practiced law in Sarajevo, Tuzla, and Zagreb until his unexplained and questionable \u201csuicide\u201d in 1933. He was the founder of the \u201cCroatian National Union\u201d for Bosnia and Herzegovina (1910). During the First World War he advocated retaining the integrity of the Austro-Hungarian Monarchy, including the Croatian lands and Bosnia and Herzegovina. After the war he was an opponent of the Greater-Serbian regime, and supported the idea of federalization of Yugoslavia.<\/span><strong><span style=\"font-size: 10pt;\"><br \/>\n<\/span><\/strong><span style=\"font-size: 10pt;\">Pilar also studied the sources of Bogumilism (Bogumilism as a Religious, Historical, and Socio-Political Problem, Zagreb, 1927). He wrote philosophic treatises, and was one of the founders of the Croatian Moderna movement in visual arts. In the article entitled \u201cThe Secession\u201d in the Vijenac (1898), he pleaded for artistic freedom, democratization of the arts, and a place for new art techniques (poster art, reproductive arts).<\/span><strong><span style=\"font-size: 10pt;\"><br \/>\n<\/span><\/strong><span style=\"font-size: 10pt;\">Pilar was the author of the first political geography of Croatian lands (1918). In his main work, Die S\u00fcdslavische Frage (The Yugoslav Question) which was published under the pseudonym of L. von S\u00fcdland in Vienna in 1918 (Croatian translation by F. Pucek, 1943), he proposed unification of Croatian lands, and rejected state union with Serbia (from Hrvatski leksikon, II, Zagreb: Naklada leksikon, 1997).<\/span><\/p>\n<p>&nbsp;<\/p>\n<p>&nbsp;<\/p>\n<p>&nbsp;<\/p>\n<p>&nbsp;<\/p>\n<p>&nbsp;<\/p>\n<p>&nbsp;<\/p>\n<p>&nbsp;<\/p>\n<p>&nbsp;<\/p>\n<p>&nbsp;<\/p>\n<p>&nbsp;<\/p>\n<p>&nbsp;<\/p>\n<p>&nbsp;<\/p>\n<p>&nbsp;<\/p>\n<p>&nbsp;<\/p>\n<p>&nbsp;<\/p>\n<p>&nbsp;<\/p>\n<p>&nbsp;<\/p>\n<p>&nbsp;<\/p>\n<p>&nbsp;<\/p>\n<p>&nbsp;<\/p>\n<p>&nbsp;<\/p>\n<p>&nbsp;<\/p>\n","protected":false},"excerpt":{"rendered":"<p>This site is under construction \u25cf Founding of the Institute \u25cf Headquarters \u25cf Regional Centers \u25cf Governance \u25cf Activities of the Institute \u25cf The Library \u25cf Information Technology \u25cf International Cooperation \u25cf The Institute Medal \u25cf Donations \u25cf Who was Ivo Pilar&nbsp;\u25cf&nbsp;Gallery &gt;&gt;&gt;&nbsp;&#8220;HR Excellence in Researches&#8221; &nbsp; Founding of the Institute The Institute of Social&hellip; <a class=\"continue\" href=\"https:\/\/www.vegaintro-projekti.com\/pilar-stari\/2009\/10\/abou-the-institute\/\">Pro\u010ditaj vi\u0161e o<span> About the Institute<\/span><\/a><\/p>\n","protected":false},"author":1,"featured_media":8833,"comment_status":"closed","ping_status":"closed","sticky":false,"template":"","format":"standard","meta":{"inline_featured_image":false,"ngg_post_thumbnail":0,"footnotes":""},"categories":[19,31],"tags":[],"yoast_head":"<!-- This site is optimized with the Yoast SEO plugin v21.2 - https:\/\/yoast.com\/wordpress\/plugins\/seo\/ -->\n<title>About the Institute - Institut dru&scaron;tvenih znanosti Ivo Pilar<\/title>\n<meta name=\"robots\" content=\"noindex, follow, max-snippet:-1, max-image-preview:large, max-video-preview:-1\" \/>\n<meta property=\"og:locale\" content=\"hr_HR\" \/>\n<meta property=\"og:type\" content=\"article\" \/>\n<meta property=\"og:title\" content=\"About the Institute - Institut dru&scaron;tvenih znanosti Ivo Pilar\" \/>\n<meta property=\"og:description\" content=\"This site is under construction \u25cf Founding of the Institute \u25cf Headquarters \u25cf Regional Centers \u25cf Governance \u25cf Activities of the Institute \u25cf The Library \u25cf Information Technology \u25cf International Cooperation \u25cf The Institute Medal \u25cf Donations \u25cf Who was Ivo Pilar&nbsp;\u25cf&nbsp;Gallery &gt;&gt;&gt;&nbsp;&#8220;HR Excellence in Researches&#8221; &nbsp; Founding of the Institute The Institute of Social&hellip; Pro\u010ditaj vi\u0161e o About the Institute\" \/>\n<meta property=\"og:url\" content=\"https:\/\/www.vegaintro-projekti.com\/pilar-stari\/2009\/10\/abou-the-institute\/\" \/>\n<meta property=\"og:site_name\" content=\"Institut dru&scaron;tvenih znanosti Ivo Pilar\" \/>\n<meta property=\"article:published_time\" content=\"2009-10-01T13:40:38+00:00\" \/>\n<meta property=\"article:modified_time\" content=\"2023-06-21T20:23:03+00:00\" \/>\n<meta property=\"og:image\" content=\"https:\/\/www.vegaintro-projekti.com\/pilar-stari\/wp-content\/uploads\/2018\/01\/institute.jpg\" \/>\n\t<meta property=\"og:image:width\" content=\"148\" \/>\n\t<meta property=\"og:image:height\" content=\"105\" \/>\n\t<meta property=\"og:image:type\" content=\"image\/jpeg\" \/>\n<meta name=\"author\" content=\"pilar-admin\" \/>\n<meta name=\"twitter:card\" content=\"summary_large_image\" \/>\n<meta name=\"twitter:label1\" content=\"Napisao\/la\" \/>\n\t<meta name=\"twitter:data1\" content=\"pilar-admin\" \/>\n\t<meta name=\"twitter:label2\" content=\"Procijenjeno vrijeme \u010ditanja\" \/>\n\t<meta name=\"twitter:data2\" content=\"5 minuta\" \/>\n<script type=\"application\/ld+json\" class=\"yoast-schema-graph\">{\"@context\":\"https:\/\/schema.org\",\"@graph\":[{\"@type\":\"WebPage\",\"@id\":\"https:\/\/www.vegaintro-projekti.com\/pilar-stari\/2009\/10\/abou-the-institute\/\",\"url\":\"https:\/\/www.vegaintro-projekti.com\/pilar-stari\/2009\/10\/abou-the-institute\/\",\"name\":\"About the Institute - Institut dru&scaron;tvenih znanosti Ivo Pilar\",\"isPartOf\":{\"@id\":\"https:\/\/www.vegaintro-projekti.com\/pilar-stari\/#website\"},\"datePublished\":\"2009-10-01T13:40:38+00:00\",\"dateModified\":\"2023-06-21T20:23:03+00:00\",\"author\":{\"@id\":\"https:\/\/www.vegaintro-projekti.com\/pilar-stari\/#\/schema\/person\/c0db50ebd77c4409e19b18044bbf10c1\"},\"breadcrumb\":{\"@id\":\"https:\/\/www.vegaintro-projekti.com\/pilar-stari\/2009\/10\/abou-the-institute\/#breadcrumb\"},\"inLanguage\":\"hr\",\"potentialAction\":[{\"@type\":\"ReadAction\",\"target\":[\"https:\/\/www.vegaintro-projekti.com\/pilar-stari\/2009\/10\/abou-the-institute\/\"]}]},{\"@type\":\"BreadcrumbList\",\"@id\":\"https:\/\/www.vegaintro-projekti.com\/pilar-stari\/2009\/10\/abou-the-institute\/#breadcrumb\",\"itemListElement\":[{\"@type\":\"ListItem\",\"position\":1,\"name\":\"Home\",\"item\":\"https:\/\/www.vegaintro-projekti.com\/pilar-stari\/\"},{\"@type\":\"ListItem\",\"position\":2,\"name\":\"About the Institute\"}]},{\"@type\":\"WebSite\",\"@id\":\"https:\/\/www.vegaintro-projekti.com\/pilar-stari\/#website\",\"url\":\"https:\/\/www.vegaintro-projekti.com\/pilar-stari\/\",\"name\":\"Institut dru&scaron;tvenih znanosti Ivo Pilar\",\"description\":\"Pilar\",\"potentialAction\":[{\"@type\":\"SearchAction\",\"target\":{\"@type\":\"EntryPoint\",\"urlTemplate\":\"https:\/\/www.vegaintro-projekti.com\/pilar-stari\/?s={search_term_string}\"},\"query-input\":\"required name=search_term_string\"}],\"inLanguage\":\"hr\"},{\"@type\":\"Person\",\"@id\":\"https:\/\/www.vegaintro-projekti.com\/pilar-stari\/#\/schema\/person\/c0db50ebd77c4409e19b18044bbf10c1\",\"name\":\"pilar-admin\",\"image\":{\"@type\":\"ImageObject\",\"inLanguage\":\"hr\",\"@id\":\"https:\/\/www.vegaintro-projekti.com\/pilar-stari\/#\/schema\/person\/image\/\",\"url\":\"https:\/\/secure.gravatar.com\/avatar\/fac9e03c4db0011b9c1ad8b5e9c74b8c?s=96&d=mm&r=g\",\"contentUrl\":\"https:\/\/secure.gravatar.com\/avatar\/fac9e03c4db0011b9c1ad8b5e9c74b8c?s=96&d=mm&r=g\",\"caption\":\"pilar-admin\"},\"url\":\"https:\/\/www.vegaintro-projekti.com\/pilar-stari\/author\/pilar-admin\/\"}]}<\/script>\n<!-- \/ Yoast SEO plugin. -->","yoast_head_json":{"title":"About the Institute - Institut dru&scaron;tvenih znanosti Ivo Pilar","robots":{"index":"noindex","follow":"follow","max-snippet":"max-snippet:-1","max-image-preview":"max-image-preview:large","max-video-preview":"max-video-preview:-1"},"og_locale":"hr_HR","og_type":"article","og_title":"About the Institute - Institut dru&scaron;tvenih znanosti Ivo Pilar","og_description":"This site is under construction \u25cf Founding of the Institute \u25cf Headquarters \u25cf Regional Centers \u25cf Governance \u25cf Activities of the Institute \u25cf The Library \u25cf Information Technology \u25cf International Cooperation \u25cf The Institute Medal \u25cf Donations \u25cf Who was Ivo Pilar&nbsp;\u25cf&nbsp;Gallery &gt;&gt;&gt;&nbsp;&#8220;HR Excellence in Researches&#8221; &nbsp; Founding of the Institute The Institute of Social&hellip; Pro\u010ditaj vi\u0161e o About the Institute","og_url":"https:\/\/www.vegaintro-projekti.com\/pilar-stari\/2009\/10\/abou-the-institute\/","og_site_name":"Institut dru&scaron;tvenih znanosti Ivo Pilar","article_published_time":"2009-10-01T13:40:38+00:00","article_modified_time":"2023-06-21T20:23:03+00:00","og_image":[{"width":148,"height":105,"url":"https:\/\/www.vegaintro-projekti.com\/pilar-stari\/wp-content\/uploads\/2018\/01\/institute.jpg","type":"image\/jpeg"}],"author":"pilar-admin","twitter_card":"summary_large_image","twitter_misc":{"Napisao\/la":"pilar-admin","Procijenjeno vrijeme \u010ditanja":"5 minuta"},"schema":{"@context":"https:\/\/schema.org","@graph":[{"@type":"WebPage","@id":"https:\/\/www.vegaintro-projekti.com\/pilar-stari\/2009\/10\/abou-the-institute\/","url":"https:\/\/www.vegaintro-projekti.com\/pilar-stari\/2009\/10\/abou-the-institute\/","name":"About the Institute - Institut dru&scaron;tvenih znanosti Ivo Pilar","isPartOf":{"@id":"https:\/\/www.vegaintro-projekti.com\/pilar-stari\/#website"},"datePublished":"2009-10-01T13:40:38+00:00","dateModified":"2023-06-21T20:23:03+00:00","author":{"@id":"https:\/\/www.vegaintro-projekti.com\/pilar-stari\/#\/schema\/person\/c0db50ebd77c4409e19b18044bbf10c1"},"breadcrumb":{"@id":"https:\/\/www.vegaintro-projekti.com\/pilar-stari\/2009\/10\/abou-the-institute\/#breadcrumb"},"inLanguage":"hr","potentialAction":[{"@type":"ReadAction","target":["https:\/\/www.vegaintro-projekti.com\/pilar-stari\/2009\/10\/abou-the-institute\/"]}]},{"@type":"BreadcrumbList","@id":"https:\/\/www.vegaintro-projekti.com\/pilar-stari\/2009\/10\/abou-the-institute\/#breadcrumb","itemListElement":[{"@type":"ListItem","position":1,"name":"Home","item":"https:\/\/www.vegaintro-projekti.com\/pilar-stari\/"},{"@type":"ListItem","position":2,"name":"About the Institute"}]},{"@type":"WebSite","@id":"https:\/\/www.vegaintro-projekti.com\/pilar-stari\/#website","url":"https:\/\/www.vegaintro-projekti.com\/pilar-stari\/","name":"Institut dru&scaron;tvenih znanosti Ivo Pilar","description":"Pilar","potentialAction":[{"@type":"SearchAction","target":{"@type":"EntryPoint","urlTemplate":"https:\/\/www.vegaintro-projekti.com\/pilar-stari\/?s={search_term_string}"},"query-input":"required name=search_term_string"}],"inLanguage":"hr"},{"@type":"Person","@id":"https:\/\/www.vegaintro-projekti.com\/pilar-stari\/#\/schema\/person\/c0db50ebd77c4409e19b18044bbf10c1","name":"pilar-admin","image":{"@type":"ImageObject","inLanguage":"hr","@id":"https:\/\/www.vegaintro-projekti.com\/pilar-stari\/#\/schema\/person\/image\/","url":"https:\/\/secure.gravatar.com\/avatar\/fac9e03c4db0011b9c1ad8b5e9c74b8c?s=96&d=mm&r=g","contentUrl":"https:\/\/secure.gravatar.com\/avatar\/fac9e03c4db0011b9c1ad8b5e9c74b8c?s=96&d=mm&r=g","caption":"pilar-admin"},"url":"https:\/\/www.vegaintro-projekti.com\/pilar-stari\/author\/pilar-admin\/"}]}},"_links":{"self":[{"href":"https:\/\/www.vegaintro-projekti.com\/pilar-stari\/wp-json\/wp\/v2\/posts\/219"}],"collection":[{"href":"https:\/\/www.vegaintro-projekti.com\/pilar-stari\/wp-json\/wp\/v2\/posts"}],"about":[{"href":"https:\/\/www.vegaintro-projekti.com\/pilar-stari\/wp-json\/wp\/v2\/types\/post"}],"author":[{"embeddable":true,"href":"https:\/\/www.vegaintro-projekti.com\/pilar-stari\/wp-json\/wp\/v2\/users\/1"}],"replies":[{"embeddable":true,"href":"https:\/\/www.vegaintro-projekti.com\/pilar-stari\/wp-json\/wp\/v2\/comments?post=219"}],"version-history":[{"count":29,"href":"https:\/\/www.vegaintro-projekti.com\/pilar-stari\/wp-json\/wp\/v2\/posts\/219\/revisions"}],"predecessor-version":[{"id":26430,"href":"https:\/\/www.vegaintro-projekti.com\/pilar-stari\/wp-json\/wp\/v2\/posts\/219\/revisions\/26430"}],"wp:featuredmedia":[{"embeddable":true,"href":"https:\/\/www.vegaintro-projekti.com\/pilar-stari\/wp-json\/wp\/v2\/media\/8833"}],"wp:attachment":[{"href":"https:\/\/www.vegaintro-projekti.com\/pilar-stari\/wp-json\/wp\/v2\/media?parent=219"}],"wp:term":[{"taxonomy":"category","embeddable":true,"href":"https:\/\/www.vegaintro-projekti.com\/pilar-stari\/wp-json\/wp\/v2\/categories?post=219"},{"taxonomy":"post_tag","embeddable":true,"href":"https:\/\/www.vegaintro-projekti.com\/pilar-stari\/wp-json\/wp\/v2\/tags?post=219"}],"curies":[{"name":"wp","href":"https:\/\/api.w.org\/{rel}","templated":true}]}}