{"id":22042,"date":"2022-04-08T09:01:00","date_gmt":"2022-04-08T09:01:00","guid":{"rendered":"https:\/\/www.vegaintro-projekti.com\/pilar-stari\/?p=22042"},"modified":"2022-04-11T22:37:11","modified_gmt":"2022-04-11T22:37:11","slug":"skup-romi-u-podravini-i-njihovo-stradanje-u-drugom-svjetskom-ratu-koprivnica-8-4-2022","status":"publish","type":"post","link":"https:\/\/www.vegaintro-projekti.com\/pilar-stari\/2022\/04\/skup-romi-u-podravini-i-njihovo-stradanje-u-drugom-svjetskom-ratu-koprivnica-8-4-2022\/","title":{"rendered":"Skup: Romi u Podravini i njihovo stradanje u Drugom svjetskom ratu; Koprivnica, 8. 4. 2022."},"content":{"rendered":"<p><strong>U povodu Svjetskog dana Roma 8. travnja 2022. u Koprivnici se odr\u017eao znanstveno-stru\u010dni skup \u201eRomi u Podravini i njihovo stradanje u Drugom svjetskom ratu\u201c u organizaciji Muzeja grada Koprivnice i Instituta dru\u0161tvenih znanosti Ivo Pilar. Skup se odr\u017eao u Galeriji Mijo Kova\u010di\u0107 (Zrinski trg 9, Koprivnica)&nbsp;<\/strong><\/p>\n<p><a href=\"https:\/\/www.vegaintro-projekti.com\/pilar-stari\/wp-content\/uploads\/2022\/04\/Romi_u_Podravini_pozivnica.pdf\"><img decoding=\"async\" loading=\"lazy\" class=\"alignnone wp-image-22041 size-full\" src=\"https:\/\/www.vegaintro-projekti.com\/pilar-stari\/wp-content\/uploads\/2022\/04\/Romi_u_Podravini_s.jpg\" alt=\"\" width=\"620\" height=\"384\" srcset=\"https:\/\/www.vegaintro-projekti.com\/pilar-stari\/wp-content\/uploads\/2022\/04\/Romi_u_Podravini_s.jpg 620w, https:\/\/www.vegaintro-projekti.com\/pilar-stari\/wp-content\/uploads\/2022\/04\/Romi_u_Podravini_s-300x186.jpg 300w\" sizes=\"(max-width: 620px) 100vw, 620px\" \/><\/a><br \/>\n&#8211; <a href=\"https:\/\/www.vegaintro-projekti.com\/pilar-stari\/wp-content\/uploads\/2022\/04\/Romi_u_Podravini_pozivnica.pdf\">Pozivnica i program znastveno-stru\u010dnog skupa \u201eRomi u Podravini i njihovo stradanje u Drugom svjetskom ratu\u201c; Koprivnica, 8. 4. 2022.<\/a><\/p>\n<p>U ime Instituta Pilar skup je otvorio prof. dr. sc. \u017deljko Holjevac, a izlaganje pod naslovom \u201eRomi u Podravini i njihovo stradanje u Drugom svjetskom ratu, 1941.-1945.\u201c odr\u017eao je dr. sc. Danijel Vojak koji je ujedno i moderirao dvije sesije skupa. Nakon skupa planira se objava znanstvene publikacije.<\/p>\n<blockquote><p><a href=\"https:\/\/www.vegaintro-projekti.com\/pilar-stari\/biografije\/user-bio\/?my_user_id=63\">Dr. sc. Danijel Vojak<\/a><\/p><\/blockquote>\n","protected":false},"excerpt":{"rendered":"<p>U povodu Svjetskog dana Roma 8. travnja 2022. u Koprivnici se odr\u017eao znanstveno-stru\u010dni skup \u201eRomi u Podravini i njihovo stradanje u Drugom svjetskom ratu\u201c u organizaciji Muzeja grada Koprivnice i Instituta dru\u0161tvenih znanosti Ivo Pilar. Skup se odr\u017eao u Galeriji Mijo Kova\u010di\u0107 (Zrinski trg 9, Koprivnica)&nbsp; &#8211; Pozivnica i program znastveno-stru\u010dnog skupa \u201eRomi u Podravini&hellip; <a class=\"continue\" href=\"https:\/\/www.vegaintro-projekti.com\/pilar-stari\/2022\/04\/skup-romi-u-podravini-i-njihovo-stradanje-u-drugom-svjetskom-ratu-koprivnica-8-4-2022\/\">Pro\u010ditaj vi\u0161e o<span> Skup: Romi u Podravini i njihovo stradanje u Drugom svjetskom ratu; Koprivnica, 8. 4. 2022.<\/span><\/a><\/p>\n","protected":false},"author":7,"featured_media":22040,"comment_status":"closed","ping_status":"closed","sticky":false,"template":"","format":"standard","meta":{"inline_featured_image":false,"ngg_post_thumbnail":0,"footnotes":""},"categories":[11],"tags":[],"yoast_head":"<!-- This site is optimized with the Yoast SEO plugin v21.2 - https:\/\/yoast.com\/wordpress\/plugins\/seo\/ -->\n<title>Skup: Romi u Podravini i njihovo stradanje u Drugom svjetskom ratu; Koprivnica, 8. 4. 2022. - Institut dru&scaron;tvenih znanosti Ivo Pilar<\/title>\n<meta name=\"robots\" content=\"noindex, follow, max-snippet:-1, max-image-preview:large, max-video-preview:-1\" \/>\n<meta property=\"og:locale\" content=\"hr_HR\" \/>\n<meta property=\"og:type\" content=\"article\" \/>\n<meta property=\"og:title\" content=\"Skup: Romi u Podravini i njihovo stradanje u Drugom svjetskom ratu; Koprivnica, 8. 4. 2022. - Institut dru&scaron;tvenih znanosti Ivo Pilar\" \/>\n<meta property=\"og:description\" content=\"U povodu Svjetskog dana Roma 8. travnja 2022. u Koprivnici se odr\u017eao znanstveno-stru\u010dni skup \u201eRomi u Podravini i njihovo stradanje u Drugom svjetskom ratu\u201c u organizaciji Muzeja grada Koprivnice i Instituta dru\u0161tvenih znanosti Ivo Pilar. Skup se odr\u017eao u Galeriji Mijo Kova\u010di\u0107 (Zrinski trg 9, Koprivnica)&nbsp; &#8211; Pozivnica i program znastveno-stru\u010dnog skupa \u201eRomi u Podravini&hellip; Pro\u010ditaj vi\u0161e o Skup: Romi u Podravini i njihovo stradanje u Drugom svjetskom ratu; Koprivnica, 8. 4. 2022.\" \/>\n<meta property=\"og:url\" content=\"https:\/\/www.vegaintro-projekti.com\/pilar-stari\/2022\/04\/skup-romi-u-podravini-i-njihovo-stradanje-u-drugom-svjetskom-ratu-koprivnica-8-4-2022\/\" \/>\n<meta property=\"og:site_name\" content=\"Institut dru&scaron;tvenih znanosti Ivo Pilar\" \/>\n<meta property=\"article:published_time\" content=\"2022-04-08T09:01:00+00:00\" \/>\n<meta property=\"article:modified_time\" content=\"2022-04-11T22:37:11+00:00\" \/>\n<meta property=\"og:image\" content=\"https:\/\/www.vegaintro-projekti.com\/pilar-stari\/wp-content\/uploads\/2022\/04\/Romi_u_Podravini_fi.jpg\" \/>\n\t<meta property=\"og:image:width\" content=\"500\" \/>\n\t<meta property=\"og:image:height\" content=\"222\" \/>\n\t<meta property=\"og:image:type\" content=\"image\/jpeg\" \/>\n<meta name=\"author\" content=\"Boris\" \/>\n<meta name=\"twitter:card\" content=\"summary_large_image\" \/>\n<meta name=\"twitter:label1\" content=\"Napisao\/la\" \/>\n\t<meta name=\"twitter:data1\" content=\"Boris\" \/>\n\t<meta name=\"twitter:label2\" content=\"Procijenjeno vrijeme \u010ditanja\" \/>\n\t<meta name=\"twitter:data2\" content=\"1 minuta\" \/>\n<script type=\"application\/ld+json\" class=\"yoast-schema-graph\">{\"@context\":\"https:\/\/schema.org\",\"@graph\":[{\"@type\":\"WebPage\",\"@id\":\"https:\/\/www.vegaintro-projekti.com\/pilar-stari\/2022\/04\/skup-romi-u-podravini-i-njihovo-stradanje-u-drugom-svjetskom-ratu-koprivnica-8-4-2022\/\",\"url\":\"https:\/\/www.vegaintro-projekti.com\/pilar-stari\/2022\/04\/skup-romi-u-podravini-i-njihovo-stradanje-u-drugom-svjetskom-ratu-koprivnica-8-4-2022\/\",\"name\":\"Skup: Romi u Podravini i njihovo stradanje u Drugom svjetskom ratu; Koprivnica, 8. 4. 2022. - Institut dru&scaron;tvenih znanosti Ivo Pilar\",\"isPartOf\":{\"@id\":\"https:\/\/www.vegaintro-projekti.com\/pilar-stari\/#website\"},\"datePublished\":\"2022-04-08T09:01:00+00:00\",\"dateModified\":\"2022-04-11T22:37:11+00:00\",\"author\":{\"@id\":\"https:\/\/www.vegaintro-projekti.com\/pilar-stari\/#\/schema\/person\/ddd404c9f1e15e4ffef5986ac6a5d28b\"},\"breadcrumb\":{\"@id\":\"https:\/\/www.vegaintro-projekti.com\/pilar-stari\/2022\/04\/skup-romi-u-podravini-i-njihovo-stradanje-u-drugom-svjetskom-ratu-koprivnica-8-4-2022\/#breadcrumb\"},\"inLanguage\":\"hr\",\"potentialAction\":[{\"@type\":\"ReadAction\",\"target\":[\"https:\/\/www.vegaintro-projekti.com\/pilar-stari\/2022\/04\/skup-romi-u-podravini-i-njihovo-stradanje-u-drugom-svjetskom-ratu-koprivnica-8-4-2022\/\"]}]},{\"@type\":\"BreadcrumbList\",\"@id\":\"https:\/\/www.vegaintro-projekti.com\/pilar-stari\/2022\/04\/skup-romi-u-podravini-i-njihovo-stradanje-u-drugom-svjetskom-ratu-koprivnica-8-4-2022\/#breadcrumb\",\"itemListElement\":[{\"@type\":\"ListItem\",\"position\":1,\"name\":\"Home\",\"item\":\"https:\/\/www.vegaintro-projekti.com\/pilar-stari\/\"},{\"@type\":\"ListItem\",\"position\":2,\"name\":\"Skup: Romi u Podravini i njihovo stradanje u Drugom svjetskom ratu; Koprivnica, 8. 4. 2022.\"}]},{\"@type\":\"WebSite\",\"@id\":\"https:\/\/www.vegaintro-projekti.com\/pilar-stari\/#website\",\"url\":\"https:\/\/www.vegaintro-projekti.com\/pilar-stari\/\",\"name\":\"Institut dru&scaron;tvenih znanosti Ivo Pilar\",\"description\":\"Pilar\",\"potentialAction\":[{\"@type\":\"SearchAction\",\"target\":{\"@type\":\"EntryPoint\",\"urlTemplate\":\"https:\/\/www.vegaintro-projekti.com\/pilar-stari\/?s={search_term_string}\"},\"query-input\":\"required name=search_term_string\"}],\"inLanguage\":\"hr\"},{\"@type\":\"Person\",\"@id\":\"https:\/\/www.vegaintro-projekti.com\/pilar-stari\/#\/schema\/person\/ddd404c9f1e15e4ffef5986ac6a5d28b\",\"name\":\"Boris\",\"image\":{\"@type\":\"ImageObject\",\"inLanguage\":\"hr\",\"@id\":\"https:\/\/www.vegaintro-projekti.com\/pilar-stari\/#\/schema\/person\/image\/\",\"url\":\"https:\/\/secure.gravatar.com\/avatar\/29557b161a6ce6ab86ac1503164f1e90?s=96&d=mm&r=g\",\"contentUrl\":\"https:\/\/secure.gravatar.com\/avatar\/29557b161a6ce6ab86ac1503164f1e90?s=96&d=mm&r=g\",\"caption\":\"Boris\"},\"url\":\"https:\/\/www.vegaintro-projekti.com\/pilar-stari\/author\/boris\/\"}]}<\/script>\n<!-- \/ Yoast SEO plugin. -->","yoast_head_json":{"title":"Skup: Romi u Podravini i njihovo stradanje u Drugom svjetskom ratu; Koprivnica, 8. 4. 2022. - Institut dru&scaron;tvenih znanosti Ivo Pilar","robots":{"index":"noindex","follow":"follow","max-snippet":"max-snippet:-1","max-image-preview":"max-image-preview:large","max-video-preview":"max-video-preview:-1"},"og_locale":"hr_HR","og_type":"article","og_title":"Skup: Romi u Podravini i njihovo stradanje u Drugom svjetskom ratu; Koprivnica, 8. 4. 2022. - Institut dru&scaron;tvenih znanosti Ivo Pilar","og_description":"U povodu Svjetskog dana Roma 8. travnja 2022. u Koprivnici se odr\u017eao znanstveno-stru\u010dni skup \u201eRomi u Podravini i njihovo stradanje u Drugom svjetskom ratu\u201c u organizaciji Muzeja grada Koprivnice i Instituta dru\u0161tvenih znanosti Ivo Pilar. Skup se odr\u017eao u Galeriji Mijo Kova\u010di\u0107 (Zrinski trg 9, Koprivnica)&nbsp; &#8211; Pozivnica i program znastveno-stru\u010dnog skupa \u201eRomi u Podravini&hellip; Pro\u010ditaj vi\u0161e o Skup: Romi u Podravini i njihovo stradanje u Drugom svjetskom ratu; Koprivnica, 8. 4. 2022.","og_url":"https:\/\/www.vegaintro-projekti.com\/pilar-stari\/2022\/04\/skup-romi-u-podravini-i-njihovo-stradanje-u-drugom-svjetskom-ratu-koprivnica-8-4-2022\/","og_site_name":"Institut dru&scaron;tvenih znanosti Ivo Pilar","article_published_time":"2022-04-08T09:01:00+00:00","article_modified_time":"2022-04-11T22:37:11+00:00","og_image":[{"width":500,"height":222,"url":"https:\/\/www.vegaintro-projekti.com\/pilar-stari\/wp-content\/uploads\/2022\/04\/Romi_u_Podravini_fi.jpg","type":"image\/jpeg"}],"author":"Boris","twitter_card":"summary_large_image","twitter_misc":{"Napisao\/la":"Boris","Procijenjeno vrijeme \u010ditanja":"1 minuta"},"schema":{"@context":"https:\/\/schema.org","@graph":[{"@type":"WebPage","@id":"https:\/\/www.vegaintro-projekti.com\/pilar-stari\/2022\/04\/skup-romi-u-podravini-i-njihovo-stradanje-u-drugom-svjetskom-ratu-koprivnica-8-4-2022\/","url":"https:\/\/www.vegaintro-projekti.com\/pilar-stari\/2022\/04\/skup-romi-u-podravini-i-njihovo-stradanje-u-drugom-svjetskom-ratu-koprivnica-8-4-2022\/","name":"Skup: Romi u Podravini i njihovo stradanje u Drugom svjetskom ratu; Koprivnica, 8. 4. 2022. - Institut dru&scaron;tvenih znanosti Ivo Pilar","isPartOf":{"@id":"https:\/\/www.vegaintro-projekti.com\/pilar-stari\/#website"},"datePublished":"2022-04-08T09:01:00+00:00","dateModified":"2022-04-11T22:37:11+00:00","author":{"@id":"https:\/\/www.vegaintro-projekti.com\/pilar-stari\/#\/schema\/person\/ddd404c9f1e15e4ffef5986ac6a5d28b"},"breadcrumb":{"@id":"https:\/\/www.vegaintro-projekti.com\/pilar-stari\/2022\/04\/skup-romi-u-podravini-i-njihovo-stradanje-u-drugom-svjetskom-ratu-koprivnica-8-4-2022\/#breadcrumb"},"inLanguage":"hr","potentialAction":[{"@type":"ReadAction","target":["https:\/\/www.vegaintro-projekti.com\/pilar-stari\/2022\/04\/skup-romi-u-podravini-i-njihovo-stradanje-u-drugom-svjetskom-ratu-koprivnica-8-4-2022\/"]}]},{"@type":"BreadcrumbList","@id":"https:\/\/www.vegaintro-projekti.com\/pilar-stari\/2022\/04\/skup-romi-u-podravini-i-njihovo-stradanje-u-drugom-svjetskom-ratu-koprivnica-8-4-2022\/#breadcrumb","itemListElement":[{"@type":"ListItem","position":1,"name":"Home","item":"https:\/\/www.vegaintro-projekti.com\/pilar-stari\/"},{"@type":"ListItem","position":2,"name":"Skup: Romi u Podravini i njihovo stradanje u Drugom svjetskom ratu; Koprivnica, 8. 4. 2022."}]},{"@type":"WebSite","@id":"https:\/\/www.vegaintro-projekti.com\/pilar-stari\/#website","url":"https:\/\/www.vegaintro-projekti.com\/pilar-stari\/","name":"Institut dru&scaron;tvenih znanosti Ivo Pilar","description":"Pilar","potentialAction":[{"@type":"SearchAction","target":{"@type":"EntryPoint","urlTemplate":"https:\/\/www.vegaintro-projekti.com\/pilar-stari\/?s={search_term_string}"},"query-input":"required name=search_term_string"}],"inLanguage":"hr"},{"@type":"Person","@id":"https:\/\/www.vegaintro-projekti.com\/pilar-stari\/#\/schema\/person\/ddd404c9f1e15e4ffef5986ac6a5d28b","name":"Boris","image":{"@type":"ImageObject","inLanguage":"hr","@id":"https:\/\/www.vegaintro-projekti.com\/pilar-stari\/#\/schema\/person\/image\/","url":"https:\/\/secure.gravatar.com\/avatar\/29557b161a6ce6ab86ac1503164f1e90?s=96&d=mm&r=g","contentUrl":"https:\/\/secure.gravatar.com\/avatar\/29557b161a6ce6ab86ac1503164f1e90?s=96&d=mm&r=g","caption":"Boris"},"url":"https:\/\/www.vegaintro-projekti.com\/pilar-stari\/author\/boris\/"}]}},"_links":{"self":[{"href":"https:\/\/www.vegaintro-projekti.com\/pilar-stari\/wp-json\/wp\/v2\/posts\/22042"}],"collection":[{"href":"https:\/\/www.vegaintro-projekti.com\/pilar-stari\/wp-json\/wp\/v2\/posts"}],"about":[{"href":"https:\/\/www.vegaintro-projekti.com\/pilar-stari\/wp-json\/wp\/v2\/types\/post"}],"author":[{"embeddable":true,"href":"https:\/\/www.vegaintro-projekti.com\/pilar-stari\/wp-json\/wp\/v2\/users\/7"}],"replies":[{"embeddable":true,"href":"https:\/\/www.vegaintro-projekti.com\/pilar-stari\/wp-json\/wp\/v2\/comments?post=22042"}],"version-history":[{"count":3,"href":"https:\/\/www.vegaintro-projekti.com\/pilar-stari\/wp-json\/wp\/v2\/posts\/22042\/revisions"}],"predecessor-version":[{"id":22100,"href":"https:\/\/www.vegaintro-projekti.com\/pilar-stari\/wp-json\/wp\/v2\/posts\/22042\/revisions\/22100"}],"wp:featuredmedia":[{"embeddable":true,"href":"https:\/\/www.vegaintro-projekti.com\/pilar-stari\/wp-json\/wp\/v2\/media\/22040"}],"wp:attachment":[{"href":"https:\/\/www.vegaintro-projekti.com\/pilar-stari\/wp-json\/wp\/v2\/media?parent=22042"}],"wp:term":[{"taxonomy":"category","embeddable":true,"href":"https:\/\/www.vegaintro-projekti.com\/pilar-stari\/wp-json\/wp\/v2\/categories?post=22042"},{"taxonomy":"post_tag","embeddable":true,"href":"https:\/\/www.vegaintro-projekti.com\/pilar-stari\/wp-json\/wp\/v2\/tags?post=22042"}],"curies":[{"name":"wp","href":"https:\/\/api.w.org\/{rel}","templated":true}]}}