{"id":22180,"date":"2022-04-23T17:58:08","date_gmt":"2022-04-23T17:58:08","guid":{"rendered":"https:\/\/www.vegaintro-projekti.com\/pilar-stari\/?p=22180"},"modified":"2022-04-26T18:08:06","modified_gmt":"2022-04-26T18:08:06","slug":"dr-sc-jadranka-svarc-o-liberalnoj-iliberalnoj-i-deliberativnoj-demokraciji-23-4-2022","status":"publish","type":"post","link":"https:\/\/www.vegaintro-projekti.com\/pilar-stari\/2022\/04\/dr-sc-jadranka-svarc-o-liberalnoj-iliberalnoj-i-deliberativnoj-demokraciji-23-4-2022\/","title":{"rendered":"Dr. sc. Jadranka \u0160varc o liberalnoj, iliberalnoj i deliberativnoj demokraciji"},"content":{"rendered":"<p><strong>Glas Slavonije u Temi tjedna Kriza liberalizma u tiskanom i online izdanju 23. travnja 2022. objavljuje prilog dr. sc. Jadranke \u0160varc pod naslovom &#8220;Mnogo je primjera kolektivnog narcizma&#8221;<\/strong><\/p>\n<p><a href=\"http:\/\/glas.hr\/492090\/11\/Jadranka-Svarc-Mnogo-je-primjera-kolektivnog-narcizma\"><img decoding=\"async\" loading=\"lazy\" class=\"alignnone wp-image-22178 size-full\" src=\"https:\/\/www.vegaintro-projekti.com\/pilar-stari\/wp-content\/uploads\/2022\/04\/Ilustr.jpg\" alt=\"\" width=\"620\" height=\"415\" srcset=\"https:\/\/www.vegaintro-projekti.com\/pilar-stari\/wp-content\/uploads\/2022\/04\/Ilustr.jpg 620w, https:\/\/www.vegaintro-projekti.com\/pilar-stari\/wp-content\/uploads\/2022\/04\/Ilustr-300x201.jpg 300w, https:\/\/www.vegaintro-projekti.com\/pilar-stari\/wp-content\/uploads\/2022\/04\/Ilustr-110x75.jpg 110w\" sizes=\"(max-width: 620px) 100vw, 620px\" \/><\/a><\/p>\n<p><strong>&#8211; Glas Slavonije:<\/strong> <a href=\"http:\/\/glas.hr\/492090\/11\/Jadranka-Svarc-Mnogo-je-primjera-kolektivnog-narcizma\">Dr. sc. Jadranka \u0160varc: Mnogo je primjera kolektivnog narcizma, 23. 4. 2022.<\/a><\/p>\n<p><span style=\"font-size: 14pt;\">DR. SC. JADRANKA \u0160VARC: Mnogo je primjera kolektivnog narcizma<\/span><\/p>\n<p>U medijima i na politi\u010dkoj sceni uvrije\u017eio se odnedavno termin iliberalna demokracija, kao da je posve normalno da demokracija, koja utjelovljuje individualne slobode i izra\u017eavanje slobodne politi\u010dke volje gra\u0111ana bude &#8211; neslobodna. Kako je to mogu\u0107e? Kako je nastao ovaj hibrid slobodnog i neslobodnog pod kapom demokracije, i jo\u0161 k tome fenomen koji se u mnogim dr\u017eavama od Rusije, Ma\u0111arske, Poljske, Srbije do Turske, a sada, s usponom Marine LePen i Francuskoj, slavi kao novi politi\u010dki ustroj superioran demokraciji kakvu poznajemo u Europskoj uniji i Americi od 2. svjetsko rata. U \u010demu su to ideje liberalizma i demokracije podbacile i otvorile vrata novim opcijama u kojima se politi\u010dko-ideolo\u0161ka uvjerenja i odluke poistovje\u0107uju sa socijalno-ekonomskim napretkom i javnim dobrom uop\u0107e?, pita se dr. sc. Jadranka \u0160varc, sociologinja s Instituta Ivo Pilar u Zagrebu te u nastavku svoga priloga za Magazin nudi odgovore:<\/p>\n<p><img decoding=\"async\" loading=\"lazy\" class=\"size-medium wp-image-22179 alignleft\" src=\"https:\/\/www.vegaintro-projekti.com\/pilar-stari\/wp-content\/uploads\/2022\/04\/JSvarc-218x300.jpg\" alt=\"\" width=\"218\" height=\"300\" srcset=\"https:\/\/www.vegaintro-projekti.com\/pilar-stari\/wp-content\/uploads\/2022\/04\/JSvarc-218x300.jpg 218w, https:\/\/www.vegaintro-projekti.com\/pilar-stari\/wp-content\/uploads\/2022\/04\/JSvarc.jpg 320w\" sizes=\"(max-width: 218px) 100vw, 218px\" \/>&#8211; Sam pojam iliberalna demokracija pripisuje se indijsko-ameri\u010dkom politologu i novinaru Fareedu Zakariji, zbog njegovog \u010dlanka &#8220;Uspon iliberalne demokracije&#8221;, objavljenom u Foreign Affairsu jo\u0161 1997. godine, koji on po\u010dinje dilemom Richarda Hoolbroka &#8211; da li prvi demokratski izbori u Bosni i Hercegovini nakon rata 1996. godine, ma kako bili &#8220;slobodni i po\u0161teni&#8221;, mogu zemlji vratiti gra\u0111anski \u017eivot i politi\u010dke slobode. \u0160to ako na takvim izborima budu izbrane separatisti\u010dke ili nacionalisti\u010dke stanke koje se javno protive miru, reintegraciji i gra\u0111anskim slobodama? To je dilema koja se sada sve vi\u0161e \u0161iri svijetom, a vladavine Orbana, Vu\u010di\u0107a, Erdogana, Putina te uspon LePen, zorno ilustriraju kako demokratske procedure u izboru vladaju\u0107e garniture ni u kojem slu\u010daju ne zna\u010de da \u0107e do\u0107i do vladavine demokratskih prava i gra\u0111anskih sloboda.<\/p>\n<p>Razlika izme\u0111u liberalne i iliberalne demokracije nije, dakle, u po\u0161tivanju demokratskih procedura pri izboru vladaju\u0107e garniture i njezinom izbornom legitimitetu, nego u tome kako politi\u010dari na vlasti ideje liberalizma shva\u0107aju i provode u praksi, Razlika je, dakle, prije svega ideolo\u0161ke i normativno-vrijednosne prirode, a odnosi se na shva\u0107anje \u0161to liberalizam u politi\u010dkom sustavu neke zemlje uop\u0107e jest. Vlada, tvrdi Zakarija, mo\u017ee biti neefikasna koruptivna i nesposobna za reforme, no to je ne \u010dini iliberalnom. Iliberalna je ona vlada koja ne po\u0161tuje ustavni liberalizam &#8211; prava pojedinca na \u017eivot i vlasni\u0161tvo te slobode vjere i govora, dakle, vlada koja ignorira dru\u0161tvena, politi\u010dka, ekonomska i vjerska prava i slobode gra\u0111ana te gu\u0161i individualne slobode i me\u0111usobne toleranciju. Iliberalne vo\u0111e vjeruju da u njihovim zemljama vlada demokracija tako dugo dok su dopu\u0161teni izbori za vladu i parlament. Sve ostalo nedostaje: trodioba vlasti zbog utjecaja politike na sudstvo i zakonodavstvo, sloboda medija i izra\u017eavanja javne kritike, djelovanje nevladinih organizacija itd. Re\u017eim mo\u017ee koristiti birokraciju, ekonomski pritisak, zatvorske kazne, ili nasilje protiv svojih kriti\u010dara. Konformizam i samocenzura gotovo su pravila. Kako je onda mogu\u0107e da gra\u0111ani podr\u017eavaju takve vo\u0111e i takve iliberalne demokracije?<\/p>\n<p><strong>POLITIKA \u010cVRSTE RUKE<\/strong><\/p>\n<p>Primjerice, Rusija je postala oli\u010denje iliberalne demokracije i ilustracija procesa u kojem gra\u0111ani na demokratskim izborima izabiru vo\u0111u koji naposljetku uvodi autoritarnu vlast u kojima su gra\u0111anske slobode prili\u010dno ograni\u010dene. Putina podr\u017eava, kako tvrde mediji, 70 % stanovnika Rusije, \u0161to bi zna\u010dilo da je on jedan od najzna\u010dajnijih autokratskih vo\u0111a u Europi i svijetu. Problem je u tome \u0161to Putinova politika ima prili\u010dan broj pobornika u svijetu, posebno u Euroazijskim zemljama i Latinskoj Americi, ali nisu izuzeti ni gra\u0111ani u Hrvatskoj koji u politici &#8220;\u010dvrste ruke&#8221; vide modus dru\u0161tvenog i ekonomskog napretka. Kako je to mogu\u0107e? Razlozi su, kako tvrdi ameri\u010dki profesor Matthew Rose u svojoj knjizi &#8220;Svijet nakon liberalizma&#8221;, u dekadenciji zapadnja\u010dke demokracije, istro\u0161enosti liberalnih ideja i institucija te se ideal individualnih sloboda zamjenjuje idealom ostvarenja &#8220;javnog dobra&#8221; u nacionalnim(isti\u010dkim) i konzervativnim okvirima. Nesposobnost zapadnih demokracija da daju zadovoljavaju\u0107i odgovor na sve ve\u0107u socijalnu nepravdu i rastu\u0107e socijalne nejednakosti, razlog su rastu\u0107e popularnosti populisti\u010dkih stanaka koje su pod sintagmom iliberalne demokracije na\u0161le svoj teorijski i ideolo\u0161ki okvir za kreiranje novog politekonomskog modela koji odgovara njihovim politi\u010dkim i svjetonazorskim ciljevima. Iz tog razloga \u010dak i neke europske zemlje pokazuju sve ve\u0107u sklonost autoritarnim i populisti\u010dkim politi\u010darima.<\/p>\n<p>Potporu takvom stavu daje, kao i u ve\u0107ini dana\u0161njih geopoliti\u010dkih i ekonomskih dilema, primjer Kine &#8211; dr\u017eave koja prerasta u ekonomskog diva i predstavlja jasan ideolo\u0161ki izazov zapadnim demokratskim sustavima. &#8220;Kineski model&#8221; politi\u010dkog kapitalizma koji provodi tr\u017ei\u0161nu ekonomiju, ali pod nadzorom dr\u017eave, uz veliku dozu ograni\u010denja gra\u0111anskih sloboda, predstavlja u o\u010dima mnogih nacija izvan zapadnog kruga zemlja uspje\u0161an i sve po\u017eeljniji model nacionalnog razvoja, model koji predstavlja jasnu alternativu demokratskom liberalizmu zapadnog stila. Posebice onog Europske unije kojeg mnogi procjenjuju slabim i neefikasnim zbog sporosti i birokratiziranosti.<\/p>\n<p>Gra\u0111ani koji se osje\u0107aju dru\u0161tveno i ekonomski deprivirani, skloni su vidjeti upravo u liberalnoj demokraciji u kojoj dominira individualizam i konkurencija, uzrok svojih neda\u0107a. To ih prirodno usmjerava da glasaju za autoritarne vo\u0111e koji im obe\u0107avaju brza i jednostavna rje\u0161enja za njihove probleme, kao \u0161to je zatvaranje granica, izlaz iz EU-a, ali i nametanje svjetonazorskih rje\u0161enje koja, prema njihovu mi\u0161ljenju, razaraju tkivo du\u0161evnog i obiteljskog \u017eivota kao \u0161to je homoseksualizam, ili pravo na poba\u010daj. Tako se homofobija i ograni\u010denje prava \u017eena u iliberalnim demokracijama izjedna\u010davaju s borbom za nacionalni suverenitet.<\/p>\n<p><strong>DELIBERATIVNA DEMOKRACIJA<\/strong><\/p>\n<p>Jedan od razloga rasta populizma neki analiti\u010dari vide, poput Agnieszke Golec de Zavale, psihologinje sa Goldsmith Sveu\u010dili\u0161ta u Londonu, u &#8220;kolektivnom narcizmu&#8221;, osje\u0107aju pojedinih dru\u0161tvenih grupa da su izni mni, ali dru\u0161tveno-ekonomski zakinuti pa te\u017ee osveti. Sljedbenici Trumpa, kao i Brexita, rezultat su takvog kolektivnog narcizma koji rje\u0161enje nalaze u populisti\u010dkom vo\u0111i i referendumima kao obliku neposredne demokracije. U Hrvatskoj su popularni referendumi o ideolo\u0161kim pitanjima koji su za socijalno-ekonomski napredak uglavnom posve irelevantni, ali su zato za &#8220;rejting&#8221; populista i osvajanje vlasti od presudne va\u017enosti. Referendum o COVID potvrdama, ili o definiciji braka, mogu biti primjeri takvog kolektivnog narcizma kojim odre\u0111ene grupe svoje stavove i uvjerenja predstavljaju kao op\u0107enarodne i bitne za nacionalni suverenitet.<\/p>\n<p>Kontekst kolektivnog narcizma mo\u017ee donekle objasniti zapanjuju\u0107u \u017eelju raznih &#8220;suverenista&#8221; u Hrvatskoj da zaviruju gra\u0111anima u domove i spava\u0107e sobe te odre\u0111uju ljudima koga \u0107e voljeti, ili kako \u0107e odgajati djecu. Pritom se stalno pozivaju na &#8220;narod&#8221;, ili volju ve\u0107ine koja se u kona\u010dnici pokazuje kao grubo zadiranje u prava manjina i onih druk\u010dijih od &#8220;naroda&#8221; te potkopava samu ideju liberalizma &#8211; prava na individualnost i slobodnu volju. Volja naroda tako se pretvara u sredstvo protiv demokracije, vladavine prava i jednakosti svih dru\u0161tvenih skupina. Na primjeru Putinove Rusije imamo se prilike osvjedo\u010diti kako to zavr\u0161ava.<\/p>\n<p>Vrijedi, stoga, na kraju istaknuti da se kao alternativa takvoj &#8220;ve\u0107inskoj&#8221; demokraciji danas isti\u010de deliberativna demokracija, u kojoj politi\u010dke odluke vi\u0161e nisu rezultat brojenja glasova i volje politi\u010dkih stranaka, nego argumentirane i informirane rasprave gra\u0111ana unutar zajednice o kojoj se odlu\u010duje. Iako ovaj model izgleda prili\u010dno daleko i utopijski, nesumnjivo je da deliberativna demokracija predstavlja zna\u010dajnu izazov dana\u0161njem politi\u010dkom modelu te se, u budu\u0107nosti, ne\u0107e mo\u0107i zanemariti.<\/p>\n<blockquote><p><a href=\"https:\/\/www.vegaintro-projekti.com\/pilar-stari\/biografije\/user-bio\/?my_user_id=54\">Dr. sc. Jadranka \u0160varc<\/a><\/p><\/blockquote>\n","protected":false},"excerpt":{"rendered":"<p>Glas Slavonije u Temi tjedna Kriza liberalizma u tiskanom i online izdanju 23. travnja 2022. objavljuje prilog dr. sc. Jadranke \u0160varc pod naslovom &#8220;Mnogo je primjera kolektivnog narcizma&#8221; &#8211; Glas Slavonije: Dr. sc. Jadranka \u0160varc: Mnogo je primjera kolektivnog narcizma, 23. 4. 2022. DR. SC. JADRANKA \u0160VARC: Mnogo je primjera kolektivnog narcizma U medijima i&hellip; <a class=\"continue\" href=\"https:\/\/www.vegaintro-projekti.com\/pilar-stari\/2022\/04\/dr-sc-jadranka-svarc-o-liberalnoj-iliberalnoj-i-deliberativnoj-demokraciji-23-4-2022\/\">Pro\u010ditaj vi\u0161e o<span> Dr. sc. Jadranka \u0160varc o liberalnoj, iliberalnoj i deliberativnoj demokraciji<\/span><\/a><\/p>\n","protected":false},"author":7,"featured_media":22177,"comment_status":"closed","ping_status":"closed","sticky":false,"template":"","format":"standard","meta":{"inline_featured_image":false,"ngg_post_thumbnail":0,"footnotes":""},"categories":[48,12],"tags":[],"yoast_head":"<!-- This site is optimized with the Yoast SEO plugin v21.2 - https:\/\/yoast.com\/wordpress\/plugins\/seo\/ -->\n<title>Dr. sc. Jadranka \u0160varc o liberalnoj, iliberalnoj i deliberativnoj demokraciji - Institut dru&scaron;tvenih znanosti Ivo Pilar<\/title>\n<meta name=\"robots\" content=\"noindex, follow, max-snippet:-1, max-image-preview:large, max-video-preview:-1\" \/>\n<meta property=\"og:locale\" content=\"hr_HR\" \/>\n<meta property=\"og:type\" content=\"article\" \/>\n<meta property=\"og:title\" content=\"Dr. sc. Jadranka \u0160varc o liberalnoj, iliberalnoj i deliberativnoj demokraciji - Institut dru&scaron;tvenih znanosti Ivo Pilar\" \/>\n<meta property=\"og:description\" content=\"Glas Slavonije u Temi tjedna Kriza liberalizma u tiskanom i online izdanju 23. travnja 2022. objavljuje prilog dr. sc. Jadranke \u0160varc pod naslovom &#8220;Mnogo je primjera kolektivnog narcizma&#8221; &#8211; Glas Slavonije: Dr. sc. Jadranka \u0160varc: Mnogo je primjera kolektivnog narcizma, 23. 4. 2022. DR. SC. JADRANKA \u0160VARC: Mnogo je primjera kolektivnog narcizma U medijima i&hellip; Pro\u010ditaj vi\u0161e o Dr. sc. Jadranka \u0160varc o liberalnoj, iliberalnoj i deliberativnoj demokraciji\" \/>\n<meta property=\"og:url\" content=\"https:\/\/www.vegaintro-projekti.com\/pilar-stari\/2022\/04\/dr-sc-jadranka-svarc-o-liberalnoj-iliberalnoj-i-deliberativnoj-demokraciji-23-4-2022\/\" \/>\n<meta property=\"og:site_name\" content=\"Institut dru&scaron;tvenih znanosti Ivo Pilar\" \/>\n<meta property=\"article:published_time\" content=\"2022-04-23T17:58:08+00:00\" \/>\n<meta property=\"article:modified_time\" content=\"2022-04-26T18:08:06+00:00\" \/>\n<meta property=\"og:image\" content=\"https:\/\/www.vegaintro-projekti.com\/pilar-stari\/wp-content\/uploads\/2022\/04\/dr_sc_Jadranka_Svarc.jpg\" \/>\n\t<meta property=\"og:image:width\" content=\"320\" \/>\n\t<meta property=\"og:image:height\" content=\"225\" \/>\n\t<meta property=\"og:image:type\" content=\"image\/jpeg\" \/>\n<meta name=\"author\" content=\"Boris\" \/>\n<meta name=\"twitter:card\" content=\"summary_large_image\" \/>\n<meta name=\"twitter:label1\" content=\"Napisao\/la\" \/>\n\t<meta name=\"twitter:data1\" content=\"Boris\" \/>\n\t<meta name=\"twitter:label2\" content=\"Procijenjeno vrijeme \u010ditanja\" \/>\n\t<meta name=\"twitter:data2\" content=\"7 minuta\" \/>\n<script type=\"application\/ld+json\" class=\"yoast-schema-graph\">{\"@context\":\"https:\/\/schema.org\",\"@graph\":[{\"@type\":\"WebPage\",\"@id\":\"https:\/\/www.vegaintro-projekti.com\/pilar-stari\/2022\/04\/dr-sc-jadranka-svarc-o-liberalnoj-iliberalnoj-i-deliberativnoj-demokraciji-23-4-2022\/\",\"url\":\"https:\/\/www.vegaintro-projekti.com\/pilar-stari\/2022\/04\/dr-sc-jadranka-svarc-o-liberalnoj-iliberalnoj-i-deliberativnoj-demokraciji-23-4-2022\/\",\"name\":\"Dr. sc. Jadranka \u0160varc o liberalnoj, iliberalnoj i deliberativnoj demokraciji - Institut dru&scaron;tvenih znanosti Ivo Pilar\",\"isPartOf\":{\"@id\":\"https:\/\/www.vegaintro-projekti.com\/pilar-stari\/#website\"},\"datePublished\":\"2022-04-23T17:58:08+00:00\",\"dateModified\":\"2022-04-26T18:08:06+00:00\",\"author\":{\"@id\":\"https:\/\/www.vegaintro-projekti.com\/pilar-stari\/#\/schema\/person\/ddd404c9f1e15e4ffef5986ac6a5d28b\"},\"breadcrumb\":{\"@id\":\"https:\/\/www.vegaintro-projekti.com\/pilar-stari\/2022\/04\/dr-sc-jadranka-svarc-o-liberalnoj-iliberalnoj-i-deliberativnoj-demokraciji-23-4-2022\/#breadcrumb\"},\"inLanguage\":\"hr\",\"potentialAction\":[{\"@type\":\"ReadAction\",\"target\":[\"https:\/\/www.vegaintro-projekti.com\/pilar-stari\/2022\/04\/dr-sc-jadranka-svarc-o-liberalnoj-iliberalnoj-i-deliberativnoj-demokraciji-23-4-2022\/\"]}]},{\"@type\":\"BreadcrumbList\",\"@id\":\"https:\/\/www.vegaintro-projekti.com\/pilar-stari\/2022\/04\/dr-sc-jadranka-svarc-o-liberalnoj-iliberalnoj-i-deliberativnoj-demokraciji-23-4-2022\/#breadcrumb\",\"itemListElement\":[{\"@type\":\"ListItem\",\"position\":1,\"name\":\"Home\",\"item\":\"https:\/\/www.vegaintro-projekti.com\/pilar-stari\/\"},{\"@type\":\"ListItem\",\"position\":2,\"name\":\"Dr. sc. Jadranka \u0160varc o liberalnoj, iliberalnoj i deliberativnoj demokraciji\"}]},{\"@type\":\"WebSite\",\"@id\":\"https:\/\/www.vegaintro-projekti.com\/pilar-stari\/#website\",\"url\":\"https:\/\/www.vegaintro-projekti.com\/pilar-stari\/\",\"name\":\"Institut dru&scaron;tvenih znanosti Ivo Pilar\",\"description\":\"Pilar\",\"potentialAction\":[{\"@type\":\"SearchAction\",\"target\":{\"@type\":\"EntryPoint\",\"urlTemplate\":\"https:\/\/www.vegaintro-projekti.com\/pilar-stari\/?s={search_term_string}\"},\"query-input\":\"required name=search_term_string\"}],\"inLanguage\":\"hr\"},{\"@type\":\"Person\",\"@id\":\"https:\/\/www.vegaintro-projekti.com\/pilar-stari\/#\/schema\/person\/ddd404c9f1e15e4ffef5986ac6a5d28b\",\"name\":\"Boris\",\"image\":{\"@type\":\"ImageObject\",\"inLanguage\":\"hr\",\"@id\":\"https:\/\/www.vegaintro-projekti.com\/pilar-stari\/#\/schema\/person\/image\/\",\"url\":\"https:\/\/secure.gravatar.com\/avatar\/29557b161a6ce6ab86ac1503164f1e90?s=96&d=mm&r=g\",\"contentUrl\":\"https:\/\/secure.gravatar.com\/avatar\/29557b161a6ce6ab86ac1503164f1e90?s=96&d=mm&r=g\",\"caption\":\"Boris\"},\"url\":\"https:\/\/www.vegaintro-projekti.com\/pilar-stari\/author\/boris\/\"}]}<\/script>\n<!-- \/ Yoast SEO plugin. -->","yoast_head_json":{"title":"Dr. sc. Jadranka \u0160varc o liberalnoj, iliberalnoj i deliberativnoj demokraciji - Institut dru&scaron;tvenih znanosti Ivo Pilar","robots":{"index":"noindex","follow":"follow","max-snippet":"max-snippet:-1","max-image-preview":"max-image-preview:large","max-video-preview":"max-video-preview:-1"},"og_locale":"hr_HR","og_type":"article","og_title":"Dr. sc. Jadranka \u0160varc o liberalnoj, iliberalnoj i deliberativnoj demokraciji - Institut dru&scaron;tvenih znanosti Ivo Pilar","og_description":"Glas Slavonije u Temi tjedna Kriza liberalizma u tiskanom i online izdanju 23. travnja 2022. objavljuje prilog dr. sc. Jadranke \u0160varc pod naslovom &#8220;Mnogo je primjera kolektivnog narcizma&#8221; &#8211; Glas Slavonije: Dr. sc. Jadranka \u0160varc: Mnogo je primjera kolektivnog narcizma, 23. 4. 2022. DR. SC. JADRANKA \u0160VARC: Mnogo je primjera kolektivnog narcizma U medijima i&hellip; Pro\u010ditaj vi\u0161e o Dr. sc. Jadranka \u0160varc o liberalnoj, iliberalnoj i deliberativnoj demokraciji","og_url":"https:\/\/www.vegaintro-projekti.com\/pilar-stari\/2022\/04\/dr-sc-jadranka-svarc-o-liberalnoj-iliberalnoj-i-deliberativnoj-demokraciji-23-4-2022\/","og_site_name":"Institut dru&scaron;tvenih znanosti Ivo Pilar","article_published_time":"2022-04-23T17:58:08+00:00","article_modified_time":"2022-04-26T18:08:06+00:00","og_image":[{"width":320,"height":225,"url":"https:\/\/www.vegaintro-projekti.com\/pilar-stari\/wp-content\/uploads\/2022\/04\/dr_sc_Jadranka_Svarc.jpg","type":"image\/jpeg"}],"author":"Boris","twitter_card":"summary_large_image","twitter_misc":{"Napisao\/la":"Boris","Procijenjeno vrijeme \u010ditanja":"7 minuta"},"schema":{"@context":"https:\/\/schema.org","@graph":[{"@type":"WebPage","@id":"https:\/\/www.vegaintro-projekti.com\/pilar-stari\/2022\/04\/dr-sc-jadranka-svarc-o-liberalnoj-iliberalnoj-i-deliberativnoj-demokraciji-23-4-2022\/","url":"https:\/\/www.vegaintro-projekti.com\/pilar-stari\/2022\/04\/dr-sc-jadranka-svarc-o-liberalnoj-iliberalnoj-i-deliberativnoj-demokraciji-23-4-2022\/","name":"Dr. sc. Jadranka \u0160varc o liberalnoj, iliberalnoj i deliberativnoj demokraciji - Institut dru&scaron;tvenih znanosti Ivo Pilar","isPartOf":{"@id":"https:\/\/www.vegaintro-projekti.com\/pilar-stari\/#website"},"datePublished":"2022-04-23T17:58:08+00:00","dateModified":"2022-04-26T18:08:06+00:00","author":{"@id":"https:\/\/www.vegaintro-projekti.com\/pilar-stari\/#\/schema\/person\/ddd404c9f1e15e4ffef5986ac6a5d28b"},"breadcrumb":{"@id":"https:\/\/www.vegaintro-projekti.com\/pilar-stari\/2022\/04\/dr-sc-jadranka-svarc-o-liberalnoj-iliberalnoj-i-deliberativnoj-demokraciji-23-4-2022\/#breadcrumb"},"inLanguage":"hr","potentialAction":[{"@type":"ReadAction","target":["https:\/\/www.vegaintro-projekti.com\/pilar-stari\/2022\/04\/dr-sc-jadranka-svarc-o-liberalnoj-iliberalnoj-i-deliberativnoj-demokraciji-23-4-2022\/"]}]},{"@type":"BreadcrumbList","@id":"https:\/\/www.vegaintro-projekti.com\/pilar-stari\/2022\/04\/dr-sc-jadranka-svarc-o-liberalnoj-iliberalnoj-i-deliberativnoj-demokraciji-23-4-2022\/#breadcrumb","itemListElement":[{"@type":"ListItem","position":1,"name":"Home","item":"https:\/\/www.vegaintro-projekti.com\/pilar-stari\/"},{"@type":"ListItem","position":2,"name":"Dr. sc. Jadranka \u0160varc o liberalnoj, iliberalnoj i deliberativnoj demokraciji"}]},{"@type":"WebSite","@id":"https:\/\/www.vegaintro-projekti.com\/pilar-stari\/#website","url":"https:\/\/www.vegaintro-projekti.com\/pilar-stari\/","name":"Institut dru&scaron;tvenih znanosti Ivo Pilar","description":"Pilar","potentialAction":[{"@type":"SearchAction","target":{"@type":"EntryPoint","urlTemplate":"https:\/\/www.vegaintro-projekti.com\/pilar-stari\/?s={search_term_string}"},"query-input":"required name=search_term_string"}],"inLanguage":"hr"},{"@type":"Person","@id":"https:\/\/www.vegaintro-projekti.com\/pilar-stari\/#\/schema\/person\/ddd404c9f1e15e4ffef5986ac6a5d28b","name":"Boris","image":{"@type":"ImageObject","inLanguage":"hr","@id":"https:\/\/www.vegaintro-projekti.com\/pilar-stari\/#\/schema\/person\/image\/","url":"https:\/\/secure.gravatar.com\/avatar\/29557b161a6ce6ab86ac1503164f1e90?s=96&d=mm&r=g","contentUrl":"https:\/\/secure.gravatar.com\/avatar\/29557b161a6ce6ab86ac1503164f1e90?s=96&d=mm&r=g","caption":"Boris"},"url":"https:\/\/www.vegaintro-projekti.com\/pilar-stari\/author\/boris\/"}]}},"_links":{"self":[{"href":"https:\/\/www.vegaintro-projekti.com\/pilar-stari\/wp-json\/wp\/v2\/posts\/22180"}],"collection":[{"href":"https:\/\/www.vegaintro-projekti.com\/pilar-stari\/wp-json\/wp\/v2\/posts"}],"about":[{"href":"https:\/\/www.vegaintro-projekti.com\/pilar-stari\/wp-json\/wp\/v2\/types\/post"}],"author":[{"embeddable":true,"href":"https:\/\/www.vegaintro-projekti.com\/pilar-stari\/wp-json\/wp\/v2\/users\/7"}],"replies":[{"embeddable":true,"href":"https:\/\/www.vegaintro-projekti.com\/pilar-stari\/wp-json\/wp\/v2\/comments?post=22180"}],"version-history":[{"count":4,"href":"https:\/\/www.vegaintro-projekti.com\/pilar-stari\/wp-json\/wp\/v2\/posts\/22180\/revisions"}],"predecessor-version":[{"id":22184,"href":"https:\/\/www.vegaintro-projekti.com\/pilar-stari\/wp-json\/wp\/v2\/posts\/22180\/revisions\/22184"}],"wp:featuredmedia":[{"embeddable":true,"href":"https:\/\/www.vegaintro-projekti.com\/pilar-stari\/wp-json\/wp\/v2\/media\/22177"}],"wp:attachment":[{"href":"https:\/\/www.vegaintro-projekti.com\/pilar-stari\/wp-json\/wp\/v2\/media?parent=22180"}],"wp:term":[{"taxonomy":"category","embeddable":true,"href":"https:\/\/www.vegaintro-projekti.com\/pilar-stari\/wp-json\/wp\/v2\/categories?post=22180"},{"taxonomy":"post_tag","embeddable":true,"href":"https:\/\/www.vegaintro-projekti.com\/pilar-stari\/wp-json\/wp\/v2\/tags?post=22180"}],"curies":[{"name":"wp","href":"https:\/\/api.w.org\/{rel}","templated":true}]}}