{"id":22256,"date":"2022-04-07T16:52:17","date_gmt":"2022-04-07T16:52:17","guid":{"rendered":"https:\/\/www.vegaintro-projekti.com\/pilar-stari\/?p=22256"},"modified":"2022-05-02T17:10:40","modified_gmt":"2022-05-02T17:10:40","slug":"dr-sc-ljiljana-dobrovsak-na-medunarodnoj-konferenciji-faces-of-populism-politics-culture-economy-and-everyday-life-in-eastern-europe-5-6-4-2022","status":"publish","type":"post","link":"https:\/\/www.vegaintro-projekti.com\/pilar-stari\/2022\/04\/dr-sc-ljiljana-dobrovsak-na-medunarodnoj-konferenciji-faces-of-populism-politics-culture-economy-and-everyday-life-in-eastern-europe-5-6-4-2022\/","title":{"rendered":"Dr. sc. Ljiljana Dobrov\u0161ak na me\u0111unarodnoj konferenciji \u201eFaces of populism: politics, culture, economy, and everyday life in Eastern Europe\u201c, 5.-6. 4. 2022."},"content":{"rendered":"<p><strong>Dr. sc. Ljiljana Dobrov\u0161ak odr\u017eala je zajedno s dr. sc. Majom Vasiljevi\u0107 (Filozofski fakultet, Sveu\u010dili\u0161te u Beogradu) izlaganje pod naslovom \u201eNationalism and egalitarianism as elements of the populist narrative in 21st century Croatia\u201c na me\u0111unarodnoj konferenciji \u201eFaces of populism: politics, culture, economy, and everyday life in Eastern Europe\u201c organiziranoj u Beogradu 5.-6. 4. 2022. u sklopu H2020 projekta POPREBEL, kojeg je dr. sc. Ljiljana Dobrov\u0161ak suradnica<\/strong><\/p>\n<p><a href=\"https:\/\/www.vegaintro-projekti.com\/pilar-stari\/wp-content\/uploads\/2022\/05\/faces_of_populism_plakat-min.pdf\"><img decoding=\"async\" loading=\"lazy\" class=\"alignnone wp-image-22255 size-full\" src=\"https:\/\/www.vegaintro-projekti.com\/pilar-stari\/wp-content\/uploads\/2022\/05\/Plakat.jpg\" alt=\"\" width=\"620\" height=\"437\" srcset=\"https:\/\/www.vegaintro-projekti.com\/pilar-stari\/wp-content\/uploads\/2022\/05\/Plakat.jpg 620w, https:\/\/www.vegaintro-projekti.com\/pilar-stari\/wp-content\/uploads\/2022\/05\/Plakat-300x211.jpg 300w\" sizes=\"(max-width: 620px) 100vw, 620px\" \/><\/a><a href=\"https:\/\/www.vegaintro-projekti.com\/pilar-stari\/wp-content\/uploads\/2022\/05\/IMG_0609.jpg\"><img decoding=\"async\" loading=\"lazy\" class=\"alignnone wp-image-22254 size-full\" src=\"https:\/\/www.vegaintro-projekti.com\/pilar-stari\/wp-content\/uploads\/2022\/05\/IMG_0609_s.jpg\" alt=\"\" width=\"620\" height=\"374\" srcset=\"https:\/\/www.vegaintro-projekti.com\/pilar-stari\/wp-content\/uploads\/2022\/05\/IMG_0609_s.jpg 620w, https:\/\/www.vegaintro-projekti.com\/pilar-stari\/wp-content\/uploads\/2022\/05\/IMG_0609_s-300x181.jpg 300w\" sizes=\"(max-width: 620px) 100vw, 620px\" \/><\/a><\/p>\n<p>&#8211; <a href=\"https:\/\/www.vegaintro-projekti.com\/pilar-stari\/wp-content\/uploads\/2022\/05\/FACES_OF_POPULISM_program.pdf\">Program konferencije \u201eFaces of populism: politics, culture, economy, and everyday life in Eastern Europe\u201c; Beograd, 5.-6. 4. 2022.<\/a><\/p>\n<p><strong>Vi\u0161e o projektu:<\/strong><\/p>\n<p>&#8211; <a href=\"https:\/\/populism-europe.com\/poprebel\/\">https:\/\/populism-europe.com\/poprebel\/<\/a><br \/>\n&#8211; <a href=\"https:\/\/populism-europe.com\/poprebel\/researchers\/\">https:\/\/populism-europe.com\/poprebel\/researchers\/<\/a><\/p>\n<blockquote><p><a href=\"https:\/\/www.vegaintro-projekti.com\/pilar-stari\/biografije\/user-bio\/?my_user_id=19\">Dr. sc. Ljiljana Dobrov\u0161ak<\/a><\/p><\/blockquote>\n","protected":false},"excerpt":{"rendered":"<p>Dr. sc. Ljiljana Dobrov\u0161ak odr\u017eala je zajedno s dr. sc. Majom Vasiljevi\u0107 (Filozofski fakultet, Sveu\u010dili\u0161te u Beogradu) izlaganje pod naslovom \u201eNationalism and egalitarianism as elements of the populist narrative in 21st century Croatia\u201c na me\u0111unarodnoj konferenciji \u201eFaces of populism: politics, culture, economy, and everyday life in Eastern Europe\u201c organiziranoj u Beogradu 5.-6. 4. 2022. u&hellip; <a class=\"continue\" href=\"https:\/\/www.vegaintro-projekti.com\/pilar-stari\/2022\/04\/dr-sc-ljiljana-dobrovsak-na-medunarodnoj-konferenciji-faces-of-populism-politics-culture-economy-and-everyday-life-in-eastern-europe-5-6-4-2022\/\">Pro\u010ditaj vi\u0161e o<span> Dr. sc. Ljiljana Dobrov\u0161ak na me\u0111unarodnoj konferenciji \u201eFaces of populism: politics, culture, economy, and everyday life in Eastern Europe\u201c, 5.-6. 4. 2022.<\/span><\/a><\/p>\n","protected":false},"author":7,"featured_media":22255,"comment_status":"closed","ping_status":"closed","sticky":false,"template":"","format":"standard","meta":{"inline_featured_image":false,"ngg_post_thumbnail":0,"footnotes":""},"categories":[11],"tags":[],"yoast_head":"<!-- This site is optimized with the Yoast SEO plugin v21.2 - https:\/\/yoast.com\/wordpress\/plugins\/seo\/ -->\n<title>Dr. sc. Ljiljana Dobrov\u0161ak na me\u0111unarodnoj konferenciji \u201eFaces of populism: politics, culture, economy, and everyday life in Eastern Europe\u201c, 5.-6. 4. 2022. - Institut dru&scaron;tvenih znanosti Ivo Pilar<\/title>\n<meta name=\"robots\" content=\"noindex, follow, max-snippet:-1, max-image-preview:large, max-video-preview:-1\" \/>\n<meta property=\"og:locale\" content=\"hr_HR\" \/>\n<meta property=\"og:type\" content=\"article\" \/>\n<meta property=\"og:title\" content=\"Dr. sc. Ljiljana Dobrov\u0161ak na me\u0111unarodnoj konferenciji \u201eFaces of populism: politics, culture, economy, and everyday life in Eastern Europe\u201c, 5.-6. 4. 2022. - Institut dru&scaron;tvenih znanosti Ivo Pilar\" \/>\n<meta property=\"og:description\" content=\"Dr. sc. Ljiljana Dobrov\u0161ak odr\u017eala je zajedno s dr. sc. Majom Vasiljevi\u0107 (Filozofski fakultet, Sveu\u010dili\u0161te u Beogradu) izlaganje pod naslovom \u201eNationalism and egalitarianism as elements of the populist narrative in 21st century Croatia\u201c na me\u0111unarodnoj konferenciji \u201eFaces of populism: politics, culture, economy, and everyday life in Eastern Europe\u201c organiziranoj u Beogradu 5.-6. 4. 2022. u&hellip; Pro\u010ditaj vi\u0161e o Dr. sc. Ljiljana Dobrov\u0161ak na me\u0111unarodnoj konferenciji \u201eFaces of populism: politics, culture, economy, and everyday life in Eastern Europe\u201c, 5.-6. 4. 2022.\" \/>\n<meta property=\"og:url\" content=\"https:\/\/www.vegaintro-projekti.com\/pilar-stari\/2022\/04\/dr-sc-ljiljana-dobrovsak-na-medunarodnoj-konferenciji-faces-of-populism-politics-culture-economy-and-everyday-life-in-eastern-europe-5-6-4-2022\/\" \/>\n<meta property=\"og:site_name\" content=\"Institut dru&scaron;tvenih znanosti Ivo Pilar\" \/>\n<meta property=\"article:published_time\" content=\"2022-04-07T16:52:17+00:00\" \/>\n<meta property=\"article:modified_time\" content=\"2022-05-02T17:10:40+00:00\" \/>\n<meta property=\"og:image\" content=\"https:\/\/www.vegaintro-projekti.com\/pilar-stari\/wp-content\/uploads\/2022\/05\/Plakat.jpg\" \/>\n\t<meta property=\"og:image:width\" content=\"620\" \/>\n\t<meta property=\"og:image:height\" content=\"437\" \/>\n\t<meta property=\"og:image:type\" content=\"image\/jpeg\" \/>\n<meta name=\"author\" content=\"Boris\" \/>\n<meta name=\"twitter:card\" content=\"summary_large_image\" \/>\n<meta name=\"twitter:label1\" content=\"Napisao\/la\" \/>\n\t<meta name=\"twitter:data1\" content=\"Boris\" \/>\n\t<meta name=\"twitter:label2\" content=\"Procijenjeno vrijeme \u010ditanja\" \/>\n\t<meta name=\"twitter:data2\" content=\"1 minuta\" \/>\n<script type=\"application\/ld+json\" class=\"yoast-schema-graph\">{\"@context\":\"https:\/\/schema.org\",\"@graph\":[{\"@type\":\"WebPage\",\"@id\":\"https:\/\/www.vegaintro-projekti.com\/pilar-stari\/2022\/04\/dr-sc-ljiljana-dobrovsak-na-medunarodnoj-konferenciji-faces-of-populism-politics-culture-economy-and-everyday-life-in-eastern-europe-5-6-4-2022\/\",\"url\":\"https:\/\/www.vegaintro-projekti.com\/pilar-stari\/2022\/04\/dr-sc-ljiljana-dobrovsak-na-medunarodnoj-konferenciji-faces-of-populism-politics-culture-economy-and-everyday-life-in-eastern-europe-5-6-4-2022\/\",\"name\":\"Dr. sc. Ljiljana Dobrov\u0161ak na me\u0111unarodnoj konferenciji \u201eFaces of populism: politics, culture, economy, and everyday life in Eastern Europe\u201c, 5.-6. 4. 2022. - Institut dru&scaron;tvenih znanosti Ivo Pilar\",\"isPartOf\":{\"@id\":\"https:\/\/www.vegaintro-projekti.com\/pilar-stari\/#website\"},\"datePublished\":\"2022-04-07T16:52:17+00:00\",\"dateModified\":\"2022-05-02T17:10:40+00:00\",\"author\":{\"@id\":\"https:\/\/www.vegaintro-projekti.com\/pilar-stari\/#\/schema\/person\/ddd404c9f1e15e4ffef5986ac6a5d28b\"},\"breadcrumb\":{\"@id\":\"https:\/\/www.vegaintro-projekti.com\/pilar-stari\/2022\/04\/dr-sc-ljiljana-dobrovsak-na-medunarodnoj-konferenciji-faces-of-populism-politics-culture-economy-and-everyday-life-in-eastern-europe-5-6-4-2022\/#breadcrumb\"},\"inLanguage\":\"hr\",\"potentialAction\":[{\"@type\":\"ReadAction\",\"target\":[\"https:\/\/www.vegaintro-projekti.com\/pilar-stari\/2022\/04\/dr-sc-ljiljana-dobrovsak-na-medunarodnoj-konferenciji-faces-of-populism-politics-culture-economy-and-everyday-life-in-eastern-europe-5-6-4-2022\/\"]}]},{\"@type\":\"BreadcrumbList\",\"@id\":\"https:\/\/www.vegaintro-projekti.com\/pilar-stari\/2022\/04\/dr-sc-ljiljana-dobrovsak-na-medunarodnoj-konferenciji-faces-of-populism-politics-culture-economy-and-everyday-life-in-eastern-europe-5-6-4-2022\/#breadcrumb\",\"itemListElement\":[{\"@type\":\"ListItem\",\"position\":1,\"name\":\"Home\",\"item\":\"https:\/\/www.vegaintro-projekti.com\/pilar-stari\/\"},{\"@type\":\"ListItem\",\"position\":2,\"name\":\"Dr. sc. Ljiljana Dobrov\u0161ak na me\u0111unarodnoj konferenciji \u201eFaces of populism: politics, culture, economy, and everyday life in Eastern Europe\u201c, 5.-6. 4. 2022.\"}]},{\"@type\":\"WebSite\",\"@id\":\"https:\/\/www.vegaintro-projekti.com\/pilar-stari\/#website\",\"url\":\"https:\/\/www.vegaintro-projekti.com\/pilar-stari\/\",\"name\":\"Institut dru&scaron;tvenih znanosti Ivo Pilar\",\"description\":\"Pilar\",\"potentialAction\":[{\"@type\":\"SearchAction\",\"target\":{\"@type\":\"EntryPoint\",\"urlTemplate\":\"https:\/\/www.vegaintro-projekti.com\/pilar-stari\/?s={search_term_string}\"},\"query-input\":\"required name=search_term_string\"}],\"inLanguage\":\"hr\"},{\"@type\":\"Person\",\"@id\":\"https:\/\/www.vegaintro-projekti.com\/pilar-stari\/#\/schema\/person\/ddd404c9f1e15e4ffef5986ac6a5d28b\",\"name\":\"Boris\",\"image\":{\"@type\":\"ImageObject\",\"inLanguage\":\"hr\",\"@id\":\"https:\/\/www.vegaintro-projekti.com\/pilar-stari\/#\/schema\/person\/image\/\",\"url\":\"https:\/\/secure.gravatar.com\/avatar\/29557b161a6ce6ab86ac1503164f1e90?s=96&d=mm&r=g\",\"contentUrl\":\"https:\/\/secure.gravatar.com\/avatar\/29557b161a6ce6ab86ac1503164f1e90?s=96&d=mm&r=g\",\"caption\":\"Boris\"},\"url\":\"https:\/\/www.vegaintro-projekti.com\/pilar-stari\/author\/boris\/\"}]}<\/script>\n<!-- \/ Yoast SEO plugin. -->","yoast_head_json":{"title":"Dr. sc. Ljiljana Dobrov\u0161ak na me\u0111unarodnoj konferenciji \u201eFaces of populism: politics, culture, economy, and everyday life in Eastern Europe\u201c, 5.-6. 4. 2022. - Institut dru&scaron;tvenih znanosti Ivo Pilar","robots":{"index":"noindex","follow":"follow","max-snippet":"max-snippet:-1","max-image-preview":"max-image-preview:large","max-video-preview":"max-video-preview:-1"},"og_locale":"hr_HR","og_type":"article","og_title":"Dr. sc. Ljiljana Dobrov\u0161ak na me\u0111unarodnoj konferenciji \u201eFaces of populism: politics, culture, economy, and everyday life in Eastern Europe\u201c, 5.-6. 4. 2022. - Institut dru&scaron;tvenih znanosti Ivo Pilar","og_description":"Dr. sc. Ljiljana Dobrov\u0161ak odr\u017eala je zajedno s dr. sc. Majom Vasiljevi\u0107 (Filozofski fakultet, Sveu\u010dili\u0161te u Beogradu) izlaganje pod naslovom \u201eNationalism and egalitarianism as elements of the populist narrative in 21st century Croatia\u201c na me\u0111unarodnoj konferenciji \u201eFaces of populism: politics, culture, economy, and everyday life in Eastern Europe\u201c organiziranoj u Beogradu 5.-6. 4. 2022. u&hellip; Pro\u010ditaj vi\u0161e o Dr. sc. Ljiljana Dobrov\u0161ak na me\u0111unarodnoj konferenciji \u201eFaces of populism: politics, culture, economy, and everyday life in Eastern Europe\u201c, 5.-6. 4. 2022.","og_url":"https:\/\/www.vegaintro-projekti.com\/pilar-stari\/2022\/04\/dr-sc-ljiljana-dobrovsak-na-medunarodnoj-konferenciji-faces-of-populism-politics-culture-economy-and-everyday-life-in-eastern-europe-5-6-4-2022\/","og_site_name":"Institut dru&scaron;tvenih znanosti Ivo Pilar","article_published_time":"2022-04-07T16:52:17+00:00","article_modified_time":"2022-05-02T17:10:40+00:00","og_image":[{"width":620,"height":437,"url":"https:\/\/www.vegaintro-projekti.com\/pilar-stari\/wp-content\/uploads\/2022\/05\/Plakat.jpg","type":"image\/jpeg"}],"author":"Boris","twitter_card":"summary_large_image","twitter_misc":{"Napisao\/la":"Boris","Procijenjeno vrijeme \u010ditanja":"1 minuta"},"schema":{"@context":"https:\/\/schema.org","@graph":[{"@type":"WebPage","@id":"https:\/\/www.vegaintro-projekti.com\/pilar-stari\/2022\/04\/dr-sc-ljiljana-dobrovsak-na-medunarodnoj-konferenciji-faces-of-populism-politics-culture-economy-and-everyday-life-in-eastern-europe-5-6-4-2022\/","url":"https:\/\/www.vegaintro-projekti.com\/pilar-stari\/2022\/04\/dr-sc-ljiljana-dobrovsak-na-medunarodnoj-konferenciji-faces-of-populism-politics-culture-economy-and-everyday-life-in-eastern-europe-5-6-4-2022\/","name":"Dr. sc. Ljiljana Dobrov\u0161ak na me\u0111unarodnoj konferenciji \u201eFaces of populism: politics, culture, economy, and everyday life in Eastern Europe\u201c, 5.-6. 4. 2022. - Institut dru&scaron;tvenih znanosti Ivo Pilar","isPartOf":{"@id":"https:\/\/www.vegaintro-projekti.com\/pilar-stari\/#website"},"datePublished":"2022-04-07T16:52:17+00:00","dateModified":"2022-05-02T17:10:40+00:00","author":{"@id":"https:\/\/www.vegaintro-projekti.com\/pilar-stari\/#\/schema\/person\/ddd404c9f1e15e4ffef5986ac6a5d28b"},"breadcrumb":{"@id":"https:\/\/www.vegaintro-projekti.com\/pilar-stari\/2022\/04\/dr-sc-ljiljana-dobrovsak-na-medunarodnoj-konferenciji-faces-of-populism-politics-culture-economy-and-everyday-life-in-eastern-europe-5-6-4-2022\/#breadcrumb"},"inLanguage":"hr","potentialAction":[{"@type":"ReadAction","target":["https:\/\/www.vegaintro-projekti.com\/pilar-stari\/2022\/04\/dr-sc-ljiljana-dobrovsak-na-medunarodnoj-konferenciji-faces-of-populism-politics-culture-economy-and-everyday-life-in-eastern-europe-5-6-4-2022\/"]}]},{"@type":"BreadcrumbList","@id":"https:\/\/www.vegaintro-projekti.com\/pilar-stari\/2022\/04\/dr-sc-ljiljana-dobrovsak-na-medunarodnoj-konferenciji-faces-of-populism-politics-culture-economy-and-everyday-life-in-eastern-europe-5-6-4-2022\/#breadcrumb","itemListElement":[{"@type":"ListItem","position":1,"name":"Home","item":"https:\/\/www.vegaintro-projekti.com\/pilar-stari\/"},{"@type":"ListItem","position":2,"name":"Dr. sc. Ljiljana Dobrov\u0161ak na me\u0111unarodnoj konferenciji \u201eFaces of populism: politics, culture, economy, and everyday life in Eastern Europe\u201c, 5.-6. 4. 2022."}]},{"@type":"WebSite","@id":"https:\/\/www.vegaintro-projekti.com\/pilar-stari\/#website","url":"https:\/\/www.vegaintro-projekti.com\/pilar-stari\/","name":"Institut dru&scaron;tvenih znanosti Ivo Pilar","description":"Pilar","potentialAction":[{"@type":"SearchAction","target":{"@type":"EntryPoint","urlTemplate":"https:\/\/www.vegaintro-projekti.com\/pilar-stari\/?s={search_term_string}"},"query-input":"required name=search_term_string"}],"inLanguage":"hr"},{"@type":"Person","@id":"https:\/\/www.vegaintro-projekti.com\/pilar-stari\/#\/schema\/person\/ddd404c9f1e15e4ffef5986ac6a5d28b","name":"Boris","image":{"@type":"ImageObject","inLanguage":"hr","@id":"https:\/\/www.vegaintro-projekti.com\/pilar-stari\/#\/schema\/person\/image\/","url":"https:\/\/secure.gravatar.com\/avatar\/29557b161a6ce6ab86ac1503164f1e90?s=96&d=mm&r=g","contentUrl":"https:\/\/secure.gravatar.com\/avatar\/29557b161a6ce6ab86ac1503164f1e90?s=96&d=mm&r=g","caption":"Boris"},"url":"https:\/\/www.vegaintro-projekti.com\/pilar-stari\/author\/boris\/"}]}},"_links":{"self":[{"href":"https:\/\/www.vegaintro-projekti.com\/pilar-stari\/wp-json\/wp\/v2\/posts\/22256"}],"collection":[{"href":"https:\/\/www.vegaintro-projekti.com\/pilar-stari\/wp-json\/wp\/v2\/posts"}],"about":[{"href":"https:\/\/www.vegaintro-projekti.com\/pilar-stari\/wp-json\/wp\/v2\/types\/post"}],"author":[{"embeddable":true,"href":"https:\/\/www.vegaintro-projekti.com\/pilar-stari\/wp-json\/wp\/v2\/users\/7"}],"replies":[{"embeddable":true,"href":"https:\/\/www.vegaintro-projekti.com\/pilar-stari\/wp-json\/wp\/v2\/comments?post=22256"}],"version-history":[{"count":1,"href":"https:\/\/www.vegaintro-projekti.com\/pilar-stari\/wp-json\/wp\/v2\/posts\/22256\/revisions"}],"predecessor-version":[{"id":22257,"href":"https:\/\/www.vegaintro-projekti.com\/pilar-stari\/wp-json\/wp\/v2\/posts\/22256\/revisions\/22257"}],"wp:featuredmedia":[{"embeddable":true,"href":"https:\/\/www.vegaintro-projekti.com\/pilar-stari\/wp-json\/wp\/v2\/media\/22255"}],"wp:attachment":[{"href":"https:\/\/www.vegaintro-projekti.com\/pilar-stari\/wp-json\/wp\/v2\/media?parent=22256"}],"wp:term":[{"taxonomy":"category","embeddable":true,"href":"https:\/\/www.vegaintro-projekti.com\/pilar-stari\/wp-json\/wp\/v2\/categories?post=22256"},{"taxonomy":"post_tag","embeddable":true,"href":"https:\/\/www.vegaintro-projekti.com\/pilar-stari\/wp-json\/wp\/v2\/tags?post=22256"}],"curies":[{"name":"wp","href":"https:\/\/api.w.org\/{rel}","templated":true}]}}