{"id":22333,"date":"2022-05-16T17:53:40","date_gmt":"2022-05-16T17:53:40","guid":{"rendered":"https:\/\/www.vegaintro-projekti.com\/pilar-stari\/?p=22333"},"modified":"2022-05-18T18:32:03","modified_gmt":"2022-05-18T18:32:03","slug":"dr-sc-danijel-vojak-na-25th-workshop-on-the-history-and-memory-of-national-socialist-camps-and-killing-sites-13-5-2022","status":"publish","type":"post","link":"https:\/\/www.vegaintro-projekti.com\/pilar-stari\/2022\/05\/dr-sc-danijel-vojak-na-25th-workshop-on-the-history-and-memory-of-national-socialist-camps-and-killing-sites-13-5-2022\/","title":{"rendered":"Dr. sc. Danijel Vojak na &#8220;25th workshop on the History and Memory of National Socialist Camps and Killing Sites&#8221;, 13. 5. 2022."},"content":{"rendered":"<p><strong>Dr. sc. Danijel Vojak odr\u017eao je 13. svibnja 2022. u Zagrebu (Hotel Central) predavanje \u201eSamudaripen \/ Roma Genocide in the Independent State of Croatia, 1941 \u2013 1945\u201c na \u201e25th workshop on the History and Memory of National Socialist Camps and Killing Sites\u201c, koji se odr\u017eavao od 9. do 15. svibnja 2022. u Zagrebu<\/strong><\/p>\n<p><a href=\"https:\/\/www.vegaintro-projekti.com\/pilar-stari\/wp-content\/uploads\/2022\/05\/Vojak_01.jpg\"><img decoding=\"async\" loading=\"lazy\" class=\"alignnone wp-image-22330 size-full\" src=\"https:\/\/www.vegaintro-projekti.com\/pilar-stari\/wp-content\/uploads\/2022\/05\/Vojak_01s.jpg\" alt=\"\" width=\"620\" height=\"373\" srcset=\"https:\/\/www.vegaintro-projekti.com\/pilar-stari\/wp-content\/uploads\/2022\/05\/Vojak_01s.jpg 620w, https:\/\/www.vegaintro-projekti.com\/pilar-stari\/wp-content\/uploads\/2022\/05\/Vojak_01s-300x180.jpg 300w\" sizes=\"(max-width: 620px) 100vw, 620px\" \/><\/a><a href=\"https:\/\/www.vegaintro-projekti.com\/pilar-stari\/wp-content\/uploads\/2022\/05\/Vojak_02.jpg\"><img decoding=\"async\" loading=\"lazy\" class=\"alignnone wp-image-22332 size-full\" src=\"https:\/\/www.vegaintro-projekti.com\/pilar-stari\/wp-content\/uploads\/2022\/05\/Vojak_02s.jpg\" alt=\"\" width=\"620\" height=\"349\" srcset=\"https:\/\/www.vegaintro-projekti.com\/pilar-stari\/wp-content\/uploads\/2022\/05\/Vojak_02s.jpg 620w, https:\/\/www.vegaintro-projekti.com\/pilar-stari\/wp-content\/uploads\/2022\/05\/Vojak_02s-300x169.jpg 300w\" sizes=\"(max-width: 620px) 100vw, 620px\" \/><\/a><\/p>\n<p>Na radionici je sudjelovalo 30 studenata doktorskih studija iz deset zemalja. U sklopu radionice odr\u017eana su brojna predavanja te posjeti memorijalnim centrima i mjestima stradanja.<\/p>\n<p>&#8211; <a href=\"https:\/\/www.trendsmap.com\/twitter\/tweet\/1525013145751789569\">https:\/\/www.trendsmap.com\/twitter\/tweet\/1525013145751789569<\/a><\/p>\n<blockquote><p><a href=\"https:\/\/www.vegaintro-projekti.com\/pilar-stari\/biografije\/user-bio\/?my_user_id=63\">Dr. sc. Danijel Vojak<\/a><\/p><\/blockquote>\n","protected":false},"excerpt":{"rendered":"<p>Dr. sc. Danijel Vojak odr\u017eao je 13. svibnja 2022. u Zagrebu (Hotel Central) predavanje \u201eSamudaripen \/ Roma Genocide in the Independent State of Croatia, 1941 \u2013 1945\u201c na \u201e25th workshop on the History and Memory of National Socialist Camps and Killing Sites\u201c, koji se odr\u017eavao od 9. do 15. svibnja 2022. u Zagrebu Na radionici&hellip; <a class=\"continue\" href=\"https:\/\/www.vegaintro-projekti.com\/pilar-stari\/2022\/05\/dr-sc-danijel-vojak-na-25th-workshop-on-the-history-and-memory-of-national-socialist-camps-and-killing-sites-13-5-2022\/\">Pro\u010ditaj vi\u0161e o<span> Dr. sc. Danijel Vojak na &#8220;25th workshop on the History and Memory of National Socialist Camps and Killing Sites&#8221;, 13. 5. 2022.<\/span><\/a><\/p>\n","protected":false},"author":7,"featured_media":22329,"comment_status":"closed","ping_status":"closed","sticky":false,"template":"","format":"standard","meta":{"inline_featured_image":false,"ngg_post_thumbnail":0,"footnotes":""},"categories":[11],"tags":[],"yoast_head":"<!-- This site is optimized with the Yoast SEO plugin v21.2 - https:\/\/yoast.com\/wordpress\/plugins\/seo\/ -->\n<title>Dr. sc. Danijel Vojak na &quot;25th workshop on the History and Memory of National Socialist Camps and Killing Sites&quot;, 13. 5. 2022. - Institut dru&scaron;tvenih znanosti Ivo Pilar<\/title>\n<meta name=\"robots\" content=\"noindex, follow, max-snippet:-1, max-image-preview:large, max-video-preview:-1\" \/>\n<meta property=\"og:locale\" content=\"hr_HR\" \/>\n<meta property=\"og:type\" content=\"article\" \/>\n<meta property=\"og:title\" content=\"Dr. sc. Danijel Vojak na &quot;25th workshop on the History and Memory of National Socialist Camps and Killing Sites&quot;, 13. 5. 2022. - Institut dru&scaron;tvenih znanosti Ivo Pilar\" \/>\n<meta property=\"og:description\" content=\"Dr. sc. Danijel Vojak odr\u017eao je 13. svibnja 2022. u Zagrebu (Hotel Central) predavanje \u201eSamudaripen \/ Roma Genocide in the Independent State of Croatia, 1941 \u2013 1945\u201c na \u201e25th workshop on the History and Memory of National Socialist Camps and Killing Sites\u201c, koji se odr\u017eavao od 9. do 15. svibnja 2022. u Zagrebu Na radionici&hellip; Pro\u010ditaj vi\u0161e o Dr. sc. Danijel Vojak na &#8220;25th workshop on the History and Memory of National Socialist Camps and Killing Sites&#8221;, 13. 5. 2022.\" \/>\n<meta property=\"og:url\" content=\"https:\/\/www.vegaintro-projekti.com\/pilar-stari\/2022\/05\/dr-sc-danijel-vojak-na-25th-workshop-on-the-history-and-memory-of-national-socialist-camps-and-killing-sites-13-5-2022\/\" \/>\n<meta property=\"og:site_name\" content=\"Institut dru&scaron;tvenih znanosti Ivo Pilar\" \/>\n<meta property=\"article:published_time\" content=\"2022-05-16T17:53:40+00:00\" \/>\n<meta property=\"article:modified_time\" content=\"2022-05-18T18:32:03+00:00\" \/>\n<meta property=\"og:image\" content=\"https:\/\/www.vegaintro-projekti.com\/pilar-stari\/wp-content\/uploads\/2022\/05\/Vojak_01fi.jpg\" \/>\n\t<meta property=\"og:image:width\" content=\"499\" \/>\n\t<meta property=\"og:image:height\" content=\"225\" \/>\n\t<meta property=\"og:image:type\" content=\"image\/jpeg\" \/>\n<meta name=\"author\" content=\"Boris\" \/>\n<meta name=\"twitter:card\" content=\"summary_large_image\" \/>\n<meta name=\"twitter:label1\" content=\"Napisao\/la\" \/>\n\t<meta name=\"twitter:data1\" content=\"Boris\" \/>\n<script type=\"application\/ld+json\" class=\"yoast-schema-graph\">{\"@context\":\"https:\/\/schema.org\",\"@graph\":[{\"@type\":\"WebPage\",\"@id\":\"https:\/\/www.vegaintro-projekti.com\/pilar-stari\/2022\/05\/dr-sc-danijel-vojak-na-25th-workshop-on-the-history-and-memory-of-national-socialist-camps-and-killing-sites-13-5-2022\/\",\"url\":\"https:\/\/www.vegaintro-projekti.com\/pilar-stari\/2022\/05\/dr-sc-danijel-vojak-na-25th-workshop-on-the-history-and-memory-of-national-socialist-camps-and-killing-sites-13-5-2022\/\",\"name\":\"Dr. sc. Danijel Vojak na \\\"25th workshop on the History and Memory of National Socialist Camps and Killing Sites\\\", 13. 5. 2022. - Institut dru&scaron;tvenih znanosti Ivo Pilar\",\"isPartOf\":{\"@id\":\"https:\/\/www.vegaintro-projekti.com\/pilar-stari\/#website\"},\"datePublished\":\"2022-05-16T17:53:40+00:00\",\"dateModified\":\"2022-05-18T18:32:03+00:00\",\"author\":{\"@id\":\"https:\/\/www.vegaintro-projekti.com\/pilar-stari\/#\/schema\/person\/ddd404c9f1e15e4ffef5986ac6a5d28b\"},\"breadcrumb\":{\"@id\":\"https:\/\/www.vegaintro-projekti.com\/pilar-stari\/2022\/05\/dr-sc-danijel-vojak-na-25th-workshop-on-the-history-and-memory-of-national-socialist-camps-and-killing-sites-13-5-2022\/#breadcrumb\"},\"inLanguage\":\"hr\",\"potentialAction\":[{\"@type\":\"ReadAction\",\"target\":[\"https:\/\/www.vegaintro-projekti.com\/pilar-stari\/2022\/05\/dr-sc-danijel-vojak-na-25th-workshop-on-the-history-and-memory-of-national-socialist-camps-and-killing-sites-13-5-2022\/\"]}]},{\"@type\":\"BreadcrumbList\",\"@id\":\"https:\/\/www.vegaintro-projekti.com\/pilar-stari\/2022\/05\/dr-sc-danijel-vojak-na-25th-workshop-on-the-history-and-memory-of-national-socialist-camps-and-killing-sites-13-5-2022\/#breadcrumb\",\"itemListElement\":[{\"@type\":\"ListItem\",\"position\":1,\"name\":\"Home\",\"item\":\"https:\/\/www.vegaintro-projekti.com\/pilar-stari\/\"},{\"@type\":\"ListItem\",\"position\":2,\"name\":\"Dr. sc. Danijel Vojak na &#8220;25th workshop on the History and Memory of National Socialist Camps and Killing Sites&#8221;, 13. 5. 2022.\"}]},{\"@type\":\"WebSite\",\"@id\":\"https:\/\/www.vegaintro-projekti.com\/pilar-stari\/#website\",\"url\":\"https:\/\/www.vegaintro-projekti.com\/pilar-stari\/\",\"name\":\"Institut dru&scaron;tvenih znanosti Ivo Pilar\",\"description\":\"Pilar\",\"potentialAction\":[{\"@type\":\"SearchAction\",\"target\":{\"@type\":\"EntryPoint\",\"urlTemplate\":\"https:\/\/www.vegaintro-projekti.com\/pilar-stari\/?s={search_term_string}\"},\"query-input\":\"required name=search_term_string\"}],\"inLanguage\":\"hr\"},{\"@type\":\"Person\",\"@id\":\"https:\/\/www.vegaintro-projekti.com\/pilar-stari\/#\/schema\/person\/ddd404c9f1e15e4ffef5986ac6a5d28b\",\"name\":\"Boris\",\"image\":{\"@type\":\"ImageObject\",\"inLanguage\":\"hr\",\"@id\":\"https:\/\/www.vegaintro-projekti.com\/pilar-stari\/#\/schema\/person\/image\/\",\"url\":\"https:\/\/secure.gravatar.com\/avatar\/29557b161a6ce6ab86ac1503164f1e90?s=96&d=mm&r=g\",\"contentUrl\":\"https:\/\/secure.gravatar.com\/avatar\/29557b161a6ce6ab86ac1503164f1e90?s=96&d=mm&r=g\",\"caption\":\"Boris\"},\"url\":\"https:\/\/www.vegaintro-projekti.com\/pilar-stari\/author\/boris\/\"}]}<\/script>\n<!-- \/ Yoast SEO plugin. -->","yoast_head_json":{"title":"Dr. sc. Danijel Vojak na \"25th workshop on the History and Memory of National Socialist Camps and Killing Sites\", 13. 5. 2022. - Institut dru&scaron;tvenih znanosti Ivo Pilar","robots":{"index":"noindex","follow":"follow","max-snippet":"max-snippet:-1","max-image-preview":"max-image-preview:large","max-video-preview":"max-video-preview:-1"},"og_locale":"hr_HR","og_type":"article","og_title":"Dr. sc. Danijel Vojak na \"25th workshop on the History and Memory of National Socialist Camps and Killing Sites\", 13. 5. 2022. - Institut dru&scaron;tvenih znanosti Ivo Pilar","og_description":"Dr. sc. Danijel Vojak odr\u017eao je 13. svibnja 2022. u Zagrebu (Hotel Central) predavanje \u201eSamudaripen \/ Roma Genocide in the Independent State of Croatia, 1941 \u2013 1945\u201c na \u201e25th workshop on the History and Memory of National Socialist Camps and Killing Sites\u201c, koji se odr\u017eavao od 9. do 15. svibnja 2022. u Zagrebu Na radionici&hellip; Pro\u010ditaj vi\u0161e o Dr. sc. Danijel Vojak na &#8220;25th workshop on the History and Memory of National Socialist Camps and Killing Sites&#8221;, 13. 5. 2022.","og_url":"https:\/\/www.vegaintro-projekti.com\/pilar-stari\/2022\/05\/dr-sc-danijel-vojak-na-25th-workshop-on-the-history-and-memory-of-national-socialist-camps-and-killing-sites-13-5-2022\/","og_site_name":"Institut dru&scaron;tvenih znanosti Ivo Pilar","article_published_time":"2022-05-16T17:53:40+00:00","article_modified_time":"2022-05-18T18:32:03+00:00","og_image":[{"width":499,"height":225,"url":"https:\/\/www.vegaintro-projekti.com\/pilar-stari\/wp-content\/uploads\/2022\/05\/Vojak_01fi.jpg","type":"image\/jpeg"}],"author":"Boris","twitter_card":"summary_large_image","twitter_misc":{"Napisao\/la":"Boris"},"schema":{"@context":"https:\/\/schema.org","@graph":[{"@type":"WebPage","@id":"https:\/\/www.vegaintro-projekti.com\/pilar-stari\/2022\/05\/dr-sc-danijel-vojak-na-25th-workshop-on-the-history-and-memory-of-national-socialist-camps-and-killing-sites-13-5-2022\/","url":"https:\/\/www.vegaintro-projekti.com\/pilar-stari\/2022\/05\/dr-sc-danijel-vojak-na-25th-workshop-on-the-history-and-memory-of-national-socialist-camps-and-killing-sites-13-5-2022\/","name":"Dr. sc. Danijel Vojak na \"25th workshop on the History and Memory of National Socialist Camps and Killing Sites\", 13. 5. 2022. - Institut dru&scaron;tvenih znanosti Ivo Pilar","isPartOf":{"@id":"https:\/\/www.vegaintro-projekti.com\/pilar-stari\/#website"},"datePublished":"2022-05-16T17:53:40+00:00","dateModified":"2022-05-18T18:32:03+00:00","author":{"@id":"https:\/\/www.vegaintro-projekti.com\/pilar-stari\/#\/schema\/person\/ddd404c9f1e15e4ffef5986ac6a5d28b"},"breadcrumb":{"@id":"https:\/\/www.vegaintro-projekti.com\/pilar-stari\/2022\/05\/dr-sc-danijel-vojak-na-25th-workshop-on-the-history-and-memory-of-national-socialist-camps-and-killing-sites-13-5-2022\/#breadcrumb"},"inLanguage":"hr","potentialAction":[{"@type":"ReadAction","target":["https:\/\/www.vegaintro-projekti.com\/pilar-stari\/2022\/05\/dr-sc-danijel-vojak-na-25th-workshop-on-the-history-and-memory-of-national-socialist-camps-and-killing-sites-13-5-2022\/"]}]},{"@type":"BreadcrumbList","@id":"https:\/\/www.vegaintro-projekti.com\/pilar-stari\/2022\/05\/dr-sc-danijel-vojak-na-25th-workshop-on-the-history-and-memory-of-national-socialist-camps-and-killing-sites-13-5-2022\/#breadcrumb","itemListElement":[{"@type":"ListItem","position":1,"name":"Home","item":"https:\/\/www.vegaintro-projekti.com\/pilar-stari\/"},{"@type":"ListItem","position":2,"name":"Dr. sc. Danijel Vojak na &#8220;25th workshop on the History and Memory of National Socialist Camps and Killing Sites&#8221;, 13. 5. 2022."}]},{"@type":"WebSite","@id":"https:\/\/www.vegaintro-projekti.com\/pilar-stari\/#website","url":"https:\/\/www.vegaintro-projekti.com\/pilar-stari\/","name":"Institut dru&scaron;tvenih znanosti Ivo Pilar","description":"Pilar","potentialAction":[{"@type":"SearchAction","target":{"@type":"EntryPoint","urlTemplate":"https:\/\/www.vegaintro-projekti.com\/pilar-stari\/?s={search_term_string}"},"query-input":"required name=search_term_string"}],"inLanguage":"hr"},{"@type":"Person","@id":"https:\/\/www.vegaintro-projekti.com\/pilar-stari\/#\/schema\/person\/ddd404c9f1e15e4ffef5986ac6a5d28b","name":"Boris","image":{"@type":"ImageObject","inLanguage":"hr","@id":"https:\/\/www.vegaintro-projekti.com\/pilar-stari\/#\/schema\/person\/image\/","url":"https:\/\/secure.gravatar.com\/avatar\/29557b161a6ce6ab86ac1503164f1e90?s=96&d=mm&r=g","contentUrl":"https:\/\/secure.gravatar.com\/avatar\/29557b161a6ce6ab86ac1503164f1e90?s=96&d=mm&r=g","caption":"Boris"},"url":"https:\/\/www.vegaintro-projekti.com\/pilar-stari\/author\/boris\/"}]}},"_links":{"self":[{"href":"https:\/\/www.vegaintro-projekti.com\/pilar-stari\/wp-json\/wp\/v2\/posts\/22333"}],"collection":[{"href":"https:\/\/www.vegaintro-projekti.com\/pilar-stari\/wp-json\/wp\/v2\/posts"}],"about":[{"href":"https:\/\/www.vegaintro-projekti.com\/pilar-stari\/wp-json\/wp\/v2\/types\/post"}],"author":[{"embeddable":true,"href":"https:\/\/www.vegaintro-projekti.com\/pilar-stari\/wp-json\/wp\/v2\/users\/7"}],"replies":[{"embeddable":true,"href":"https:\/\/www.vegaintro-projekti.com\/pilar-stari\/wp-json\/wp\/v2\/comments?post=22333"}],"version-history":[{"count":2,"href":"https:\/\/www.vegaintro-projekti.com\/pilar-stari\/wp-json\/wp\/v2\/posts\/22333\/revisions"}],"predecessor-version":[{"id":22335,"href":"https:\/\/www.vegaintro-projekti.com\/pilar-stari\/wp-json\/wp\/v2\/posts\/22333\/revisions\/22335"}],"wp:featuredmedia":[{"embeddable":true,"href":"https:\/\/www.vegaintro-projekti.com\/pilar-stari\/wp-json\/wp\/v2\/media\/22329"}],"wp:attachment":[{"href":"https:\/\/www.vegaintro-projekti.com\/pilar-stari\/wp-json\/wp\/v2\/media?parent=22333"}],"wp:term":[{"taxonomy":"category","embeddable":true,"href":"https:\/\/www.vegaintro-projekti.com\/pilar-stari\/wp-json\/wp\/v2\/categories?post=22333"},{"taxonomy":"post_tag","embeddable":true,"href":"https:\/\/www.vegaintro-projekti.com\/pilar-stari\/wp-json\/wp\/v2\/tags?post=22333"}],"curies":[{"name":"wp","href":"https:\/\/api.w.org\/{rel}","templated":true}]}}