{"id":22360,"date":"2022-05-18T17:21:58","date_gmt":"2022-05-18T17:21:58","guid":{"rendered":"https:\/\/www.vegaintro-projekti.com\/pilar-stari\/?p=22360"},"modified":"2022-05-19T20:33:09","modified_gmt":"2022-05-19T20:33:09","slug":"dr-sc-drazen-simlesa-odrzao-predavanje-klimatske-promjene-u-sklopu-projekta-zelene-teme-17-5-2022","status":"publish","type":"post","link":"https:\/\/www.vegaintro-projekti.com\/pilar-stari\/2022\/05\/dr-sc-drazen-simlesa-odrzao-predavanje-klimatske-promjene-u-sklopu-projekta-zelene-teme-17-5-2022\/","title":{"rendered":"Dr. sc. Dra\u017een \u0160imle\u0161a odr\u017eao predavanje &#8220;Klimatske promjene&#8221; u sklopu projekta &#8220;Zelene teme&#8221;, 17. 5. 2022."},"content":{"rendered":"<p><strong>U sklopu projekta &#8220;Zelene teme&#8221; koji provodi Gradska knji\u017enica Juraj \u0160i\u017egori\u0107, odr\u017eano je predavanje &#8220;Klimatske promjene&#8221;. Predavanje je odr\u017eao dr. sc. Dra\u017een \u0160imle\u0161a s Instituta dru\u0161tvenih znanosti Ivo Pilar u Zagrebu, tajnik udruge Zelena mre\u017ea aktivisti\u010dkih grupa (ZMAG), dopredsjednik Mre\u017ee ekosela Balkana (MEB)<\/strong><\/p>\n<p><a href=\"https:\/\/www.vegaintro-projekti.com\/pilar-stari\/wp-content\/uploads\/2022\/05\/Sl_3.jpg\"><img decoding=\"async\" loading=\"lazy\" class=\"alignnone wp-image-22359 size-full\" src=\"https:\/\/www.vegaintro-projekti.com\/pilar-stari\/wp-content\/uploads\/2022\/05\/Sl_3s.jpg\" alt=\"\" width=\"620\" height=\"465\" srcset=\"https:\/\/www.vegaintro-projekti.com\/pilar-stari\/wp-content\/uploads\/2022\/05\/Sl_3s.jpg 620w, https:\/\/www.vegaintro-projekti.com\/pilar-stari\/wp-content\/uploads\/2022\/05\/Sl_3s-300x225.jpg 300w\" sizes=\"(max-width: 620px) 100vw, 620px\" \/><\/a><a href=\"https:\/\/www.vegaintro-projekti.com\/pilar-stari\/wp-content\/uploads\/2022\/05\/Sl_2.jpg\"><img decoding=\"async\" loading=\"lazy\" class=\"alignnone wp-image-22357 size-full\" src=\"https:\/\/www.vegaintro-projekti.com\/pilar-stari\/wp-content\/uploads\/2022\/05\/Sl_2s.jpg\" alt=\"\" width=\"620\" height=\"465\" srcset=\"https:\/\/www.vegaintro-projekti.com\/pilar-stari\/wp-content\/uploads\/2022\/05\/Sl_2s.jpg 620w, https:\/\/www.vegaintro-projekti.com\/pilar-stari\/wp-content\/uploads\/2022\/05\/Sl_2s-300x225.jpg 300w\" sizes=\"(max-width: 620px) 100vw, 620px\" \/><\/a><a href=\"https:\/\/www.vegaintro-projekti.com\/pilar-stari\/wp-content\/uploads\/2022\/05\/Sl_1.jpg\"><img decoding=\"async\" loading=\"lazy\" class=\"alignnone wp-image-22355 size-full\" src=\"https:\/\/www.vegaintro-projekti.com\/pilar-stari\/wp-content\/uploads\/2022\/05\/Sl_1s.jpg\" alt=\"\" width=\"620\" height=\"465\" srcset=\"https:\/\/www.vegaintro-projekti.com\/pilar-stari\/wp-content\/uploads\/2022\/05\/Sl_1s.jpg 620w, https:\/\/www.vegaintro-projekti.com\/pilar-stari\/wp-content\/uploads\/2022\/05\/Sl_1s-300x225.jpg 300w\" sizes=\"(max-width: 620px) 100vw, 620px\" \/><\/a><\/p>\n<p><strong>&#8211; \u0160ibenik.in:<\/strong> <a href=\"https:\/\/www.sibenik.in\/sibenik\/u-sklopu-projekta-zelene-teme-u-knjiznici-odrzano-zanimljivo-predavanje\/154972.html\">KLIMATSKE PROMJENE: U sklopu projekta &#8216;Zelene teme&#8217; u knji\u017enici odr\u017eano zanimljivo predavanje, 17. 5. 2022.<\/a><\/p>\n<p><strong>Na predavanju<\/strong> je bilo rije\u010di o vezi izme\u0111u dru\u0161tvenog sustava i devastacije okoli\u0161a i o tomu kako pojedinci promjenom vlastita pona\u0161anja i uklju\u010divanjem u kolektivne akcije na lokalnom nivou mogu pridonijeti odr\u017eivijem i pravednijem dru\u0161tvu. Predavanje je dio projekta Zelene teme u Knji\u017enici, koji provodi Gradska knji\u017enica, a financira ga Ministarstvo kulture i medija.<\/p>\n<blockquote><p><a href=\"https:\/\/www.vegaintro-projekti.com\/pilar-stari\/biografije\/user-bio\/?my_user_id=72\">Dr. sc. Dra\u017een \u0160imle\u0161a<\/a><\/p><\/blockquote>\n","protected":false},"excerpt":{"rendered":"<p>U sklopu projekta &#8220;Zelene teme&#8221; koji provodi Gradska knji\u017enica Juraj \u0160i\u017egori\u0107, odr\u017eano je predavanje &#8220;Klimatske promjene&#8221;. Predavanje je odr\u017eao dr. sc. Dra\u017een \u0160imle\u0161a s Instituta dru\u0161tvenih znanosti Ivo Pilar u Zagrebu, tajnik udruge Zelena mre\u017ea aktivisti\u010dkih grupa (ZMAG), dopredsjednik Mre\u017ee ekosela Balkana (MEB) &#8211; \u0160ibenik.in: KLIMATSKE PROMJENE: U sklopu projekta &#8216;Zelene teme&#8217; u knji\u017enici odr\u017eano&hellip; <a class=\"continue\" href=\"https:\/\/www.vegaintro-projekti.com\/pilar-stari\/2022\/05\/dr-sc-drazen-simlesa-odrzao-predavanje-klimatske-promjene-u-sklopu-projekta-zelene-teme-17-5-2022\/\">Pro\u010ditaj vi\u0161e o<span> Dr. sc. Dra\u017een \u0160imle\u0161a odr\u017eao predavanje &#8220;Klimatske promjene&#8221; u sklopu projekta &#8220;Zelene teme&#8221;, 17. 5. 2022.<\/span><\/a><\/p>\n","protected":false},"author":7,"featured_media":22354,"comment_status":"closed","ping_status":"closed","sticky":false,"template":"","format":"standard","meta":{"inline_featured_image":false,"ngg_post_thumbnail":0,"footnotes":""},"categories":[48,12],"tags":[],"yoast_head":"<!-- This site is optimized with the Yoast SEO plugin v21.2 - https:\/\/yoast.com\/wordpress\/plugins\/seo\/ -->\n<title>Dr. sc. Dra\u017een \u0160imle\u0161a odr\u017eao predavanje &quot;Klimatske promjene&quot; u sklopu projekta &quot;Zelene teme&quot;, 17. 5. 2022. - Institut dru&scaron;tvenih znanosti Ivo Pilar<\/title>\n<meta name=\"robots\" content=\"noindex, follow, max-snippet:-1, max-image-preview:large, max-video-preview:-1\" \/>\n<meta property=\"og:locale\" content=\"hr_HR\" \/>\n<meta property=\"og:type\" content=\"article\" \/>\n<meta property=\"og:title\" content=\"Dr. sc. Dra\u017een \u0160imle\u0161a odr\u017eao predavanje &quot;Klimatske promjene&quot; u sklopu projekta &quot;Zelene teme&quot;, 17. 5. 2022. - Institut dru&scaron;tvenih znanosti Ivo Pilar\" \/>\n<meta property=\"og:description\" content=\"U sklopu projekta &#8220;Zelene teme&#8221; koji provodi Gradska knji\u017enica Juraj \u0160i\u017egori\u0107, odr\u017eano je predavanje &#8220;Klimatske promjene&#8221;. Predavanje je odr\u017eao dr. sc. Dra\u017een \u0160imle\u0161a s Instituta dru\u0161tvenih znanosti Ivo Pilar u Zagrebu, tajnik udruge Zelena mre\u017ea aktivisti\u010dkih grupa (ZMAG), dopredsjednik Mre\u017ee ekosela Balkana (MEB) &#8211; \u0160ibenik.in: KLIMATSKE PROMJENE: U sklopu projekta &#8216;Zelene teme&#8217; u knji\u017enici odr\u017eano&hellip; Pro\u010ditaj vi\u0161e o Dr. sc. Dra\u017een \u0160imle\u0161a odr\u017eao predavanje &#8220;Klimatske promjene&#8221; u sklopu projekta &#8220;Zelene teme&#8221;, 17. 5. 2022.\" \/>\n<meta property=\"og:url\" content=\"https:\/\/www.vegaintro-projekti.com\/pilar-stari\/2022\/05\/dr-sc-drazen-simlesa-odrzao-predavanje-klimatske-promjene-u-sklopu-projekta-zelene-teme-17-5-2022\/\" \/>\n<meta property=\"og:site_name\" content=\"Institut dru&scaron;tvenih znanosti Ivo Pilar\" \/>\n<meta property=\"article:published_time\" content=\"2022-05-18T17:21:58+00:00\" \/>\n<meta property=\"article:modified_time\" content=\"2022-05-19T20:33:09+00:00\" \/>\n<meta property=\"og:image\" content=\"https:\/\/www.vegaintro-projekti.com\/pilar-stari\/wp-content\/uploads\/2022\/05\/Sl_1fi.jpg\" \/>\n\t<meta property=\"og:image:width\" content=\"499\" \/>\n\t<meta property=\"og:image:height\" content=\"224\" \/>\n\t<meta property=\"og:image:type\" content=\"image\/jpeg\" \/>\n<meta name=\"author\" content=\"Boris\" \/>\n<meta name=\"twitter:card\" content=\"summary_large_image\" \/>\n<meta name=\"twitter:label1\" content=\"Napisao\/la\" \/>\n\t<meta name=\"twitter:data1\" content=\"Boris\" \/>\n\t<meta name=\"twitter:label2\" content=\"Procijenjeno vrijeme \u010ditanja\" \/>\n\t<meta name=\"twitter:data2\" content=\"1 minuta\" \/>\n<script type=\"application\/ld+json\" class=\"yoast-schema-graph\">{\"@context\":\"https:\/\/schema.org\",\"@graph\":[{\"@type\":\"WebPage\",\"@id\":\"https:\/\/www.vegaintro-projekti.com\/pilar-stari\/2022\/05\/dr-sc-drazen-simlesa-odrzao-predavanje-klimatske-promjene-u-sklopu-projekta-zelene-teme-17-5-2022\/\",\"url\":\"https:\/\/www.vegaintro-projekti.com\/pilar-stari\/2022\/05\/dr-sc-drazen-simlesa-odrzao-predavanje-klimatske-promjene-u-sklopu-projekta-zelene-teme-17-5-2022\/\",\"name\":\"Dr. sc. Dra\u017een \u0160imle\u0161a odr\u017eao predavanje \\\"Klimatske promjene\\\" u sklopu projekta \\\"Zelene teme\\\", 17. 5. 2022. - Institut dru&scaron;tvenih znanosti Ivo Pilar\",\"isPartOf\":{\"@id\":\"https:\/\/www.vegaintro-projekti.com\/pilar-stari\/#website\"},\"datePublished\":\"2022-05-18T17:21:58+00:00\",\"dateModified\":\"2022-05-19T20:33:09+00:00\",\"author\":{\"@id\":\"https:\/\/www.vegaintro-projekti.com\/pilar-stari\/#\/schema\/person\/ddd404c9f1e15e4ffef5986ac6a5d28b\"},\"breadcrumb\":{\"@id\":\"https:\/\/www.vegaintro-projekti.com\/pilar-stari\/2022\/05\/dr-sc-drazen-simlesa-odrzao-predavanje-klimatske-promjene-u-sklopu-projekta-zelene-teme-17-5-2022\/#breadcrumb\"},\"inLanguage\":\"hr\",\"potentialAction\":[{\"@type\":\"ReadAction\",\"target\":[\"https:\/\/www.vegaintro-projekti.com\/pilar-stari\/2022\/05\/dr-sc-drazen-simlesa-odrzao-predavanje-klimatske-promjene-u-sklopu-projekta-zelene-teme-17-5-2022\/\"]}]},{\"@type\":\"BreadcrumbList\",\"@id\":\"https:\/\/www.vegaintro-projekti.com\/pilar-stari\/2022\/05\/dr-sc-drazen-simlesa-odrzao-predavanje-klimatske-promjene-u-sklopu-projekta-zelene-teme-17-5-2022\/#breadcrumb\",\"itemListElement\":[{\"@type\":\"ListItem\",\"position\":1,\"name\":\"Home\",\"item\":\"https:\/\/www.vegaintro-projekti.com\/pilar-stari\/\"},{\"@type\":\"ListItem\",\"position\":2,\"name\":\"Dr. sc. Dra\u017een \u0160imle\u0161a odr\u017eao predavanje &#8220;Klimatske promjene&#8221; u sklopu projekta &#8220;Zelene teme&#8221;, 17. 5. 2022.\"}]},{\"@type\":\"WebSite\",\"@id\":\"https:\/\/www.vegaintro-projekti.com\/pilar-stari\/#website\",\"url\":\"https:\/\/www.vegaintro-projekti.com\/pilar-stari\/\",\"name\":\"Institut dru&scaron;tvenih znanosti Ivo Pilar\",\"description\":\"Pilar\",\"potentialAction\":[{\"@type\":\"SearchAction\",\"target\":{\"@type\":\"EntryPoint\",\"urlTemplate\":\"https:\/\/www.vegaintro-projekti.com\/pilar-stari\/?s={search_term_string}\"},\"query-input\":\"required name=search_term_string\"}],\"inLanguage\":\"hr\"},{\"@type\":\"Person\",\"@id\":\"https:\/\/www.vegaintro-projekti.com\/pilar-stari\/#\/schema\/person\/ddd404c9f1e15e4ffef5986ac6a5d28b\",\"name\":\"Boris\",\"image\":{\"@type\":\"ImageObject\",\"inLanguage\":\"hr\",\"@id\":\"https:\/\/www.vegaintro-projekti.com\/pilar-stari\/#\/schema\/person\/image\/\",\"url\":\"https:\/\/secure.gravatar.com\/avatar\/29557b161a6ce6ab86ac1503164f1e90?s=96&d=mm&r=g\",\"contentUrl\":\"https:\/\/secure.gravatar.com\/avatar\/29557b161a6ce6ab86ac1503164f1e90?s=96&d=mm&r=g\",\"caption\":\"Boris\"},\"url\":\"https:\/\/www.vegaintro-projekti.com\/pilar-stari\/author\/boris\/\"}]}<\/script>\n<!-- \/ Yoast SEO plugin. -->","yoast_head_json":{"title":"Dr. sc. Dra\u017een \u0160imle\u0161a odr\u017eao predavanje \"Klimatske promjene\" u sklopu projekta \"Zelene teme\", 17. 5. 2022. - Institut dru&scaron;tvenih znanosti Ivo Pilar","robots":{"index":"noindex","follow":"follow","max-snippet":"max-snippet:-1","max-image-preview":"max-image-preview:large","max-video-preview":"max-video-preview:-1"},"og_locale":"hr_HR","og_type":"article","og_title":"Dr. sc. Dra\u017een \u0160imle\u0161a odr\u017eao predavanje \"Klimatske promjene\" u sklopu projekta \"Zelene teme\", 17. 5. 2022. - Institut dru&scaron;tvenih znanosti Ivo Pilar","og_description":"U sklopu projekta &#8220;Zelene teme&#8221; koji provodi Gradska knji\u017enica Juraj \u0160i\u017egori\u0107, odr\u017eano je predavanje &#8220;Klimatske promjene&#8221;. Predavanje je odr\u017eao dr. sc. Dra\u017een \u0160imle\u0161a s Instituta dru\u0161tvenih znanosti Ivo Pilar u Zagrebu, tajnik udruge Zelena mre\u017ea aktivisti\u010dkih grupa (ZMAG), dopredsjednik Mre\u017ee ekosela Balkana (MEB) &#8211; \u0160ibenik.in: KLIMATSKE PROMJENE: U sklopu projekta &#8216;Zelene teme&#8217; u knji\u017enici odr\u017eano&hellip; Pro\u010ditaj vi\u0161e o Dr. sc. Dra\u017een \u0160imle\u0161a odr\u017eao predavanje &#8220;Klimatske promjene&#8221; u sklopu projekta &#8220;Zelene teme&#8221;, 17. 5. 2022.","og_url":"https:\/\/www.vegaintro-projekti.com\/pilar-stari\/2022\/05\/dr-sc-drazen-simlesa-odrzao-predavanje-klimatske-promjene-u-sklopu-projekta-zelene-teme-17-5-2022\/","og_site_name":"Institut dru&scaron;tvenih znanosti Ivo Pilar","article_published_time":"2022-05-18T17:21:58+00:00","article_modified_time":"2022-05-19T20:33:09+00:00","og_image":[{"width":499,"height":224,"url":"https:\/\/www.vegaintro-projekti.com\/pilar-stari\/wp-content\/uploads\/2022\/05\/Sl_1fi.jpg","type":"image\/jpeg"}],"author":"Boris","twitter_card":"summary_large_image","twitter_misc":{"Napisao\/la":"Boris","Procijenjeno vrijeme \u010ditanja":"1 minuta"},"schema":{"@context":"https:\/\/schema.org","@graph":[{"@type":"WebPage","@id":"https:\/\/www.vegaintro-projekti.com\/pilar-stari\/2022\/05\/dr-sc-drazen-simlesa-odrzao-predavanje-klimatske-promjene-u-sklopu-projekta-zelene-teme-17-5-2022\/","url":"https:\/\/www.vegaintro-projekti.com\/pilar-stari\/2022\/05\/dr-sc-drazen-simlesa-odrzao-predavanje-klimatske-promjene-u-sklopu-projekta-zelene-teme-17-5-2022\/","name":"Dr. sc. Dra\u017een \u0160imle\u0161a odr\u017eao predavanje \"Klimatske promjene\" u sklopu projekta \"Zelene teme\", 17. 5. 2022. - Institut dru&scaron;tvenih znanosti Ivo Pilar","isPartOf":{"@id":"https:\/\/www.vegaintro-projekti.com\/pilar-stari\/#website"},"datePublished":"2022-05-18T17:21:58+00:00","dateModified":"2022-05-19T20:33:09+00:00","author":{"@id":"https:\/\/www.vegaintro-projekti.com\/pilar-stari\/#\/schema\/person\/ddd404c9f1e15e4ffef5986ac6a5d28b"},"breadcrumb":{"@id":"https:\/\/www.vegaintro-projekti.com\/pilar-stari\/2022\/05\/dr-sc-drazen-simlesa-odrzao-predavanje-klimatske-promjene-u-sklopu-projekta-zelene-teme-17-5-2022\/#breadcrumb"},"inLanguage":"hr","potentialAction":[{"@type":"ReadAction","target":["https:\/\/www.vegaintro-projekti.com\/pilar-stari\/2022\/05\/dr-sc-drazen-simlesa-odrzao-predavanje-klimatske-promjene-u-sklopu-projekta-zelene-teme-17-5-2022\/"]}]},{"@type":"BreadcrumbList","@id":"https:\/\/www.vegaintro-projekti.com\/pilar-stari\/2022\/05\/dr-sc-drazen-simlesa-odrzao-predavanje-klimatske-promjene-u-sklopu-projekta-zelene-teme-17-5-2022\/#breadcrumb","itemListElement":[{"@type":"ListItem","position":1,"name":"Home","item":"https:\/\/www.vegaintro-projekti.com\/pilar-stari\/"},{"@type":"ListItem","position":2,"name":"Dr. sc. Dra\u017een \u0160imle\u0161a odr\u017eao predavanje &#8220;Klimatske promjene&#8221; u sklopu projekta &#8220;Zelene teme&#8221;, 17. 5. 2022."}]},{"@type":"WebSite","@id":"https:\/\/www.vegaintro-projekti.com\/pilar-stari\/#website","url":"https:\/\/www.vegaintro-projekti.com\/pilar-stari\/","name":"Institut dru&scaron;tvenih znanosti Ivo Pilar","description":"Pilar","potentialAction":[{"@type":"SearchAction","target":{"@type":"EntryPoint","urlTemplate":"https:\/\/www.vegaintro-projekti.com\/pilar-stari\/?s={search_term_string}"},"query-input":"required name=search_term_string"}],"inLanguage":"hr"},{"@type":"Person","@id":"https:\/\/www.vegaintro-projekti.com\/pilar-stari\/#\/schema\/person\/ddd404c9f1e15e4ffef5986ac6a5d28b","name":"Boris","image":{"@type":"ImageObject","inLanguage":"hr","@id":"https:\/\/www.vegaintro-projekti.com\/pilar-stari\/#\/schema\/person\/image\/","url":"https:\/\/secure.gravatar.com\/avatar\/29557b161a6ce6ab86ac1503164f1e90?s=96&d=mm&r=g","contentUrl":"https:\/\/secure.gravatar.com\/avatar\/29557b161a6ce6ab86ac1503164f1e90?s=96&d=mm&r=g","caption":"Boris"},"url":"https:\/\/www.vegaintro-projekti.com\/pilar-stari\/author\/boris\/"}]}},"_links":{"self":[{"href":"https:\/\/www.vegaintro-projekti.com\/pilar-stari\/wp-json\/wp\/v2\/posts\/22360"}],"collection":[{"href":"https:\/\/www.vegaintro-projekti.com\/pilar-stari\/wp-json\/wp\/v2\/posts"}],"about":[{"href":"https:\/\/www.vegaintro-projekti.com\/pilar-stari\/wp-json\/wp\/v2\/types\/post"}],"author":[{"embeddable":true,"href":"https:\/\/www.vegaintro-projekti.com\/pilar-stari\/wp-json\/wp\/v2\/users\/7"}],"replies":[{"embeddable":true,"href":"https:\/\/www.vegaintro-projekti.com\/pilar-stari\/wp-json\/wp\/v2\/comments?post=22360"}],"version-history":[{"count":3,"href":"https:\/\/www.vegaintro-projekti.com\/pilar-stari\/wp-json\/wp\/v2\/posts\/22360\/revisions"}],"predecessor-version":[{"id":22363,"href":"https:\/\/www.vegaintro-projekti.com\/pilar-stari\/wp-json\/wp\/v2\/posts\/22360\/revisions\/22363"}],"wp:featuredmedia":[{"embeddable":true,"href":"https:\/\/www.vegaintro-projekti.com\/pilar-stari\/wp-json\/wp\/v2\/media\/22354"}],"wp:attachment":[{"href":"https:\/\/www.vegaintro-projekti.com\/pilar-stari\/wp-json\/wp\/v2\/media?parent=22360"}],"wp:term":[{"taxonomy":"category","embeddable":true,"href":"https:\/\/www.vegaintro-projekti.com\/pilar-stari\/wp-json\/wp\/v2\/categories?post=22360"},{"taxonomy":"post_tag","embeddable":true,"href":"https:\/\/www.vegaintro-projekti.com\/pilar-stari\/wp-json\/wp\/v2\/tags?post=22360"}],"curies":[{"name":"wp","href":"https:\/\/api.w.org\/{rel}","templated":true}]}}