{"id":22549,"date":"2022-06-02T11:24:57","date_gmt":"2022-06-02T11:24:57","guid":{"rendered":"https:\/\/www.vegaintro-projekti.com\/pilar-stari\/?p=22549"},"modified":"2022-06-02T11:34:01","modified_gmt":"2022-06-02T11:34:01","slug":"dr-sc-anja-wertag-20-godina-mracne-trijade-retrospektiva-perspektiva-i-prospektiva-22-5-2022","status":"publish","type":"post","link":"https:\/\/www.vegaintro-projekti.com\/pilar-stari\/2022\/06\/dr-sc-anja-wertag-20-godina-mracne-trijade-retrospektiva-perspektiva-i-prospektiva-22-5-2022\/","title":{"rendered":"Dr. sc. Anja Wertag: &#8220;20 godina Mra\u010dne trijade: Retrospektiva, perspektiva i prospektiva&#8221;, 22. 5. 2022."},"content":{"rendered":"<p><strong>Dr. sc. Anja Wertag na 8. kongresu studenata psihologije PSIHOZIJ odr\u017eala je 22. svibnja 2022. plenarno predavanje pod naslovom &#8220;20 godina Mra\u010dne trijade: Retrospektiva, perspektiva i prospektiva&#8221;. <\/strong>&#8211; <a href=\"https:\/\/psihozij.ffzg.unizg.hr\/anja\/\">Sa\u017eetak predavanja<\/a><\/p>\n<p><a href=\"https:\/\/psihozij.ffzg.unizg.hr\/\"><img decoding=\"async\" loading=\"lazy\" class=\"alignnone wp-image-22548 size-full\" src=\"https:\/\/www.vegaintro-projekti.com\/pilar-stari\/wp-content\/uploads\/2022\/06\/Logo.jpg\" alt=\"\" width=\"620\" height=\"315\" srcset=\"https:\/\/www.vegaintro-projekti.com\/pilar-stari\/wp-content\/uploads\/2022\/06\/Logo.jpg 620w, https:\/\/www.vegaintro-projekti.com\/pilar-stari\/wp-content\/uploads\/2022\/06\/Logo-300x152.jpg 300w\" sizes=\"(max-width: 620px) 100vw, 620px\" \/><\/a><a href=\"https:\/\/www.vegaintro-projekti.com\/pilar-stari\/wp-content\/uploads\/2022\/06\/IMG_4530.jpg\"><img decoding=\"async\" loading=\"lazy\" class=\"alignnone wp-image-22541 size-full\" src=\"https:\/\/www.vegaintro-projekti.com\/pilar-stari\/wp-content\/uploads\/2022\/06\/IMG_4530_s.jpg\" alt=\"\" width=\"310\" height=\"207\" srcset=\"https:\/\/www.vegaintro-projekti.com\/pilar-stari\/wp-content\/uploads\/2022\/06\/IMG_4530_s.jpg 310w, https:\/\/www.vegaintro-projekti.com\/pilar-stari\/wp-content\/uploads\/2022\/06\/IMG_4530_s-300x200.jpg 300w\" sizes=\"(max-width: 310px) 100vw, 310px\" \/><\/a><a href=\"https:\/\/www.vegaintro-projekti.com\/pilar-stari\/wp-content\/uploads\/2022\/06\/IMG_4532.jpg\"><img decoding=\"async\" loading=\"lazy\" class=\"alignnone wp-image-22543 size-full\" src=\"https:\/\/www.vegaintro-projekti.com\/pilar-stari\/wp-content\/uploads\/2022\/06\/IMG_4532_s.jpg\" alt=\"\" width=\"310\" height=\"207\" srcset=\"https:\/\/www.vegaintro-projekti.com\/pilar-stari\/wp-content\/uploads\/2022\/06\/IMG_4532_s.jpg 310w, https:\/\/www.vegaintro-projekti.com\/pilar-stari\/wp-content\/uploads\/2022\/06\/IMG_4532_s-300x200.jpg 300w\" sizes=\"(max-width: 310px) 100vw, 310px\" \/><\/a><a href=\"https:\/\/www.vegaintro-projekti.com\/pilar-stari\/wp-content\/uploads\/2022\/06\/IMG_4533.jpg\"><img decoding=\"async\" loading=\"lazy\" class=\"alignnone wp-image-22545 size-full\" src=\"https:\/\/www.vegaintro-projekti.com\/pilar-stari\/wp-content\/uploads\/2022\/06\/IMG_4533_s.jpg\" alt=\"\" width=\"310\" height=\"207\" srcset=\"https:\/\/www.vegaintro-projekti.com\/pilar-stari\/wp-content\/uploads\/2022\/06\/IMG_4533_s.jpg 310w, https:\/\/www.vegaintro-projekti.com\/pilar-stari\/wp-content\/uploads\/2022\/06\/IMG_4533_s-300x200.jpg 300w\" sizes=\"(max-width: 310px) 100vw, 310px\" \/><\/a><a href=\"https:\/\/www.vegaintro-projekti.com\/pilar-stari\/wp-content\/uploads\/2022\/06\/IMG_4542_s.jpg\"><img decoding=\"async\" loading=\"lazy\" class=\"alignnone wp-image-22547 size-full\" src=\"https:\/\/www.vegaintro-projekti.com\/pilar-stari\/wp-content\/uploads\/2022\/06\/IMG_4542_s.jpg\" alt=\"\" width=\"310\" height=\"207\" srcset=\"https:\/\/www.vegaintro-projekti.com\/pilar-stari\/wp-content\/uploads\/2022\/06\/IMG_4542_s.jpg 310w, https:\/\/www.vegaintro-projekti.com\/pilar-stari\/wp-content\/uploads\/2022\/06\/IMG_4542_s-300x200.jpg 300w\" sizes=\"(max-width: 310px) 100vw, 310px\" \/><\/a><\/p>\n<p>&#8211; <a href=\"https:\/\/psihozij.ffzg.unizg.hr\/\">8. kongres studenata psihologije PSIHOZIJ, 20.-22. 5. 2022.<\/a><\/p>\n<p><span style=\"font-size: 14pt;\">20 godina Mra\u010dne trijade: retrospektiva, perspektiva i prospektiva<\/span><\/p>\n<p>Prije to\u010dno 20 godina, Paulhus i Williams (2002) predlo\u017eili su koncept Mra\u010dne trijade kako bi rasvijetlili nalaze istra\u017eivanja o osobama koje su socijalno odbojne, no njihovo pona\u0161anje se ne mo\u017ee svrstati izvan normalnog raspona funkcioniranja. Tri crte li\u010dnosti su se pokazale najizra\u017eenijima: makijavelizam, narcizam i psihopatija. Iako se za svaku od crta vezuju neke specifi\u010dne karakteristike (npr. strate\u0161ka usmjerenost prema ostvarivanju vlastitih ciljeva kod makijavelizma, usredoto\u010denost na vlastitu vrijednost kod narcizma, te impulzivnost kod psihopatije), u sve tri crte odra\u017eava se socijalno destruktivni karakter s pona\u0161ajnim tendencijama prema manipulaciji, varanju, samopromoviranju, emocionalnoj hladno\u0107i i agresiji. Popularnost koncepta vidljiva je iz eksponencijalnog rasta broja istra\u017eivanja koja su uklju\u010divala ovaj koncept; primjerice, u desetogodi\u0161njem pregledu literature o Mra\u010dnoj trijadi navedeno je kako je izvorni rad imao preko 350 citata prema Google Scholaru, dok ta brojka danas prelazi 4.000. \u0160to smo u proteklih 20 godina nau\u010dili o Mra\u010dnoj trijadi? Kakvo je trenutno stanje u ovom podru\u010dju u svijetu i kod nas? U kojem smjeru bi mogla i\u0107i daljnja istra\u017eivanja? neka su od pitanja kojima se predavanje pozabavilo.<\/p>\n<blockquote><p><a href=\"https:\/\/www.vegaintro-projekti.com\/pilar-stari\/biografije\/user-bio\/?my_user_id=111\">Dr. sc. Anja Wertag<\/a><\/p><\/blockquote>\n","protected":false},"excerpt":{"rendered":"<p>Dr. sc. Anja Wertag na 8. kongresu studenata psihologije PSIHOZIJ odr\u017eala je 22. svibnja 2022. plenarno predavanje pod naslovom &#8220;20 godina Mra\u010dne trijade: Retrospektiva, perspektiva i prospektiva&#8221;. &#8211; Sa\u017eetak predavanja &#8211; 8. kongres studenata psihologije PSIHOZIJ, 20.-22. 5. 2022. 20 godina Mra\u010dne trijade: retrospektiva, perspektiva i prospektiva Prije to\u010dno 20 godina, Paulhus i Williams (2002)&hellip; <a class=\"continue\" href=\"https:\/\/www.vegaintro-projekti.com\/pilar-stari\/2022\/06\/dr-sc-anja-wertag-20-godina-mracne-trijade-retrospektiva-perspektiva-i-prospektiva-22-5-2022\/\">Pro\u010ditaj vi\u0161e o<span> Dr. sc. Anja Wertag: &#8220;20 godina Mra\u010dne trijade: Retrospektiva, perspektiva i prospektiva&#8221;, 22. 5. 2022.<\/span><\/a><\/p>\n","protected":false},"author":7,"featured_media":22539,"comment_status":"closed","ping_status":"closed","sticky":false,"template":"","format":"standard","meta":{"inline_featured_image":false,"ngg_post_thumbnail":0,"footnotes":""},"categories":[48,11],"tags":[],"yoast_head":"<!-- This site is optimized with the Yoast SEO plugin v21.2 - https:\/\/yoast.com\/wordpress\/plugins\/seo\/ -->\n<title>Dr. sc. Anja Wertag: &quot;20 godina Mra\u010dne trijade: Retrospektiva, perspektiva i prospektiva&quot;, 22. 5. 2022. - Institut dru&scaron;tvenih znanosti Ivo Pilar<\/title>\n<meta name=\"robots\" content=\"noindex, follow, max-snippet:-1, max-image-preview:large, max-video-preview:-1\" \/>\n<meta property=\"og:locale\" content=\"hr_HR\" \/>\n<meta property=\"og:type\" content=\"article\" \/>\n<meta property=\"og:title\" content=\"Dr. sc. Anja Wertag: &quot;20 godina Mra\u010dne trijade: Retrospektiva, perspektiva i prospektiva&quot;, 22. 5. 2022. - Institut dru&scaron;tvenih znanosti Ivo Pilar\" \/>\n<meta property=\"og:description\" content=\"Dr. sc. Anja Wertag na 8. kongresu studenata psihologije PSIHOZIJ odr\u017eala je 22. svibnja 2022. plenarno predavanje pod naslovom &#8220;20 godina Mra\u010dne trijade: Retrospektiva, perspektiva i prospektiva&#8221;. &#8211; Sa\u017eetak predavanja &#8211; 8. kongres studenata psihologije PSIHOZIJ, 20.-22. 5. 2022. 20 godina Mra\u010dne trijade: retrospektiva, perspektiva i prospektiva Prije to\u010dno 20 godina, Paulhus i Williams (2002)&hellip; Pro\u010ditaj vi\u0161e o Dr. sc. Anja Wertag: &#8220;20 godina Mra\u010dne trijade: Retrospektiva, perspektiva i prospektiva&#8221;, 22. 5. 2022.\" \/>\n<meta property=\"og:url\" content=\"https:\/\/www.vegaintro-projekti.com\/pilar-stari\/2022\/06\/dr-sc-anja-wertag-20-godina-mracne-trijade-retrospektiva-perspektiva-i-prospektiva-22-5-2022\/\" \/>\n<meta property=\"og:site_name\" content=\"Institut dru&scaron;tvenih znanosti Ivo Pilar\" \/>\n<meta property=\"article:published_time\" content=\"2022-06-02T11:24:57+00:00\" \/>\n<meta property=\"article:modified_time\" content=\"2022-06-02T11:34:01+00:00\" \/>\n<meta property=\"og:image\" content=\"https:\/\/www.vegaintro-projekti.com\/pilar-stari\/wp-content\/uploads\/2022\/06\/AW_fi.jpg\" \/>\n\t<meta property=\"og:image:width\" content=\"499\" \/>\n\t<meta property=\"og:image:height\" content=\"218\" \/>\n\t<meta property=\"og:image:type\" content=\"image\/jpeg\" \/>\n<meta name=\"author\" content=\"Boris\" \/>\n<meta name=\"twitter:card\" content=\"summary_large_image\" \/>\n<meta name=\"twitter:label1\" content=\"Napisao\/la\" \/>\n\t<meta name=\"twitter:data1\" content=\"Boris\" \/>\n\t<meta name=\"twitter:label2\" content=\"Procijenjeno vrijeme \u010ditanja\" \/>\n\t<meta name=\"twitter:data2\" content=\"1 minuta\" \/>\n<script type=\"application\/ld+json\" class=\"yoast-schema-graph\">{\"@context\":\"https:\/\/schema.org\",\"@graph\":[{\"@type\":\"WebPage\",\"@id\":\"https:\/\/www.vegaintro-projekti.com\/pilar-stari\/2022\/06\/dr-sc-anja-wertag-20-godina-mracne-trijade-retrospektiva-perspektiva-i-prospektiva-22-5-2022\/\",\"url\":\"https:\/\/www.vegaintro-projekti.com\/pilar-stari\/2022\/06\/dr-sc-anja-wertag-20-godina-mracne-trijade-retrospektiva-perspektiva-i-prospektiva-22-5-2022\/\",\"name\":\"Dr. sc. Anja Wertag: \\\"20 godina Mra\u010dne trijade: Retrospektiva, perspektiva i prospektiva\\\", 22. 5. 2022. - Institut dru&scaron;tvenih znanosti Ivo Pilar\",\"isPartOf\":{\"@id\":\"https:\/\/www.vegaintro-projekti.com\/pilar-stari\/#website\"},\"datePublished\":\"2022-06-02T11:24:57+00:00\",\"dateModified\":\"2022-06-02T11:34:01+00:00\",\"author\":{\"@id\":\"https:\/\/www.vegaintro-projekti.com\/pilar-stari\/#\/schema\/person\/ddd404c9f1e15e4ffef5986ac6a5d28b\"},\"breadcrumb\":{\"@id\":\"https:\/\/www.vegaintro-projekti.com\/pilar-stari\/2022\/06\/dr-sc-anja-wertag-20-godina-mracne-trijade-retrospektiva-perspektiva-i-prospektiva-22-5-2022\/#breadcrumb\"},\"inLanguage\":\"hr\",\"potentialAction\":[{\"@type\":\"ReadAction\",\"target\":[\"https:\/\/www.vegaintro-projekti.com\/pilar-stari\/2022\/06\/dr-sc-anja-wertag-20-godina-mracne-trijade-retrospektiva-perspektiva-i-prospektiva-22-5-2022\/\"]}]},{\"@type\":\"BreadcrumbList\",\"@id\":\"https:\/\/www.vegaintro-projekti.com\/pilar-stari\/2022\/06\/dr-sc-anja-wertag-20-godina-mracne-trijade-retrospektiva-perspektiva-i-prospektiva-22-5-2022\/#breadcrumb\",\"itemListElement\":[{\"@type\":\"ListItem\",\"position\":1,\"name\":\"Home\",\"item\":\"https:\/\/www.vegaintro-projekti.com\/pilar-stari\/\"},{\"@type\":\"ListItem\",\"position\":2,\"name\":\"Dr. sc. Anja Wertag: &#8220;20 godina Mra\u010dne trijade: Retrospektiva, perspektiva i prospektiva&#8221;, 22. 5. 2022.\"}]},{\"@type\":\"WebSite\",\"@id\":\"https:\/\/www.vegaintro-projekti.com\/pilar-stari\/#website\",\"url\":\"https:\/\/www.vegaintro-projekti.com\/pilar-stari\/\",\"name\":\"Institut dru&scaron;tvenih znanosti Ivo Pilar\",\"description\":\"Pilar\",\"potentialAction\":[{\"@type\":\"SearchAction\",\"target\":{\"@type\":\"EntryPoint\",\"urlTemplate\":\"https:\/\/www.vegaintro-projekti.com\/pilar-stari\/?s={search_term_string}\"},\"query-input\":\"required name=search_term_string\"}],\"inLanguage\":\"hr\"},{\"@type\":\"Person\",\"@id\":\"https:\/\/www.vegaintro-projekti.com\/pilar-stari\/#\/schema\/person\/ddd404c9f1e15e4ffef5986ac6a5d28b\",\"name\":\"Boris\",\"image\":{\"@type\":\"ImageObject\",\"inLanguage\":\"hr\",\"@id\":\"https:\/\/www.vegaintro-projekti.com\/pilar-stari\/#\/schema\/person\/image\/\",\"url\":\"https:\/\/secure.gravatar.com\/avatar\/29557b161a6ce6ab86ac1503164f1e90?s=96&d=mm&r=g\",\"contentUrl\":\"https:\/\/secure.gravatar.com\/avatar\/29557b161a6ce6ab86ac1503164f1e90?s=96&d=mm&r=g\",\"caption\":\"Boris\"},\"url\":\"https:\/\/www.vegaintro-projekti.com\/pilar-stari\/author\/boris\/\"}]}<\/script>\n<!-- \/ Yoast SEO plugin. -->","yoast_head_json":{"title":"Dr. sc. Anja Wertag: \"20 godina Mra\u010dne trijade: Retrospektiva, perspektiva i prospektiva\", 22. 5. 2022. - Institut dru&scaron;tvenih znanosti Ivo Pilar","robots":{"index":"noindex","follow":"follow","max-snippet":"max-snippet:-1","max-image-preview":"max-image-preview:large","max-video-preview":"max-video-preview:-1"},"og_locale":"hr_HR","og_type":"article","og_title":"Dr. sc. Anja Wertag: \"20 godina Mra\u010dne trijade: Retrospektiva, perspektiva i prospektiva\", 22. 5. 2022. - Institut dru&scaron;tvenih znanosti Ivo Pilar","og_description":"Dr. sc. Anja Wertag na 8. kongresu studenata psihologije PSIHOZIJ odr\u017eala je 22. svibnja 2022. plenarno predavanje pod naslovom &#8220;20 godina Mra\u010dne trijade: Retrospektiva, perspektiva i prospektiva&#8221;. &#8211; Sa\u017eetak predavanja &#8211; 8. kongres studenata psihologije PSIHOZIJ, 20.-22. 5. 2022. 20 godina Mra\u010dne trijade: retrospektiva, perspektiva i prospektiva Prije to\u010dno 20 godina, Paulhus i Williams (2002)&hellip; Pro\u010ditaj vi\u0161e o Dr. sc. Anja Wertag: &#8220;20 godina Mra\u010dne trijade: Retrospektiva, perspektiva i prospektiva&#8221;, 22. 5. 2022.","og_url":"https:\/\/www.vegaintro-projekti.com\/pilar-stari\/2022\/06\/dr-sc-anja-wertag-20-godina-mracne-trijade-retrospektiva-perspektiva-i-prospektiva-22-5-2022\/","og_site_name":"Institut dru&scaron;tvenih znanosti Ivo Pilar","article_published_time":"2022-06-02T11:24:57+00:00","article_modified_time":"2022-06-02T11:34:01+00:00","og_image":[{"width":499,"height":218,"url":"https:\/\/www.vegaintro-projekti.com\/pilar-stari\/wp-content\/uploads\/2022\/06\/AW_fi.jpg","type":"image\/jpeg"}],"author":"Boris","twitter_card":"summary_large_image","twitter_misc":{"Napisao\/la":"Boris","Procijenjeno vrijeme \u010ditanja":"1 minuta"},"schema":{"@context":"https:\/\/schema.org","@graph":[{"@type":"WebPage","@id":"https:\/\/www.vegaintro-projekti.com\/pilar-stari\/2022\/06\/dr-sc-anja-wertag-20-godina-mracne-trijade-retrospektiva-perspektiva-i-prospektiva-22-5-2022\/","url":"https:\/\/www.vegaintro-projekti.com\/pilar-stari\/2022\/06\/dr-sc-anja-wertag-20-godina-mracne-trijade-retrospektiva-perspektiva-i-prospektiva-22-5-2022\/","name":"Dr. sc. Anja Wertag: \"20 godina Mra\u010dne trijade: Retrospektiva, perspektiva i prospektiva\", 22. 5. 2022. - Institut dru&scaron;tvenih znanosti Ivo Pilar","isPartOf":{"@id":"https:\/\/www.vegaintro-projekti.com\/pilar-stari\/#website"},"datePublished":"2022-06-02T11:24:57+00:00","dateModified":"2022-06-02T11:34:01+00:00","author":{"@id":"https:\/\/www.vegaintro-projekti.com\/pilar-stari\/#\/schema\/person\/ddd404c9f1e15e4ffef5986ac6a5d28b"},"breadcrumb":{"@id":"https:\/\/www.vegaintro-projekti.com\/pilar-stari\/2022\/06\/dr-sc-anja-wertag-20-godina-mracne-trijade-retrospektiva-perspektiva-i-prospektiva-22-5-2022\/#breadcrumb"},"inLanguage":"hr","potentialAction":[{"@type":"ReadAction","target":["https:\/\/www.vegaintro-projekti.com\/pilar-stari\/2022\/06\/dr-sc-anja-wertag-20-godina-mracne-trijade-retrospektiva-perspektiva-i-prospektiva-22-5-2022\/"]}]},{"@type":"BreadcrumbList","@id":"https:\/\/www.vegaintro-projekti.com\/pilar-stari\/2022\/06\/dr-sc-anja-wertag-20-godina-mracne-trijade-retrospektiva-perspektiva-i-prospektiva-22-5-2022\/#breadcrumb","itemListElement":[{"@type":"ListItem","position":1,"name":"Home","item":"https:\/\/www.vegaintro-projekti.com\/pilar-stari\/"},{"@type":"ListItem","position":2,"name":"Dr. sc. Anja Wertag: &#8220;20 godina Mra\u010dne trijade: Retrospektiva, perspektiva i prospektiva&#8221;, 22. 5. 2022."}]},{"@type":"WebSite","@id":"https:\/\/www.vegaintro-projekti.com\/pilar-stari\/#website","url":"https:\/\/www.vegaintro-projekti.com\/pilar-stari\/","name":"Institut dru&scaron;tvenih znanosti Ivo Pilar","description":"Pilar","potentialAction":[{"@type":"SearchAction","target":{"@type":"EntryPoint","urlTemplate":"https:\/\/www.vegaintro-projekti.com\/pilar-stari\/?s={search_term_string}"},"query-input":"required name=search_term_string"}],"inLanguage":"hr"},{"@type":"Person","@id":"https:\/\/www.vegaintro-projekti.com\/pilar-stari\/#\/schema\/person\/ddd404c9f1e15e4ffef5986ac6a5d28b","name":"Boris","image":{"@type":"ImageObject","inLanguage":"hr","@id":"https:\/\/www.vegaintro-projekti.com\/pilar-stari\/#\/schema\/person\/image\/","url":"https:\/\/secure.gravatar.com\/avatar\/29557b161a6ce6ab86ac1503164f1e90?s=96&d=mm&r=g","contentUrl":"https:\/\/secure.gravatar.com\/avatar\/29557b161a6ce6ab86ac1503164f1e90?s=96&d=mm&r=g","caption":"Boris"},"url":"https:\/\/www.vegaintro-projekti.com\/pilar-stari\/author\/boris\/"}]}},"_links":{"self":[{"href":"https:\/\/www.vegaintro-projekti.com\/pilar-stari\/wp-json\/wp\/v2\/posts\/22549"}],"collection":[{"href":"https:\/\/www.vegaintro-projekti.com\/pilar-stari\/wp-json\/wp\/v2\/posts"}],"about":[{"href":"https:\/\/www.vegaintro-projekti.com\/pilar-stari\/wp-json\/wp\/v2\/types\/post"}],"author":[{"embeddable":true,"href":"https:\/\/www.vegaintro-projekti.com\/pilar-stari\/wp-json\/wp\/v2\/users\/7"}],"replies":[{"embeddable":true,"href":"https:\/\/www.vegaintro-projekti.com\/pilar-stari\/wp-json\/wp\/v2\/comments?post=22549"}],"version-history":[{"count":3,"href":"https:\/\/www.vegaintro-projekti.com\/pilar-stari\/wp-json\/wp\/v2\/posts\/22549\/revisions"}],"predecessor-version":[{"id":22554,"href":"https:\/\/www.vegaintro-projekti.com\/pilar-stari\/wp-json\/wp\/v2\/posts\/22549\/revisions\/22554"}],"wp:featuredmedia":[{"embeddable":true,"href":"https:\/\/www.vegaintro-projekti.com\/pilar-stari\/wp-json\/wp\/v2\/media\/22539"}],"wp:attachment":[{"href":"https:\/\/www.vegaintro-projekti.com\/pilar-stari\/wp-json\/wp\/v2\/media?parent=22549"}],"wp:term":[{"taxonomy":"category","embeddable":true,"href":"https:\/\/www.vegaintro-projekti.com\/pilar-stari\/wp-json\/wp\/v2\/categories?post=22549"},{"taxonomy":"post_tag","embeddable":true,"href":"https:\/\/www.vegaintro-projekti.com\/pilar-stari\/wp-json\/wp\/v2\/tags?post=22549"}],"curies":[{"name":"wp","href":"https:\/\/api.w.org\/{rel}","templated":true}]}}