{"id":227,"date":"2009-10-14T20:52:36","date_gmt":"2009-10-14T20:52:36","guid":{"rendered":"https:\/\/www.vegaintro-projekti.com\/pilar-stari\/2009\/10\/14\/objavljena-prva-knjiga-u-biblioteci-centra-za-religijske-studije\/"},"modified":"2017-12-06T13:03:17","modified_gmt":"2017-12-06T13:03:17","slug":"objavljena-prva-knjiga-u-biblioteci-centra-za-religijske-studije","status":"publish","type":"post","link":"https:\/\/www.vegaintro-projekti.com\/pilar-stari\/2009\/10\/objavljena-prva-knjiga-u-biblioteci-centra-za-religijske-studije\/","title":{"rendered":"Objavljena prva knjiga u Biblioteci Centra za religijske studije"},"content":{"rendered":"<p><strong>Kao prva knjiga Biblioteke Centra za religijske studije\u00a0u izdanju Instituta dru\u0161tvenih znanosti Ivo Pilar listopada 2009. godine objavljen je zbornik <\/strong><a target=\"_blank\" href=\"https:\/\/www.vegaintro-projekti.com\/pilar-stari\/2009\/10\/fra-didak-bunti-ovjek-i-djelo\/\"><strong>Fra Didak Bunti\u0107 \u2013 \u010dovjek i djelo<\/strong><\/a><strong><em>. <\/em>\u00a0Zbornik je nastao na temelju izlaganja na istoimenom znanstvenom simpoziju odr\u017eanom u Mostaru 2.-3. listopada 2008. godine.<\/strong><\/p>\n<p><span style=\"font-size: 10pt;\">Fra Didak Bunti\u0107 (1871.-1922.) cijeli je \u017eivot posvetio slu\u017eenju Bogu, bli\u017enjima i hercegova\u010dkom puku. Uz nastavni\u010dko djelovanje na Franjeva\u010dkoj gimnaziji, pokre\u0107e akciju opismenjavanja puka i osnivanja &#8221;selja\u010dkih \u0161kola&#8221;, postaje ravnateljem \u0161irokobrije\u0161ke gimnazije i potom provincijalom Hercegova\u010dke franjeva\u010dke provincije.<br \/>Prosvjetiteljsku ulogu odigrao je fra Didak Bunti\u0107 i na gospodarskom podru\u010dju. U godinama nezapam\u0107ene gladi u Hercegovini tijekom Prvoga svjetskog rata pokrenuo je spa\u0161avanje gladne hercegova\u010dke djece odvo\u0111enjem u Srijem i Slavoniju. U tim te\u0161kim vremenima oskudice i obespravljenosti njegova naroda, bio je fra Didak Bunti\u0107 neumorni djelatnik za dobrobit puka Hercegovine \u2014 vo\u0111a, prosvjetitelj, odgajatelj, graditelj, humanitarni djelatnik, pu\u010dki tribun, politi\u010dki predvodnik\u2026<\/span><\/p>\n<table border=\"0\">\n<tbody>\n<tr>\n<td><img decoding=\"async\" loading=\"lazy\" height=\"235\" width=\"281\" src=\"https:\/\/www.vegaintro-projekti.com\/pilar-stari\/wp-content\/images\/stories\/fotografije\/razno\/fra_didak_portret.jpg\" alt=\"fra_didak_portret\" \/><\/td>\n<td valign=\"bottom\">\n<p><span style=\"font-size: 10pt;\"><\/span><\/p>\n<p><span style=\"font-size: 8pt;\"><strong>FRA DIDAK BUNTI\u0106 \u2212 \u010cOVJEK I DJELO<br \/>Uredili: Stipe Tadi\u0107 i Marinko \u0160akota<br \/>Biblioteka Centra za religijske studije \u2013 Knjiga prva<br \/>Institut dru\u0161tvenih znanosti Ivo Pilar<br \/>Zagreb, 2009. \u2013 Str. 695.<\/strong><\/span><\/p>\n<\/td>\n<\/tr>\n<\/tbody>\n<\/table>\n<p><span style=\"font-size: 8pt;\"><span style=\"font-size: 10pt;\"><br \/>&#8211; <a target=\"_blank\" href=\"https:\/\/www.vegaintro-projekti.com\/pilar-stari\/2009\/10\/fra-didak-bunti-ovjek-i-djelo\/\">Fra Didak Bunti\u0107 \u2013 \u010dovjek i djelo<\/a><\/span><\/span><span style=\"font-size: 8pt;\"><span style=\"font-size: 10pt;\"><br \/>&#8211; <a target=\"_blank\" href=\"https:\/\/www.vegaintro-projekti.com\/pilar-stari\/2009\/10\/fra-didak-bunti-ovjek-i-djelo\/#sadrzaj\">Sadr\u017eaj<\/a><br \/>&#8211; <a target=\"_blank\" href=\"https:\/\/www.vegaintro-projekti.com\/pilar-stari\/2009\/10\/fra-didak-bunti-ovjek-i-djelo\/#uvod\">Uvodna rije\u010d<\/a><br \/>&#8211; <a target=\"_blank\" href=\"https:\/\/www.vegaintro-projekti.com\/pilar-stari\/2009\/10\/fra-didak-bunti-ovjek-i-djelo\/#recenzije\">Iz recenzija<\/a><\/span><\/span><\/p>\n","protected":false},"excerpt":{"rendered":"<p>Kao prva knjiga Biblioteke Centra za religijske studije\u00a0u izdanju Instituta dru\u0161tvenih znanosti Ivo Pilar listopada 2009. godine objavljen je zbornik Fra Didak Bunti\u0107 \u2013 \u010dovjek i djelo. \u00a0Zbornik je nastao na temelju izlaganja na istoimenom znanstvenom simpoziju odr\u017eanom u Mostaru 2.-3. listopada 2008. godine. Fra Didak Bunti\u0107 (1871.-1922.) cijeli je \u017eivot posvetio slu\u017eenju Bogu, bli\u017enjima&hellip; <a class=\"continue\" href=\"https:\/\/www.vegaintro-projekti.com\/pilar-stari\/2009\/10\/objavljena-prva-knjiga-u-biblioteci-centra-za-religijske-studije\/\">Pro\u010ditaj vi\u0161e o<span> Objavljena prva knjiga u Biblioteci Centra za religijske studije<\/span><\/a><\/p>\n","protected":false},"author":1,"featured_media":0,"comment_status":"open","ping_status":"open","sticky":false,"template":"","format":"standard","meta":{"inline_featured_image":false,"ngg_post_thumbnail":0,"footnotes":""},"categories":[9],"tags":[],"yoast_head":"<!-- This site is optimized with the Yoast SEO plugin v21.2 - https:\/\/yoast.com\/wordpress\/plugins\/seo\/ -->\n<title>Objavljena prva knjiga u Biblioteci Centra za religijske studije - Institut dru&scaron;tvenih znanosti Ivo Pilar<\/title>\n<meta name=\"robots\" content=\"noindex, follow, max-snippet:-1, max-image-preview:large, max-video-preview:-1\" \/>\n<meta property=\"og:locale\" content=\"hr_HR\" \/>\n<meta property=\"og:type\" content=\"article\" \/>\n<meta property=\"og:title\" content=\"Objavljena prva knjiga u Biblioteci Centra za religijske studije - Institut dru&scaron;tvenih znanosti Ivo Pilar\" \/>\n<meta property=\"og:description\" content=\"Kao prva knjiga Biblioteke Centra za religijske studije\u00a0u izdanju Instituta dru\u0161tvenih znanosti Ivo Pilar listopada 2009. godine objavljen je zbornik Fra Didak Bunti\u0107 \u2013 \u010dovjek i djelo. \u00a0Zbornik je nastao na temelju izlaganja na istoimenom znanstvenom simpoziju odr\u017eanom u Mostaru 2.-3. listopada 2008. godine. Fra Didak Bunti\u0107 (1871.-1922.) cijeli je \u017eivot posvetio slu\u017eenju Bogu, bli\u017enjima&hellip; Pro\u010ditaj vi\u0161e o Objavljena prva knjiga u Biblioteci Centra za religijske studije\" \/>\n<meta property=\"og:url\" content=\"https:\/\/www.vegaintro-projekti.com\/pilar-stari\/2009\/10\/objavljena-prva-knjiga-u-biblioteci-centra-za-religijske-studije\/\" \/>\n<meta property=\"og:site_name\" content=\"Institut dru&scaron;tvenih znanosti Ivo Pilar\" \/>\n<meta property=\"article:published_time\" content=\"2009-10-14T20:52:36+00:00\" \/>\n<meta property=\"article:modified_time\" content=\"2017-12-06T13:03:17+00:00\" \/>\n<meta property=\"og:image\" content=\"https:\/\/www.vegaintro-projekti.com\/pilar-stari\/wp-content\/images\/stories\/fotografije\/razno\/fra_didak_portret.jpg\" \/>\n<meta name=\"author\" content=\"pilar-admin\" \/>\n<meta name=\"twitter:card\" content=\"summary_large_image\" \/>\n<meta name=\"twitter:label1\" content=\"Napisao\/la\" \/>\n\t<meta name=\"twitter:data1\" content=\"pilar-admin\" \/>\n\t<meta name=\"twitter:label2\" content=\"Procijenjeno vrijeme \u010ditanja\" \/>\n\t<meta name=\"twitter:data2\" content=\"1 minuta\" \/>\n<script type=\"application\/ld+json\" class=\"yoast-schema-graph\">{\"@context\":\"https:\/\/schema.org\",\"@graph\":[{\"@type\":\"WebPage\",\"@id\":\"https:\/\/www.vegaintro-projekti.com\/pilar-stari\/2009\/10\/objavljena-prva-knjiga-u-biblioteci-centra-za-religijske-studije\/\",\"url\":\"https:\/\/www.vegaintro-projekti.com\/pilar-stari\/2009\/10\/objavljena-prva-knjiga-u-biblioteci-centra-za-religijske-studije\/\",\"name\":\"Objavljena prva knjiga u Biblioteci Centra za religijske studije - Institut dru&scaron;tvenih znanosti Ivo Pilar\",\"isPartOf\":{\"@id\":\"https:\/\/www.vegaintro-projekti.com\/pilar-stari\/#website\"},\"datePublished\":\"2009-10-14T20:52:36+00:00\",\"dateModified\":\"2017-12-06T13:03:17+00:00\",\"author\":{\"@id\":\"https:\/\/www.vegaintro-projekti.com\/pilar-stari\/#\/schema\/person\/c0db50ebd77c4409e19b18044bbf10c1\"},\"breadcrumb\":{\"@id\":\"https:\/\/www.vegaintro-projekti.com\/pilar-stari\/2009\/10\/objavljena-prva-knjiga-u-biblioteci-centra-za-religijske-studije\/#breadcrumb\"},\"inLanguage\":\"hr\",\"potentialAction\":[{\"@type\":\"ReadAction\",\"target\":[\"https:\/\/www.vegaintro-projekti.com\/pilar-stari\/2009\/10\/objavljena-prva-knjiga-u-biblioteci-centra-za-religijske-studije\/\"]}]},{\"@type\":\"BreadcrumbList\",\"@id\":\"https:\/\/www.vegaintro-projekti.com\/pilar-stari\/2009\/10\/objavljena-prva-knjiga-u-biblioteci-centra-za-religijske-studije\/#breadcrumb\",\"itemListElement\":[{\"@type\":\"ListItem\",\"position\":1,\"name\":\"Home\",\"item\":\"https:\/\/www.vegaintro-projekti.com\/pilar-stari\/\"},{\"@type\":\"ListItem\",\"position\":2,\"name\":\"Objavljena prva knjiga u Biblioteci Centra za religijske studije\"}]},{\"@type\":\"WebSite\",\"@id\":\"https:\/\/www.vegaintro-projekti.com\/pilar-stari\/#website\",\"url\":\"https:\/\/www.vegaintro-projekti.com\/pilar-stari\/\",\"name\":\"Institut dru&scaron;tvenih znanosti Ivo Pilar\",\"description\":\"Pilar\",\"potentialAction\":[{\"@type\":\"SearchAction\",\"target\":{\"@type\":\"EntryPoint\",\"urlTemplate\":\"https:\/\/www.vegaintro-projekti.com\/pilar-stari\/?s={search_term_string}\"},\"query-input\":\"required name=search_term_string\"}],\"inLanguage\":\"hr\"},{\"@type\":\"Person\",\"@id\":\"https:\/\/www.vegaintro-projekti.com\/pilar-stari\/#\/schema\/person\/c0db50ebd77c4409e19b18044bbf10c1\",\"name\":\"pilar-admin\",\"image\":{\"@type\":\"ImageObject\",\"inLanguage\":\"hr\",\"@id\":\"https:\/\/www.vegaintro-projekti.com\/pilar-stari\/#\/schema\/person\/image\/\",\"url\":\"https:\/\/secure.gravatar.com\/avatar\/fac9e03c4db0011b9c1ad8b5e9c74b8c?s=96&d=mm&r=g\",\"contentUrl\":\"https:\/\/secure.gravatar.com\/avatar\/fac9e03c4db0011b9c1ad8b5e9c74b8c?s=96&d=mm&r=g\",\"caption\":\"pilar-admin\"},\"url\":\"https:\/\/www.vegaintro-projekti.com\/pilar-stari\/author\/pilar-admin\/\"}]}<\/script>\n<!-- \/ Yoast SEO plugin. -->","yoast_head_json":{"title":"Objavljena prva knjiga u Biblioteci Centra za religijske studije - Institut dru&scaron;tvenih znanosti Ivo Pilar","robots":{"index":"noindex","follow":"follow","max-snippet":"max-snippet:-1","max-image-preview":"max-image-preview:large","max-video-preview":"max-video-preview:-1"},"og_locale":"hr_HR","og_type":"article","og_title":"Objavljena prva knjiga u Biblioteci Centra za religijske studije - Institut dru&scaron;tvenih znanosti Ivo Pilar","og_description":"Kao prva knjiga Biblioteke Centra za religijske studije\u00a0u izdanju Instituta dru\u0161tvenih znanosti Ivo Pilar listopada 2009. godine objavljen je zbornik Fra Didak Bunti\u0107 \u2013 \u010dovjek i djelo. \u00a0Zbornik je nastao na temelju izlaganja na istoimenom znanstvenom simpoziju odr\u017eanom u Mostaru 2.-3. listopada 2008. godine. Fra Didak Bunti\u0107 (1871.-1922.) cijeli je \u017eivot posvetio slu\u017eenju Bogu, bli\u017enjima&hellip; Pro\u010ditaj vi\u0161e o Objavljena prva knjiga u Biblioteci Centra za religijske studije","og_url":"https:\/\/www.vegaintro-projekti.com\/pilar-stari\/2009\/10\/objavljena-prva-knjiga-u-biblioteci-centra-za-religijske-studije\/","og_site_name":"Institut dru&scaron;tvenih znanosti Ivo Pilar","article_published_time":"2009-10-14T20:52:36+00:00","article_modified_time":"2017-12-06T13:03:17+00:00","og_image":[{"url":"https:\/\/www.vegaintro-projekti.com\/pilar-stari\/wp-content\/images\/stories\/fotografije\/razno\/fra_didak_portret.jpg"}],"author":"pilar-admin","twitter_card":"summary_large_image","twitter_misc":{"Napisao\/la":"pilar-admin","Procijenjeno vrijeme \u010ditanja":"1 minuta"},"schema":{"@context":"https:\/\/schema.org","@graph":[{"@type":"WebPage","@id":"https:\/\/www.vegaintro-projekti.com\/pilar-stari\/2009\/10\/objavljena-prva-knjiga-u-biblioteci-centra-za-religijske-studije\/","url":"https:\/\/www.vegaintro-projekti.com\/pilar-stari\/2009\/10\/objavljena-prva-knjiga-u-biblioteci-centra-za-religijske-studije\/","name":"Objavljena prva knjiga u Biblioteci Centra za religijske studije - Institut dru&scaron;tvenih znanosti Ivo Pilar","isPartOf":{"@id":"https:\/\/www.vegaintro-projekti.com\/pilar-stari\/#website"},"datePublished":"2009-10-14T20:52:36+00:00","dateModified":"2017-12-06T13:03:17+00:00","author":{"@id":"https:\/\/www.vegaintro-projekti.com\/pilar-stari\/#\/schema\/person\/c0db50ebd77c4409e19b18044bbf10c1"},"breadcrumb":{"@id":"https:\/\/www.vegaintro-projekti.com\/pilar-stari\/2009\/10\/objavljena-prva-knjiga-u-biblioteci-centra-za-religijske-studije\/#breadcrumb"},"inLanguage":"hr","potentialAction":[{"@type":"ReadAction","target":["https:\/\/www.vegaintro-projekti.com\/pilar-stari\/2009\/10\/objavljena-prva-knjiga-u-biblioteci-centra-za-religijske-studije\/"]}]},{"@type":"BreadcrumbList","@id":"https:\/\/www.vegaintro-projekti.com\/pilar-stari\/2009\/10\/objavljena-prva-knjiga-u-biblioteci-centra-za-religijske-studije\/#breadcrumb","itemListElement":[{"@type":"ListItem","position":1,"name":"Home","item":"https:\/\/www.vegaintro-projekti.com\/pilar-stari\/"},{"@type":"ListItem","position":2,"name":"Objavljena prva knjiga u Biblioteci Centra za religijske studije"}]},{"@type":"WebSite","@id":"https:\/\/www.vegaintro-projekti.com\/pilar-stari\/#website","url":"https:\/\/www.vegaintro-projekti.com\/pilar-stari\/","name":"Institut dru&scaron;tvenih znanosti Ivo Pilar","description":"Pilar","potentialAction":[{"@type":"SearchAction","target":{"@type":"EntryPoint","urlTemplate":"https:\/\/www.vegaintro-projekti.com\/pilar-stari\/?s={search_term_string}"},"query-input":"required name=search_term_string"}],"inLanguage":"hr"},{"@type":"Person","@id":"https:\/\/www.vegaintro-projekti.com\/pilar-stari\/#\/schema\/person\/c0db50ebd77c4409e19b18044bbf10c1","name":"pilar-admin","image":{"@type":"ImageObject","inLanguage":"hr","@id":"https:\/\/www.vegaintro-projekti.com\/pilar-stari\/#\/schema\/person\/image\/","url":"https:\/\/secure.gravatar.com\/avatar\/fac9e03c4db0011b9c1ad8b5e9c74b8c?s=96&d=mm&r=g","contentUrl":"https:\/\/secure.gravatar.com\/avatar\/fac9e03c4db0011b9c1ad8b5e9c74b8c?s=96&d=mm&r=g","caption":"pilar-admin"},"url":"https:\/\/www.vegaintro-projekti.com\/pilar-stari\/author\/pilar-admin\/"}]}},"_links":{"self":[{"href":"https:\/\/www.vegaintro-projekti.com\/pilar-stari\/wp-json\/wp\/v2\/posts\/227"}],"collection":[{"href":"https:\/\/www.vegaintro-projekti.com\/pilar-stari\/wp-json\/wp\/v2\/posts"}],"about":[{"href":"https:\/\/www.vegaintro-projekti.com\/pilar-stari\/wp-json\/wp\/v2\/types\/post"}],"author":[{"embeddable":true,"href":"https:\/\/www.vegaintro-projekti.com\/pilar-stari\/wp-json\/wp\/v2\/users\/1"}],"replies":[{"embeddable":true,"href":"https:\/\/www.vegaintro-projekti.com\/pilar-stari\/wp-json\/wp\/v2\/comments?post=227"}],"version-history":[{"count":5,"href":"https:\/\/www.vegaintro-projekti.com\/pilar-stari\/wp-json\/wp\/v2\/posts\/227\/revisions"}],"predecessor-version":[{"id":5951,"href":"https:\/\/www.vegaintro-projekti.com\/pilar-stari\/wp-json\/wp\/v2\/posts\/227\/revisions\/5951"}],"wp:attachment":[{"href":"https:\/\/www.vegaintro-projekti.com\/pilar-stari\/wp-json\/wp\/v2\/media?parent=227"}],"wp:term":[{"taxonomy":"category","embeddable":true,"href":"https:\/\/www.vegaintro-projekti.com\/pilar-stari\/wp-json\/wp\/v2\/categories?post=227"},{"taxonomy":"post_tag","embeddable":true,"href":"https:\/\/www.vegaintro-projekti.com\/pilar-stari\/wp-json\/wp\/v2\/tags?post=227"}],"curies":[{"name":"wp","href":"https:\/\/api.w.org\/{rel}","templated":true}]}}