{"id":22765,"date":"2022-06-20T20:27:49","date_gmt":"2022-06-20T20:27:49","guid":{"rendered":"https:\/\/www.vegaintro-projekti.com\/pilar-stari\/?p=22765"},"modified":"2022-06-21T21:38:36","modified_gmt":"2022-06-21T21:38:36","slug":"dr-sc-danijel-vojak-javnost-je-jos-uvijek-slabo-informirana-u-genocidnoj-ustaskoj-politici-prema-romima","status":"publish","type":"post","link":"https:\/\/www.vegaintro-projekti.com\/pilar-stari\/2022\/06\/dr-sc-danijel-vojak-javnost-je-jos-uvijek-slabo-informirana-u-genocidnoj-ustaskoj-politici-prema-romima\/","title":{"rendered":"Dr. sc. Danijel  Vojak: &#8220;Javnost je jo\u0161 uvijek slabo informirana u genocidnoj usta\u0161koj politici prema Romima&#8221;"},"content":{"rendered":"<p><strong>Portal Saveza za tranzicijska istra\u017eivanja i nacionalnu edukaciju iz Splita STINA i portal Medijske inicijative iz Sarajeva UDAR lipnja 2022. objavljuju razgovor Stojana Obradovi\u0107a s dr. sc. Danijelom Vojakom pod naslovom &#8220;Javnost je jo\u0161 uvijek slabo informirana u genocidnoj usta\u0161koj politici prema Romima&#8221;<\/strong><\/p>\n<p><a href=\"https:\/\/www.vegaintro-projekti.com\/pilar-stari\/wp-content\/uploads\/2022\/06\/Vojak-photo.jpg\"><img decoding=\"async\" loading=\"lazy\" class=\"alignnone wp-image-22764 size-full\" src=\"https:\/\/www.vegaintro-projekti.com\/pilar-stari\/wp-content\/uploads\/2022\/06\/Vojak-photo_s.jpg\" alt=\"\" width=\"620\" height=\"302\" srcset=\"https:\/\/www.vegaintro-projekti.com\/pilar-stari\/wp-content\/uploads\/2022\/06\/Vojak-photo_s.jpg 620w, https:\/\/www.vegaintro-projekti.com\/pilar-stari\/wp-content\/uploads\/2022\/06\/Vojak-photo_s-300x146.jpg 300w\" sizes=\"(max-width: 620px) 100vw, 620px\" \/><\/a><\/p>\n<p><strong>&#8211; Portal STINA:<\/strong> <a href=\"https:\/\/www.stina.hr\/2022\/06\/04\/javnost-je-jos-uvijek-slabo-informirana-u-genocidnoj-ustaskoj-politici-prema-romima\/\">Javnost je jo\u0161 uvijek slabo informirana u genocidnoj usta\u0161koj politici prema Romima, lipnja 2022.<\/a><br \/>\n<strong>&#8211; Portal UDAR<\/strong>: <a href=\"https:\/\/www.portal-udar.net\/danijel-vojak-javnost-je-jos-uvijek-slabo-informirana-o-genocidnoj-ustaskoj-politici-prema-romima\/\">Javnost je jo\u0161 uvijek slabo informirana u genocidnoj usta\u0161koj politici prema Romima, 15. lipnja 2022.<\/a><\/p>\n<p><span style=\"font-size: 14pt;\">Javnost je jo\u0161 uvijek slabo informirana u genocidnoj usta\u0161koj politici prema Romima<\/span><\/p>\n<p><strong>Intervju: Dr. sc. Danijel Vojak, vi\u0161i znanstveni suradnik Instituta Ivo Pilar u Zagrebu i dugogodi\u0161nji istra\u017eiva\u010d stradanja romske zajednice u II svjetskom ratu<\/strong><\/p>\n<p><em>Znanstvena istra\u017eivanja povijesti romskog stanovni\u0161tva su zanemarena i marginalizirana tema u hrvatskoj historiografiji. Posebno se to odnosi na stradanje Roma u II svjetskom ratu u kojem je usta\u0161ki re\u017eim NDH gotovo u potpunosti genocidno uni\u0161tio romsku zajednicu. Marginaliziranje tih problema i romskih \u017ertava i dalje je na\u017ealost prisutno i u hrvatskom obrazovnom sustav te je izme\u0111u ostaloga nu\u017eno pokrenuti proaktivan znanstveni i edukativni rad o temi stradanja Roma u NDH. Na\u017ealost, i nedavno otkrivanje spomenika \u017ertvama holokausta i usta\u0161kog re\u017eima u Zagrebu pokazuje nedostatke i proma\u0161aje na\u0161e politike kulture sje\u0107anja jer se neosmi\u0161ljenim i neutemeljenim pristupima na odre\u0111en na\u010din \u017ertve dodatno brutalizira pa i poni\u017eava.<\/em><\/p>\n<p><strong>U organizaciji Romskog memorijalnog centra U\u0161tica i Saveza Roma u Republici Hrvatskoj \u201dKALI SARA\u201d krajem svibnja odr\u017eana je stru\u010dna tribina na temu \u201cStradanje Roma u Nezavisnoj Dr\u017eavi Hrvatskoj \u2013 19. svibnja 1942\u201d ( dan odluke o deportaciji Roma ) na kojem ste bili jedan od uvodni\u010dara . Na \u0161to je bila fokusirana ova stru\u010dno \u2013znanstvena rasprava i \u0161to je ona pokazala?<\/strong><\/p>\n<p>&#8211; Na tribini su se okupili znanstvenici koji se bave prou\u010davanjem stradanja Roma u Nezavisnoj Dr\u017eavi Hrvatskoj, poput kolega Hrvoja Klasi\u0107a i Ive Pejakovi\u0107a te mene. Kako bi mogli meritorno pokriti temu pitanja odnosa prema temi kulture sje\u0107anja na romske \u017ertve Drugog svjetskog rata u samoj raspravi na tribini sudjelovao je zastupnik Veljko Kajtazi te Vesna Ter\u0161eli\u0107 kao predstavnica nevladine organizacije koja se bavi pitanjem kulture sje\u0107anja. Kolegica Dunja Jakopovi\u0107 je u moderiranju same tribine nastojala fokusirati raspravu na temu stradanju Roma u Nezavisnoj Dr\u017eavi Hrvatskoj i datumu 19. svibnja 1942. kao sredi\u0161njem datumu za genocidno stradanje Roma u NDH. Tog su datuma usta\u0161ke vlasti donijele odredbu o sustavnoj deportaciji svih Roma iz NDH u jasenova\u010dki logor. U slijede\u0107ih nekoliko mjeseci ve\u0107ina Roma iz NDH bila je deportirana u jasenova\u010dki logor, gdje su ubrzo po deportaciji bili mu\u010deni i ubijani. Upravo ovaj datum smatram iznimno zna\u010dajnim za komemoriranje romskih \u017ertava u Republici Hrvatskoj i u Bosni i Hercegovini. Takva komemoracija omogu\u0107ila bi bolje razumijevanje hrvatskog konteksta stradanja Roma u Drugom svjetskom ratu. Istodobno, postoje\u0107a komemoracija romskim \u017ertvama, koja se odr\u017eava 2. kolovoza, njen je fokus na europskom stradanju Roma u Drugom svjetskom ratu, obilje\u017eavaju\u0107i datum 2.kolovoza 1944. kada je u toj no\u0107i ubijeno oko 4200 Roma i Sinta u \u201eCiganskom obiteljskom logoru\u201c u koncentracijskom logoru Auschwtiz \u2013 Birkenau.Zastupnik Kajtazi posebno je istaknuo njegov rad i rad Saveza Roma u Hrvatskoj \u201eKali Sara\u201c u kulturi sje\u0107anja na romske \u017ertve, posebno u organiziranju komemoracije u U\u0161tici, gdje je ure\u0111eno romsko groblje, izgra\u0111en Romski memorijalni centar te gdje se od pro\u0161le godine gradi Zid boli. Kolegica Ter\u0161eli\u0107 istaknula je razli\u010dite aspekte u obilje\u017eavanju kulture sje\u0107anja na romske \u017ertve, posebice u kontekstu rada umjetnika na ovom podru\u010dju.<\/p>\n<p>USTA\u0160KI GENOCID<\/p>\n<p><strong>Da li je rasprava pokazala i neke nove istra\u017eiva\u010dke i znanstvene aspekte kada je u pitanju ova te\u0161ka tema , genocida nad Romima u II svjetskom ratu koji se provodio i na podru\u010dju NDH?<\/strong><\/p>\n<p>&#8211; Kolega Klasi\u0107 posebno je istaknuo kako su usta\u0161ke vlasti vodile genocidnu politiku prema Romima bez utjecaja nacisti\u010dkih vlasti. U tom kontekstu mo\u017ee shvatiti posebnost genocida nad Romima u NDH. Ovu tezu smatram da je potrebno dodatno istra\u017eiti, jer je usta\u0161ka genocidna politika slijedila model (obrazac) nacisti\u010dke politike prema Romima u drugim europskim dr\u017eavama.<\/p>\n<p>Posebno se raspravljalo oko pitanja politi\u010dkih i vojnih okolnosti u kojima su se usta\u0161ke vlasti odlu\u010dile na deportaciju Roma u jasenova\u010dki logor. Postoji teza kod dijela povjesni\u010dara da su se usta\u0161ke vlasti odlu\u010dile deportirati Rome u kasno prolje\u0107e 1942. god. nakon zavr\u0161etka masovnih deportacija srpskog i \u017eidovskog stanovni\u0161tva. No, to je istodobno upitno imaju\u0107i na umu kako su se masovne deportacije srpskog stanovni\u0161tva odvijale i nakon ove odredbe, posebno imaju\u0107i na umu njihovu deportaciju sa kozara\u010dkog podru\u010dja u ljeto iste godine.<\/p>\n<p><strong>Da li su istaknute i neke specif\u010dnosti pogroma i uni\u0161tavanja romske zajednice od strane usta\u0161kih vlasti?<\/strong><\/p>\n<p>&#8211; Na samoj tribini kolege Klasi\u0107, Pejakovi\u0107 i ja naveli smo neke od specifi\u010dnosti u progonu romskog stanovni\u0161tva. Tako su Romi, zajedno sa \u017didovima bili progonjeni na rasnoj osnovi. Njihov progon u jasenova\u010dkom logoru bio je donekle razli\u010dit od ostalih skupina zato\u010denika po tome kako su ih usta\u0161ke vlasti ubrzo po dovo\u0111enju u logor mu\u010dile i ubijale. Sami pre\u017eivjeli jasenova\u010dki zato\u010denici navode kako su romski zato\u010denici \u010dinili najprogonjeniju skupinu zato\u010denika u logoru.<\/p>\n<p>Nadalje, u samom raspravi na tribini istaknuto je kako je u Drugom svjetskom ratu u NDH gotovo u potpunosti genocidno uni\u0161tena romska zajednica. Tome u prilogu idu broj od \u010detiri stotina Roma u Hrvatskoj i ne\u0161to vi\u0161e u Bosni i Hercegovine u prvom poslijeratnom popisu stanovni\u0161tva iz 1948. god.<\/p>\n<p>NEDOSTAK REGIONALNE SURADNJE<\/p>\n<p><strong>Kao dugogodi\u0161nji istra\u017eiva\u010d ovih tema kako ocjenjujete napredak na tom planu. Da li se uop\u0107e dovoljno istra\u017euje i da li dolazimo do novih i nu\u017enih saznanja? \u0160to bi trebalo poduzimati dalje?<\/strong><\/p>\n<p>&#8211; Nerijetko navodim kako su znanstvena istra\u017eivanja povijesti romskog stanovni\u0161tva zanemarena i marginalizirana tema u hrvatskoj historiografiji. Potrebno je imati na umu kako je nakon Drugo svjetskog rata u Hrvatskoj, kao i u ve\u0107ini drugih europskih dr\u017eava, do\u0161lo do marginalizacije kulture sje\u0107anja na njihove \u017ertve. Istodobno romske \u017ertve, kao i druge, bile su \u201eutopljene\u201c u jugoslavenski ideolo\u0161ki diskurs \u201e\u017ertve fa\u0161isti\u010dkog terora\u201c radi \u010dega one nisu bile komemorirane, niti se za njih sustavno podizali spomenici, nazivale ulice ili trgovi. Romi su tek sa dobivanjem statusa nacionalne manjine 2002. god. u Republici Hrvatskoj pod inicijativom svojih politi\u010dkih predstavnika inicirali i zapo\u010deli sustavno izgra\u0111ivati kulturu sje\u0107anja na romske \u017ertve. I tu se mora istaknuti kako su ovaj proces podupirale, no ne i same inicirale, dr\u017eavne i lokalne vlasti. Spomenuti zastupnik Kajtazi s nevladinom organizacijom Savezom Roma \u201eKali Sarom\u201c obilje\u017eavaju i druge lokacije masovnog stradanja Roma u NDH, poput Spomen kosturnica nad masovnom grobnicom pored crkve u Gornjoj Trebinji kod Karlovca ili na groblju u Mariji Gorici u okolici Zapre\u0161i\u0107a, gdje se ove godine po prvi puta komemorirale 43 ubijane sintske \u017ertve masovnog zlo\u010dina usta\u0161kih vlasti u posljednjim danima Drugog svjetskog rata. Istodobno druge romske nevladine organizacije sudjeluju u komemorativnim aktivnostima u znak sje\u0107anja na romske \u017ertve u NDH, poput komemoracije ubijenim Romima Baja\u0161ima na groblju Dra\u0161kovec na kraju o\u017eujka 1945. god. I mislim da je to dobar put.<\/p>\n<p>Ovdje se name\u0107e potreba da se sve ove inicijative, koje ponajprije dolaze od samih politi\u010dkih predstavnika Roma, usustave i sna\u017enije podupru od strane dr\u017eavnih i lokalnih vlasti. To je posebno va\u017eno u slijede\u0107em razdoblju, to\u010dnije kada idu\u0107e godine Republika Hrvatska preuzima predsjedanje Me\u0111unarodnim savezom za sje\u0107anje na Holokaust (IHRA). Ovo presjedanje Hrvatske nad ovom iznimnom zna\u010dajnom organizacijom prilika je pokazati pozitivne pomake u znanstvenom i edukativnom radu na tematici stradanja Roma u NDH<\/p>\n<p><strong>Postoji li regionalna suradnja o ovim pitanjima?<\/strong><\/p>\n<p>&#8211; Na\u017ealost, ne postoji konkretna suradnja. I to je potrebno promijeniti. Imajte na umu kako je NDH obuhva\u0107a i podru\u010dja dana\u0161nje Bosne i Hercegovine i Republike Srbije te bez analize arhiva i muzeja na njihovom podru\u010dju, nemogu\u0107e je znanstveno meritorno obuhvatiti tematiku njihova stradanja u Drugom svjetskom ratu. Upravo je nedavno odr\u017eana me\u0111unarodna znanstvena konferencija \u201cRomi kao indijska dijaspora \u2013 neraskidive veze\u201d, odr\u017eana u travnju ove godine u Zagrebu, ukazala potrebu okupljanja povjesni\u010dara iz zemalja biv\u0161e Jugoslavije na temu stradanja Roma u Drugom svjetskom ratu. Tom prilikom sam, uz podr\u0161ku organizatora skupa (posebice zastupnika Kajtazija i Saveza Roma \u201eKali Sara\u201c), organizirana sesija na skupu naslovljena \u201eStradanje Roma u Drugom svjetskom ratu \u2013 Samudaripen\u201c. U toj sesiji sam osobno sudjelovao kao izlaga\u010d i moderator, a sudjelovali su povjesni\u010dari iz Srbije (Dragoljub Ackovi\u0107), Bosne i Hercegovine (Sanja Gladanac Petrovi\u0107), Hrvatske (Dunja Jakopovi\u0107) i Slovenije (Marjan To\u0161). Pred nama je sada faza prikupljanja i recenzije radova navedenih znanstvenika za objavu u posebnom Zborniku sa konferencije. Izdavanje ovog Zbornika smatram odre\u0111enim poticajem u promi\u0161ljanju potrebe za regionalnom (i \u0161irom) znanstvenom suradnjom povjesni\u010dara oko tematike stradanja Roma u Drugom svjetskom ratu.<\/p>\n<p>HISTORIOGRAFSKA I OBRAZOVNA MARGINALIZACIJA<\/p>\n<p><strong>Koliko je konkretno hrvatska javnost upoznata i osvije\u0161tena o ovim te\u0161kim zlo\u0107inima koje provodila usta\u0161ka vlast kada su u pitanju Romi ? Kakva u tom pogledu situacija u usporedbi s nekim drugim europskim zemljama?<\/strong><\/p>\n<p>&#8211; Na temelju moga, sada gotovo dvadeset godi\u0161njeg istra\u017eivanja ove tematike, moram primijetiti kako ve\u0107ina stanovnika Hrvatske gotovo da i ne zna da su Romi bili jedna od manjinskih skupina stanovni\u0161tva nad kojom su usta\u0161ke vlasti po\u010dinile genocid. Njihovo stradanje, njihova \u017ertva je marginalizirana u historiografiji i drugim znanostima, a sli\u010dan marginalni pristup prisutan je i unutar hrvatskog obrazovanja, gdje se romske \u017ertve i dalje, na\u017ealost, nedovoljno obra\u0111uju unutar kurikuluma za nastavu povijesti u osnovnim i srednjim \u0161kolama. Imaju\u0107i sve ovo na umu nikako ne treba za\u010duditi kako ne postoji znanje \u0161ire javnosti o njihovom stradanju.<\/p>\n<p><strong>Da li je ova tema uop\u0107e u\u0161la u obrazovni proces i \u0161to bi na tom planu trebalo dalje poduzimati i mijenjati?<\/strong><\/p>\n<p>&#8211; U prethodnom odgovoru naveo sam kako se tema stradanja Roma i dalje neadekvatno obra\u0111uje (pou\u010davaju) unutar hrvatskog obrazovnog procesa. Potrebno je imati na umu kako je obrazovanje klju\u010dni element u izgradnji kulture sje\u0107anja na romske \u017ertve. Tu je potrebno omogu\u0107iti nastavnicima potreban materijal u obliku priru\u010dnika i ud\u017ebenika, odr\u017eavati stru\u010dna usavr\u0161avanja nastavnika povijesti, provoditi edukativne aktivnosti u samim \u0161kolama, poput organiziranja izlo\u017ebi, radionica i sl.<\/p>\n<p>To su aktivnosti koje su danas izrazito potrebne, kada vidimo ratna stradanja u Ukrajini, kada su sve prisutnije negacionisti\u010dke tendencije unutar hrvatskog stru\u010dnog i op\u0107eg dru\u0161tva. Naravno, potrebno je imati na umu kako je nedavno uveden kurikulum za romski jezik i kulturu, u kojem je u znatnoj mjeri istaknuto obrazovanje o povijesti Roma. Obrazovanje o ovoj tematici potrebno je usmjeriti na romske u\u010denike, koji na\u017ealost, prema mom iskustvu, nedovoljno poznaju povijest svog naroda. I to treba promijeniti.<\/p>\n<p>Sve navedeno ide u prilog potrebi sustavnog proaktivnog znanstvenog i edukativnog rada na temi stradanja Roma u NDH. Tako\u0111er, ne smijemo smetnuti s uma kako povijest Roma nije svedena u \u010detiri godine Drugog svjetskog rata na hrvatskom podru\u010dju. Povijest Roma je puno zna\u010dajnija od toga, posebno u Hrvatskoj, gdje oni \u017eive vi\u0161e od \u0161est stolje\u0107a. Razumijevanje povijesti Roma, kao i njihove kulture i tradicije, nu\u017ean je preduvjet za bolji socioekonomski, obrazovni i kulturni polo\u017eaj.<\/p>\n<p>PROBLEMATI\u010cNI SPOMENIK<\/p>\n<p><strong>Nedavno je u Zagrebu otkriven spomenik podsje\u0107anja na Holokaust . Da li je propu\u0161tena prilika da se jasnije istakne zlo\u010dina\u010dki karakter NDH pa u tom kontekstu onda i ve\u0107e osvje\u0161\u0107ivanje zlo\u010dina nad Romima?<\/strong><\/p>\n<p>&#8211; Prije nekoliko tjedana sudjelovao sam na jednoj tribini u Novinarskom domu u Zagrebu upravo na ovoj temi. Tom prilikom naveo sam kako iznimno pozitivna inicijativa Branka Lustiga o podizanju spomenika \u017eidovskim \u017ertvama holokausta se zbog politizacije i vulgarizacije kulture sje\u0107anja pretvorila u primjer kako se ne treba raditi. Sam naziv spomenika kao \u201eSpomenik \u017ertvama holokausta i usta\u0161kog re\u017eima\u201c je rezultat politi\u010dkog kompromisa izme\u0111u zagreba\u010dkih gradskih vlasti sa odre\u0111enim predstavnicima skupina \u017ertava, napose \u017eidovskim. I tu je problem, jer intencija spomenika je bila da ona bude u spomen na \u017eidovske \u017ertve, a na kraju su navedene i \u017ertve usta\u0161kog re\u017eima. Pomutnju dodatno izaziva i natpis na spomeniku kako je s tog mjesta deportirano 1942. god. oko 800 zagreba\u010dkih \u017didova. I svatko tko do\u0111e ispred ovog spomenika, mora ostati zbunjen, jer ovaj spomenik u svom naslovu i natpisima je isklju\u010divo spomenik \u017eidovskim \u017ertvama u NDH, ali ne i drugim skupinama \u017ertava, poput Srba i Roma te antifa\u0161ista. Ne \u017eele\u0107i ulaziti u pitanje plagiranja spomenika, potrebno je postaviti pitanje samog izgleda spomenika koji se sastoji od naslaganih kofera kao odre\u0111enih simbola \u017didova koji su bili odvedeni iz svojih domova i deportirani u logore, gdje je ve\u0107ina njih bila ubijena. Na samoj spomenutoj tribini u Novinarskom domu slo\u017eio sam se sa kolegom Milanom Radovanovi\u0107em koji je istaknuo kako simbol kofera nikako se ne mo\u017ee vezivati uz romske i srpske \u017ertve, jer su oni u logor nosili svoju imovinu u zave\u017eljajima, a ne u koferima. Postoji i druga problemati\u010dna pitanja povezana uz ovaj spomenik, no mislim da je ovo dovoljno da se uka\u017ee kako je potrebna bolje komunikacija svih dionika procesa kulture sje\u0107anja, od predstavnika \u017ertava naroda (kome se i spomenici postavljaju), predstavnika dr\u017eavnih i lokalnih vlasti, stru\u010dnjaka (povjesni\u010dara, pedagoga i dr.).Ovaj spomenik mora biti primjer kako se ne treba nikako raditi, jer se time njegovanje kulture sje\u0107anja na \u017ertve brutalizira i u kona\u010dnici u potpunosti poni\u017eava. Zbog svega navedenog ne mora nikoga za\u010duditi izostanak prisustva predstavnika romskog i srpskog stradala\u010dkog naroda na otvaranju ovog spomenika u Zagrebu.<\/p>\n<blockquote><p><a href=\"https:\/\/www.vegaintro-projekti.com\/pilar-stari\/biografije\/user-bio\/?my_user_id=63\">Dr. sc. Danijel Vojak<\/a><\/p><\/blockquote>\n","protected":false},"excerpt":{"rendered":"<p>Portal Saveza za tranzicijska istra\u017eivanja i nacionalnu edukaciju iz Splita STINA i portal Medijske inicijative iz Sarajeva UDAR lipnja 2022. objavljuju razgovor Stojana Obradovi\u0107a s dr. sc. Danijelom Vojakom pod naslovom &#8220;Javnost je jo\u0161 uvijek slabo informirana u genocidnoj usta\u0161koj politici prema Romima&#8221; &#8211; Portal STINA: Javnost je jo\u0161 uvijek slabo informirana u genocidnoj usta\u0161koj&hellip; <a class=\"continue\" href=\"https:\/\/www.vegaintro-projekti.com\/pilar-stari\/2022\/06\/dr-sc-danijel-vojak-javnost-je-jos-uvijek-slabo-informirana-u-genocidnoj-ustaskoj-politici-prema-romima\/\">Pro\u010ditaj vi\u0161e o<span> Dr. sc. Danijel  Vojak: &#8220;Javnost je jo\u0161 uvijek slabo informirana u genocidnoj usta\u0161koj politici prema Romima&#8221;<\/span><\/a><\/p>\n","protected":false},"author":7,"featured_media":22763,"comment_status":"closed","ping_status":"closed","sticky":false,"template":"","format":"standard","meta":{"inline_featured_image":false,"ngg_post_thumbnail":0,"footnotes":""},"categories":[12],"tags":[],"yoast_head":"<!-- This site is optimized with the Yoast SEO plugin v21.2 - https:\/\/yoast.com\/wordpress\/plugins\/seo\/ -->\n<title>Dr. sc. Danijel Vojak: &quot;Javnost je jo\u0161 uvijek slabo informirana u genocidnoj usta\u0161koj politici prema Romima&quot; - Institut dru&scaron;tvenih znanosti Ivo Pilar<\/title>\n<meta name=\"robots\" content=\"noindex, follow, max-snippet:-1, max-image-preview:large, max-video-preview:-1\" \/>\n<meta property=\"og:locale\" content=\"hr_HR\" \/>\n<meta property=\"og:type\" content=\"article\" \/>\n<meta property=\"og:title\" content=\"Dr. sc. Danijel Vojak: &quot;Javnost je jo\u0161 uvijek slabo informirana u genocidnoj usta\u0161koj politici prema Romima&quot; - Institut dru&scaron;tvenih znanosti Ivo Pilar\" \/>\n<meta property=\"og:description\" content=\"Portal Saveza za tranzicijska istra\u017eivanja i nacionalnu edukaciju iz Splita STINA i portal Medijske inicijative iz Sarajeva UDAR lipnja 2022. objavljuju razgovor Stojana Obradovi\u0107a s dr. sc. Danijelom Vojakom pod naslovom &#8220;Javnost je jo\u0161 uvijek slabo informirana u genocidnoj usta\u0161koj politici prema Romima&#8221; &#8211; Portal STINA: Javnost je jo\u0161 uvijek slabo informirana u genocidnoj usta\u0161koj&hellip; Pro\u010ditaj vi\u0161e o Dr. sc. Danijel Vojak: &#8220;Javnost je jo\u0161 uvijek slabo informirana u genocidnoj usta\u0161koj politici prema Romima&#8221;\" \/>\n<meta property=\"og:url\" content=\"https:\/\/www.vegaintro-projekti.com\/pilar-stari\/2022\/06\/dr-sc-danijel-vojak-javnost-je-jos-uvijek-slabo-informirana-u-genocidnoj-ustaskoj-politici-prema-romima\/\" \/>\n<meta property=\"og:site_name\" content=\"Institut dru&scaron;tvenih znanosti Ivo Pilar\" \/>\n<meta property=\"article:published_time\" content=\"2022-06-20T20:27:49+00:00\" \/>\n<meta property=\"article:modified_time\" content=\"2022-06-21T21:38:36+00:00\" \/>\n<meta property=\"og:image\" content=\"https:\/\/www.vegaintro-projekti.com\/pilar-stari\/wp-content\/uploads\/2022\/06\/Vojak-photo_fi.jpg\" \/>\n\t<meta property=\"og:image:width\" content=\"499\" \/>\n\t<meta property=\"og:image:height\" content=\"221\" \/>\n\t<meta property=\"og:image:type\" content=\"image\/jpeg\" \/>\n<meta name=\"author\" content=\"Boris\" \/>\n<meta name=\"twitter:card\" content=\"summary_large_image\" \/>\n<meta name=\"twitter:label1\" content=\"Napisao\/la\" \/>\n\t<meta name=\"twitter:data1\" content=\"Boris\" \/>\n\t<meta name=\"twitter:label2\" content=\"Procijenjeno vrijeme \u010ditanja\" \/>\n\t<meta name=\"twitter:data2\" content=\"12 minuta\" \/>\n<script type=\"application\/ld+json\" class=\"yoast-schema-graph\">{\"@context\":\"https:\/\/schema.org\",\"@graph\":[{\"@type\":\"WebPage\",\"@id\":\"https:\/\/www.vegaintro-projekti.com\/pilar-stari\/2022\/06\/dr-sc-danijel-vojak-javnost-je-jos-uvijek-slabo-informirana-u-genocidnoj-ustaskoj-politici-prema-romima\/\",\"url\":\"https:\/\/www.vegaintro-projekti.com\/pilar-stari\/2022\/06\/dr-sc-danijel-vojak-javnost-je-jos-uvijek-slabo-informirana-u-genocidnoj-ustaskoj-politici-prema-romima\/\",\"name\":\"Dr. sc. Danijel Vojak: \\\"Javnost je jo\u0161 uvijek slabo informirana u genocidnoj usta\u0161koj politici prema Romima\\\" - Institut dru&scaron;tvenih znanosti Ivo Pilar\",\"isPartOf\":{\"@id\":\"https:\/\/www.vegaintro-projekti.com\/pilar-stari\/#website\"},\"datePublished\":\"2022-06-20T20:27:49+00:00\",\"dateModified\":\"2022-06-21T21:38:36+00:00\",\"author\":{\"@id\":\"https:\/\/www.vegaintro-projekti.com\/pilar-stari\/#\/schema\/person\/ddd404c9f1e15e4ffef5986ac6a5d28b\"},\"breadcrumb\":{\"@id\":\"https:\/\/www.vegaintro-projekti.com\/pilar-stari\/2022\/06\/dr-sc-danijel-vojak-javnost-je-jos-uvijek-slabo-informirana-u-genocidnoj-ustaskoj-politici-prema-romima\/#breadcrumb\"},\"inLanguage\":\"hr\",\"potentialAction\":[{\"@type\":\"ReadAction\",\"target\":[\"https:\/\/www.vegaintro-projekti.com\/pilar-stari\/2022\/06\/dr-sc-danijel-vojak-javnost-je-jos-uvijek-slabo-informirana-u-genocidnoj-ustaskoj-politici-prema-romima\/\"]}]},{\"@type\":\"BreadcrumbList\",\"@id\":\"https:\/\/www.vegaintro-projekti.com\/pilar-stari\/2022\/06\/dr-sc-danijel-vojak-javnost-je-jos-uvijek-slabo-informirana-u-genocidnoj-ustaskoj-politici-prema-romima\/#breadcrumb\",\"itemListElement\":[{\"@type\":\"ListItem\",\"position\":1,\"name\":\"Home\",\"item\":\"https:\/\/www.vegaintro-projekti.com\/pilar-stari\/\"},{\"@type\":\"ListItem\",\"position\":2,\"name\":\"Dr. sc. Danijel Vojak: &#8220;Javnost je jo\u0161 uvijek slabo informirana u genocidnoj usta\u0161koj politici prema Romima&#8221;\"}]},{\"@type\":\"WebSite\",\"@id\":\"https:\/\/www.vegaintro-projekti.com\/pilar-stari\/#website\",\"url\":\"https:\/\/www.vegaintro-projekti.com\/pilar-stari\/\",\"name\":\"Institut dru&scaron;tvenih znanosti Ivo Pilar\",\"description\":\"Pilar\",\"potentialAction\":[{\"@type\":\"SearchAction\",\"target\":{\"@type\":\"EntryPoint\",\"urlTemplate\":\"https:\/\/www.vegaintro-projekti.com\/pilar-stari\/?s={search_term_string}\"},\"query-input\":\"required name=search_term_string\"}],\"inLanguage\":\"hr\"},{\"@type\":\"Person\",\"@id\":\"https:\/\/www.vegaintro-projekti.com\/pilar-stari\/#\/schema\/person\/ddd404c9f1e15e4ffef5986ac6a5d28b\",\"name\":\"Boris\",\"image\":{\"@type\":\"ImageObject\",\"inLanguage\":\"hr\",\"@id\":\"https:\/\/www.vegaintro-projekti.com\/pilar-stari\/#\/schema\/person\/image\/\",\"url\":\"https:\/\/secure.gravatar.com\/avatar\/29557b161a6ce6ab86ac1503164f1e90?s=96&d=mm&r=g\",\"contentUrl\":\"https:\/\/secure.gravatar.com\/avatar\/29557b161a6ce6ab86ac1503164f1e90?s=96&d=mm&r=g\",\"caption\":\"Boris\"},\"url\":\"https:\/\/www.vegaintro-projekti.com\/pilar-stari\/author\/boris\/\"}]}<\/script>\n<!-- \/ Yoast SEO plugin. -->","yoast_head_json":{"title":"Dr. sc. Danijel Vojak: \"Javnost je jo\u0161 uvijek slabo informirana u genocidnoj usta\u0161koj politici prema Romima\" - Institut dru&scaron;tvenih znanosti Ivo Pilar","robots":{"index":"noindex","follow":"follow","max-snippet":"max-snippet:-1","max-image-preview":"max-image-preview:large","max-video-preview":"max-video-preview:-1"},"og_locale":"hr_HR","og_type":"article","og_title":"Dr. sc. Danijel Vojak: \"Javnost je jo\u0161 uvijek slabo informirana u genocidnoj usta\u0161koj politici prema Romima\" - Institut dru&scaron;tvenih znanosti Ivo Pilar","og_description":"Portal Saveza za tranzicijska istra\u017eivanja i nacionalnu edukaciju iz Splita STINA i portal Medijske inicijative iz Sarajeva UDAR lipnja 2022. objavljuju razgovor Stojana Obradovi\u0107a s dr. sc. Danijelom Vojakom pod naslovom &#8220;Javnost je jo\u0161 uvijek slabo informirana u genocidnoj usta\u0161koj politici prema Romima&#8221; &#8211; Portal STINA: Javnost je jo\u0161 uvijek slabo informirana u genocidnoj usta\u0161koj&hellip; Pro\u010ditaj vi\u0161e o Dr. sc. Danijel Vojak: &#8220;Javnost je jo\u0161 uvijek slabo informirana u genocidnoj usta\u0161koj politici prema Romima&#8221;","og_url":"https:\/\/www.vegaintro-projekti.com\/pilar-stari\/2022\/06\/dr-sc-danijel-vojak-javnost-je-jos-uvijek-slabo-informirana-u-genocidnoj-ustaskoj-politici-prema-romima\/","og_site_name":"Institut dru&scaron;tvenih znanosti Ivo Pilar","article_published_time":"2022-06-20T20:27:49+00:00","article_modified_time":"2022-06-21T21:38:36+00:00","og_image":[{"width":499,"height":221,"url":"https:\/\/www.vegaintro-projekti.com\/pilar-stari\/wp-content\/uploads\/2022\/06\/Vojak-photo_fi.jpg","type":"image\/jpeg"}],"author":"Boris","twitter_card":"summary_large_image","twitter_misc":{"Napisao\/la":"Boris","Procijenjeno vrijeme \u010ditanja":"12 minuta"},"schema":{"@context":"https:\/\/schema.org","@graph":[{"@type":"WebPage","@id":"https:\/\/www.vegaintro-projekti.com\/pilar-stari\/2022\/06\/dr-sc-danijel-vojak-javnost-je-jos-uvijek-slabo-informirana-u-genocidnoj-ustaskoj-politici-prema-romima\/","url":"https:\/\/www.vegaintro-projekti.com\/pilar-stari\/2022\/06\/dr-sc-danijel-vojak-javnost-je-jos-uvijek-slabo-informirana-u-genocidnoj-ustaskoj-politici-prema-romima\/","name":"Dr. sc. Danijel Vojak: \"Javnost je jo\u0161 uvijek slabo informirana u genocidnoj usta\u0161koj politici prema Romima\" - Institut dru&scaron;tvenih znanosti Ivo Pilar","isPartOf":{"@id":"https:\/\/www.vegaintro-projekti.com\/pilar-stari\/#website"},"datePublished":"2022-06-20T20:27:49+00:00","dateModified":"2022-06-21T21:38:36+00:00","author":{"@id":"https:\/\/www.vegaintro-projekti.com\/pilar-stari\/#\/schema\/person\/ddd404c9f1e15e4ffef5986ac6a5d28b"},"breadcrumb":{"@id":"https:\/\/www.vegaintro-projekti.com\/pilar-stari\/2022\/06\/dr-sc-danijel-vojak-javnost-je-jos-uvijek-slabo-informirana-u-genocidnoj-ustaskoj-politici-prema-romima\/#breadcrumb"},"inLanguage":"hr","potentialAction":[{"@type":"ReadAction","target":["https:\/\/www.vegaintro-projekti.com\/pilar-stari\/2022\/06\/dr-sc-danijel-vojak-javnost-je-jos-uvijek-slabo-informirana-u-genocidnoj-ustaskoj-politici-prema-romima\/"]}]},{"@type":"BreadcrumbList","@id":"https:\/\/www.vegaintro-projekti.com\/pilar-stari\/2022\/06\/dr-sc-danijel-vojak-javnost-je-jos-uvijek-slabo-informirana-u-genocidnoj-ustaskoj-politici-prema-romima\/#breadcrumb","itemListElement":[{"@type":"ListItem","position":1,"name":"Home","item":"https:\/\/www.vegaintro-projekti.com\/pilar-stari\/"},{"@type":"ListItem","position":2,"name":"Dr. sc. Danijel Vojak: &#8220;Javnost je jo\u0161 uvijek slabo informirana u genocidnoj usta\u0161koj politici prema Romima&#8221;"}]},{"@type":"WebSite","@id":"https:\/\/www.vegaintro-projekti.com\/pilar-stari\/#website","url":"https:\/\/www.vegaintro-projekti.com\/pilar-stari\/","name":"Institut dru&scaron;tvenih znanosti Ivo Pilar","description":"Pilar","potentialAction":[{"@type":"SearchAction","target":{"@type":"EntryPoint","urlTemplate":"https:\/\/www.vegaintro-projekti.com\/pilar-stari\/?s={search_term_string}"},"query-input":"required name=search_term_string"}],"inLanguage":"hr"},{"@type":"Person","@id":"https:\/\/www.vegaintro-projekti.com\/pilar-stari\/#\/schema\/person\/ddd404c9f1e15e4ffef5986ac6a5d28b","name":"Boris","image":{"@type":"ImageObject","inLanguage":"hr","@id":"https:\/\/www.vegaintro-projekti.com\/pilar-stari\/#\/schema\/person\/image\/","url":"https:\/\/secure.gravatar.com\/avatar\/29557b161a6ce6ab86ac1503164f1e90?s=96&d=mm&r=g","contentUrl":"https:\/\/secure.gravatar.com\/avatar\/29557b161a6ce6ab86ac1503164f1e90?s=96&d=mm&r=g","caption":"Boris"},"url":"https:\/\/www.vegaintro-projekti.com\/pilar-stari\/author\/boris\/"}]}},"_links":{"self":[{"href":"https:\/\/www.vegaintro-projekti.com\/pilar-stari\/wp-json\/wp\/v2\/posts\/22765"}],"collection":[{"href":"https:\/\/www.vegaintro-projekti.com\/pilar-stari\/wp-json\/wp\/v2\/posts"}],"about":[{"href":"https:\/\/www.vegaintro-projekti.com\/pilar-stari\/wp-json\/wp\/v2\/types\/post"}],"author":[{"embeddable":true,"href":"https:\/\/www.vegaintro-projekti.com\/pilar-stari\/wp-json\/wp\/v2\/users\/7"}],"replies":[{"embeddable":true,"href":"https:\/\/www.vegaintro-projekti.com\/pilar-stari\/wp-json\/wp\/v2\/comments?post=22765"}],"version-history":[{"count":1,"href":"https:\/\/www.vegaintro-projekti.com\/pilar-stari\/wp-json\/wp\/v2\/posts\/22765\/revisions"}],"predecessor-version":[{"id":22768,"href":"https:\/\/www.vegaintro-projekti.com\/pilar-stari\/wp-json\/wp\/v2\/posts\/22765\/revisions\/22768"}],"wp:featuredmedia":[{"embeddable":true,"href":"https:\/\/www.vegaintro-projekti.com\/pilar-stari\/wp-json\/wp\/v2\/media\/22763"}],"wp:attachment":[{"href":"https:\/\/www.vegaintro-projekti.com\/pilar-stari\/wp-json\/wp\/v2\/media?parent=22765"}],"wp:term":[{"taxonomy":"category","embeddable":true,"href":"https:\/\/www.vegaintro-projekti.com\/pilar-stari\/wp-json\/wp\/v2\/categories?post=22765"},{"taxonomy":"post_tag","embeddable":true,"href":"https:\/\/www.vegaintro-projekti.com\/pilar-stari\/wp-json\/wp\/v2\/tags?post=22765"}],"curies":[{"name":"wp","href":"https:\/\/api.w.org\/{rel}","templated":true}]}}