{"id":22931,"date":"2022-07-05T15:37:42","date_gmt":"2022-07-05T15:37:42","guid":{"rendered":"https:\/\/www.vegaintro-projekti.com\/pilar-stari\/?p=22931"},"modified":"2022-07-05T15:54:37","modified_gmt":"2022-07-05T15:54:37","slug":"znanstvenici-instituta-na-5-hrvatskom-iseljenickom-kongresu-mostar-30-6-3-7-2022","status":"publish","type":"post","link":"https:\/\/www.vegaintro-projekti.com\/pilar-stari\/2022\/07\/znanstvenici-instituta-na-5-hrvatskom-iseljenickom-kongresu-mostar-30-6-3-7-2022\/","title":{"rendered":"Znanstvenici Instituta na 5. hrvatskom iseljeni\u010dkom kongresu; Mostar, 30. 6. &#8211; 3. 7. 2022."},"content":{"rendered":"<p><strong>Na Filozofskom fakultetu Sveu\u010dili\u0161ta u Mostaru od 30. lipnja do 3. srpnja 2022. godine odr\u017ean je u organizaciji Centra za istra\u017eivanje hrvatskoga iseljeni\u0161tva i Sveu\u010dili\u0161ta u Mostaru 5. hrvatski iseljeni\u010dki kongres. Me\u0111u suorganizatorskim institucijama nalazio se i Institut dru\u0161tvenih znanosti Ivo Pilar a me\u0111u zapa\u017eenim sudionicima Kongresa bili su znanstvenici Instituta: dr. sc. Caroline Hornstein Tomi\u0107, dr. sc. Sa\u0161a Mrdulja\u0161, dr. sc. Rebeka Mesari\u0107 \u017dab\u010di\u0107 te pomo\u0107nik ravnatelja dr. sc. Dra\u017een \u017divi\u0107. <\/strong>&#8211; <a href=\"#mediji\">Iz medija<\/a><\/p>\n<p><a href=\"https:\/\/www.vegaintro-projekti.com\/pilar-stari\/wp-content\/uploads\/2022\/07\/IMG_1-1.jpg\"><img decoding=\"async\" loading=\"lazy\" class=\"alignnone wp-image-22927 size-full\" src=\"https:\/\/www.vegaintro-projekti.com\/pilar-stari\/wp-content\/uploads\/2022\/07\/IMG_1s-1.jpg\" alt=\"\" width=\"620\" height=\"360\" srcset=\"https:\/\/www.vegaintro-projekti.com\/pilar-stari\/wp-content\/uploads\/2022\/07\/IMG_1s-1.jpg 620w, https:\/\/www.vegaintro-projekti.com\/pilar-stari\/wp-content\/uploads\/2022\/07\/IMG_1s-1-300x174.jpg 300w\" sizes=\"(max-width: 620px) 100vw, 620px\" \/><\/a><a href=\"https:\/\/www.vegaintro-projekti.com\/pilar-stari\/wp-content\/uploads\/2022\/07\/dr-sc-Rebeka-Mesaric.jpg\"><img decoding=\"async\" loading=\"lazy\" class=\"alignnone wp-image-22924 size-full\" src=\"https:\/\/www.vegaintro-projekti.com\/pilar-stari\/wp-content\/uploads\/2022\/07\/dr-sc-Rebeka-Mesaric_s.jpg\" alt=\"\" width=\"310\" height=\"174\" srcset=\"https:\/\/www.vegaintro-projekti.com\/pilar-stari\/wp-content\/uploads\/2022\/07\/dr-sc-Rebeka-Mesaric_s.jpg 310w, https:\/\/www.vegaintro-projekti.com\/pilar-stari\/wp-content\/uploads\/2022\/07\/dr-sc-Rebeka-Mesaric_s-300x168.jpg 300w\" sizes=\"(max-width: 310px) 100vw, 310px\" \/><\/a><a href=\"https:\/\/www.vegaintro-projekti.com\/pilar-stari\/wp-content\/uploads\/2022\/07\/dr-sc-Drazen-Zivic.jpg\"><img decoding=\"async\" loading=\"lazy\" class=\"alignnone wp-image-22922 size-full\" src=\"https:\/\/www.vegaintro-projekti.com\/pilar-stari\/wp-content\/uploads\/2022\/07\/dr-sc-Drazen-Zivic_s.jpg\" alt=\"\" width=\"310\" height=\"174\" srcset=\"https:\/\/www.vegaintro-projekti.com\/pilar-stari\/wp-content\/uploads\/2022\/07\/dr-sc-Drazen-Zivic_s.jpg 310w, https:\/\/www.vegaintro-projekti.com\/pilar-stari\/wp-content\/uploads\/2022\/07\/dr-sc-Drazen-Zivic_s-300x168.jpg 300w\" sizes=\"(max-width: 310px) 100vw, 310px\" \/><\/a><a href=\"https:\/\/www.vegaintro-projekti.com\/pilar-stari\/wp-content\/uploads\/2022\/07\/kongres.jpg\"><img decoding=\"async\" loading=\"lazy\" class=\"alignnone wp-image-22930 size-full\" src=\"https:\/\/www.vegaintro-projekti.com\/pilar-stari\/wp-content\/uploads\/2022\/07\/kongres_s.jpg\" alt=\"\" width=\"620\" height=\"268\" srcset=\"https:\/\/www.vegaintro-projekti.com\/pilar-stari\/wp-content\/uploads\/2022\/07\/kongres_s.jpg 620w, https:\/\/www.vegaintro-projekti.com\/pilar-stari\/wp-content\/uploads\/2022\/07\/kongres_s-300x130.jpg 300w\" sizes=\"(max-width: 620px) 100vw, 620px\" \/><\/a><\/p>\n<p>&#8211; <a href=\"https:\/\/www.centar-za-iseljenistvo.hr\/hik\/mostar\">O kongresu<\/a> | <a href=\"https:\/\/drive.google.com\/file\/d\/1Eq2pS1xTwD-4__Ibv-ijDy0aEqYAa-7D\/view\">Program kongresa<\/a><\/p>\n<p>Na skupu je kroz plenarna predavanja, sekcije i panele, prezentirano vi\u0161e od 150 radova, dok je broj samih sudionika bio 170, kako iz Bosne i Hercegovine i Hrvatske, tako i iz drugih europskih i prekomorskih zemalja. Me\u0111u zapa\u017eenim sudionicima Kongresa bili su i znanstvenici iz Instituta Pilar: <strong>dr. sc. Caroline Hornstein Tomi\u0107<\/strong> prezentirala je rad &#8220;Kako reemigracija mo\u017ee pridonijeti razvoju domovine: Praksa u javnoj politici&#8221;, <strong>dr. sc. Sa\u0161a Mrdulja\u0161<\/strong> je govorio na temu &#8220;Klju\u010dni cilj: opstojnost Hrvata u Bosni i Hercegovini&#8221;, <strong>dr. sc. Rebeka Mesari\u0107 \u017dab\u010di\u0107<\/strong> je iznijela priop\u0107enje &#8220;Demografske zna\u010dajke Hrvata Bosne i Hercegovine&#8221; te je pomo\u0107nik ravnatelja Instituta <strong>dr. sc. Dra\u017een \u017divi\u0107<\/strong> prezentirao dva rada &#8211; samostalno, &#8220;Demografske perspektive revitalizacije stanovni\u0161tva Republike Hrvatske&#8221; &#8211; i u suautorstvu s <strong>Vinkom \u017divi\u0107em<\/strong>, &#8220;Djelovanje bosansko-hercegova\u010dke Udbe: kvantitativna analiza dosjea suradni\u010dke mre\u017ee&#8221;.<\/p>\n<p><a id=\"mediji\"><\/a><span style=\"font-size: 14pt;\">Iz medija<\/span><\/p>\n<p><strong>&#8211; IKA:<\/strong> <a href=\"https:\/\/ika.hkm.hr\/novosti\/5-hrvatski-iseljenicki-kongres-o-demografskim-izazovima\/\">5. hrvatski iseljeni\u010dki kongres o demografskim izazovima, 2. 7. 2022.<\/a><br \/>\n<strong>&#8211; Sveu\u010dili\u0161te u Mostaru:<\/strong> <a href=\"https:\/\/www.sum.ba\/objave\/novosti\/peti-hrvatski-iseljenicki-kongres-na-sveucilistu-u-mostaru-o-identitetu-zajednistvu\">Peti hrvatski iseljeni\u010dki kongres na Sveu\u010dili\u0161tu u Mostaru o identitetu, zajedni\u0161tvu i povezivanju, 2. 7. 2022.<\/a><br \/>\n<strong>&#8211; Sveu\u010dili\u0161te u Mostaru:<\/strong> <a href=\"https:\/\/www.sum.ba\/objave\/novosti\/rezolucija-hrvatskog-iseljenickog-kongresa:-demokratizacija-demografski-razvoj-snaznije-zajednistvo-povezivanje-obrazovanje\">Rezolucija Hrvatskog iseljeni\u010dkog kongresa: Osna\u017eiti demokratizaciju, demografski razvoj, zajedni\u0161tvo, povezivanje, obrazovanje i hrvatski nacionalni identitet, 2. 7. 2022.<\/a><\/p>\n<blockquote><p><a href=\"https:\/\/www.centar-za-iseljenistvo.hr\/hik\/mostar\">5. hrvatski iseljeni\u010dki kongres<\/a><\/p><\/blockquote>\n","protected":false},"excerpt":{"rendered":"<p>Na Filozofskom fakultetu Sveu\u010dili\u0161ta u Mostaru od 30. lipnja do 3. srpnja 2022. godine odr\u017ean je u organizaciji Centra za istra\u017eivanje hrvatskoga iseljeni\u0161tva i Sveu\u010dili\u0161ta u Mostaru 5. hrvatski iseljeni\u010dki kongres. Me\u0111u suorganizatorskim institucijama nalazio se i Institut dru\u0161tvenih znanosti Ivo Pilar a me\u0111u zapa\u017eenim sudionicima Kongresa bili su znanstvenici Instituta: dr. sc. Caroline Hornstein&hellip; <a class=\"continue\" href=\"https:\/\/www.vegaintro-projekti.com\/pilar-stari\/2022\/07\/znanstvenici-instituta-na-5-hrvatskom-iseljenickom-kongresu-mostar-30-6-3-7-2022\/\">Pro\u010ditaj vi\u0161e o<span> Znanstvenici Instituta na 5. hrvatskom iseljeni\u010dkom kongresu; Mostar, 30. 6. &#8211; 3. 7. 2022.<\/span><\/a><\/p>\n","protected":false},"author":7,"featured_media":22929,"comment_status":"closed","ping_status":"closed","sticky":false,"template":"","format":"standard","meta":{"inline_featured_image":false,"ngg_post_thumbnail":0,"footnotes":""},"categories":[48,11],"tags":[],"yoast_head":"<!-- This site is optimized with the Yoast SEO plugin v21.2 - https:\/\/yoast.com\/wordpress\/plugins\/seo\/ -->\n<title>Znanstvenici Instituta na 5. hrvatskom iseljeni\u010dkom kongresu; Mostar, 30. 6. - 3. 7. 2022. - Institut dru&scaron;tvenih znanosti Ivo Pilar<\/title>\n<meta name=\"robots\" content=\"noindex, follow, max-snippet:-1, max-image-preview:large, max-video-preview:-1\" \/>\n<meta property=\"og:locale\" content=\"hr_HR\" \/>\n<meta property=\"og:type\" content=\"article\" \/>\n<meta property=\"og:title\" content=\"Znanstvenici Instituta na 5. hrvatskom iseljeni\u010dkom kongresu; Mostar, 30. 6. - 3. 7. 2022. - Institut dru&scaron;tvenih znanosti Ivo Pilar\" \/>\n<meta property=\"og:description\" content=\"Na Filozofskom fakultetu Sveu\u010dili\u0161ta u Mostaru od 30. lipnja do 3. srpnja 2022. godine odr\u017ean je u organizaciji Centra za istra\u017eivanje hrvatskoga iseljeni\u0161tva i Sveu\u010dili\u0161ta u Mostaru 5. hrvatski iseljeni\u010dki kongres. Me\u0111u suorganizatorskim institucijama nalazio se i Institut dru\u0161tvenih znanosti Ivo Pilar a me\u0111u zapa\u017eenim sudionicima Kongresa bili su znanstvenici Instituta: dr. sc. Caroline Hornstein&hellip; Pro\u010ditaj vi\u0161e o Znanstvenici Instituta na 5. hrvatskom iseljeni\u010dkom kongresu; Mostar, 30. 6. &#8211; 3. 7. 2022.\" \/>\n<meta property=\"og:url\" content=\"https:\/\/www.vegaintro-projekti.com\/pilar-stari\/2022\/07\/znanstvenici-instituta-na-5-hrvatskom-iseljenickom-kongresu-mostar-30-6-3-7-2022\/\" \/>\n<meta property=\"og:site_name\" content=\"Institut dru&scaron;tvenih znanosti Ivo Pilar\" \/>\n<meta property=\"article:published_time\" content=\"2022-07-05T15:37:42+00:00\" \/>\n<meta property=\"article:modified_time\" content=\"2022-07-05T15:54:37+00:00\" \/>\n<meta property=\"og:image\" content=\"https:\/\/www.vegaintro-projekti.com\/pilar-stari\/wp-content\/uploads\/2022\/07\/kongres_fi.jpg\" \/>\n\t<meta property=\"og:image:width\" content=\"500\" \/>\n\t<meta property=\"og:image:height\" content=\"219\" \/>\n\t<meta property=\"og:image:type\" content=\"image\/jpeg\" \/>\n<meta name=\"author\" content=\"Boris\" \/>\n<meta name=\"twitter:card\" content=\"summary_large_image\" \/>\n<meta name=\"twitter:label1\" content=\"Napisao\/la\" \/>\n\t<meta name=\"twitter:data1\" content=\"Boris\" \/>\n\t<meta name=\"twitter:label2\" content=\"Procijenjeno vrijeme \u010ditanja\" \/>\n\t<meta name=\"twitter:data2\" content=\"3 minute\" \/>\n<script type=\"application\/ld+json\" class=\"yoast-schema-graph\">{\"@context\":\"https:\/\/schema.org\",\"@graph\":[{\"@type\":\"WebPage\",\"@id\":\"https:\/\/www.vegaintro-projekti.com\/pilar-stari\/2022\/07\/znanstvenici-instituta-na-5-hrvatskom-iseljenickom-kongresu-mostar-30-6-3-7-2022\/\",\"url\":\"https:\/\/www.vegaintro-projekti.com\/pilar-stari\/2022\/07\/znanstvenici-instituta-na-5-hrvatskom-iseljenickom-kongresu-mostar-30-6-3-7-2022\/\",\"name\":\"Znanstvenici Instituta na 5. hrvatskom iseljeni\u010dkom kongresu; Mostar, 30. 6. - 3. 7. 2022. - Institut dru&scaron;tvenih znanosti Ivo Pilar\",\"isPartOf\":{\"@id\":\"https:\/\/www.vegaintro-projekti.com\/pilar-stari\/#website\"},\"datePublished\":\"2022-07-05T15:37:42+00:00\",\"dateModified\":\"2022-07-05T15:54:37+00:00\",\"author\":{\"@id\":\"https:\/\/www.vegaintro-projekti.com\/pilar-stari\/#\/schema\/person\/ddd404c9f1e15e4ffef5986ac6a5d28b\"},\"breadcrumb\":{\"@id\":\"https:\/\/www.vegaintro-projekti.com\/pilar-stari\/2022\/07\/znanstvenici-instituta-na-5-hrvatskom-iseljenickom-kongresu-mostar-30-6-3-7-2022\/#breadcrumb\"},\"inLanguage\":\"hr\",\"potentialAction\":[{\"@type\":\"ReadAction\",\"target\":[\"https:\/\/www.vegaintro-projekti.com\/pilar-stari\/2022\/07\/znanstvenici-instituta-na-5-hrvatskom-iseljenickom-kongresu-mostar-30-6-3-7-2022\/\"]}]},{\"@type\":\"BreadcrumbList\",\"@id\":\"https:\/\/www.vegaintro-projekti.com\/pilar-stari\/2022\/07\/znanstvenici-instituta-na-5-hrvatskom-iseljenickom-kongresu-mostar-30-6-3-7-2022\/#breadcrumb\",\"itemListElement\":[{\"@type\":\"ListItem\",\"position\":1,\"name\":\"Home\",\"item\":\"https:\/\/www.vegaintro-projekti.com\/pilar-stari\/\"},{\"@type\":\"ListItem\",\"position\":2,\"name\":\"Znanstvenici Instituta na 5. hrvatskom iseljeni\u010dkom kongresu; Mostar, 30. 6. &#8211; 3. 7. 2022.\"}]},{\"@type\":\"WebSite\",\"@id\":\"https:\/\/www.vegaintro-projekti.com\/pilar-stari\/#website\",\"url\":\"https:\/\/www.vegaintro-projekti.com\/pilar-stari\/\",\"name\":\"Institut dru&scaron;tvenih znanosti Ivo Pilar\",\"description\":\"Pilar\",\"potentialAction\":[{\"@type\":\"SearchAction\",\"target\":{\"@type\":\"EntryPoint\",\"urlTemplate\":\"https:\/\/www.vegaintro-projekti.com\/pilar-stari\/?s={search_term_string}\"},\"query-input\":\"required name=search_term_string\"}],\"inLanguage\":\"hr\"},{\"@type\":\"Person\",\"@id\":\"https:\/\/www.vegaintro-projekti.com\/pilar-stari\/#\/schema\/person\/ddd404c9f1e15e4ffef5986ac6a5d28b\",\"name\":\"Boris\",\"image\":{\"@type\":\"ImageObject\",\"inLanguage\":\"hr\",\"@id\":\"https:\/\/www.vegaintro-projekti.com\/pilar-stari\/#\/schema\/person\/image\/\",\"url\":\"https:\/\/secure.gravatar.com\/avatar\/29557b161a6ce6ab86ac1503164f1e90?s=96&d=mm&r=g\",\"contentUrl\":\"https:\/\/secure.gravatar.com\/avatar\/29557b161a6ce6ab86ac1503164f1e90?s=96&d=mm&r=g\",\"caption\":\"Boris\"},\"url\":\"https:\/\/www.vegaintro-projekti.com\/pilar-stari\/author\/boris\/\"}]}<\/script>\n<!-- \/ Yoast SEO plugin. -->","yoast_head_json":{"title":"Znanstvenici Instituta na 5. hrvatskom iseljeni\u010dkom kongresu; Mostar, 30. 6. - 3. 7. 2022. - Institut dru&scaron;tvenih znanosti Ivo Pilar","robots":{"index":"noindex","follow":"follow","max-snippet":"max-snippet:-1","max-image-preview":"max-image-preview:large","max-video-preview":"max-video-preview:-1"},"og_locale":"hr_HR","og_type":"article","og_title":"Znanstvenici Instituta na 5. hrvatskom iseljeni\u010dkom kongresu; Mostar, 30. 6. - 3. 7. 2022. - Institut dru&scaron;tvenih znanosti Ivo Pilar","og_description":"Na Filozofskom fakultetu Sveu\u010dili\u0161ta u Mostaru od 30. lipnja do 3. srpnja 2022. godine odr\u017ean je u organizaciji Centra za istra\u017eivanje hrvatskoga iseljeni\u0161tva i Sveu\u010dili\u0161ta u Mostaru 5. hrvatski iseljeni\u010dki kongres. Me\u0111u suorganizatorskim institucijama nalazio se i Institut dru\u0161tvenih znanosti Ivo Pilar a me\u0111u zapa\u017eenim sudionicima Kongresa bili su znanstvenici Instituta: dr. sc. Caroline Hornstein&hellip; Pro\u010ditaj vi\u0161e o Znanstvenici Instituta na 5. hrvatskom iseljeni\u010dkom kongresu; Mostar, 30. 6. &#8211; 3. 7. 2022.","og_url":"https:\/\/www.vegaintro-projekti.com\/pilar-stari\/2022\/07\/znanstvenici-instituta-na-5-hrvatskom-iseljenickom-kongresu-mostar-30-6-3-7-2022\/","og_site_name":"Institut dru&scaron;tvenih znanosti Ivo Pilar","article_published_time":"2022-07-05T15:37:42+00:00","article_modified_time":"2022-07-05T15:54:37+00:00","og_image":[{"width":500,"height":219,"url":"https:\/\/www.vegaintro-projekti.com\/pilar-stari\/wp-content\/uploads\/2022\/07\/kongres_fi.jpg","type":"image\/jpeg"}],"author":"Boris","twitter_card":"summary_large_image","twitter_misc":{"Napisao\/la":"Boris","Procijenjeno vrijeme \u010ditanja":"3 minute"},"schema":{"@context":"https:\/\/schema.org","@graph":[{"@type":"WebPage","@id":"https:\/\/www.vegaintro-projekti.com\/pilar-stari\/2022\/07\/znanstvenici-instituta-na-5-hrvatskom-iseljenickom-kongresu-mostar-30-6-3-7-2022\/","url":"https:\/\/www.vegaintro-projekti.com\/pilar-stari\/2022\/07\/znanstvenici-instituta-na-5-hrvatskom-iseljenickom-kongresu-mostar-30-6-3-7-2022\/","name":"Znanstvenici Instituta na 5. hrvatskom iseljeni\u010dkom kongresu; Mostar, 30. 6. - 3. 7. 2022. - Institut dru&scaron;tvenih znanosti Ivo Pilar","isPartOf":{"@id":"https:\/\/www.vegaintro-projekti.com\/pilar-stari\/#website"},"datePublished":"2022-07-05T15:37:42+00:00","dateModified":"2022-07-05T15:54:37+00:00","author":{"@id":"https:\/\/www.vegaintro-projekti.com\/pilar-stari\/#\/schema\/person\/ddd404c9f1e15e4ffef5986ac6a5d28b"},"breadcrumb":{"@id":"https:\/\/www.vegaintro-projekti.com\/pilar-stari\/2022\/07\/znanstvenici-instituta-na-5-hrvatskom-iseljenickom-kongresu-mostar-30-6-3-7-2022\/#breadcrumb"},"inLanguage":"hr","potentialAction":[{"@type":"ReadAction","target":["https:\/\/www.vegaintro-projekti.com\/pilar-stari\/2022\/07\/znanstvenici-instituta-na-5-hrvatskom-iseljenickom-kongresu-mostar-30-6-3-7-2022\/"]}]},{"@type":"BreadcrumbList","@id":"https:\/\/www.vegaintro-projekti.com\/pilar-stari\/2022\/07\/znanstvenici-instituta-na-5-hrvatskom-iseljenickom-kongresu-mostar-30-6-3-7-2022\/#breadcrumb","itemListElement":[{"@type":"ListItem","position":1,"name":"Home","item":"https:\/\/www.vegaintro-projekti.com\/pilar-stari\/"},{"@type":"ListItem","position":2,"name":"Znanstvenici Instituta na 5. hrvatskom iseljeni\u010dkom kongresu; Mostar, 30. 6. &#8211; 3. 7. 2022."}]},{"@type":"WebSite","@id":"https:\/\/www.vegaintro-projekti.com\/pilar-stari\/#website","url":"https:\/\/www.vegaintro-projekti.com\/pilar-stari\/","name":"Institut dru&scaron;tvenih znanosti Ivo Pilar","description":"Pilar","potentialAction":[{"@type":"SearchAction","target":{"@type":"EntryPoint","urlTemplate":"https:\/\/www.vegaintro-projekti.com\/pilar-stari\/?s={search_term_string}"},"query-input":"required name=search_term_string"}],"inLanguage":"hr"},{"@type":"Person","@id":"https:\/\/www.vegaintro-projekti.com\/pilar-stari\/#\/schema\/person\/ddd404c9f1e15e4ffef5986ac6a5d28b","name":"Boris","image":{"@type":"ImageObject","inLanguage":"hr","@id":"https:\/\/www.vegaintro-projekti.com\/pilar-stari\/#\/schema\/person\/image\/","url":"https:\/\/secure.gravatar.com\/avatar\/29557b161a6ce6ab86ac1503164f1e90?s=96&d=mm&r=g","contentUrl":"https:\/\/secure.gravatar.com\/avatar\/29557b161a6ce6ab86ac1503164f1e90?s=96&d=mm&r=g","caption":"Boris"},"url":"https:\/\/www.vegaintro-projekti.com\/pilar-stari\/author\/boris\/"}]}},"_links":{"self":[{"href":"https:\/\/www.vegaintro-projekti.com\/pilar-stari\/wp-json\/wp\/v2\/posts\/22931"}],"collection":[{"href":"https:\/\/www.vegaintro-projekti.com\/pilar-stari\/wp-json\/wp\/v2\/posts"}],"about":[{"href":"https:\/\/www.vegaintro-projekti.com\/pilar-stari\/wp-json\/wp\/v2\/types\/post"}],"author":[{"embeddable":true,"href":"https:\/\/www.vegaintro-projekti.com\/pilar-stari\/wp-json\/wp\/v2\/users\/7"}],"replies":[{"embeddable":true,"href":"https:\/\/www.vegaintro-projekti.com\/pilar-stari\/wp-json\/wp\/v2\/comments?post=22931"}],"version-history":[{"count":3,"href":"https:\/\/www.vegaintro-projekti.com\/pilar-stari\/wp-json\/wp\/v2\/posts\/22931\/revisions"}],"predecessor-version":[{"id":22934,"href":"https:\/\/www.vegaintro-projekti.com\/pilar-stari\/wp-json\/wp\/v2\/posts\/22931\/revisions\/22934"}],"wp:featuredmedia":[{"embeddable":true,"href":"https:\/\/www.vegaintro-projekti.com\/pilar-stari\/wp-json\/wp\/v2\/media\/22929"}],"wp:attachment":[{"href":"https:\/\/www.vegaintro-projekti.com\/pilar-stari\/wp-json\/wp\/v2\/media?parent=22931"}],"wp:term":[{"taxonomy":"category","embeddable":true,"href":"https:\/\/www.vegaintro-projekti.com\/pilar-stari\/wp-json\/wp\/v2\/categories?post=22931"},{"taxonomy":"post_tag","embeddable":true,"href":"https:\/\/www.vegaintro-projekti.com\/pilar-stari\/wp-json\/wp\/v2\/tags?post=22931"}],"curies":[{"name":"wp","href":"https:\/\/api.w.org\/{rel}","templated":true}]}}