{"id":22944,"date":"2022-07-03T16:44:00","date_gmt":"2022-07-03T16:44:00","guid":{"rendered":"https:\/\/www.vegaintro-projekti.com\/pilar-stari\/?p=22944"},"modified":"2022-07-05T16:57:16","modified_gmt":"2022-07-05T16:57:16","slug":"dino-vukusic-i-stipica-grgic-na-konferenciji-the-fourth-conference-in-balkan-studies-connected-balkans-marseille-30-6-2-7-2022","status":"publish","type":"post","link":"https:\/\/www.vegaintro-projekti.com\/pilar-stari\/2022\/07\/dino-vukusic-i-stipica-grgic-na-konferenciji-the-fourth-conference-in-balkan-studies-connected-balkans-marseille-30-6-2-7-2022\/","title":{"rendered":"Dino Vuku\u0161i\u0107 i Stipica Grgi\u0107 na konferenciji \u201eThe Fourth Conference in Balkan Studies: Connected Balkans\u201d; Marseille, 30. 6. &#8211; 2. 7. 2022."},"content":{"rendered":"<p><strong>Suradnici projekta kojeg financira Hrvatska zaklada za znanost CROCEANIA \u2013 Istra\u017eivanje emocija u (re)konstrukciji identiteta dijaspore: Hrvati u Australiji i Novom Zelandu 1945.\u20131991. Dino Vuku\u0161i\u0107 i Stipica Grgi\u0107 sudjelovali su na znanstvenom skupu <em>The Fourth Conference in Balkan Studies: Connected Balkans<\/em> (Marseille, Francuska, 30. 6.-2. 7. 2022.) kojeg je organiziralo Francusko udru\u017eenje za balkanisti\u010dke studije (Association fran\u00e7aise d\u2019\u00e9tudes sur les Balkans)<\/strong><\/p>\n<p><a href=\"https:\/\/www.vegaintro-projekti.com\/pilar-stari\/wp-content\/uploads\/2022\/07\/4ETUDESBalk_2022.pdf\"><img decoding=\"async\" loading=\"lazy\" class=\"alignnone wp-image-22943 size-full\" src=\"https:\/\/www.vegaintro-projekti.com\/pilar-stari\/wp-content\/uploads\/2022\/07\/Ilustr_s.jpg\" alt=\"\" width=\"620\" height=\"690\" srcset=\"https:\/\/www.vegaintro-projekti.com\/pilar-stari\/wp-content\/uploads\/2022\/07\/Ilustr_s.jpg 620w, https:\/\/www.vegaintro-projekti.com\/pilar-stari\/wp-content\/uploads\/2022\/07\/Ilustr_s-270x300.jpg 270w\" sizes=\"(max-width: 620px) 100vw, 620px\" \/><\/a><\/p>\n<p>&#8211; <a href=\"https:\/\/www.vegaintro-projekti.com\/pilar-stari\/wp-content\/uploads\/2022\/07\/4ETUDESBalk_2022.pdf\">Program skupa<\/a><\/p>\n<p>Dino Vuku\u0161i\u0107 i Stipica Grgi\u0107 na skupu su sudjelovali zajedno s Richardom Millsom (University of East Anglia) u radu panela <strong>Football and Nation-Building via Other Continents<\/strong> te su odr\u017eali izlaganja vezana uz njihova dosada\u0161nja istra\u017eivanja u okvirima spomenutog HRZZ projekta. U petak, 1. srpnja 2022. Dino Vuku\u0161i\u0107 je odr\u017eao izlaganje <strong>Football and Emigration \u2013 Identity and Emotions<\/strong>, a Stipica Grgi\u0107 <strong>Building an Image of Yugoslavia on Another Continent: Yugoslav Football Clubs and Their Australian Tours 1949 \u2013 1990<\/strong>.<\/p>\n<blockquote><p><a href=\"https:\/\/www.vegaintro-projekti.com\/pilar-stari\/2021\/03\/croceania-istrazivanje-emocija-u-rekonstrukciji-identiteta-dijaspore-hrvati-u-australiji-i-novom-zelandu-1945-1991\/\">Projekt CROCEANIA<\/a><\/p><\/blockquote>\n","protected":false},"excerpt":{"rendered":"<p>Suradnici projekta kojeg financira Hrvatska zaklada za znanost CROCEANIA \u2013 Istra\u017eivanje emocija u (re)konstrukciji identiteta dijaspore: Hrvati u Australiji i Novom Zelandu 1945.\u20131991. Dino Vuku\u0161i\u0107 i Stipica Grgi\u0107 sudjelovali su na znanstvenom skupu The Fourth Conference in Balkan Studies: Connected Balkans (Marseille, Francuska, 30. 6.-2. 7. 2022.) kojeg je organiziralo Francusko udru\u017eenje za balkanisti\u010dke studije&hellip; <a class=\"continue\" href=\"https:\/\/www.vegaintro-projekti.com\/pilar-stari\/2022\/07\/dino-vukusic-i-stipica-grgic-na-konferenciji-the-fourth-conference-in-balkan-studies-connected-balkans-marseille-30-6-2-7-2022\/\">Pro\u010ditaj vi\u0161e o<span> Dino Vuku\u0161i\u0107 i Stipica Grgi\u0107 na konferenciji \u201eThe Fourth Conference in Balkan Studies: Connected Balkans\u201d; Marseille, 30. 6. &#8211; 2. 7. 2022.<\/span><\/a><\/p>\n","protected":false},"author":7,"featured_media":22942,"comment_status":"closed","ping_status":"closed","sticky":false,"template":"","format":"standard","meta":{"inline_featured_image":false,"ngg_post_thumbnail":0,"footnotes":""},"categories":[48,11],"tags":[],"yoast_head":"<!-- This site is optimized with the Yoast SEO plugin v21.2 - https:\/\/yoast.com\/wordpress\/plugins\/seo\/ -->\n<title>Dino Vuku\u0161i\u0107 i Stipica Grgi\u0107 na konferenciji \u201eThe Fourth Conference in Balkan Studies: Connected Balkans\u201d; Marseille, 30. 6. - 2. 7. 2022. - Institut dru&scaron;tvenih znanosti Ivo Pilar<\/title>\n<meta name=\"robots\" content=\"noindex, follow, max-snippet:-1, max-image-preview:large, max-video-preview:-1\" \/>\n<meta property=\"og:locale\" content=\"hr_HR\" \/>\n<meta property=\"og:type\" content=\"article\" \/>\n<meta property=\"og:title\" content=\"Dino Vuku\u0161i\u0107 i Stipica Grgi\u0107 na konferenciji \u201eThe Fourth Conference in Balkan Studies: Connected Balkans\u201d; Marseille, 30. 6. - 2. 7. 2022. - Institut dru&scaron;tvenih znanosti Ivo Pilar\" \/>\n<meta property=\"og:description\" content=\"Suradnici projekta kojeg financira Hrvatska zaklada za znanost CROCEANIA \u2013 Istra\u017eivanje emocija u (re)konstrukciji identiteta dijaspore: Hrvati u Australiji i Novom Zelandu 1945.\u20131991. Dino Vuku\u0161i\u0107 i Stipica Grgi\u0107 sudjelovali su na znanstvenom skupu The Fourth Conference in Balkan Studies: Connected Balkans (Marseille, Francuska, 30. 6.-2. 7. 2022.) kojeg je organiziralo Francusko udru\u017eenje za balkanisti\u010dke studije&hellip; Pro\u010ditaj vi\u0161e o Dino Vuku\u0161i\u0107 i Stipica Grgi\u0107 na konferenciji \u201eThe Fourth Conference in Balkan Studies: Connected Balkans\u201d; Marseille, 30. 6. &#8211; 2. 7. 2022.\" \/>\n<meta property=\"og:url\" content=\"https:\/\/www.vegaintro-projekti.com\/pilar-stari\/2022\/07\/dino-vukusic-i-stipica-grgic-na-konferenciji-the-fourth-conference-in-balkan-studies-connected-balkans-marseille-30-6-2-7-2022\/\" \/>\n<meta property=\"og:site_name\" content=\"Institut dru&scaron;tvenih znanosti Ivo Pilar\" \/>\n<meta property=\"article:published_time\" content=\"2022-07-03T16:44:00+00:00\" \/>\n<meta property=\"article:modified_time\" content=\"2022-07-05T16:57:16+00:00\" \/>\n<meta property=\"og:image\" content=\"https:\/\/www.vegaintro-projekti.com\/pilar-stari\/wp-content\/uploads\/2022\/07\/Ilustr_fi.jpg\" \/>\n\t<meta property=\"og:image:width\" content=\"330\" \/>\n\t<meta property=\"og:image:height\" content=\"220\" \/>\n\t<meta property=\"og:image:type\" content=\"image\/jpeg\" \/>\n<meta name=\"author\" content=\"Boris\" \/>\n<meta name=\"twitter:card\" content=\"summary_large_image\" \/>\n<meta name=\"twitter:label1\" content=\"Napisao\/la\" \/>\n\t<meta name=\"twitter:data1\" content=\"Boris\" \/>\n\t<meta name=\"twitter:label2\" content=\"Procijenjeno vrijeme \u010ditanja\" \/>\n\t<meta name=\"twitter:data2\" content=\"1 minuta\" \/>\n<script type=\"application\/ld+json\" class=\"yoast-schema-graph\">{\"@context\":\"https:\/\/schema.org\",\"@graph\":[{\"@type\":\"WebPage\",\"@id\":\"https:\/\/www.vegaintro-projekti.com\/pilar-stari\/2022\/07\/dino-vukusic-i-stipica-grgic-na-konferenciji-the-fourth-conference-in-balkan-studies-connected-balkans-marseille-30-6-2-7-2022\/\",\"url\":\"https:\/\/www.vegaintro-projekti.com\/pilar-stari\/2022\/07\/dino-vukusic-i-stipica-grgic-na-konferenciji-the-fourth-conference-in-balkan-studies-connected-balkans-marseille-30-6-2-7-2022\/\",\"name\":\"Dino Vuku\u0161i\u0107 i Stipica Grgi\u0107 na konferenciji \u201eThe Fourth Conference in Balkan Studies: Connected Balkans\u201d; Marseille, 30. 6. - 2. 7. 2022. - Institut dru&scaron;tvenih znanosti Ivo Pilar\",\"isPartOf\":{\"@id\":\"https:\/\/www.vegaintro-projekti.com\/pilar-stari\/#website\"},\"datePublished\":\"2022-07-03T16:44:00+00:00\",\"dateModified\":\"2022-07-05T16:57:16+00:00\",\"author\":{\"@id\":\"https:\/\/www.vegaintro-projekti.com\/pilar-stari\/#\/schema\/person\/ddd404c9f1e15e4ffef5986ac6a5d28b\"},\"breadcrumb\":{\"@id\":\"https:\/\/www.vegaintro-projekti.com\/pilar-stari\/2022\/07\/dino-vukusic-i-stipica-grgic-na-konferenciji-the-fourth-conference-in-balkan-studies-connected-balkans-marseille-30-6-2-7-2022\/#breadcrumb\"},\"inLanguage\":\"hr\",\"potentialAction\":[{\"@type\":\"ReadAction\",\"target\":[\"https:\/\/www.vegaintro-projekti.com\/pilar-stari\/2022\/07\/dino-vukusic-i-stipica-grgic-na-konferenciji-the-fourth-conference-in-balkan-studies-connected-balkans-marseille-30-6-2-7-2022\/\"]}]},{\"@type\":\"BreadcrumbList\",\"@id\":\"https:\/\/www.vegaintro-projekti.com\/pilar-stari\/2022\/07\/dino-vukusic-i-stipica-grgic-na-konferenciji-the-fourth-conference-in-balkan-studies-connected-balkans-marseille-30-6-2-7-2022\/#breadcrumb\",\"itemListElement\":[{\"@type\":\"ListItem\",\"position\":1,\"name\":\"Home\",\"item\":\"https:\/\/www.vegaintro-projekti.com\/pilar-stari\/\"},{\"@type\":\"ListItem\",\"position\":2,\"name\":\"Dino Vuku\u0161i\u0107 i Stipica Grgi\u0107 na konferenciji \u201eThe Fourth Conference in Balkan Studies: Connected Balkans\u201d; Marseille, 30. 6. &#8211; 2. 7. 2022.\"}]},{\"@type\":\"WebSite\",\"@id\":\"https:\/\/www.vegaintro-projekti.com\/pilar-stari\/#website\",\"url\":\"https:\/\/www.vegaintro-projekti.com\/pilar-stari\/\",\"name\":\"Institut dru&scaron;tvenih znanosti Ivo Pilar\",\"description\":\"Pilar\",\"potentialAction\":[{\"@type\":\"SearchAction\",\"target\":{\"@type\":\"EntryPoint\",\"urlTemplate\":\"https:\/\/www.vegaintro-projekti.com\/pilar-stari\/?s={search_term_string}\"},\"query-input\":\"required name=search_term_string\"}],\"inLanguage\":\"hr\"},{\"@type\":\"Person\",\"@id\":\"https:\/\/www.vegaintro-projekti.com\/pilar-stari\/#\/schema\/person\/ddd404c9f1e15e4ffef5986ac6a5d28b\",\"name\":\"Boris\",\"image\":{\"@type\":\"ImageObject\",\"inLanguage\":\"hr\",\"@id\":\"https:\/\/www.vegaintro-projekti.com\/pilar-stari\/#\/schema\/person\/image\/\",\"url\":\"https:\/\/secure.gravatar.com\/avatar\/29557b161a6ce6ab86ac1503164f1e90?s=96&d=mm&r=g\",\"contentUrl\":\"https:\/\/secure.gravatar.com\/avatar\/29557b161a6ce6ab86ac1503164f1e90?s=96&d=mm&r=g\",\"caption\":\"Boris\"},\"url\":\"https:\/\/www.vegaintro-projekti.com\/pilar-stari\/author\/boris\/\"}]}<\/script>\n<!-- \/ Yoast SEO plugin. -->","yoast_head_json":{"title":"Dino Vuku\u0161i\u0107 i Stipica Grgi\u0107 na konferenciji \u201eThe Fourth Conference in Balkan Studies: Connected Balkans\u201d; Marseille, 30. 6. - 2. 7. 2022. - Institut dru&scaron;tvenih znanosti Ivo Pilar","robots":{"index":"noindex","follow":"follow","max-snippet":"max-snippet:-1","max-image-preview":"max-image-preview:large","max-video-preview":"max-video-preview:-1"},"og_locale":"hr_HR","og_type":"article","og_title":"Dino Vuku\u0161i\u0107 i Stipica Grgi\u0107 na konferenciji \u201eThe Fourth Conference in Balkan Studies: Connected Balkans\u201d; Marseille, 30. 6. - 2. 7. 2022. - Institut dru&scaron;tvenih znanosti Ivo Pilar","og_description":"Suradnici projekta kojeg financira Hrvatska zaklada za znanost CROCEANIA \u2013 Istra\u017eivanje emocija u (re)konstrukciji identiteta dijaspore: Hrvati u Australiji i Novom Zelandu 1945.\u20131991. Dino Vuku\u0161i\u0107 i Stipica Grgi\u0107 sudjelovali su na znanstvenom skupu The Fourth Conference in Balkan Studies: Connected Balkans (Marseille, Francuska, 30. 6.-2. 7. 2022.) kojeg je organiziralo Francusko udru\u017eenje za balkanisti\u010dke studije&hellip; Pro\u010ditaj vi\u0161e o Dino Vuku\u0161i\u0107 i Stipica Grgi\u0107 na konferenciji \u201eThe Fourth Conference in Balkan Studies: Connected Balkans\u201d; Marseille, 30. 6. &#8211; 2. 7. 2022.","og_url":"https:\/\/www.vegaintro-projekti.com\/pilar-stari\/2022\/07\/dino-vukusic-i-stipica-grgic-na-konferenciji-the-fourth-conference-in-balkan-studies-connected-balkans-marseille-30-6-2-7-2022\/","og_site_name":"Institut dru&scaron;tvenih znanosti Ivo Pilar","article_published_time":"2022-07-03T16:44:00+00:00","article_modified_time":"2022-07-05T16:57:16+00:00","og_image":[{"width":330,"height":220,"url":"https:\/\/www.vegaintro-projekti.com\/pilar-stari\/wp-content\/uploads\/2022\/07\/Ilustr_fi.jpg","type":"image\/jpeg"}],"author":"Boris","twitter_card":"summary_large_image","twitter_misc":{"Napisao\/la":"Boris","Procijenjeno vrijeme \u010ditanja":"1 minuta"},"schema":{"@context":"https:\/\/schema.org","@graph":[{"@type":"WebPage","@id":"https:\/\/www.vegaintro-projekti.com\/pilar-stari\/2022\/07\/dino-vukusic-i-stipica-grgic-na-konferenciji-the-fourth-conference-in-balkan-studies-connected-balkans-marseille-30-6-2-7-2022\/","url":"https:\/\/www.vegaintro-projekti.com\/pilar-stari\/2022\/07\/dino-vukusic-i-stipica-grgic-na-konferenciji-the-fourth-conference-in-balkan-studies-connected-balkans-marseille-30-6-2-7-2022\/","name":"Dino Vuku\u0161i\u0107 i Stipica Grgi\u0107 na konferenciji \u201eThe Fourth Conference in Balkan Studies: Connected Balkans\u201d; Marseille, 30. 6. - 2. 7. 2022. - Institut dru&scaron;tvenih znanosti Ivo Pilar","isPartOf":{"@id":"https:\/\/www.vegaintro-projekti.com\/pilar-stari\/#website"},"datePublished":"2022-07-03T16:44:00+00:00","dateModified":"2022-07-05T16:57:16+00:00","author":{"@id":"https:\/\/www.vegaintro-projekti.com\/pilar-stari\/#\/schema\/person\/ddd404c9f1e15e4ffef5986ac6a5d28b"},"breadcrumb":{"@id":"https:\/\/www.vegaintro-projekti.com\/pilar-stari\/2022\/07\/dino-vukusic-i-stipica-grgic-na-konferenciji-the-fourth-conference-in-balkan-studies-connected-balkans-marseille-30-6-2-7-2022\/#breadcrumb"},"inLanguage":"hr","potentialAction":[{"@type":"ReadAction","target":["https:\/\/www.vegaintro-projekti.com\/pilar-stari\/2022\/07\/dino-vukusic-i-stipica-grgic-na-konferenciji-the-fourth-conference-in-balkan-studies-connected-balkans-marseille-30-6-2-7-2022\/"]}]},{"@type":"BreadcrumbList","@id":"https:\/\/www.vegaintro-projekti.com\/pilar-stari\/2022\/07\/dino-vukusic-i-stipica-grgic-na-konferenciji-the-fourth-conference-in-balkan-studies-connected-balkans-marseille-30-6-2-7-2022\/#breadcrumb","itemListElement":[{"@type":"ListItem","position":1,"name":"Home","item":"https:\/\/www.vegaintro-projekti.com\/pilar-stari\/"},{"@type":"ListItem","position":2,"name":"Dino Vuku\u0161i\u0107 i Stipica Grgi\u0107 na konferenciji \u201eThe Fourth Conference in Balkan Studies: Connected Balkans\u201d; Marseille, 30. 6. &#8211; 2. 7. 2022."}]},{"@type":"WebSite","@id":"https:\/\/www.vegaintro-projekti.com\/pilar-stari\/#website","url":"https:\/\/www.vegaintro-projekti.com\/pilar-stari\/","name":"Institut dru&scaron;tvenih znanosti Ivo Pilar","description":"Pilar","potentialAction":[{"@type":"SearchAction","target":{"@type":"EntryPoint","urlTemplate":"https:\/\/www.vegaintro-projekti.com\/pilar-stari\/?s={search_term_string}"},"query-input":"required name=search_term_string"}],"inLanguage":"hr"},{"@type":"Person","@id":"https:\/\/www.vegaintro-projekti.com\/pilar-stari\/#\/schema\/person\/ddd404c9f1e15e4ffef5986ac6a5d28b","name":"Boris","image":{"@type":"ImageObject","inLanguage":"hr","@id":"https:\/\/www.vegaintro-projekti.com\/pilar-stari\/#\/schema\/person\/image\/","url":"https:\/\/secure.gravatar.com\/avatar\/29557b161a6ce6ab86ac1503164f1e90?s=96&d=mm&r=g","contentUrl":"https:\/\/secure.gravatar.com\/avatar\/29557b161a6ce6ab86ac1503164f1e90?s=96&d=mm&r=g","caption":"Boris"},"url":"https:\/\/www.vegaintro-projekti.com\/pilar-stari\/author\/boris\/"}]}},"_links":{"self":[{"href":"https:\/\/www.vegaintro-projekti.com\/pilar-stari\/wp-json\/wp\/v2\/posts\/22944"}],"collection":[{"href":"https:\/\/www.vegaintro-projekti.com\/pilar-stari\/wp-json\/wp\/v2\/posts"}],"about":[{"href":"https:\/\/www.vegaintro-projekti.com\/pilar-stari\/wp-json\/wp\/v2\/types\/post"}],"author":[{"embeddable":true,"href":"https:\/\/www.vegaintro-projekti.com\/pilar-stari\/wp-json\/wp\/v2\/users\/7"}],"replies":[{"embeddable":true,"href":"https:\/\/www.vegaintro-projekti.com\/pilar-stari\/wp-json\/wp\/v2\/comments?post=22944"}],"version-history":[{"count":2,"href":"https:\/\/www.vegaintro-projekti.com\/pilar-stari\/wp-json\/wp\/v2\/posts\/22944\/revisions"}],"predecessor-version":[{"id":22946,"href":"https:\/\/www.vegaintro-projekti.com\/pilar-stari\/wp-json\/wp\/v2\/posts\/22944\/revisions\/22946"}],"wp:featuredmedia":[{"embeddable":true,"href":"https:\/\/www.vegaintro-projekti.com\/pilar-stari\/wp-json\/wp\/v2\/media\/22942"}],"wp:attachment":[{"href":"https:\/\/www.vegaintro-projekti.com\/pilar-stari\/wp-json\/wp\/v2\/media?parent=22944"}],"wp:term":[{"taxonomy":"category","embeddable":true,"href":"https:\/\/www.vegaintro-projekti.com\/pilar-stari\/wp-json\/wp\/v2\/categories?post=22944"},{"taxonomy":"post_tag","embeddable":true,"href":"https:\/\/www.vegaintro-projekti.com\/pilar-stari\/wp-json\/wp\/v2\/tags?post=22944"}],"curies":[{"name":"wp","href":"https:\/\/api.w.org\/{rel}","templated":true}]}}