{"id":23263,"date":"2022-09-06T22:03:07","date_gmt":"2022-09-06T22:03:07","guid":{"rendered":"https:\/\/www.vegaintro-projekti.com\/pilar-stari\/?p=23263"},"modified":"2022-09-06T22:12:11","modified_gmt":"2022-09-06T22:12:11","slug":"konferencija-istrazivacke-mreze-za-kulturu-europske-socioloske-asocijacije-esa-rn7-portsmouth-31-8-3-9-2022","status":"publish","type":"post","link":"https:\/\/www.vegaintro-projekti.com\/pilar-stari\/2022\/09\/konferencija-istrazivacke-mreze-za-kulturu-europske-socioloske-asocijacije-esa-rn7-portsmouth-31-8-3-9-2022\/","title":{"rendered":"Konferencija istra\u017eiva\u010dke mre\u017ee za kulturu Europske sociolo\u0161ke asocijacije (ESA RN7), Portsmouth, 31. 8. \u2013 3. 9. 2022."},"content":{"rendered":"<p><strong>Dr. sc. Inga Tomi\u0107-Koludrovi\u0107, mr. sc. Mirko Petri\u0107 i dr. sc. \u017deljka Zdravkovi\u0107 odr\u017eali su tri znanstvena priop\u0107enja na Konferenciji istra\u017eiva\u010dke mre\u017ee za kulturu Europske sociolo\u0161ke asocijacije (ESA RN7) \u201cCulture(s) on the margins\u201d koja se odr\u017eavala u Portsmouthu (Velika Britanija) u razdoblju izme\u0111u 31. kolovoza i 3. rujna 2022.<\/strong><\/p>\n<p><img decoding=\"async\" loading=\"lazy\" class=\"alignnone wp-image-23261 size-full\" src=\"https:\/\/www.vegaintro-projekti.com\/pilar-stari\/wp-content\/uploads\/2022\/09\/Sl_3.jpg\" alt=\"\" width=\"620\" height=\"151\" srcset=\"https:\/\/www.vegaintro-projekti.com\/pilar-stari\/wp-content\/uploads\/2022\/09\/Sl_3.jpg 620w, https:\/\/www.vegaintro-projekti.com\/pilar-stari\/wp-content\/uploads\/2022\/09\/Sl_3-300x73.jpg 300w\" sizes=\"(max-width: 620px) 100vw, 620px\" \/><img decoding=\"async\" loading=\"lazy\" class=\"alignnone wp-image-23262 size-full\" src=\"https:\/\/www.vegaintro-projekti.com\/pilar-stari\/wp-content\/uploads\/2022\/09\/Sl_4.jpg\" alt=\"\" width=\"620\" height=\"413\" srcset=\"https:\/\/www.vegaintro-projekti.com\/pilar-stari\/wp-content\/uploads\/2022\/09\/Sl_4.jpg 620w, https:\/\/www.vegaintro-projekti.com\/pilar-stari\/wp-content\/uploads\/2022\/09\/Sl_4-300x200.jpg 300w\" sizes=\"(max-width: 620px) 100vw, 620px\" \/><\/p>\n<p>Sva tri priop\u0107enja nastala su na temelju istra\u017eiva\u010dkih podataka prikupljenih anketnim ispitivanjima u devet europskih zemalja, u okviru projekta \u201eINVENT &#8211; Europsko popisivanje dru\u0161tvenih vrijednosti kulture kao temelj uklju\u010divih kulturnih politika u globaliziraju\u0107em svijetu\u201c (Horizon 2020, 870691) i u suatorstvu s drugim istra\u017eiva\u010dima\/cama s tog projekta.<\/p>\n<p>U zasebnom panelu posve\u0107enom rezultatima projekta, s naslovom \u201eKulturni kapitali, kulturne prakse\u201c, odr\u017eana su sljede\u0107a priop\u0107enja:<\/p>\n<p><a href=\"https:\/\/www.vegaintro-projekti.com\/pilar-stari\/wp-content\/uploads\/2022\/09\/Sl_1-1.jpg\"><img decoding=\"async\" loading=\"lazy\" class=\"alignnone wp-image-23258 size-full\" src=\"https:\/\/www.vegaintro-projekti.com\/pilar-stari\/wp-content\/uploads\/2022\/09\/Sl_1s-1.jpg\" alt=\"\" width=\"620\" height=\"460\" srcset=\"https:\/\/www.vegaintro-projekti.com\/pilar-stari\/wp-content\/uploads\/2022\/09\/Sl_1s-1.jpg 620w, https:\/\/www.vegaintro-projekti.com\/pilar-stari\/wp-content\/uploads\/2022\/09\/Sl_1s-1-300x223.jpg 300w\" sizes=\"(max-width: 620px) 100vw, 620px\" \/><\/a><a href=\"https:\/\/www.vegaintro-projekti.com\/pilar-stari\/wp-content\/uploads\/2022\/09\/Sl_2-1.jpg\"><img decoding=\"async\" loading=\"lazy\" class=\"alignnone wp-image-23260 size-full\" src=\"https:\/\/www.vegaintro-projekti.com\/pilar-stari\/wp-content\/uploads\/2022\/09\/Sl_2s-1.jpg\" alt=\"\" width=\"620\" height=\"335\" srcset=\"https:\/\/www.vegaintro-projekti.com\/pilar-stari\/wp-content\/uploads\/2022\/09\/Sl_2s-1.jpg 620w, https:\/\/www.vegaintro-projekti.com\/pilar-stari\/wp-content\/uploads\/2022\/09\/Sl_2s-1-300x162.jpg 300w\" sizes=\"(max-width: 620px) 100vw, 620px\" \/><\/a><\/p>\n<p>&#8211; Inga Tomi\u0107-Koludrovi\u0107; Mirko Petri\u0107; \u017deljka Zdravkovi\u0107, Predrag Cveti\u010danin i Tally Katz-Gerro: \u201cThe influence of cultural capital on the perception of globalizing processes in nine European countries\u201c (\u201eUtjecaj kulturnog kapitala na percepciju globalizacijskih procesa u devet europskih zemalja\u201c);<\/p>\n<p>&#8211; Predrag Cveti\u010danin; Fr\u00e9d\u00e9ric Lebaron; Lucas Page Pereira; Inga Tomi\u0107-Koludrovi\u0107 i \u017deljka Zdravkovi\u0107: \u201cDo social inequalities influence different types of cultural practices in the same way?\u201c (\u201eUtje\u010du li dru\u0161tvene nejednakosti na razli\u010dite tipove kulturnih praksi na isti na\u010din?\u201c);<\/p>\n<p>&#8211; \u017deljka Zdravkovi\u0107; Inga Tomi\u0107-Koludrovi\u0107; Mirko Petri\u0107 i Lucas Page Pereira: \u201cIn culture we are all equal? Leisure activities and social inequalities in nine European countries in the times of Covid-19\u201c (\u201eJesmo li svi jednaki u kulturi? Aktivnosti u slobodnom vremenu i dru\u0161tvene nejednakosti u devet europskih zemalja u vremenu Covida-19?\u201c).<\/p>\n<p>U svojstvu \u010dlana odbora Istra\u017eiva\u010dke mre\u017ee za kulturu Europske sociolo\u0161ke asocijacije (ESA RN7), mr. sc. Mirko Petri\u0107 sudjelovao je u radnom sastanku posve\u0107enom budu\u0107im aktivnostima mre\u017ee, te moderirao vi\u0161e sesija i jedno pozvano predavanje.<\/p>\n<blockquote><p><a href=\"https:\/\/www.vegaintro-projekti.com\/pilar-stari\/2020\/05\/invent-european-inventory-of-societal-values-of-culture-as-a-basis-for-inclusive-cultural-policies-in-the-globalizing-world\/\">Projekt INVENT<\/a><\/p>\n<p><a href=\"https:\/\/www.vegaintro-projekti.com\/pilar-stari\/2010\/07\/podruni-centar-split-2\/\">Podru\u010dni centar Split<\/a><\/p><\/blockquote>\n","protected":false},"excerpt":{"rendered":"<p>Dr. sc. Inga Tomi\u0107-Koludrovi\u0107, mr. sc. Mirko Petri\u0107 i dr. sc. \u017deljka Zdravkovi\u0107 odr\u017eali su tri znanstvena priop\u0107enja na Konferenciji istra\u017eiva\u010dke mre\u017ee za kulturu Europske sociolo\u0161ke asocijacije (ESA RN7) \u201cCulture(s) on the margins\u201d koja se odr\u017eavala u Portsmouthu (Velika Britanija) u razdoblju izme\u0111u 31. kolovoza i 3. rujna 2022. Sva tri priop\u0107enja nastala su na&hellip; <a class=\"continue\" href=\"https:\/\/www.vegaintro-projekti.com\/pilar-stari\/2022\/09\/konferencija-istrazivacke-mreze-za-kulturu-europske-socioloske-asocijacije-esa-rn7-portsmouth-31-8-3-9-2022\/\">Pro\u010ditaj vi\u0161e o<span> Konferencija istra\u017eiva\u010dke mre\u017ee za kulturu Europske sociolo\u0161ke asocijacije (ESA RN7), Portsmouth, 31. 8. \u2013 3. 9. 2022.<\/span><\/a><\/p>\n","protected":false},"author":7,"featured_media":23257,"comment_status":"closed","ping_status":"closed","sticky":false,"template":"","format":"standard","meta":{"inline_featured_image":false,"ngg_post_thumbnail":0,"footnotes":""},"categories":[48,11],"tags":[],"yoast_head":"<!-- This site is optimized with the Yoast SEO plugin v21.2 - https:\/\/yoast.com\/wordpress\/plugins\/seo\/ -->\n<title>Konferencija istra\u017eiva\u010dke mre\u017ee za kulturu Europske sociolo\u0161ke asocijacije (ESA RN7), Portsmouth, 31. 8. \u2013 3. 9. 2022. - Institut dru&scaron;tvenih znanosti Ivo Pilar<\/title>\n<meta name=\"robots\" content=\"noindex, follow, max-snippet:-1, max-image-preview:large, max-video-preview:-1\" \/>\n<meta property=\"og:locale\" content=\"hr_HR\" \/>\n<meta property=\"og:type\" content=\"article\" \/>\n<meta property=\"og:title\" content=\"Konferencija istra\u017eiva\u010dke mre\u017ee za kulturu Europske sociolo\u0161ke asocijacije (ESA RN7), Portsmouth, 31. 8. \u2013 3. 9. 2022. - Institut dru&scaron;tvenih znanosti Ivo Pilar\" \/>\n<meta property=\"og:description\" content=\"Dr. sc. Inga Tomi\u0107-Koludrovi\u0107, mr. sc. Mirko Petri\u0107 i dr. sc. \u017deljka Zdravkovi\u0107 odr\u017eali su tri znanstvena priop\u0107enja na Konferenciji istra\u017eiva\u010dke mre\u017ee za kulturu Europske sociolo\u0161ke asocijacije (ESA RN7) \u201cCulture(s) on the margins\u201d koja se odr\u017eavala u Portsmouthu (Velika Britanija) u razdoblju izme\u0111u 31. kolovoza i 3. rujna 2022. Sva tri priop\u0107enja nastala su na&hellip; Pro\u010ditaj vi\u0161e o Konferencija istra\u017eiva\u010dke mre\u017ee za kulturu Europske sociolo\u0161ke asocijacije (ESA RN7), Portsmouth, 31. 8. \u2013 3. 9. 2022.\" \/>\n<meta property=\"og:url\" content=\"https:\/\/www.vegaintro-projekti.com\/pilar-stari\/2022\/09\/konferencija-istrazivacke-mreze-za-kulturu-europske-socioloske-asocijacije-esa-rn7-portsmouth-31-8-3-9-2022\/\" \/>\n<meta property=\"og:site_name\" content=\"Institut dru&scaron;tvenih znanosti Ivo Pilar\" \/>\n<meta property=\"article:published_time\" content=\"2022-09-06T22:03:07+00:00\" \/>\n<meta property=\"article:modified_time\" content=\"2022-09-06T22:12:11+00:00\" \/>\n<meta property=\"og:image\" content=\"https:\/\/www.vegaintro-projekti.com\/pilar-stari\/wp-content\/uploads\/2022\/09\/Sl_1fi.jpg\" \/>\n\t<meta property=\"og:image:width\" content=\"500\" \/>\n\t<meta property=\"og:image:height\" content=\"221\" \/>\n\t<meta property=\"og:image:type\" content=\"image\/jpeg\" \/>\n<meta name=\"author\" content=\"Boris\" \/>\n<meta name=\"twitter:card\" content=\"summary_large_image\" \/>\n<meta name=\"twitter:label1\" content=\"Napisao\/la\" \/>\n\t<meta name=\"twitter:data1\" content=\"Boris\" \/>\n\t<meta name=\"twitter:label2\" content=\"Procijenjeno vrijeme \u010ditanja\" \/>\n\t<meta name=\"twitter:data2\" content=\"3 minute\" \/>\n<script type=\"application\/ld+json\" class=\"yoast-schema-graph\">{\"@context\":\"https:\/\/schema.org\",\"@graph\":[{\"@type\":\"WebPage\",\"@id\":\"https:\/\/www.vegaintro-projekti.com\/pilar-stari\/2022\/09\/konferencija-istrazivacke-mreze-za-kulturu-europske-socioloske-asocijacije-esa-rn7-portsmouth-31-8-3-9-2022\/\",\"url\":\"https:\/\/www.vegaintro-projekti.com\/pilar-stari\/2022\/09\/konferencija-istrazivacke-mreze-za-kulturu-europske-socioloske-asocijacije-esa-rn7-portsmouth-31-8-3-9-2022\/\",\"name\":\"Konferencija istra\u017eiva\u010dke mre\u017ee za kulturu Europske sociolo\u0161ke asocijacije (ESA RN7), Portsmouth, 31. 8. \u2013 3. 9. 2022. - Institut dru&scaron;tvenih znanosti Ivo Pilar\",\"isPartOf\":{\"@id\":\"https:\/\/www.vegaintro-projekti.com\/pilar-stari\/#website\"},\"datePublished\":\"2022-09-06T22:03:07+00:00\",\"dateModified\":\"2022-09-06T22:12:11+00:00\",\"author\":{\"@id\":\"https:\/\/www.vegaintro-projekti.com\/pilar-stari\/#\/schema\/person\/ddd404c9f1e15e4ffef5986ac6a5d28b\"},\"breadcrumb\":{\"@id\":\"https:\/\/www.vegaintro-projekti.com\/pilar-stari\/2022\/09\/konferencija-istrazivacke-mreze-za-kulturu-europske-socioloske-asocijacije-esa-rn7-portsmouth-31-8-3-9-2022\/#breadcrumb\"},\"inLanguage\":\"hr\",\"potentialAction\":[{\"@type\":\"ReadAction\",\"target\":[\"https:\/\/www.vegaintro-projekti.com\/pilar-stari\/2022\/09\/konferencija-istrazivacke-mreze-za-kulturu-europske-socioloske-asocijacije-esa-rn7-portsmouth-31-8-3-9-2022\/\"]}]},{\"@type\":\"BreadcrumbList\",\"@id\":\"https:\/\/www.vegaintro-projekti.com\/pilar-stari\/2022\/09\/konferencija-istrazivacke-mreze-za-kulturu-europske-socioloske-asocijacije-esa-rn7-portsmouth-31-8-3-9-2022\/#breadcrumb\",\"itemListElement\":[{\"@type\":\"ListItem\",\"position\":1,\"name\":\"Home\",\"item\":\"https:\/\/www.vegaintro-projekti.com\/pilar-stari\/\"},{\"@type\":\"ListItem\",\"position\":2,\"name\":\"Konferencija istra\u017eiva\u010dke mre\u017ee za kulturu Europske sociolo\u0161ke asocijacije (ESA RN7), Portsmouth, 31. 8. \u2013 3. 9. 2022.\"}]},{\"@type\":\"WebSite\",\"@id\":\"https:\/\/www.vegaintro-projekti.com\/pilar-stari\/#website\",\"url\":\"https:\/\/www.vegaintro-projekti.com\/pilar-stari\/\",\"name\":\"Institut dru&scaron;tvenih znanosti Ivo Pilar\",\"description\":\"Pilar\",\"potentialAction\":[{\"@type\":\"SearchAction\",\"target\":{\"@type\":\"EntryPoint\",\"urlTemplate\":\"https:\/\/www.vegaintro-projekti.com\/pilar-stari\/?s={search_term_string}\"},\"query-input\":\"required name=search_term_string\"}],\"inLanguage\":\"hr\"},{\"@type\":\"Person\",\"@id\":\"https:\/\/www.vegaintro-projekti.com\/pilar-stari\/#\/schema\/person\/ddd404c9f1e15e4ffef5986ac6a5d28b\",\"name\":\"Boris\",\"image\":{\"@type\":\"ImageObject\",\"inLanguage\":\"hr\",\"@id\":\"https:\/\/www.vegaintro-projekti.com\/pilar-stari\/#\/schema\/person\/image\/\",\"url\":\"https:\/\/secure.gravatar.com\/avatar\/29557b161a6ce6ab86ac1503164f1e90?s=96&d=mm&r=g\",\"contentUrl\":\"https:\/\/secure.gravatar.com\/avatar\/29557b161a6ce6ab86ac1503164f1e90?s=96&d=mm&r=g\",\"caption\":\"Boris\"},\"url\":\"https:\/\/www.vegaintro-projekti.com\/pilar-stari\/author\/boris\/\"}]}<\/script>\n<!-- \/ Yoast SEO plugin. -->","yoast_head_json":{"title":"Konferencija istra\u017eiva\u010dke mre\u017ee za kulturu Europske sociolo\u0161ke asocijacije (ESA RN7), Portsmouth, 31. 8. \u2013 3. 9. 2022. - Institut dru&scaron;tvenih znanosti Ivo Pilar","robots":{"index":"noindex","follow":"follow","max-snippet":"max-snippet:-1","max-image-preview":"max-image-preview:large","max-video-preview":"max-video-preview:-1"},"og_locale":"hr_HR","og_type":"article","og_title":"Konferencija istra\u017eiva\u010dke mre\u017ee za kulturu Europske sociolo\u0161ke asocijacije (ESA RN7), Portsmouth, 31. 8. \u2013 3. 9. 2022. - Institut dru&scaron;tvenih znanosti Ivo Pilar","og_description":"Dr. sc. Inga Tomi\u0107-Koludrovi\u0107, mr. sc. Mirko Petri\u0107 i dr. sc. \u017deljka Zdravkovi\u0107 odr\u017eali su tri znanstvena priop\u0107enja na Konferenciji istra\u017eiva\u010dke mre\u017ee za kulturu Europske sociolo\u0161ke asocijacije (ESA RN7) \u201cCulture(s) on the margins\u201d koja se odr\u017eavala u Portsmouthu (Velika Britanija) u razdoblju izme\u0111u 31. kolovoza i 3. rujna 2022. Sva tri priop\u0107enja nastala su na&hellip; Pro\u010ditaj vi\u0161e o Konferencija istra\u017eiva\u010dke mre\u017ee za kulturu Europske sociolo\u0161ke asocijacije (ESA RN7), Portsmouth, 31. 8. \u2013 3. 9. 2022.","og_url":"https:\/\/www.vegaintro-projekti.com\/pilar-stari\/2022\/09\/konferencija-istrazivacke-mreze-za-kulturu-europske-socioloske-asocijacije-esa-rn7-portsmouth-31-8-3-9-2022\/","og_site_name":"Institut dru&scaron;tvenih znanosti Ivo Pilar","article_published_time":"2022-09-06T22:03:07+00:00","article_modified_time":"2022-09-06T22:12:11+00:00","og_image":[{"width":500,"height":221,"url":"https:\/\/www.vegaintro-projekti.com\/pilar-stari\/wp-content\/uploads\/2022\/09\/Sl_1fi.jpg","type":"image\/jpeg"}],"author":"Boris","twitter_card":"summary_large_image","twitter_misc":{"Napisao\/la":"Boris","Procijenjeno vrijeme \u010ditanja":"3 minute"},"schema":{"@context":"https:\/\/schema.org","@graph":[{"@type":"WebPage","@id":"https:\/\/www.vegaintro-projekti.com\/pilar-stari\/2022\/09\/konferencija-istrazivacke-mreze-za-kulturu-europske-socioloske-asocijacije-esa-rn7-portsmouth-31-8-3-9-2022\/","url":"https:\/\/www.vegaintro-projekti.com\/pilar-stari\/2022\/09\/konferencija-istrazivacke-mreze-za-kulturu-europske-socioloske-asocijacije-esa-rn7-portsmouth-31-8-3-9-2022\/","name":"Konferencija istra\u017eiva\u010dke mre\u017ee za kulturu Europske sociolo\u0161ke asocijacije (ESA RN7), Portsmouth, 31. 8. \u2013 3. 9. 2022. - Institut dru&scaron;tvenih znanosti Ivo Pilar","isPartOf":{"@id":"https:\/\/www.vegaintro-projekti.com\/pilar-stari\/#website"},"datePublished":"2022-09-06T22:03:07+00:00","dateModified":"2022-09-06T22:12:11+00:00","author":{"@id":"https:\/\/www.vegaintro-projekti.com\/pilar-stari\/#\/schema\/person\/ddd404c9f1e15e4ffef5986ac6a5d28b"},"breadcrumb":{"@id":"https:\/\/www.vegaintro-projekti.com\/pilar-stari\/2022\/09\/konferencija-istrazivacke-mreze-za-kulturu-europske-socioloske-asocijacije-esa-rn7-portsmouth-31-8-3-9-2022\/#breadcrumb"},"inLanguage":"hr","potentialAction":[{"@type":"ReadAction","target":["https:\/\/www.vegaintro-projekti.com\/pilar-stari\/2022\/09\/konferencija-istrazivacke-mreze-za-kulturu-europske-socioloske-asocijacije-esa-rn7-portsmouth-31-8-3-9-2022\/"]}]},{"@type":"BreadcrumbList","@id":"https:\/\/www.vegaintro-projekti.com\/pilar-stari\/2022\/09\/konferencija-istrazivacke-mreze-za-kulturu-europske-socioloske-asocijacije-esa-rn7-portsmouth-31-8-3-9-2022\/#breadcrumb","itemListElement":[{"@type":"ListItem","position":1,"name":"Home","item":"https:\/\/www.vegaintro-projekti.com\/pilar-stari\/"},{"@type":"ListItem","position":2,"name":"Konferencija istra\u017eiva\u010dke mre\u017ee za kulturu Europske sociolo\u0161ke asocijacije (ESA RN7), Portsmouth, 31. 8. \u2013 3. 9. 2022."}]},{"@type":"WebSite","@id":"https:\/\/www.vegaintro-projekti.com\/pilar-stari\/#website","url":"https:\/\/www.vegaintro-projekti.com\/pilar-stari\/","name":"Institut dru&scaron;tvenih znanosti Ivo Pilar","description":"Pilar","potentialAction":[{"@type":"SearchAction","target":{"@type":"EntryPoint","urlTemplate":"https:\/\/www.vegaintro-projekti.com\/pilar-stari\/?s={search_term_string}"},"query-input":"required name=search_term_string"}],"inLanguage":"hr"},{"@type":"Person","@id":"https:\/\/www.vegaintro-projekti.com\/pilar-stari\/#\/schema\/person\/ddd404c9f1e15e4ffef5986ac6a5d28b","name":"Boris","image":{"@type":"ImageObject","inLanguage":"hr","@id":"https:\/\/www.vegaintro-projekti.com\/pilar-stari\/#\/schema\/person\/image\/","url":"https:\/\/secure.gravatar.com\/avatar\/29557b161a6ce6ab86ac1503164f1e90?s=96&d=mm&r=g","contentUrl":"https:\/\/secure.gravatar.com\/avatar\/29557b161a6ce6ab86ac1503164f1e90?s=96&d=mm&r=g","caption":"Boris"},"url":"https:\/\/www.vegaintro-projekti.com\/pilar-stari\/author\/boris\/"}]}},"_links":{"self":[{"href":"https:\/\/www.vegaintro-projekti.com\/pilar-stari\/wp-json\/wp\/v2\/posts\/23263"}],"collection":[{"href":"https:\/\/www.vegaintro-projekti.com\/pilar-stari\/wp-json\/wp\/v2\/posts"}],"about":[{"href":"https:\/\/www.vegaintro-projekti.com\/pilar-stari\/wp-json\/wp\/v2\/types\/post"}],"author":[{"embeddable":true,"href":"https:\/\/www.vegaintro-projekti.com\/pilar-stari\/wp-json\/wp\/v2\/users\/7"}],"replies":[{"embeddable":true,"href":"https:\/\/www.vegaintro-projekti.com\/pilar-stari\/wp-json\/wp\/v2\/comments?post=23263"}],"version-history":[{"count":4,"href":"https:\/\/www.vegaintro-projekti.com\/pilar-stari\/wp-json\/wp\/v2\/posts\/23263\/revisions"}],"predecessor-version":[{"id":23267,"href":"https:\/\/www.vegaintro-projekti.com\/pilar-stari\/wp-json\/wp\/v2\/posts\/23263\/revisions\/23267"}],"wp:featuredmedia":[{"embeddable":true,"href":"https:\/\/www.vegaintro-projekti.com\/pilar-stari\/wp-json\/wp\/v2\/media\/23257"}],"wp:attachment":[{"href":"https:\/\/www.vegaintro-projekti.com\/pilar-stari\/wp-json\/wp\/v2\/media?parent=23263"}],"wp:term":[{"taxonomy":"category","embeddable":true,"href":"https:\/\/www.vegaintro-projekti.com\/pilar-stari\/wp-json\/wp\/v2\/categories?post=23263"},{"taxonomy":"post_tag","embeddable":true,"href":"https:\/\/www.vegaintro-projekti.com\/pilar-stari\/wp-json\/wp\/v2\/tags?post=23263"}],"curies":[{"name":"wp","href":"https:\/\/api.w.org\/{rel}","templated":true}]}}