{"id":23388,"date":"2022-09-14T18:45:23","date_gmt":"2022-09-14T18:45:23","guid":{"rendered":"https:\/\/www.vegaintro-projekti.com\/pilar-stari\/?p=23388"},"modified":"2022-09-17T19:14:04","modified_gmt":"2022-09-17T19:14:04","slug":"dr-sc-sandra-cvikic-na-medunarodnoj-konferenciji-the-migration-conference-2022-u-rabatu-maroko-7-9-9-2022","status":"publish","type":"post","link":"https:\/\/www.vegaintro-projekti.com\/pilar-stari\/2022\/09\/dr-sc-sandra-cvikic-na-medunarodnoj-konferenciji-the-migration-conference-2022-u-rabatu-maroko-7-9-9-2022\/","title":{"rendered":"Dr. sc. Sandra Cviki\u0107 na me\u0111unarodnoj konferenciji \u201cThe Migration Conference 2022\u201d u Rabatu, Maroko, 7.-9. 9. 2022."},"content":{"rendered":"<p><strong>Dr. sc. Sandra Cviki\u0107 sudjelovala je na me\u0111unarodnoj konferenciji \u201cThe Migration Conference 2022\u201d u Rabatu, Maroko od 7. do 9. rujna 2022. izlaganjem pod naslovom \u201cSyrian Refugeedom, Knowledge Production, and Subaltern Potential in Turkish Scholarship\u201d<\/strong><\/p>\n<p><a href=\"https:\/\/www.migrationconference.net\/\"><img decoding=\"async\" loading=\"lazy\" class=\"alignnone wp-image-23382 size-full\" src=\"https:\/\/www.vegaintro-projekti.com\/pilar-stari\/wp-content\/uploads\/2022\/09\/Presentation.jpg\" alt=\"\" width=\"620\" height=\"348\" srcset=\"https:\/\/www.vegaintro-projekti.com\/pilar-stari\/wp-content\/uploads\/2022\/09\/Presentation.jpg 620w, https:\/\/www.vegaintro-projekti.com\/pilar-stari\/wp-content\/uploads\/2022\/09\/Presentation-300x168.jpg 300w\" sizes=\"(max-width: 620px) 100vw, 620px\" \/><\/a><a href=\"https:\/\/www.vegaintro-projekti.com\/pilar-stari\/wp-content\/uploads\/2022\/09\/s-cvikic-maroko.jpg\"><img decoding=\"async\" loading=\"lazy\" class=\"alignnone wp-image-23390 size-full\" src=\"https:\/\/www.vegaintro-projekti.com\/pilar-stari\/wp-content\/uploads\/2022\/09\/s-cvikic-maroko_s.jpg\" alt=\"\" width=\"620\" height=\"345\" srcset=\"https:\/\/www.vegaintro-projekti.com\/pilar-stari\/wp-content\/uploads\/2022\/09\/s-cvikic-maroko_s.jpg 620w, https:\/\/www.vegaintro-projekti.com\/pilar-stari\/wp-content\/uploads\/2022\/09\/s-cvikic-maroko_s-300x167.jpg 300w\" sizes=\"(max-width: 620px) 100vw, 620px\" \/><\/a><\/p>\n<p><strong>&#8211; Konferencija:<\/strong> <a href=\"https:\/\/www.migrationconference.net\/\">https:\/\/www.migrationconference.net\/<\/a> | <a href=\"https:\/\/www.vegaintro-projekti.com\/pilar-stari\/wp-content\/uploads\/2022\/09\/tmc2022program.pdf\">Programme<\/a> | <a href=\"https:\/\/www.vegaintro-projekti.com\/pilar-stari\/wp-content\/uploads\/2022\/09\/tmc2022programvirtual.pdf\">Virtual Programme<\/a><\/p>\n<p>Konferenciju su organizirali Transnational Press London, International Business School, Mohamed V University, Faculty of Social and Legal Studies (Agda), i AMERM. Dr. sc. Sandra Cviki\u0107 je izlo\u017eila rezultate istra\u017eivanja kojega je provela tijekom studijskog boravka u Turskoj (2021\/2022) uz financijsku potporu turska zaklada za znanost T\u00dcBITAK. Izlaganje pod naslovom \u201cSyrian Refugeedom, Knowledge Production, and Subaltern Potential in Turkish Scholarship\u201d odr\u017eala u okviru panela 8 D pod naslovom \u201cNew Challenges in Migration Studies\u201d.<\/p>\n<blockquote><p><a href=\"https:\/\/www.vegaintro-projekti.com\/pilar-stari\/2018\/04\/podruni-centar-vukovar-2\/\">Podru\u010dni centar Vukovar<\/a><\/p><\/blockquote>\n","protected":false},"excerpt":{"rendered":"<p>Dr. sc. Sandra Cviki\u0107 sudjelovala je na me\u0111unarodnoj konferenciji \u201cThe Migration Conference 2022\u201d u Rabatu, Maroko od 7. do 9. rujna 2022. izlaganjem pod naslovom \u201cSyrian Refugeedom, Knowledge Production, and Subaltern Potential in Turkish Scholarship\u201d &#8211; Konferencija: https:\/\/www.migrationconference.net\/ | Programme | Virtual Programme Konferenciju su organizirali Transnational Press London, International Business School, Mohamed V University,&hellip; <a class=\"continue\" href=\"https:\/\/www.vegaintro-projekti.com\/pilar-stari\/2022\/09\/dr-sc-sandra-cvikic-na-medunarodnoj-konferenciji-the-migration-conference-2022-u-rabatu-maroko-7-9-9-2022\/\">Pro\u010ditaj vi\u0161e o<span> Dr. sc. Sandra Cviki\u0107 na me\u0111unarodnoj konferenciji \u201cThe Migration Conference 2022\u201d u Rabatu, Maroko, 7.-9. 9. 2022.<\/span><\/a><\/p>\n","protected":false},"author":7,"featured_media":23383,"comment_status":"closed","ping_status":"closed","sticky":false,"template":"","format":"standard","meta":{"inline_featured_image":false,"ngg_post_thumbnail":0,"footnotes":""},"categories":[11],"tags":[],"yoast_head":"<!-- This site is optimized with the Yoast SEO plugin v21.2 - https:\/\/yoast.com\/wordpress\/plugins\/seo\/ -->\n<title>Dr. sc. Sandra Cviki\u0107 na me\u0111unarodnoj konferenciji \u201cThe Migration Conference 2022\u201d u Rabatu, Maroko, 7.-9. 9. 2022. - Institut dru&scaron;tvenih znanosti Ivo Pilar<\/title>\n<meta name=\"robots\" content=\"noindex, follow, max-snippet:-1, max-image-preview:large, max-video-preview:-1\" \/>\n<meta property=\"og:locale\" content=\"hr_HR\" \/>\n<meta property=\"og:type\" content=\"article\" \/>\n<meta property=\"og:title\" content=\"Dr. sc. Sandra Cviki\u0107 na me\u0111unarodnoj konferenciji \u201cThe Migration Conference 2022\u201d u Rabatu, Maroko, 7.-9. 9. 2022. - Institut dru&scaron;tvenih znanosti Ivo Pilar\" \/>\n<meta property=\"og:description\" content=\"Dr. sc. Sandra Cviki\u0107 sudjelovala je na me\u0111unarodnoj konferenciji \u201cThe Migration Conference 2022\u201d u Rabatu, Maroko od 7. do 9. rujna 2022. izlaganjem pod naslovom \u201cSyrian Refugeedom, Knowledge Production, and Subaltern Potential in Turkish Scholarship\u201d &#8211; Konferencija: https:\/\/www.migrationconference.net\/ | Programme | Virtual Programme Konferenciju su organizirali Transnational Press London, International Business School, Mohamed V University,&hellip; Pro\u010ditaj vi\u0161e o Dr. sc. Sandra Cviki\u0107 na me\u0111unarodnoj konferenciji \u201cThe Migration Conference 2022\u201d u Rabatu, Maroko, 7.-9. 9. 2022.\" \/>\n<meta property=\"og:url\" content=\"https:\/\/www.vegaintro-projekti.com\/pilar-stari\/2022\/09\/dr-sc-sandra-cvikic-na-medunarodnoj-konferenciji-the-migration-conference-2022-u-rabatu-maroko-7-9-9-2022\/\" \/>\n<meta property=\"og:site_name\" content=\"Institut dru&scaron;tvenih znanosti Ivo Pilar\" \/>\n<meta property=\"article:published_time\" content=\"2022-09-14T18:45:23+00:00\" \/>\n<meta property=\"article:modified_time\" content=\"2022-09-17T19:14:04+00:00\" \/>\n<meta property=\"og:image\" content=\"https:\/\/www.vegaintro-projekti.com\/pilar-stari\/wp-content\/uploads\/2022\/09\/Presentation_fi.jpg\" \/>\n\t<meta property=\"og:image:width\" content=\"500\" \/>\n\t<meta property=\"og:image:height\" content=\"222\" \/>\n\t<meta property=\"og:image:type\" content=\"image\/jpeg\" \/>\n<meta name=\"author\" content=\"Boris\" \/>\n<meta name=\"twitter:card\" content=\"summary_large_image\" \/>\n<meta name=\"twitter:label1\" content=\"Napisao\/la\" \/>\n\t<meta name=\"twitter:data1\" content=\"Boris\" \/>\n\t<meta name=\"twitter:label2\" content=\"Procijenjeno vrijeme \u010ditanja\" \/>\n\t<meta name=\"twitter:data2\" content=\"2 minute\" \/>\n<script type=\"application\/ld+json\" class=\"yoast-schema-graph\">{\"@context\":\"https:\/\/schema.org\",\"@graph\":[{\"@type\":\"WebPage\",\"@id\":\"https:\/\/www.vegaintro-projekti.com\/pilar-stari\/2022\/09\/dr-sc-sandra-cvikic-na-medunarodnoj-konferenciji-the-migration-conference-2022-u-rabatu-maroko-7-9-9-2022\/\",\"url\":\"https:\/\/www.vegaintro-projekti.com\/pilar-stari\/2022\/09\/dr-sc-sandra-cvikic-na-medunarodnoj-konferenciji-the-migration-conference-2022-u-rabatu-maroko-7-9-9-2022\/\",\"name\":\"Dr. sc. Sandra Cviki\u0107 na me\u0111unarodnoj konferenciji \u201cThe Migration Conference 2022\u201d u Rabatu, Maroko, 7.-9. 9. 2022. - Institut dru&scaron;tvenih znanosti Ivo Pilar\",\"isPartOf\":{\"@id\":\"https:\/\/www.vegaintro-projekti.com\/pilar-stari\/#website\"},\"datePublished\":\"2022-09-14T18:45:23+00:00\",\"dateModified\":\"2022-09-17T19:14:04+00:00\",\"author\":{\"@id\":\"https:\/\/www.vegaintro-projekti.com\/pilar-stari\/#\/schema\/person\/ddd404c9f1e15e4ffef5986ac6a5d28b\"},\"breadcrumb\":{\"@id\":\"https:\/\/www.vegaintro-projekti.com\/pilar-stari\/2022\/09\/dr-sc-sandra-cvikic-na-medunarodnoj-konferenciji-the-migration-conference-2022-u-rabatu-maroko-7-9-9-2022\/#breadcrumb\"},\"inLanguage\":\"hr\",\"potentialAction\":[{\"@type\":\"ReadAction\",\"target\":[\"https:\/\/www.vegaintro-projekti.com\/pilar-stari\/2022\/09\/dr-sc-sandra-cvikic-na-medunarodnoj-konferenciji-the-migration-conference-2022-u-rabatu-maroko-7-9-9-2022\/\"]}]},{\"@type\":\"BreadcrumbList\",\"@id\":\"https:\/\/www.vegaintro-projekti.com\/pilar-stari\/2022\/09\/dr-sc-sandra-cvikic-na-medunarodnoj-konferenciji-the-migration-conference-2022-u-rabatu-maroko-7-9-9-2022\/#breadcrumb\",\"itemListElement\":[{\"@type\":\"ListItem\",\"position\":1,\"name\":\"Home\",\"item\":\"https:\/\/www.vegaintro-projekti.com\/pilar-stari\/\"},{\"@type\":\"ListItem\",\"position\":2,\"name\":\"Dr. sc. Sandra Cviki\u0107 na me\u0111unarodnoj konferenciji \u201cThe Migration Conference 2022\u201d u Rabatu, Maroko, 7.-9. 9. 2022.\"}]},{\"@type\":\"WebSite\",\"@id\":\"https:\/\/www.vegaintro-projekti.com\/pilar-stari\/#website\",\"url\":\"https:\/\/www.vegaintro-projekti.com\/pilar-stari\/\",\"name\":\"Institut dru&scaron;tvenih znanosti Ivo Pilar\",\"description\":\"Pilar\",\"potentialAction\":[{\"@type\":\"SearchAction\",\"target\":{\"@type\":\"EntryPoint\",\"urlTemplate\":\"https:\/\/www.vegaintro-projekti.com\/pilar-stari\/?s={search_term_string}\"},\"query-input\":\"required name=search_term_string\"}],\"inLanguage\":\"hr\"},{\"@type\":\"Person\",\"@id\":\"https:\/\/www.vegaintro-projekti.com\/pilar-stari\/#\/schema\/person\/ddd404c9f1e15e4ffef5986ac6a5d28b\",\"name\":\"Boris\",\"image\":{\"@type\":\"ImageObject\",\"inLanguage\":\"hr\",\"@id\":\"https:\/\/www.vegaintro-projekti.com\/pilar-stari\/#\/schema\/person\/image\/\",\"url\":\"https:\/\/secure.gravatar.com\/avatar\/29557b161a6ce6ab86ac1503164f1e90?s=96&d=mm&r=g\",\"contentUrl\":\"https:\/\/secure.gravatar.com\/avatar\/29557b161a6ce6ab86ac1503164f1e90?s=96&d=mm&r=g\",\"caption\":\"Boris\"},\"url\":\"https:\/\/www.vegaintro-projekti.com\/pilar-stari\/author\/boris\/\"}]}<\/script>\n<!-- \/ Yoast SEO plugin. -->","yoast_head_json":{"title":"Dr. sc. Sandra Cviki\u0107 na me\u0111unarodnoj konferenciji \u201cThe Migration Conference 2022\u201d u Rabatu, Maroko, 7.-9. 9. 2022. - Institut dru&scaron;tvenih znanosti Ivo Pilar","robots":{"index":"noindex","follow":"follow","max-snippet":"max-snippet:-1","max-image-preview":"max-image-preview:large","max-video-preview":"max-video-preview:-1"},"og_locale":"hr_HR","og_type":"article","og_title":"Dr. sc. Sandra Cviki\u0107 na me\u0111unarodnoj konferenciji \u201cThe Migration Conference 2022\u201d u Rabatu, Maroko, 7.-9. 9. 2022. - Institut dru&scaron;tvenih znanosti Ivo Pilar","og_description":"Dr. sc. Sandra Cviki\u0107 sudjelovala je na me\u0111unarodnoj konferenciji \u201cThe Migration Conference 2022\u201d u Rabatu, Maroko od 7. do 9. rujna 2022. izlaganjem pod naslovom \u201cSyrian Refugeedom, Knowledge Production, and Subaltern Potential in Turkish Scholarship\u201d &#8211; Konferencija: https:\/\/www.migrationconference.net\/ | Programme | Virtual Programme Konferenciju su organizirali Transnational Press London, International Business School, Mohamed V University,&hellip; Pro\u010ditaj vi\u0161e o Dr. sc. Sandra Cviki\u0107 na me\u0111unarodnoj konferenciji \u201cThe Migration Conference 2022\u201d u Rabatu, Maroko, 7.-9. 9. 2022.","og_url":"https:\/\/www.vegaintro-projekti.com\/pilar-stari\/2022\/09\/dr-sc-sandra-cvikic-na-medunarodnoj-konferenciji-the-migration-conference-2022-u-rabatu-maroko-7-9-9-2022\/","og_site_name":"Institut dru&scaron;tvenih znanosti Ivo Pilar","article_published_time":"2022-09-14T18:45:23+00:00","article_modified_time":"2022-09-17T19:14:04+00:00","og_image":[{"width":500,"height":222,"url":"https:\/\/www.vegaintro-projekti.com\/pilar-stari\/wp-content\/uploads\/2022\/09\/Presentation_fi.jpg","type":"image\/jpeg"}],"author":"Boris","twitter_card":"summary_large_image","twitter_misc":{"Napisao\/la":"Boris","Procijenjeno vrijeme \u010ditanja":"2 minute"},"schema":{"@context":"https:\/\/schema.org","@graph":[{"@type":"WebPage","@id":"https:\/\/www.vegaintro-projekti.com\/pilar-stari\/2022\/09\/dr-sc-sandra-cvikic-na-medunarodnoj-konferenciji-the-migration-conference-2022-u-rabatu-maroko-7-9-9-2022\/","url":"https:\/\/www.vegaintro-projekti.com\/pilar-stari\/2022\/09\/dr-sc-sandra-cvikic-na-medunarodnoj-konferenciji-the-migration-conference-2022-u-rabatu-maroko-7-9-9-2022\/","name":"Dr. sc. Sandra Cviki\u0107 na me\u0111unarodnoj konferenciji \u201cThe Migration Conference 2022\u201d u Rabatu, Maroko, 7.-9. 9. 2022. - Institut dru&scaron;tvenih znanosti Ivo Pilar","isPartOf":{"@id":"https:\/\/www.vegaintro-projekti.com\/pilar-stari\/#website"},"datePublished":"2022-09-14T18:45:23+00:00","dateModified":"2022-09-17T19:14:04+00:00","author":{"@id":"https:\/\/www.vegaintro-projekti.com\/pilar-stari\/#\/schema\/person\/ddd404c9f1e15e4ffef5986ac6a5d28b"},"breadcrumb":{"@id":"https:\/\/www.vegaintro-projekti.com\/pilar-stari\/2022\/09\/dr-sc-sandra-cvikic-na-medunarodnoj-konferenciji-the-migration-conference-2022-u-rabatu-maroko-7-9-9-2022\/#breadcrumb"},"inLanguage":"hr","potentialAction":[{"@type":"ReadAction","target":["https:\/\/www.vegaintro-projekti.com\/pilar-stari\/2022\/09\/dr-sc-sandra-cvikic-na-medunarodnoj-konferenciji-the-migration-conference-2022-u-rabatu-maroko-7-9-9-2022\/"]}]},{"@type":"BreadcrumbList","@id":"https:\/\/www.vegaintro-projekti.com\/pilar-stari\/2022\/09\/dr-sc-sandra-cvikic-na-medunarodnoj-konferenciji-the-migration-conference-2022-u-rabatu-maroko-7-9-9-2022\/#breadcrumb","itemListElement":[{"@type":"ListItem","position":1,"name":"Home","item":"https:\/\/www.vegaintro-projekti.com\/pilar-stari\/"},{"@type":"ListItem","position":2,"name":"Dr. sc. Sandra Cviki\u0107 na me\u0111unarodnoj konferenciji \u201cThe Migration Conference 2022\u201d u Rabatu, Maroko, 7.-9. 9. 2022."}]},{"@type":"WebSite","@id":"https:\/\/www.vegaintro-projekti.com\/pilar-stari\/#website","url":"https:\/\/www.vegaintro-projekti.com\/pilar-stari\/","name":"Institut dru&scaron;tvenih znanosti Ivo Pilar","description":"Pilar","potentialAction":[{"@type":"SearchAction","target":{"@type":"EntryPoint","urlTemplate":"https:\/\/www.vegaintro-projekti.com\/pilar-stari\/?s={search_term_string}"},"query-input":"required name=search_term_string"}],"inLanguage":"hr"},{"@type":"Person","@id":"https:\/\/www.vegaintro-projekti.com\/pilar-stari\/#\/schema\/person\/ddd404c9f1e15e4ffef5986ac6a5d28b","name":"Boris","image":{"@type":"ImageObject","inLanguage":"hr","@id":"https:\/\/www.vegaintro-projekti.com\/pilar-stari\/#\/schema\/person\/image\/","url":"https:\/\/secure.gravatar.com\/avatar\/29557b161a6ce6ab86ac1503164f1e90?s=96&d=mm&r=g","contentUrl":"https:\/\/secure.gravatar.com\/avatar\/29557b161a6ce6ab86ac1503164f1e90?s=96&d=mm&r=g","caption":"Boris"},"url":"https:\/\/www.vegaintro-projekti.com\/pilar-stari\/author\/boris\/"}]}},"_links":{"self":[{"href":"https:\/\/www.vegaintro-projekti.com\/pilar-stari\/wp-json\/wp\/v2\/posts\/23388"}],"collection":[{"href":"https:\/\/www.vegaintro-projekti.com\/pilar-stari\/wp-json\/wp\/v2\/posts"}],"about":[{"href":"https:\/\/www.vegaintro-projekti.com\/pilar-stari\/wp-json\/wp\/v2\/types\/post"}],"author":[{"embeddable":true,"href":"https:\/\/www.vegaintro-projekti.com\/pilar-stari\/wp-json\/wp\/v2\/users\/7"}],"replies":[{"embeddable":true,"href":"https:\/\/www.vegaintro-projekti.com\/pilar-stari\/wp-json\/wp\/v2\/comments?post=23388"}],"version-history":[{"count":3,"href":"https:\/\/www.vegaintro-projekti.com\/pilar-stari\/wp-json\/wp\/v2\/posts\/23388\/revisions"}],"predecessor-version":[{"id":23392,"href":"https:\/\/www.vegaintro-projekti.com\/pilar-stari\/wp-json\/wp\/v2\/posts\/23388\/revisions\/23392"}],"wp:featuredmedia":[{"embeddable":true,"href":"https:\/\/www.vegaintro-projekti.com\/pilar-stari\/wp-json\/wp\/v2\/media\/23383"}],"wp:attachment":[{"href":"https:\/\/www.vegaintro-projekti.com\/pilar-stari\/wp-json\/wp\/v2\/media?parent=23388"}],"wp:term":[{"taxonomy":"category","embeddable":true,"href":"https:\/\/www.vegaintro-projekti.com\/pilar-stari\/wp-json\/wp\/v2\/categories?post=23388"},{"taxonomy":"post_tag","embeddable":true,"href":"https:\/\/www.vegaintro-projekti.com\/pilar-stari\/wp-json\/wp\/v2\/tags?post=23388"}],"curies":[{"name":"wp","href":"https:\/\/api.w.org\/{rel}","templated":true}]}}