{"id":23464,"date":"2022-09-21T20:17:31","date_gmt":"2022-09-21T20:17:31","guid":{"rendered":"https:\/\/www.vegaintro-projekti.com\/pilar-stari\/?p=23464"},"modified":"2022-09-25T20:16:57","modified_gmt":"2022-09-25T20:16:57","slug":"dr-sc-lynette-sikic-micanovic-i-paula-greiner-na-4-medunarodnoj-multidisciplinarnoj-konferenciji-o-sredozemnim-otocima-vis-14-17-9-2022","status":"publish","type":"post","link":"https:\/\/www.vegaintro-projekti.com\/pilar-stari\/2022\/09\/dr-sc-lynette-sikic-micanovic-i-paula-greiner-na-4-medunarodnoj-multidisciplinarnoj-konferenciji-o-sredozemnim-otocima-vis-14-17-9-2022\/","title":{"rendered":"Dr. sc. Lynette \u0160iki\u0107 Mi\u0107anovi\u0107 i Paula Greiner na 4. me\u0111unarodnoj multidisciplinarnoj Konferenciji o sredozemnim otocima; Vis, 14.-17. 9. 2022."},"content":{"rendered":"<p><strong>U okviru programa ovogodi\u0161nje 4. me\u0111unarodne multidisciplinarne znanstvene Konferencije o sredozemnim otocima (Mediterranean Islands Conference), odr\u017eane na Visu u razdoblju od 14. do 17. rujna 2022. godine, dr. sc. Lynette \u0160iki\u0107 Mi\u0107anovi\u0107 je u suautorstvu s Paulom Greinerom imala izlaganje pod nazivom <em>\u201c\u2026in this city of mine, wherever I am, I feel at home\u201d: Place attachment among people experiencing homelessness<\/em><\/strong><\/p>\n<p><img decoding=\"async\" loading=\"lazy\" class=\"alignnone wp-image-23462 size-full\" src=\"https:\/\/www.vegaintro-projekti.com\/pilar-stari\/wp-content\/uploads\/2022\/09\/Vis.jpg\" alt=\"\" width=\"620\" height=\"248\" srcset=\"https:\/\/www.vegaintro-projekti.com\/pilar-stari\/wp-content\/uploads\/2022\/09\/Vis.jpg 620w, https:\/\/www.vegaintro-projekti.com\/pilar-stari\/wp-content\/uploads\/2022\/09\/Vis-300x120.jpg 300w\" sizes=\"(max-width: 620px) 100vw, 620px\" \/><\/p>\n<p>U radu se istra\u017eivala privr\u017eenost mjestu, veza koja se javlja izme\u0111u pojedinaca i njihovog zna\u010dajnog okru\u017eenja me\u0111u ljudima koji do\u017eivljavaju besku\u0107ni\u0161tvo. Predlo\u017eena su obja\u0161njenja za\u0161to je privr\u017eenost mjestu izra\u017eenija u obalnim podru\u010djima u odnosu na kontinentalne dijelove Hrvatske.<\/p>\n<p>Rad se zasniva na obradi kvalitativnih podataka prikupljenih u sklopu CSRP projekta projekta Exploring Homelessness and Pathways to Social Inclusion: A Comparative Study of Contexts and Challenges in Swiss and Croatian Cities (No. IZHRZO_180631\/1).<\/p>\n<p><strong>&#8211; Program:<\/strong> <a href=\"https:\/\/www.mic-vis.eu\/Programme\/PresentationSchedule\">https:\/\/www.mic-vis.eu\/Programme\/PresentationSchedule<\/a><\/p>\n<p><a href=\"https:\/\/www.vegaintro-projekti.com\/pilar-stari\/wp-content\/uploads\/2022\/09\/01-1.jpg\"><img decoding=\"async\" loading=\"lazy\" class=\"alignnone wp-image-23458 size-full\" src=\"https:\/\/www.vegaintro-projekti.com\/pilar-stari\/wp-content\/uploads\/2022\/09\/01s-1.jpg\" alt=\"\" width=\"620\" height=\"359\" srcset=\"https:\/\/www.vegaintro-projekti.com\/pilar-stari\/wp-content\/uploads\/2022\/09\/01s-1.jpg 620w, https:\/\/www.vegaintro-projekti.com\/pilar-stari\/wp-content\/uploads\/2022\/09\/01s-1-300x174.jpg 300w\" sizes=\"(max-width: 620px) 100vw, 620px\" \/><\/a><a href=\"https:\/\/www.vegaintro-projekti.com\/pilar-stari\/wp-content\/uploads\/2022\/09\/02-1.jpg\"><img decoding=\"async\" loading=\"lazy\" class=\"alignnone wp-image-23460 size-full\" src=\"https:\/\/www.vegaintro-projekti.com\/pilar-stari\/wp-content\/uploads\/2022\/09\/02s-1.jpg\" alt=\"\" width=\"620\" height=\"352\" srcset=\"https:\/\/www.vegaintro-projekti.com\/pilar-stari\/wp-content\/uploads\/2022\/09\/02s-1.jpg 620w, https:\/\/www.vegaintro-projekti.com\/pilar-stari\/wp-content\/uploads\/2022\/09\/02s-1-300x170.jpg 300w\" sizes=\"(max-width: 620px) 100vw, 620px\" \/><\/a><\/p>\n<p><span style=\"font-size: 14pt;\">Dr. sc. Lynette \u0160iki\u0107 Mi\u0107anovi\u0107 and Paula Greiner at the 4th international multidisciplinary Mediterranean Islands Conference, Vis from 14th to 17th September 2022<\/span><\/p>\n<p><strong><em>As part of this year\u2019s 4th international multidisciplinary Mediterranean Islands Conference, held on the island of Vis from 14th to 17th September 2022, a presentation entitled <\/em>\u201c\u2026in this city of mine, wherever I am, I feel at home\u201d: Place attachment among people experiencing homelessness was presented<em> by Dr. Lynette \u0160iki\u0107-Mi\u0107anovi\u0107 and Paula Greiner<\/em><\/strong><\/p>\n<p><em>It explored place attachment, the bonding that occurs between individuals and their meaningful environments among people experiencing homelessness. Explanations as to why place attachments are more pronounced in coastal areas compared to continental parts of Croatia were proposed.<\/em><\/p>\n<p><em>This paper was based on qualitative research materials that were collected as part of the CSRP project: Exploring Homelessness and Pathways to Social Inclusion: A Comparative Study of Contexts and Challenges in Swiss and Croatian Cities (No. IZHRZO_180631\/1).<\/em><\/p>\n<p><strong>&#8211; Programme:<\/strong> <a href=\"https:\/\/www.mic-vis.eu\/Programme\/PresentationSchedule\">https:\/\/www.mic-vis.eu\/Programme\/PresentationSchedule<\/a><\/p>\n<blockquote><p><a href=\"https:\/\/www.vegaintro-projekti.com\/pilar-stari\/2019\/07\/istrazivanje-beskucnistva-i-puteva-do-socijalne-inkluzije-komparativna-studija-konteksta-i-izazova-u-svicarskim-i-hrvatskim-gradovima\/\">Projekt Istra\u017eivanje besku\u0107ni\u0161tva i puteva do socijalne inkluzije | Exploring Homelessness and Pathways to Social Inclusion<\/a><\/p><\/blockquote>\n","protected":false},"excerpt":{"rendered":"<p>U okviru programa ovogodi\u0161nje 4. me\u0111unarodne multidisciplinarne znanstvene Konferencije o sredozemnim otocima (Mediterranean Islands Conference), odr\u017eane na Visu u razdoblju od 14. do 17. rujna 2022. godine, dr. sc. Lynette \u0160iki\u0107 Mi\u0107anovi\u0107 je u suautorstvu s Paulom Greinerom imala izlaganje pod nazivom \u201c\u2026in this city of mine, wherever I am, I feel at home\u201d: Place&hellip; <a class=\"continue\" href=\"https:\/\/www.vegaintro-projekti.com\/pilar-stari\/2022\/09\/dr-sc-lynette-sikic-micanovic-i-paula-greiner-na-4-medunarodnoj-multidisciplinarnoj-konferenciji-o-sredozemnim-otocima-vis-14-17-9-2022\/\">Pro\u010ditaj vi\u0161e o<span> Dr. sc. Lynette \u0160iki\u0107 Mi\u0107anovi\u0107 i Paula Greiner na 4. me\u0111unarodnoj multidisciplinarnoj Konferenciji o sredozemnim otocima; Vis, 14.-17. 9. 2022.<\/span><\/a><\/p>\n","protected":false},"author":7,"featured_media":23462,"comment_status":"closed","ping_status":"closed","sticky":false,"template":"","format":"standard","meta":{"inline_featured_image":false,"ngg_post_thumbnail":0,"footnotes":""},"categories":[11],"tags":[],"yoast_head":"<!-- This site is optimized with the Yoast SEO plugin v21.2 - https:\/\/yoast.com\/wordpress\/plugins\/seo\/ -->\n<title>Dr. sc. Lynette \u0160iki\u0107 Mi\u0107anovi\u0107 i Paula Greiner na 4. me\u0111unarodnoj multidisciplinarnoj Konferenciji o sredozemnim otocima; Vis, 14.-17. 9. 2022. - Institut dru&scaron;tvenih znanosti Ivo Pilar<\/title>\n<meta name=\"robots\" content=\"noindex, follow, max-snippet:-1, max-image-preview:large, max-video-preview:-1\" \/>\n<meta property=\"og:locale\" content=\"hr_HR\" \/>\n<meta property=\"og:type\" content=\"article\" \/>\n<meta property=\"og:title\" content=\"Dr. sc. Lynette \u0160iki\u0107 Mi\u0107anovi\u0107 i Paula Greiner na 4. me\u0111unarodnoj multidisciplinarnoj Konferenciji o sredozemnim otocima; Vis, 14.-17. 9. 2022. - Institut dru&scaron;tvenih znanosti Ivo Pilar\" \/>\n<meta property=\"og:description\" content=\"U okviru programa ovogodi\u0161nje 4. me\u0111unarodne multidisciplinarne znanstvene Konferencije o sredozemnim otocima (Mediterranean Islands Conference), odr\u017eane na Visu u razdoblju od 14. do 17. rujna 2022. godine, dr. sc. Lynette \u0160iki\u0107 Mi\u0107anovi\u0107 je u suautorstvu s Paulom Greinerom imala izlaganje pod nazivom \u201c\u2026in this city of mine, wherever I am, I feel at home\u201d: Place&hellip; Pro\u010ditaj vi\u0161e o Dr. sc. Lynette \u0160iki\u0107 Mi\u0107anovi\u0107 i Paula Greiner na 4. me\u0111unarodnoj multidisciplinarnoj Konferenciji o sredozemnim otocima; Vis, 14.-17. 9. 2022.\" \/>\n<meta property=\"og:url\" content=\"https:\/\/www.vegaintro-projekti.com\/pilar-stari\/2022\/09\/dr-sc-lynette-sikic-micanovic-i-paula-greiner-na-4-medunarodnoj-multidisciplinarnoj-konferenciji-o-sredozemnim-otocima-vis-14-17-9-2022\/\" \/>\n<meta property=\"og:site_name\" content=\"Institut dru&scaron;tvenih znanosti Ivo Pilar\" \/>\n<meta property=\"article:published_time\" content=\"2022-09-21T20:17:31+00:00\" \/>\n<meta property=\"article:modified_time\" content=\"2022-09-25T20:16:57+00:00\" \/>\n<meta property=\"og:image\" content=\"https:\/\/www.vegaintro-projekti.com\/pilar-stari\/wp-content\/uploads\/2022\/09\/Vis.jpg\" \/>\n\t<meta property=\"og:image:width\" content=\"620\" \/>\n\t<meta property=\"og:image:height\" content=\"248\" \/>\n\t<meta property=\"og:image:type\" content=\"image\/jpeg\" \/>\n<meta name=\"author\" content=\"Boris\" \/>\n<meta name=\"twitter:card\" content=\"summary_large_image\" \/>\n<meta name=\"twitter:label1\" content=\"Napisao\/la\" \/>\n\t<meta name=\"twitter:data1\" content=\"Boris\" \/>\n\t<meta name=\"twitter:label2\" content=\"Procijenjeno vrijeme \u010ditanja\" \/>\n\t<meta name=\"twitter:data2\" content=\"3 minute\" \/>\n<script type=\"application\/ld+json\" class=\"yoast-schema-graph\">{\"@context\":\"https:\/\/schema.org\",\"@graph\":[{\"@type\":\"WebPage\",\"@id\":\"https:\/\/www.vegaintro-projekti.com\/pilar-stari\/2022\/09\/dr-sc-lynette-sikic-micanovic-i-paula-greiner-na-4-medunarodnoj-multidisciplinarnoj-konferenciji-o-sredozemnim-otocima-vis-14-17-9-2022\/\",\"url\":\"https:\/\/www.vegaintro-projekti.com\/pilar-stari\/2022\/09\/dr-sc-lynette-sikic-micanovic-i-paula-greiner-na-4-medunarodnoj-multidisciplinarnoj-konferenciji-o-sredozemnim-otocima-vis-14-17-9-2022\/\",\"name\":\"Dr. sc. Lynette \u0160iki\u0107 Mi\u0107anovi\u0107 i Paula Greiner na 4. me\u0111unarodnoj multidisciplinarnoj Konferenciji o sredozemnim otocima; Vis, 14.-17. 9. 2022. - Institut dru&scaron;tvenih znanosti Ivo Pilar\",\"isPartOf\":{\"@id\":\"https:\/\/www.vegaintro-projekti.com\/pilar-stari\/#website\"},\"datePublished\":\"2022-09-21T20:17:31+00:00\",\"dateModified\":\"2022-09-25T20:16:57+00:00\",\"author\":{\"@id\":\"https:\/\/www.vegaintro-projekti.com\/pilar-stari\/#\/schema\/person\/ddd404c9f1e15e4ffef5986ac6a5d28b\"},\"breadcrumb\":{\"@id\":\"https:\/\/www.vegaintro-projekti.com\/pilar-stari\/2022\/09\/dr-sc-lynette-sikic-micanovic-i-paula-greiner-na-4-medunarodnoj-multidisciplinarnoj-konferenciji-o-sredozemnim-otocima-vis-14-17-9-2022\/#breadcrumb\"},\"inLanguage\":\"hr\",\"potentialAction\":[{\"@type\":\"ReadAction\",\"target\":[\"https:\/\/www.vegaintro-projekti.com\/pilar-stari\/2022\/09\/dr-sc-lynette-sikic-micanovic-i-paula-greiner-na-4-medunarodnoj-multidisciplinarnoj-konferenciji-o-sredozemnim-otocima-vis-14-17-9-2022\/\"]}]},{\"@type\":\"BreadcrumbList\",\"@id\":\"https:\/\/www.vegaintro-projekti.com\/pilar-stari\/2022\/09\/dr-sc-lynette-sikic-micanovic-i-paula-greiner-na-4-medunarodnoj-multidisciplinarnoj-konferenciji-o-sredozemnim-otocima-vis-14-17-9-2022\/#breadcrumb\",\"itemListElement\":[{\"@type\":\"ListItem\",\"position\":1,\"name\":\"Home\",\"item\":\"https:\/\/www.vegaintro-projekti.com\/pilar-stari\/\"},{\"@type\":\"ListItem\",\"position\":2,\"name\":\"Dr. sc. Lynette \u0160iki\u0107 Mi\u0107anovi\u0107 i Paula Greiner na 4. me\u0111unarodnoj multidisciplinarnoj Konferenciji o sredozemnim otocima; Vis, 14.-17. 9. 2022.\"}]},{\"@type\":\"WebSite\",\"@id\":\"https:\/\/www.vegaintro-projekti.com\/pilar-stari\/#website\",\"url\":\"https:\/\/www.vegaintro-projekti.com\/pilar-stari\/\",\"name\":\"Institut dru&scaron;tvenih znanosti Ivo Pilar\",\"description\":\"Pilar\",\"potentialAction\":[{\"@type\":\"SearchAction\",\"target\":{\"@type\":\"EntryPoint\",\"urlTemplate\":\"https:\/\/www.vegaintro-projekti.com\/pilar-stari\/?s={search_term_string}\"},\"query-input\":\"required name=search_term_string\"}],\"inLanguage\":\"hr\"},{\"@type\":\"Person\",\"@id\":\"https:\/\/www.vegaintro-projekti.com\/pilar-stari\/#\/schema\/person\/ddd404c9f1e15e4ffef5986ac6a5d28b\",\"name\":\"Boris\",\"image\":{\"@type\":\"ImageObject\",\"inLanguage\":\"hr\",\"@id\":\"https:\/\/www.vegaintro-projekti.com\/pilar-stari\/#\/schema\/person\/image\/\",\"url\":\"https:\/\/secure.gravatar.com\/avatar\/29557b161a6ce6ab86ac1503164f1e90?s=96&d=mm&r=g\",\"contentUrl\":\"https:\/\/secure.gravatar.com\/avatar\/29557b161a6ce6ab86ac1503164f1e90?s=96&d=mm&r=g\",\"caption\":\"Boris\"},\"url\":\"https:\/\/www.vegaintro-projekti.com\/pilar-stari\/author\/boris\/\"}]}<\/script>\n<!-- \/ Yoast SEO plugin. -->","yoast_head_json":{"title":"Dr. sc. Lynette \u0160iki\u0107 Mi\u0107anovi\u0107 i Paula Greiner na 4. me\u0111unarodnoj multidisciplinarnoj Konferenciji o sredozemnim otocima; Vis, 14.-17. 9. 2022. - Institut dru&scaron;tvenih znanosti Ivo Pilar","robots":{"index":"noindex","follow":"follow","max-snippet":"max-snippet:-1","max-image-preview":"max-image-preview:large","max-video-preview":"max-video-preview:-1"},"og_locale":"hr_HR","og_type":"article","og_title":"Dr. sc. Lynette \u0160iki\u0107 Mi\u0107anovi\u0107 i Paula Greiner na 4. me\u0111unarodnoj multidisciplinarnoj Konferenciji o sredozemnim otocima; Vis, 14.-17. 9. 2022. - Institut dru&scaron;tvenih znanosti Ivo Pilar","og_description":"U okviru programa ovogodi\u0161nje 4. me\u0111unarodne multidisciplinarne znanstvene Konferencije o sredozemnim otocima (Mediterranean Islands Conference), odr\u017eane na Visu u razdoblju od 14. do 17. rujna 2022. godine, dr. sc. Lynette \u0160iki\u0107 Mi\u0107anovi\u0107 je u suautorstvu s Paulom Greinerom imala izlaganje pod nazivom \u201c\u2026in this city of mine, wherever I am, I feel at home\u201d: Place&hellip; Pro\u010ditaj vi\u0161e o Dr. sc. Lynette \u0160iki\u0107 Mi\u0107anovi\u0107 i Paula Greiner na 4. me\u0111unarodnoj multidisciplinarnoj Konferenciji o sredozemnim otocima; Vis, 14.-17. 9. 2022.","og_url":"https:\/\/www.vegaintro-projekti.com\/pilar-stari\/2022\/09\/dr-sc-lynette-sikic-micanovic-i-paula-greiner-na-4-medunarodnoj-multidisciplinarnoj-konferenciji-o-sredozemnim-otocima-vis-14-17-9-2022\/","og_site_name":"Institut dru&scaron;tvenih znanosti Ivo Pilar","article_published_time":"2022-09-21T20:17:31+00:00","article_modified_time":"2022-09-25T20:16:57+00:00","og_image":[{"width":620,"height":248,"url":"https:\/\/www.vegaintro-projekti.com\/pilar-stari\/wp-content\/uploads\/2022\/09\/Vis.jpg","type":"image\/jpeg"}],"author":"Boris","twitter_card":"summary_large_image","twitter_misc":{"Napisao\/la":"Boris","Procijenjeno vrijeme \u010ditanja":"3 minute"},"schema":{"@context":"https:\/\/schema.org","@graph":[{"@type":"WebPage","@id":"https:\/\/www.vegaintro-projekti.com\/pilar-stari\/2022\/09\/dr-sc-lynette-sikic-micanovic-i-paula-greiner-na-4-medunarodnoj-multidisciplinarnoj-konferenciji-o-sredozemnim-otocima-vis-14-17-9-2022\/","url":"https:\/\/www.vegaintro-projekti.com\/pilar-stari\/2022\/09\/dr-sc-lynette-sikic-micanovic-i-paula-greiner-na-4-medunarodnoj-multidisciplinarnoj-konferenciji-o-sredozemnim-otocima-vis-14-17-9-2022\/","name":"Dr. sc. Lynette \u0160iki\u0107 Mi\u0107anovi\u0107 i Paula Greiner na 4. me\u0111unarodnoj multidisciplinarnoj Konferenciji o sredozemnim otocima; Vis, 14.-17. 9. 2022. - Institut dru&scaron;tvenih znanosti Ivo Pilar","isPartOf":{"@id":"https:\/\/www.vegaintro-projekti.com\/pilar-stari\/#website"},"datePublished":"2022-09-21T20:17:31+00:00","dateModified":"2022-09-25T20:16:57+00:00","author":{"@id":"https:\/\/www.vegaintro-projekti.com\/pilar-stari\/#\/schema\/person\/ddd404c9f1e15e4ffef5986ac6a5d28b"},"breadcrumb":{"@id":"https:\/\/www.vegaintro-projekti.com\/pilar-stari\/2022\/09\/dr-sc-lynette-sikic-micanovic-i-paula-greiner-na-4-medunarodnoj-multidisciplinarnoj-konferenciji-o-sredozemnim-otocima-vis-14-17-9-2022\/#breadcrumb"},"inLanguage":"hr","potentialAction":[{"@type":"ReadAction","target":["https:\/\/www.vegaintro-projekti.com\/pilar-stari\/2022\/09\/dr-sc-lynette-sikic-micanovic-i-paula-greiner-na-4-medunarodnoj-multidisciplinarnoj-konferenciji-o-sredozemnim-otocima-vis-14-17-9-2022\/"]}]},{"@type":"BreadcrumbList","@id":"https:\/\/www.vegaintro-projekti.com\/pilar-stari\/2022\/09\/dr-sc-lynette-sikic-micanovic-i-paula-greiner-na-4-medunarodnoj-multidisciplinarnoj-konferenciji-o-sredozemnim-otocima-vis-14-17-9-2022\/#breadcrumb","itemListElement":[{"@type":"ListItem","position":1,"name":"Home","item":"https:\/\/www.vegaintro-projekti.com\/pilar-stari\/"},{"@type":"ListItem","position":2,"name":"Dr. sc. Lynette \u0160iki\u0107 Mi\u0107anovi\u0107 i Paula Greiner na 4. me\u0111unarodnoj multidisciplinarnoj Konferenciji o sredozemnim otocima; Vis, 14.-17. 9. 2022."}]},{"@type":"WebSite","@id":"https:\/\/www.vegaintro-projekti.com\/pilar-stari\/#website","url":"https:\/\/www.vegaintro-projekti.com\/pilar-stari\/","name":"Institut dru&scaron;tvenih znanosti Ivo Pilar","description":"Pilar","potentialAction":[{"@type":"SearchAction","target":{"@type":"EntryPoint","urlTemplate":"https:\/\/www.vegaintro-projekti.com\/pilar-stari\/?s={search_term_string}"},"query-input":"required name=search_term_string"}],"inLanguage":"hr"},{"@type":"Person","@id":"https:\/\/www.vegaintro-projekti.com\/pilar-stari\/#\/schema\/person\/ddd404c9f1e15e4ffef5986ac6a5d28b","name":"Boris","image":{"@type":"ImageObject","inLanguage":"hr","@id":"https:\/\/www.vegaintro-projekti.com\/pilar-stari\/#\/schema\/person\/image\/","url":"https:\/\/secure.gravatar.com\/avatar\/29557b161a6ce6ab86ac1503164f1e90?s=96&d=mm&r=g","contentUrl":"https:\/\/secure.gravatar.com\/avatar\/29557b161a6ce6ab86ac1503164f1e90?s=96&d=mm&r=g","caption":"Boris"},"url":"https:\/\/www.vegaintro-projekti.com\/pilar-stari\/author\/boris\/"}]}},"_links":{"self":[{"href":"https:\/\/www.vegaintro-projekti.com\/pilar-stari\/wp-json\/wp\/v2\/posts\/23464"}],"collection":[{"href":"https:\/\/www.vegaintro-projekti.com\/pilar-stari\/wp-json\/wp\/v2\/posts"}],"about":[{"href":"https:\/\/www.vegaintro-projekti.com\/pilar-stari\/wp-json\/wp\/v2\/types\/post"}],"author":[{"embeddable":true,"href":"https:\/\/www.vegaintro-projekti.com\/pilar-stari\/wp-json\/wp\/v2\/users\/7"}],"replies":[{"embeddable":true,"href":"https:\/\/www.vegaintro-projekti.com\/pilar-stari\/wp-json\/wp\/v2\/comments?post=23464"}],"version-history":[{"count":1,"href":"https:\/\/www.vegaintro-projekti.com\/pilar-stari\/wp-json\/wp\/v2\/posts\/23464\/revisions"}],"predecessor-version":[{"id":23465,"href":"https:\/\/www.vegaintro-projekti.com\/pilar-stari\/wp-json\/wp\/v2\/posts\/23464\/revisions\/23465"}],"wp:featuredmedia":[{"embeddable":true,"href":"https:\/\/www.vegaintro-projekti.com\/pilar-stari\/wp-json\/wp\/v2\/media\/23462"}],"wp:attachment":[{"href":"https:\/\/www.vegaintro-projekti.com\/pilar-stari\/wp-json\/wp\/v2\/media?parent=23464"}],"wp:term":[{"taxonomy":"category","embeddable":true,"href":"https:\/\/www.vegaintro-projekti.com\/pilar-stari\/wp-json\/wp\/v2\/categories?post=23464"},{"taxonomy":"post_tag","embeddable":true,"href":"https:\/\/www.vegaintro-projekti.com\/pilar-stari\/wp-json\/wp\/v2\/tags?post=23464"}],"curies":[{"name":"wp","href":"https:\/\/api.w.org\/{rel}","templated":true}]}}