{"id":23931,"date":"2022-10-23T18:20:41","date_gmt":"2022-10-23T18:20:41","guid":{"rendered":"https:\/\/www.vegaintro-projekti.com\/pilar-stari\/?p=23931"},"modified":"2022-10-29T08:08:24","modified_gmt":"2022-10-29T08:08:24","slug":"mr-sc-mirko-petric-kriza-ce-tesko-pogoditi-oko-60-posto-hrvata-20-10-2022","status":"publish","type":"post","link":"https:\/\/www.vegaintro-projekti.com\/pilar-stari\/2022\/10\/mr-sc-mirko-petric-kriza-ce-tesko-pogoditi-oko-60-posto-hrvata-20-10-2022\/","title":{"rendered":"Mr. sc. Mirko Petri\u0107: Kriza \u0107e te\u0161ko pogoditi oko 60 posto Hrvata, 20. 10. 2022."},"content":{"rendered":"<p><strong>Ve\u010dernji list u broju od 20. 10. 2022. objavljuje u tiskanom i online izdanju razgovor Dijane Jurasi\u0107 s mr. sc. Mirkom Petri\u0107em pod naslovom &#8220;Sociolog: Kriza \u0107e te\u0161ko pogoditi oko 60 posto Hrvata&#8221;. O razgovoru izvje\u0161tava HINA \u0161to prenose brojni hrvatski mediji. <\/strong>&#8211; <a href=\"#pov\">Poveznice<\/a><\/p>\n<p><a href=\"https:\/\/www.vecernji.hr\/vijesti\/i-srednja-klasa-u-njemackoj-strepi-od-propadanja-sto-ceka-nas-sociolog-bit-ce-pogodeno-60-hrvata-1626729\"><img decoding=\"async\" loading=\"lazy\" class=\"alignnone wp-image-23930 size-full\" src=\"https:\/\/www.vegaintro-projekti.com\/pilar-stari\/wp-content\/uploads\/2022\/10\/Ilustr.jpg\" alt=\"\" width=\"620\" height=\"226\" srcset=\"https:\/\/www.vegaintro-projekti.com\/pilar-stari\/wp-content\/uploads\/2022\/10\/Ilustr.jpg 620w, https:\/\/www.vegaintro-projekti.com\/pilar-stari\/wp-content\/uploads\/2022\/10\/Ilustr-300x109.jpg 300w\" sizes=\"(max-width: 620px) 100vw, 620px\" \/><img decoding=\"async\" loading=\"lazy\" class=\"alignnone wp-image-23929 size-full\" src=\"https:\/\/www.vegaintro-projekti.com\/pilar-stari\/wp-content\/uploads\/2022\/10\/05s.jpg\" alt=\"\" width=\"620\" height=\"413\" srcset=\"https:\/\/www.vegaintro-projekti.com\/pilar-stari\/wp-content\/uploads\/2022\/10\/05s.jpg 620w, https:\/\/www.vegaintro-projekti.com\/pilar-stari\/wp-content\/uploads\/2022\/10\/05s-300x200.jpg 300w\" sizes=\"(max-width: 620px) 100vw, 620px\" \/><\/a><\/p>\n<p><strong><span style=\"font-size: 8pt;\">Foto: Adrijana Vidi\u0107<\/span><\/strong><\/p>\n<p><strong>&#8211; Ve\u010dernji list:<\/strong> <a href=\"https:\/\/www.vecernji.hr\/vijesti\/i-srednja-klasa-u-njemackoj-strepi-od-propadanja-sto-ceka-nas-sociolog-bit-ce-pogodeno-60-hrvata-1626729\">I srednja klasa u Njema\u010dkoj strepi od propadanja, \u0161to \u010deka nas?; Sociolog: Bit \u0107e pogo\u0111eno 60% Hrvata, 20. 10. 2022.<\/a><\/p>\n<p>Kriza \u0107e te\u0161ko pogoditi oko 60 posto Hrvata, pi\u0161e 20. listopada 2022. Ve\u010dernji list, navode\u0107i da zbog udara inflacije i poskupljenja energenata, i u bogatoj Njema\u010dkoj srednji sloj, koji \u010dini oko 50 posto stanovni\u0161tva, strepi od propadanja.<\/p>\n<p>Ako je takva situacija u Njema\u010dkoj, \u0161to \u010deka Hrvatsku? Kod nas \u0107e, prema rije\u010dima sociologa Mirka Petri\u0107a iz Instituta Ivo Pilar, koji se godinama bavi klasnim analizama, kriza te\u0161ko pogoditi oko 60 posto stanovni\u0161tva.<\/p>\n<p>Sociolog Petri\u0107 isti\u010de da to \u0161to je u Njema\u010dkoj toliko visok postotak stanovni\u0161tva koje sebe smatra srednjom klasom vjerojatno valja pripisati tome \u0161to ondje socijalna dr\u017eava jo\u0161 nije toliko razgra\u0111ena kao u nekim drugim zapadnim zemljama.<\/p>\n<p>Globalni poreme\u0107aji utjecat \u0107e i na poslovnu aktivnost i prihode nove srednje klase: nekima prijeti propast, a drugi \u0107e sve udarce lak\u0161e amortizirati i od stare srednje klase i od onih koji su na dnu. No, \u0161to \u010deka Hrvatsku?<\/p>\n<p>\u2013 Iako je klasna struktura hrvatskog dru\u0161tva druk\u010dija od klasne strukture njema\u010dkog dru\u0161tva, utjecaj krize na razne \u0107e se klase i njihove frakcije vjerojatno odraziti sli\u010dno kao i u Njema\u010dkoj. Jasno je da \u0107e s krizom, unato\u010d poreme\u0107ajima u poslovanju, najlak\u0161e izi\u0107i nakraj jedan posto superbogatih, a najte\u017ee oko 60 posto stanovni\u0161tva koje u Hrvatskoj spada u klasu siroma\u0161nu kapitalom.<\/p>\n<p><a id=\"pov\"><\/a><span style=\"font-size: 14pt;\">Poveznice<\/span><\/p>\n<p><strong>&#8211; HINA:<\/strong> <a href=\"https:\/\/www.hina.hr\/vijest\/11131315\">https:\/\/www.hina.hr\/vijest\/11131315<\/a><br \/>\n<strong>&#8211; VE\u010cERNJI LIST:<\/strong> <a href=\"https:\/\/www.vecernji.hr\/vijesti\/i-srednja-klasa-u-njemackoj-strepi-od-propadanja-sto-ceka-nas-sociolog-bit-ce-pogodeno-60-hrvata-1626729\">https:\/\/www.vecernji.hr\/vijesti\/i-srednja-klasa-u-njemackoj-strepi-od-propadanja-sto-ceka-nas-sociolog-bit-ce-pogodeno-60-hrvata-1626729<\/a><br \/>\n<strong>&#8211; NOVI LIST:<\/strong> <a href=\"https:\/\/www.novilist.hr\/tag\/mirko-petric\/\">https:\/\/www.novilist.hr\/tag\/mirko-petric\/<\/a><br \/>\n<strong>&#8211; POSLOVNI.HR:<\/strong> <a href=\"https:\/\/www.poslovni.hr\/hrvatska\/kriza-ce-bas-tesko-pogoditi-oko-60-posto-hrvata-malo-ce-lakse-biti-u-ovom-dijelu-drzave-4359461\">https:\/\/www.poslovni.hr\/hrvatska\/kriza-ce-bas-tesko-pogoditi-oko-60-posto-hrvata-malo-ce-lakse-biti-u-ovom-dijelu-drzave-4359461<\/a><br \/>\n<strong>&#8211; N1:<\/strong> <a href=\"https:\/\/n1info.hr\/vijesti\/sociolog-kriza-ce-tesko-pogoditi-oko-60-posto-hrvata\/\">https:\/\/n1info.hr\/vijesti\/sociolog-kriza-ce-tesko-pogoditi-oko-60-posto-hrvata\/<\/a><br \/>\n<strong>&#8211; T PORTAL:<\/strong> <a href=\"https:\/\/www.tportal.hr\/vijesti\/clanak\/sociolog-petric-kriza-ce-tesko-pogoditi-oko-60-posto-hrvata-20221020\">https:\/\/www.tportal.hr\/vijesti\/clanak\/sociolog-petric-kriza-ce-tesko-pogoditi-oko-60-posto-hrvata-20221020<\/a><br \/>\n<strong>&#8211; NET.HR:<\/strong> <a href=\"https:\/\/net.hr\/tema\/mirko-petric-ivljtfek\">https:\/\/net.hr\/tema\/mirko-petric-ivljtfek<\/a><br \/>\n<strong>&#8211; ANTENA Zadar (portal):<\/strong> <a href=\"https:\/\/www.antenazadar.hr\/clanak\/2022\/10\/__trashed-42\/\">https:\/\/www.antenazadar.hr\/clanak\/2022\/10\/__trashed-42\/<\/a><br \/>\n<strong>&#8211; SEEBIZ.EU:<\/strong> <a href=\"https:\/\/www.seebiz.eu\/ekonomija\/petric-kriza-ce-tesko-pogoditi-oko-60-posto-hrvata\/283112\">https:\/\/www.seebiz.eu\/ekonomija\/petric-kriza-ce-tesko-pogoditi-oko-60-posto-hrvata\/283112<\/a><br \/>\n<strong>&#8211; INFORMER.RS:<\/strong> <a href=\"https:\/\/informer.rs\/planeta\/balkan\/743530\/hrvatska-ekonomija-kriza-cene-inflacija-rusija-ukrajina-sankcije\">https:\/\/informer.rs\/planeta\/balkan\/743530\/hrvatska-ekonomija-kriza-cene-inflacija-rusija-ukrajina-sankcije<\/a><\/p>\n<blockquote><p><a href=\"https:\/\/www.vegaintro-projekti.com\/pilar-stari\/2010\/07\/podruni-centar-split-2\/\">Mr. sc. Mirko Petri\u0107<\/a><\/p>\n<p><a href=\"https:\/\/www.vegaintro-projekti.com\/pilar-stari\/biografije\/user-bio\/?my_user_id=375\">Podru\u010dni centar Split<\/a><\/p><\/blockquote>\n","protected":false},"excerpt":{"rendered":"<p>Ve\u010dernji list u broju od 20. 10. 2022. objavljuje u tiskanom i online izdanju razgovor Dijane Jurasi\u0107 s mr. sc. Mirkom Petri\u0107em pod naslovom &#8220;Sociolog: Kriza \u0107e te\u0161ko pogoditi oko 60 posto Hrvata&#8221;. O razgovoru izvje\u0161tava HINA \u0161to prenose brojni hrvatski mediji. &#8211; Poveznice Foto: Adrijana Vidi\u0107 &#8211; Ve\u010dernji list: I srednja klasa u Njema\u010dkoj&hellip; <a class=\"continue\" href=\"https:\/\/www.vegaintro-projekti.com\/pilar-stari\/2022\/10\/mr-sc-mirko-petric-kriza-ce-tesko-pogoditi-oko-60-posto-hrvata-20-10-2022\/\">Pro\u010ditaj vi\u0161e o<span> Mr. sc. Mirko Petri\u0107: Kriza \u0107e te\u0161ko pogoditi oko 60 posto Hrvata, 20. 10. 2022.<\/span><\/a><\/p>\n","protected":false},"author":7,"featured_media":23928,"comment_status":"closed","ping_status":"closed","sticky":false,"template":"","format":"standard","meta":{"inline_featured_image":false,"ngg_post_thumbnail":0,"footnotes":""},"categories":[12],"tags":[],"yoast_head":"<!-- This site is optimized with the Yoast SEO plugin v21.2 - https:\/\/yoast.com\/wordpress\/plugins\/seo\/ -->\n<title>Mr. sc. Mirko Petri\u0107: Kriza \u0107e te\u0161ko pogoditi oko 60 posto Hrvata, 20. 10. 2022. - Institut dru&scaron;tvenih znanosti Ivo Pilar<\/title>\n<meta name=\"robots\" content=\"noindex, follow, max-snippet:-1, max-image-preview:large, max-video-preview:-1\" \/>\n<meta property=\"og:locale\" content=\"hr_HR\" \/>\n<meta property=\"og:type\" content=\"article\" \/>\n<meta property=\"og:title\" content=\"Mr. sc. Mirko Petri\u0107: Kriza \u0107e te\u0161ko pogoditi oko 60 posto Hrvata, 20. 10. 2022. - Institut dru&scaron;tvenih znanosti Ivo Pilar\" \/>\n<meta property=\"og:description\" content=\"Ve\u010dernji list u broju od 20. 10. 2022. objavljuje u tiskanom i online izdanju razgovor Dijane Jurasi\u0107 s mr. sc. Mirkom Petri\u0107em pod naslovom &#8220;Sociolog: Kriza \u0107e te\u0161ko pogoditi oko 60 posto Hrvata&#8221;. O razgovoru izvje\u0161tava HINA \u0161to prenose brojni hrvatski mediji. &#8211; Poveznice Foto: Adrijana Vidi\u0107 &#8211; Ve\u010dernji list: I srednja klasa u Njema\u010dkoj&hellip; Pro\u010ditaj vi\u0161e o Mr. sc. Mirko Petri\u0107: Kriza \u0107e te\u0161ko pogoditi oko 60 posto Hrvata, 20. 10. 2022.\" \/>\n<meta property=\"og:url\" content=\"https:\/\/www.vegaintro-projekti.com\/pilar-stari\/2022\/10\/mr-sc-mirko-petric-kriza-ce-tesko-pogoditi-oko-60-posto-hrvata-20-10-2022\/\" \/>\n<meta property=\"og:site_name\" content=\"Institut dru&scaron;tvenih znanosti Ivo Pilar\" \/>\n<meta property=\"article:published_time\" content=\"2022-10-23T18:20:41+00:00\" \/>\n<meta property=\"article:modified_time\" content=\"2022-10-29T08:08:24+00:00\" \/>\n<meta property=\"og:image\" content=\"https:\/\/www.vegaintro-projekti.com\/pilar-stari\/wp-content\/uploads\/2022\/10\/01fi.jpg\" \/>\n\t<meta property=\"og:image:width\" content=\"327\" \/>\n\t<meta property=\"og:image:height\" content=\"224\" \/>\n\t<meta property=\"og:image:type\" content=\"image\/jpeg\" \/>\n<meta name=\"author\" content=\"Boris\" \/>\n<meta name=\"twitter:card\" content=\"summary_large_image\" \/>\n<meta name=\"twitter:label1\" content=\"Napisao\/la\" \/>\n\t<meta name=\"twitter:data1\" content=\"Boris\" \/>\n\t<meta name=\"twitter:label2\" content=\"Procijenjeno vrijeme \u010ditanja\" \/>\n\t<meta name=\"twitter:data2\" content=\"3 minute\" \/>\n<script type=\"application\/ld+json\" class=\"yoast-schema-graph\">{\"@context\":\"https:\/\/schema.org\",\"@graph\":[{\"@type\":\"WebPage\",\"@id\":\"https:\/\/www.vegaintro-projekti.com\/pilar-stari\/2022\/10\/mr-sc-mirko-petric-kriza-ce-tesko-pogoditi-oko-60-posto-hrvata-20-10-2022\/\",\"url\":\"https:\/\/www.vegaintro-projekti.com\/pilar-stari\/2022\/10\/mr-sc-mirko-petric-kriza-ce-tesko-pogoditi-oko-60-posto-hrvata-20-10-2022\/\",\"name\":\"Mr. sc. Mirko Petri\u0107: Kriza \u0107e te\u0161ko pogoditi oko 60 posto Hrvata, 20. 10. 2022. - Institut dru&scaron;tvenih znanosti Ivo Pilar\",\"isPartOf\":{\"@id\":\"https:\/\/www.vegaintro-projekti.com\/pilar-stari\/#website\"},\"datePublished\":\"2022-10-23T18:20:41+00:00\",\"dateModified\":\"2022-10-29T08:08:24+00:00\",\"author\":{\"@id\":\"https:\/\/www.vegaintro-projekti.com\/pilar-stari\/#\/schema\/person\/ddd404c9f1e15e4ffef5986ac6a5d28b\"},\"breadcrumb\":{\"@id\":\"https:\/\/www.vegaintro-projekti.com\/pilar-stari\/2022\/10\/mr-sc-mirko-petric-kriza-ce-tesko-pogoditi-oko-60-posto-hrvata-20-10-2022\/#breadcrumb\"},\"inLanguage\":\"hr\",\"potentialAction\":[{\"@type\":\"ReadAction\",\"target\":[\"https:\/\/www.vegaintro-projekti.com\/pilar-stari\/2022\/10\/mr-sc-mirko-petric-kriza-ce-tesko-pogoditi-oko-60-posto-hrvata-20-10-2022\/\"]}]},{\"@type\":\"BreadcrumbList\",\"@id\":\"https:\/\/www.vegaintro-projekti.com\/pilar-stari\/2022\/10\/mr-sc-mirko-petric-kriza-ce-tesko-pogoditi-oko-60-posto-hrvata-20-10-2022\/#breadcrumb\",\"itemListElement\":[{\"@type\":\"ListItem\",\"position\":1,\"name\":\"Home\",\"item\":\"https:\/\/www.vegaintro-projekti.com\/pilar-stari\/\"},{\"@type\":\"ListItem\",\"position\":2,\"name\":\"Mr. sc. Mirko Petri\u0107: Kriza \u0107e te\u0161ko pogoditi oko 60 posto Hrvata, 20. 10. 2022.\"}]},{\"@type\":\"WebSite\",\"@id\":\"https:\/\/www.vegaintro-projekti.com\/pilar-stari\/#website\",\"url\":\"https:\/\/www.vegaintro-projekti.com\/pilar-stari\/\",\"name\":\"Institut dru&scaron;tvenih znanosti Ivo Pilar\",\"description\":\"Pilar\",\"potentialAction\":[{\"@type\":\"SearchAction\",\"target\":{\"@type\":\"EntryPoint\",\"urlTemplate\":\"https:\/\/www.vegaintro-projekti.com\/pilar-stari\/?s={search_term_string}\"},\"query-input\":\"required name=search_term_string\"}],\"inLanguage\":\"hr\"},{\"@type\":\"Person\",\"@id\":\"https:\/\/www.vegaintro-projekti.com\/pilar-stari\/#\/schema\/person\/ddd404c9f1e15e4ffef5986ac6a5d28b\",\"name\":\"Boris\",\"image\":{\"@type\":\"ImageObject\",\"inLanguage\":\"hr\",\"@id\":\"https:\/\/www.vegaintro-projekti.com\/pilar-stari\/#\/schema\/person\/image\/\",\"url\":\"https:\/\/secure.gravatar.com\/avatar\/29557b161a6ce6ab86ac1503164f1e90?s=96&d=mm&r=g\",\"contentUrl\":\"https:\/\/secure.gravatar.com\/avatar\/29557b161a6ce6ab86ac1503164f1e90?s=96&d=mm&r=g\",\"caption\":\"Boris\"},\"url\":\"https:\/\/www.vegaintro-projekti.com\/pilar-stari\/author\/boris\/\"}]}<\/script>\n<!-- \/ Yoast SEO plugin. -->","yoast_head_json":{"title":"Mr. sc. Mirko Petri\u0107: Kriza \u0107e te\u0161ko pogoditi oko 60 posto Hrvata, 20. 10. 2022. - Institut dru&scaron;tvenih znanosti Ivo Pilar","robots":{"index":"noindex","follow":"follow","max-snippet":"max-snippet:-1","max-image-preview":"max-image-preview:large","max-video-preview":"max-video-preview:-1"},"og_locale":"hr_HR","og_type":"article","og_title":"Mr. sc. Mirko Petri\u0107: Kriza \u0107e te\u0161ko pogoditi oko 60 posto Hrvata, 20. 10. 2022. - Institut dru&scaron;tvenih znanosti Ivo Pilar","og_description":"Ve\u010dernji list u broju od 20. 10. 2022. objavljuje u tiskanom i online izdanju razgovor Dijane Jurasi\u0107 s mr. sc. Mirkom Petri\u0107em pod naslovom &#8220;Sociolog: Kriza \u0107e te\u0161ko pogoditi oko 60 posto Hrvata&#8221;. O razgovoru izvje\u0161tava HINA \u0161to prenose brojni hrvatski mediji. &#8211; Poveznice Foto: Adrijana Vidi\u0107 &#8211; Ve\u010dernji list: I srednja klasa u Njema\u010dkoj&hellip; Pro\u010ditaj vi\u0161e o Mr. sc. Mirko Petri\u0107: Kriza \u0107e te\u0161ko pogoditi oko 60 posto Hrvata, 20. 10. 2022.","og_url":"https:\/\/www.vegaintro-projekti.com\/pilar-stari\/2022\/10\/mr-sc-mirko-petric-kriza-ce-tesko-pogoditi-oko-60-posto-hrvata-20-10-2022\/","og_site_name":"Institut dru&scaron;tvenih znanosti Ivo Pilar","article_published_time":"2022-10-23T18:20:41+00:00","article_modified_time":"2022-10-29T08:08:24+00:00","og_image":[{"width":327,"height":224,"url":"https:\/\/www.vegaintro-projekti.com\/pilar-stari\/wp-content\/uploads\/2022\/10\/01fi.jpg","type":"image\/jpeg"}],"author":"Boris","twitter_card":"summary_large_image","twitter_misc":{"Napisao\/la":"Boris","Procijenjeno vrijeme \u010ditanja":"3 minute"},"schema":{"@context":"https:\/\/schema.org","@graph":[{"@type":"WebPage","@id":"https:\/\/www.vegaintro-projekti.com\/pilar-stari\/2022\/10\/mr-sc-mirko-petric-kriza-ce-tesko-pogoditi-oko-60-posto-hrvata-20-10-2022\/","url":"https:\/\/www.vegaintro-projekti.com\/pilar-stari\/2022\/10\/mr-sc-mirko-petric-kriza-ce-tesko-pogoditi-oko-60-posto-hrvata-20-10-2022\/","name":"Mr. sc. Mirko Petri\u0107: Kriza \u0107e te\u0161ko pogoditi oko 60 posto Hrvata, 20. 10. 2022. - Institut dru&scaron;tvenih znanosti Ivo Pilar","isPartOf":{"@id":"https:\/\/www.vegaintro-projekti.com\/pilar-stari\/#website"},"datePublished":"2022-10-23T18:20:41+00:00","dateModified":"2022-10-29T08:08:24+00:00","author":{"@id":"https:\/\/www.vegaintro-projekti.com\/pilar-stari\/#\/schema\/person\/ddd404c9f1e15e4ffef5986ac6a5d28b"},"breadcrumb":{"@id":"https:\/\/www.vegaintro-projekti.com\/pilar-stari\/2022\/10\/mr-sc-mirko-petric-kriza-ce-tesko-pogoditi-oko-60-posto-hrvata-20-10-2022\/#breadcrumb"},"inLanguage":"hr","potentialAction":[{"@type":"ReadAction","target":["https:\/\/www.vegaintro-projekti.com\/pilar-stari\/2022\/10\/mr-sc-mirko-petric-kriza-ce-tesko-pogoditi-oko-60-posto-hrvata-20-10-2022\/"]}]},{"@type":"BreadcrumbList","@id":"https:\/\/www.vegaintro-projekti.com\/pilar-stari\/2022\/10\/mr-sc-mirko-petric-kriza-ce-tesko-pogoditi-oko-60-posto-hrvata-20-10-2022\/#breadcrumb","itemListElement":[{"@type":"ListItem","position":1,"name":"Home","item":"https:\/\/www.vegaintro-projekti.com\/pilar-stari\/"},{"@type":"ListItem","position":2,"name":"Mr. sc. Mirko Petri\u0107: Kriza \u0107e te\u0161ko pogoditi oko 60 posto Hrvata, 20. 10. 2022."}]},{"@type":"WebSite","@id":"https:\/\/www.vegaintro-projekti.com\/pilar-stari\/#website","url":"https:\/\/www.vegaintro-projekti.com\/pilar-stari\/","name":"Institut dru&scaron;tvenih znanosti Ivo Pilar","description":"Pilar","potentialAction":[{"@type":"SearchAction","target":{"@type":"EntryPoint","urlTemplate":"https:\/\/www.vegaintro-projekti.com\/pilar-stari\/?s={search_term_string}"},"query-input":"required name=search_term_string"}],"inLanguage":"hr"},{"@type":"Person","@id":"https:\/\/www.vegaintro-projekti.com\/pilar-stari\/#\/schema\/person\/ddd404c9f1e15e4ffef5986ac6a5d28b","name":"Boris","image":{"@type":"ImageObject","inLanguage":"hr","@id":"https:\/\/www.vegaintro-projekti.com\/pilar-stari\/#\/schema\/person\/image\/","url":"https:\/\/secure.gravatar.com\/avatar\/29557b161a6ce6ab86ac1503164f1e90?s=96&d=mm&r=g","contentUrl":"https:\/\/secure.gravatar.com\/avatar\/29557b161a6ce6ab86ac1503164f1e90?s=96&d=mm&r=g","caption":"Boris"},"url":"https:\/\/www.vegaintro-projekti.com\/pilar-stari\/author\/boris\/"}]}},"_links":{"self":[{"href":"https:\/\/www.vegaintro-projekti.com\/pilar-stari\/wp-json\/wp\/v2\/posts\/23931"}],"collection":[{"href":"https:\/\/www.vegaintro-projekti.com\/pilar-stari\/wp-json\/wp\/v2\/posts"}],"about":[{"href":"https:\/\/www.vegaintro-projekti.com\/pilar-stari\/wp-json\/wp\/v2\/types\/post"}],"author":[{"embeddable":true,"href":"https:\/\/www.vegaintro-projekti.com\/pilar-stari\/wp-json\/wp\/v2\/users\/7"}],"replies":[{"embeddable":true,"href":"https:\/\/www.vegaintro-projekti.com\/pilar-stari\/wp-json\/wp\/v2\/comments?post=23931"}],"version-history":[{"count":4,"href":"https:\/\/www.vegaintro-projekti.com\/pilar-stari\/wp-json\/wp\/v2\/posts\/23931\/revisions"}],"predecessor-version":[{"id":23971,"href":"https:\/\/www.vegaintro-projekti.com\/pilar-stari\/wp-json\/wp\/v2\/posts\/23931\/revisions\/23971"}],"wp:featuredmedia":[{"embeddable":true,"href":"https:\/\/www.vegaintro-projekti.com\/pilar-stari\/wp-json\/wp\/v2\/media\/23928"}],"wp:attachment":[{"href":"https:\/\/www.vegaintro-projekti.com\/pilar-stari\/wp-json\/wp\/v2\/media?parent=23931"}],"wp:term":[{"taxonomy":"category","embeddable":true,"href":"https:\/\/www.vegaintro-projekti.com\/pilar-stari\/wp-json\/wp\/v2\/categories?post=23931"},{"taxonomy":"post_tag","embeddable":true,"href":"https:\/\/www.vegaintro-projekti.com\/pilar-stari\/wp-json\/wp\/v2\/tags?post=23931"}],"curies":[{"name":"wp","href":"https:\/\/api.w.org\/{rel}","templated":true}]}}