{"id":24340,"date":"2022-11-26T15:43:26","date_gmt":"2022-11-26T15:43:26","guid":{"rendered":"https:\/\/www.vegaintro-projekti.com\/pilar-stari\/?p=24340"},"modified":"2022-11-28T12:19:06","modified_gmt":"2022-11-28T12:19:06","slug":"dr-sc-drazen-zivic-demografija-hrvatske-u-svjetlu-rezultata-popisa-2021-godine-24-11-2022","status":"publish","type":"post","link":"https:\/\/www.vegaintro-projekti.com\/pilar-stari\/2022\/11\/dr-sc-drazen-zivic-demografija-hrvatske-u-svjetlu-rezultata-popisa-2021-godine-24-11-2022\/","title":{"rendered":"Dr. sc. Dra\u017een \u017divi\u0107: &#8220;Demografija Hrvatske u svjetlu rezultata popisa 2021. godine&#8221;, 24. 11. 2022."},"content":{"rendered":"<p><strong>Pomo\u0107nik ravnatelja Instituta Pilar, dr. sc. Dra\u017een \u017divi\u0107, 24. studenoga 2022. godine odr\u017eao je na Hrvatskom vojnom u\u010dili\u0161tu &#8220;Dr. Franjo Tu\u0111man&#8221; u Zagrebu predavanje polaznicima Ratne \u0161kole &#8220;Ban Josip Jela\u010di\u0107&#8221;, naslovljeno &#8220;Demografija Hrvatske u svjetlu rezultata popisa 2021. godine&#8221;<\/strong><\/p>\n<p><a href=\"https:\/\/www.vegaintro-projekti.com\/pilar-stari\/wp-content\/uploads\/2022\/11\/IMG-1-3.jpg\"><img decoding=\"async\" loading=\"lazy\" class=\"alignnone wp-image-24337 size-full\" src=\"https:\/\/www.vegaintro-projekti.com\/pilar-stari\/wp-content\/uploads\/2022\/11\/IMG-1s-3.jpg\" alt=\"\" width=\"310\" height=\"233\" srcset=\"https:\/\/www.vegaintro-projekti.com\/pilar-stari\/wp-content\/uploads\/2022\/11\/IMG-1s-3.jpg 310w, https:\/\/www.vegaintro-projekti.com\/pilar-stari\/wp-content\/uploads\/2022\/11\/IMG-1s-3-300x225.jpg 300w\" sizes=\"(max-width: 310px) 100vw, 310px\" \/><\/a><a href=\"https:\/\/www.vegaintro-projekti.com\/pilar-stari\/wp-content\/uploads\/2022\/11\/IMG-2-2.jpg\"><img decoding=\"async\" loading=\"lazy\" class=\"alignnone wp-image-24339 size-full\" src=\"https:\/\/www.vegaintro-projekti.com\/pilar-stari\/wp-content\/uploads\/2022\/11\/IMG-2s-1.jpg\" alt=\"\" width=\"310\" height=\"233\" srcset=\"https:\/\/www.vegaintro-projekti.com\/pilar-stari\/wp-content\/uploads\/2022\/11\/IMG-2s-1.jpg 310w, https:\/\/www.vegaintro-projekti.com\/pilar-stari\/wp-content\/uploads\/2022\/11\/IMG-2s-1-300x225.jpg 300w\" sizes=\"(max-width: 310px) 100vw, 310px\" \/><\/a><a href=\"https:\/\/www.vegaintro-projekti.com\/pilar-stari\/wp-content\/uploads\/2022\/11\/IMG-0-1.jpg\"><img decoding=\"async\" loading=\"lazy\" class=\"alignnone wp-image-24335 size-full\" src=\"https:\/\/www.vegaintro-projekti.com\/pilar-stari\/wp-content\/uploads\/2022\/11\/IMG-0s-1.jpg\" alt=\"\" width=\"620\" height=\"465\" srcset=\"https:\/\/www.vegaintro-projekti.com\/pilar-stari\/wp-content\/uploads\/2022\/11\/IMG-0s-1.jpg 620w, https:\/\/www.vegaintro-projekti.com\/pilar-stari\/wp-content\/uploads\/2022\/11\/IMG-0s-1-300x225.jpg 300w\" sizes=\"(max-width: 620px) 100vw, 620px\" \/><\/a><\/p>\n<p><strong>Odr\u017eano predavanje<\/strong> polaznicima najvi\u0161e razine vojne izobrazbe u Republici Hrvatskoj nastavak je vi\u0161egodi\u0161nje uspje\u0161ne suradnje Instituta Pilar i HVU &#8220;Dr. Franjo Tu\u0111man&#8221;, koje uklju\u010duje i organizaciju okrugloga stola <strong>Zna\u010denje Vukovarske bitke za obranu Republike Hrvatske<\/strong>, koji se i ove godine odr\u017eao u mjesecu listopadu u Vukovaru u Memorijalnom centru Domovinskog rata, na kojemu su uz dr. sc. Dra\u017eena \u017divi\u0107a sudjelovali i dr. sc. Mateo \u017dani\u0107 i dr. sc. Ivana Bendra.<\/p>\n<blockquote><p><a href=\"https:\/\/www.vegaintro-projekti.com\/pilar-stari\/2018\/04\/podruni-centar-vukovar-2\/\">Podru\u010dni centar Vukovar<\/a><\/p><\/blockquote>\n","protected":false},"excerpt":{"rendered":"<p>Pomo\u0107nik ravnatelja Instituta Pilar, dr. sc. Dra\u017een \u017divi\u0107, 24. studenoga 2022. godine odr\u017eao je na Hrvatskom vojnom u\u010dili\u0161tu &#8220;Dr. Franjo Tu\u0111man&#8221; u Zagrebu predavanje polaznicima Ratne \u0161kole &#8220;Ban Josip Jela\u010di\u0107&#8221;, naslovljeno &#8220;Demografija Hrvatske u svjetlu rezultata popisa 2021. godine&#8221; Odr\u017eano predavanje polaznicima najvi\u0161e razine vojne izobrazbe u Republici Hrvatskoj nastavak je vi\u0161egodi\u0161nje uspje\u0161ne suradnje Instituta&hellip; <a class=\"continue\" href=\"https:\/\/www.vegaintro-projekti.com\/pilar-stari\/2022\/11\/dr-sc-drazen-zivic-demografija-hrvatske-u-svjetlu-rezultata-popisa-2021-godine-24-11-2022\/\">Pro\u010ditaj vi\u0161e o<span> Dr. sc. Dra\u017een \u017divi\u0107: &#8220;Demografija Hrvatske u svjetlu rezultata popisa 2021. godine&#8221;, 24. 11. 2022.<\/span><\/a><\/p>\n","protected":false},"author":7,"featured_media":24333,"comment_status":"closed","ping_status":"closed","sticky":false,"template":"","format":"standard","meta":{"inline_featured_image":false,"ngg_post_thumbnail":0,"footnotes":""},"categories":[11],"tags":[],"yoast_head":"<!-- This site is optimized with the Yoast SEO plugin v21.2 - https:\/\/yoast.com\/wordpress\/plugins\/seo\/ -->\n<title>Dr. sc. Dra\u017een \u017divi\u0107: &quot;Demografija Hrvatske u svjetlu rezultata popisa 2021. godine&quot;, 24. 11. 2022. - Institut dru&scaron;tvenih znanosti Ivo Pilar<\/title>\n<meta name=\"robots\" content=\"noindex, follow, max-snippet:-1, max-image-preview:large, max-video-preview:-1\" \/>\n<meta property=\"og:locale\" content=\"hr_HR\" \/>\n<meta property=\"og:type\" content=\"article\" \/>\n<meta property=\"og:title\" content=\"Dr. sc. Dra\u017een \u017divi\u0107: &quot;Demografija Hrvatske u svjetlu rezultata popisa 2021. godine&quot;, 24. 11. 2022. - Institut dru&scaron;tvenih znanosti Ivo Pilar\" \/>\n<meta property=\"og:description\" content=\"Pomo\u0107nik ravnatelja Instituta Pilar, dr. sc. Dra\u017een \u017divi\u0107, 24. studenoga 2022. godine odr\u017eao je na Hrvatskom vojnom u\u010dili\u0161tu &#8220;Dr. Franjo Tu\u0111man&#8221; u Zagrebu predavanje polaznicima Ratne \u0161kole &#8220;Ban Josip Jela\u010di\u0107&#8221;, naslovljeno &#8220;Demografija Hrvatske u svjetlu rezultata popisa 2021. godine&#8221; Odr\u017eano predavanje polaznicima najvi\u0161e razine vojne izobrazbe u Republici Hrvatskoj nastavak je vi\u0161egodi\u0161nje uspje\u0161ne suradnje Instituta&hellip; Pro\u010ditaj vi\u0161e o Dr. sc. Dra\u017een \u017divi\u0107: &#8220;Demografija Hrvatske u svjetlu rezultata popisa 2021. godine&#8221;, 24. 11. 2022.\" \/>\n<meta property=\"og:url\" content=\"https:\/\/www.vegaintro-projekti.com\/pilar-stari\/2022\/11\/dr-sc-drazen-zivic-demografija-hrvatske-u-svjetlu-rezultata-popisa-2021-godine-24-11-2022\/\" \/>\n<meta property=\"og:site_name\" content=\"Institut dru&scaron;tvenih znanosti Ivo Pilar\" \/>\n<meta property=\"article:published_time\" content=\"2022-11-26T15:43:26+00:00\" \/>\n<meta property=\"article:modified_time\" content=\"2022-11-28T12:19:06+00:00\" \/>\n<meta property=\"og:image\" content=\"https:\/\/www.vegaintro-projekti.com\/pilar-stari\/wp-content\/uploads\/2022\/11\/IMG-0fi.jpg\" \/>\n\t<meta property=\"og:image:width\" content=\"500\" \/>\n\t<meta property=\"og:image:height\" content=\"223\" \/>\n\t<meta property=\"og:image:type\" content=\"image\/jpeg\" \/>\n<meta name=\"author\" content=\"Boris\" \/>\n<meta name=\"twitter:card\" content=\"summary_large_image\" \/>\n<meta name=\"twitter:label1\" content=\"Napisao\/la\" \/>\n\t<meta name=\"twitter:data1\" content=\"Boris\" \/>\n\t<meta name=\"twitter:label2\" content=\"Procijenjeno vrijeme \u010ditanja\" \/>\n\t<meta name=\"twitter:data2\" content=\"2 minute\" \/>\n<script type=\"application\/ld+json\" class=\"yoast-schema-graph\">{\"@context\":\"https:\/\/schema.org\",\"@graph\":[{\"@type\":\"WebPage\",\"@id\":\"https:\/\/www.vegaintro-projekti.com\/pilar-stari\/2022\/11\/dr-sc-drazen-zivic-demografija-hrvatske-u-svjetlu-rezultata-popisa-2021-godine-24-11-2022\/\",\"url\":\"https:\/\/www.vegaintro-projekti.com\/pilar-stari\/2022\/11\/dr-sc-drazen-zivic-demografija-hrvatske-u-svjetlu-rezultata-popisa-2021-godine-24-11-2022\/\",\"name\":\"Dr. sc. Dra\u017een \u017divi\u0107: \\\"Demografija Hrvatske u svjetlu rezultata popisa 2021. godine\\\", 24. 11. 2022. - Institut dru&scaron;tvenih znanosti Ivo Pilar\",\"isPartOf\":{\"@id\":\"https:\/\/www.vegaintro-projekti.com\/pilar-stari\/#website\"},\"datePublished\":\"2022-11-26T15:43:26+00:00\",\"dateModified\":\"2022-11-28T12:19:06+00:00\",\"author\":{\"@id\":\"https:\/\/www.vegaintro-projekti.com\/pilar-stari\/#\/schema\/person\/ddd404c9f1e15e4ffef5986ac6a5d28b\"},\"breadcrumb\":{\"@id\":\"https:\/\/www.vegaintro-projekti.com\/pilar-stari\/2022\/11\/dr-sc-drazen-zivic-demografija-hrvatske-u-svjetlu-rezultata-popisa-2021-godine-24-11-2022\/#breadcrumb\"},\"inLanguage\":\"hr\",\"potentialAction\":[{\"@type\":\"ReadAction\",\"target\":[\"https:\/\/www.vegaintro-projekti.com\/pilar-stari\/2022\/11\/dr-sc-drazen-zivic-demografija-hrvatske-u-svjetlu-rezultata-popisa-2021-godine-24-11-2022\/\"]}]},{\"@type\":\"BreadcrumbList\",\"@id\":\"https:\/\/www.vegaintro-projekti.com\/pilar-stari\/2022\/11\/dr-sc-drazen-zivic-demografija-hrvatske-u-svjetlu-rezultata-popisa-2021-godine-24-11-2022\/#breadcrumb\",\"itemListElement\":[{\"@type\":\"ListItem\",\"position\":1,\"name\":\"Home\",\"item\":\"https:\/\/www.vegaintro-projekti.com\/pilar-stari\/\"},{\"@type\":\"ListItem\",\"position\":2,\"name\":\"Dr. sc. Dra\u017een \u017divi\u0107: &#8220;Demografija Hrvatske u svjetlu rezultata popisa 2021. godine&#8221;, 24. 11. 2022.\"}]},{\"@type\":\"WebSite\",\"@id\":\"https:\/\/www.vegaintro-projekti.com\/pilar-stari\/#website\",\"url\":\"https:\/\/www.vegaintro-projekti.com\/pilar-stari\/\",\"name\":\"Institut dru&scaron;tvenih znanosti Ivo Pilar\",\"description\":\"Pilar\",\"potentialAction\":[{\"@type\":\"SearchAction\",\"target\":{\"@type\":\"EntryPoint\",\"urlTemplate\":\"https:\/\/www.vegaintro-projekti.com\/pilar-stari\/?s={search_term_string}\"},\"query-input\":\"required name=search_term_string\"}],\"inLanguage\":\"hr\"},{\"@type\":\"Person\",\"@id\":\"https:\/\/www.vegaintro-projekti.com\/pilar-stari\/#\/schema\/person\/ddd404c9f1e15e4ffef5986ac6a5d28b\",\"name\":\"Boris\",\"image\":{\"@type\":\"ImageObject\",\"inLanguage\":\"hr\",\"@id\":\"https:\/\/www.vegaintro-projekti.com\/pilar-stari\/#\/schema\/person\/image\/\",\"url\":\"https:\/\/secure.gravatar.com\/avatar\/29557b161a6ce6ab86ac1503164f1e90?s=96&d=mm&r=g\",\"contentUrl\":\"https:\/\/secure.gravatar.com\/avatar\/29557b161a6ce6ab86ac1503164f1e90?s=96&d=mm&r=g\",\"caption\":\"Boris\"},\"url\":\"https:\/\/www.vegaintro-projekti.com\/pilar-stari\/author\/boris\/\"}]}<\/script>\n<!-- \/ Yoast SEO plugin. -->","yoast_head_json":{"title":"Dr. sc. Dra\u017een \u017divi\u0107: \"Demografija Hrvatske u svjetlu rezultata popisa 2021. godine\", 24. 11. 2022. - Institut dru&scaron;tvenih znanosti Ivo Pilar","robots":{"index":"noindex","follow":"follow","max-snippet":"max-snippet:-1","max-image-preview":"max-image-preview:large","max-video-preview":"max-video-preview:-1"},"og_locale":"hr_HR","og_type":"article","og_title":"Dr. sc. Dra\u017een \u017divi\u0107: \"Demografija Hrvatske u svjetlu rezultata popisa 2021. godine\", 24. 11. 2022. - Institut dru&scaron;tvenih znanosti Ivo Pilar","og_description":"Pomo\u0107nik ravnatelja Instituta Pilar, dr. sc. Dra\u017een \u017divi\u0107, 24. studenoga 2022. godine odr\u017eao je na Hrvatskom vojnom u\u010dili\u0161tu &#8220;Dr. Franjo Tu\u0111man&#8221; u Zagrebu predavanje polaznicima Ratne \u0161kole &#8220;Ban Josip Jela\u010di\u0107&#8221;, naslovljeno &#8220;Demografija Hrvatske u svjetlu rezultata popisa 2021. godine&#8221; Odr\u017eano predavanje polaznicima najvi\u0161e razine vojne izobrazbe u Republici Hrvatskoj nastavak je vi\u0161egodi\u0161nje uspje\u0161ne suradnje Instituta&hellip; Pro\u010ditaj vi\u0161e o Dr. sc. Dra\u017een \u017divi\u0107: &#8220;Demografija Hrvatske u svjetlu rezultata popisa 2021. godine&#8221;, 24. 11. 2022.","og_url":"https:\/\/www.vegaintro-projekti.com\/pilar-stari\/2022\/11\/dr-sc-drazen-zivic-demografija-hrvatske-u-svjetlu-rezultata-popisa-2021-godine-24-11-2022\/","og_site_name":"Institut dru&scaron;tvenih znanosti Ivo Pilar","article_published_time":"2022-11-26T15:43:26+00:00","article_modified_time":"2022-11-28T12:19:06+00:00","og_image":[{"width":500,"height":223,"url":"https:\/\/www.vegaintro-projekti.com\/pilar-stari\/wp-content\/uploads\/2022\/11\/IMG-0fi.jpg","type":"image\/jpeg"}],"author":"Boris","twitter_card":"summary_large_image","twitter_misc":{"Napisao\/la":"Boris","Procijenjeno vrijeme \u010ditanja":"2 minute"},"schema":{"@context":"https:\/\/schema.org","@graph":[{"@type":"WebPage","@id":"https:\/\/www.vegaintro-projekti.com\/pilar-stari\/2022\/11\/dr-sc-drazen-zivic-demografija-hrvatske-u-svjetlu-rezultata-popisa-2021-godine-24-11-2022\/","url":"https:\/\/www.vegaintro-projekti.com\/pilar-stari\/2022\/11\/dr-sc-drazen-zivic-demografija-hrvatske-u-svjetlu-rezultata-popisa-2021-godine-24-11-2022\/","name":"Dr. sc. Dra\u017een \u017divi\u0107: \"Demografija Hrvatske u svjetlu rezultata popisa 2021. godine\", 24. 11. 2022. - Institut dru&scaron;tvenih znanosti Ivo Pilar","isPartOf":{"@id":"https:\/\/www.vegaintro-projekti.com\/pilar-stari\/#website"},"datePublished":"2022-11-26T15:43:26+00:00","dateModified":"2022-11-28T12:19:06+00:00","author":{"@id":"https:\/\/www.vegaintro-projekti.com\/pilar-stari\/#\/schema\/person\/ddd404c9f1e15e4ffef5986ac6a5d28b"},"breadcrumb":{"@id":"https:\/\/www.vegaintro-projekti.com\/pilar-stari\/2022\/11\/dr-sc-drazen-zivic-demografija-hrvatske-u-svjetlu-rezultata-popisa-2021-godine-24-11-2022\/#breadcrumb"},"inLanguage":"hr","potentialAction":[{"@type":"ReadAction","target":["https:\/\/www.vegaintro-projekti.com\/pilar-stari\/2022\/11\/dr-sc-drazen-zivic-demografija-hrvatske-u-svjetlu-rezultata-popisa-2021-godine-24-11-2022\/"]}]},{"@type":"BreadcrumbList","@id":"https:\/\/www.vegaintro-projekti.com\/pilar-stari\/2022\/11\/dr-sc-drazen-zivic-demografija-hrvatske-u-svjetlu-rezultata-popisa-2021-godine-24-11-2022\/#breadcrumb","itemListElement":[{"@type":"ListItem","position":1,"name":"Home","item":"https:\/\/www.vegaintro-projekti.com\/pilar-stari\/"},{"@type":"ListItem","position":2,"name":"Dr. sc. Dra\u017een \u017divi\u0107: &#8220;Demografija Hrvatske u svjetlu rezultata popisa 2021. godine&#8221;, 24. 11. 2022."}]},{"@type":"WebSite","@id":"https:\/\/www.vegaintro-projekti.com\/pilar-stari\/#website","url":"https:\/\/www.vegaintro-projekti.com\/pilar-stari\/","name":"Institut dru&scaron;tvenih znanosti Ivo Pilar","description":"Pilar","potentialAction":[{"@type":"SearchAction","target":{"@type":"EntryPoint","urlTemplate":"https:\/\/www.vegaintro-projekti.com\/pilar-stari\/?s={search_term_string}"},"query-input":"required name=search_term_string"}],"inLanguage":"hr"},{"@type":"Person","@id":"https:\/\/www.vegaintro-projekti.com\/pilar-stari\/#\/schema\/person\/ddd404c9f1e15e4ffef5986ac6a5d28b","name":"Boris","image":{"@type":"ImageObject","inLanguage":"hr","@id":"https:\/\/www.vegaintro-projekti.com\/pilar-stari\/#\/schema\/person\/image\/","url":"https:\/\/secure.gravatar.com\/avatar\/29557b161a6ce6ab86ac1503164f1e90?s=96&d=mm&r=g","contentUrl":"https:\/\/secure.gravatar.com\/avatar\/29557b161a6ce6ab86ac1503164f1e90?s=96&d=mm&r=g","caption":"Boris"},"url":"https:\/\/www.vegaintro-projekti.com\/pilar-stari\/author\/boris\/"}]}},"_links":{"self":[{"href":"https:\/\/www.vegaintro-projekti.com\/pilar-stari\/wp-json\/wp\/v2\/posts\/24340"}],"collection":[{"href":"https:\/\/www.vegaintro-projekti.com\/pilar-stari\/wp-json\/wp\/v2\/posts"}],"about":[{"href":"https:\/\/www.vegaintro-projekti.com\/pilar-stari\/wp-json\/wp\/v2\/types\/post"}],"author":[{"embeddable":true,"href":"https:\/\/www.vegaintro-projekti.com\/pilar-stari\/wp-json\/wp\/v2\/users\/7"}],"replies":[{"embeddable":true,"href":"https:\/\/www.vegaintro-projekti.com\/pilar-stari\/wp-json\/wp\/v2\/comments?post=24340"}],"version-history":[{"count":2,"href":"https:\/\/www.vegaintro-projekti.com\/pilar-stari\/wp-json\/wp\/v2\/posts\/24340\/revisions"}],"predecessor-version":[{"id":24342,"href":"https:\/\/www.vegaintro-projekti.com\/pilar-stari\/wp-json\/wp\/v2\/posts\/24340\/revisions\/24342"}],"wp:featuredmedia":[{"embeddable":true,"href":"https:\/\/www.vegaintro-projekti.com\/pilar-stari\/wp-json\/wp\/v2\/media\/24333"}],"wp:attachment":[{"href":"https:\/\/www.vegaintro-projekti.com\/pilar-stari\/wp-json\/wp\/v2\/media?parent=24340"}],"wp:term":[{"taxonomy":"category","embeddable":true,"href":"https:\/\/www.vegaintro-projekti.com\/pilar-stari\/wp-json\/wp\/v2\/categories?post=24340"},{"taxonomy":"post_tag","embeddable":true,"href":"https:\/\/www.vegaintro-projekti.com\/pilar-stari\/wp-json\/wp\/v2\/tags?post=24340"}],"curies":[{"name":"wp","href":"https:\/\/api.w.org\/{rel}","templated":true}]}}