{"id":24401,"date":"2022-11-28T12:22:50","date_gmt":"2022-11-28T12:22:50","guid":{"rendered":"https:\/\/www.vegaintro-projekti.com\/pilar-stari\/?p=24401"},"modified":"2022-12-01T18:06:53","modified_gmt":"2022-12-01T18:06:53","slug":"dr-sc-drazen-zivic-na-konferenciji-demografija-migracije-i-unutarnja-sigurnost-republike-hrvatske-25-11-2022","status":"publish","type":"post","link":"https:\/\/www.vegaintro-projekti.com\/pilar-stari\/2022\/11\/dr-sc-drazen-zivic-na-konferenciji-demografija-migracije-i-unutarnja-sigurnost-republike-hrvatske-25-11-2022\/","title":{"rendered":"Dr. sc. Dra\u017een \u017divi\u0107 na konferenciji &#8220;Demografija, migracije i unutarnja sigurnost Republike Hrvatske&#8221;, 25. 11. 2022."},"content":{"rendered":"<p><strong>Pomo\u0107nik ravnatelja Instituta Pilar, dr. sc. Dra\u017een \u017divi\u0107, kao pozvani predava\u010d sudjelovao je na II. znanstvenoj-stru\u010dnoj konferenciji &#8220;Demografija, migracije i unutarnja sigurnost Republike Hrvatske&#8221;, koju je 25. studenoga 2022. godine u Zagrebu organizirao Hrvatski generalski zbor, u okviru projekta &#8220;Strate\u0161ka promi\u0161ljanja o budu\u0107nosti Hrvatske&#8221;. Tom je prigodom dr. sc. Dra\u017een \u017divi\u0107 govorio o temi &#8220;Migracije kao odrednica i izazov demografske odr\u017eivosti i nacionalne sigurnosti Republike Hrvatske&#8221;<\/strong><\/p>\n<p><a href=\"https:\/\/www.vegaintro-projekti.com\/pilar-stari\/wp-content\/uploads\/2022\/11\/IMG_1-9.jpg\"><img decoding=\"async\" loading=\"lazy\" class=\"alignnone wp-image-24393 size-full\" src=\"https:\/\/www.vegaintro-projekti.com\/pilar-stari\/wp-content\/uploads\/2022\/11\/IMG_1s-9.jpg\" alt=\"\" width=\"310\" height=\"207\" srcset=\"https:\/\/www.vegaintro-projekti.com\/pilar-stari\/wp-content\/uploads\/2022\/11\/IMG_1s-9.jpg 310w, https:\/\/www.vegaintro-projekti.com\/pilar-stari\/wp-content\/uploads\/2022\/11\/IMG_1s-9-300x200.jpg 300w\" sizes=\"(max-width: 310px) 100vw, 310px\" \/><\/a><a href=\"https:\/\/www.vegaintro-projekti.com\/pilar-stari\/wp-content\/uploads\/2022\/11\/IMG_2-8.jpg\"><img decoding=\"async\" loading=\"lazy\" class=\"alignnone wp-image-24395 size-full\" src=\"https:\/\/www.vegaintro-projekti.com\/pilar-stari\/wp-content\/uploads\/2022\/11\/IMG_2s-7.jpg\" alt=\"\" width=\"310\" height=\"207\" srcset=\"https:\/\/www.vegaintro-projekti.com\/pilar-stari\/wp-content\/uploads\/2022\/11\/IMG_2s-7.jpg 310w, https:\/\/www.vegaintro-projekti.com\/pilar-stari\/wp-content\/uploads\/2022\/11\/IMG_2s-7-300x200.jpg 300w\" sizes=\"(max-width: 310px) 100vw, 310px\" \/><\/a><a href=\"https:\/\/www.vegaintro-projekti.com\/pilar-stari\/wp-content\/uploads\/2022\/11\/IMG_3-5.jpg\"><img decoding=\"async\" loading=\"lazy\" class=\"alignnone wp-image-24399 size-full\" src=\"https:\/\/www.vegaintro-projekti.com\/pilar-stari\/wp-content\/uploads\/2022\/11\/IMG_3s-4.jpg\" alt=\"\" width=\"620\" height=\"334\" srcset=\"https:\/\/www.vegaintro-projekti.com\/pilar-stari\/wp-content\/uploads\/2022\/11\/IMG_3s-4.jpg 620w, https:\/\/www.vegaintro-projekti.com\/pilar-stari\/wp-content\/uploads\/2022\/11\/IMG_3s-4-300x162.jpg 300w\" sizes=\"(max-width: 620px) 100vw, 620px\" \/><\/a><\/p>\n<p><strong><span style=\"font-size: 8pt;\">Fotografije: Sini\u0161a Mihovi\u0107, HGZ<\/span><\/strong><\/p>\n<blockquote><p><a href=\"https:\/\/www.vegaintro-projekti.com\/pilar-stari\/biografije\/user-bio\/?my_user_id=66\">Dr. sc. Dra\u017een \u017divi\u0107<\/a><\/p><\/blockquote>\n","protected":false},"excerpt":{"rendered":"<p>Pomo\u0107nik ravnatelja Instituta Pilar, dr. sc. Dra\u017een \u017divi\u0107, kao pozvani predava\u010d sudjelovao je na II. znanstvenoj-stru\u010dnoj konferenciji &#8220;Demografija, migracije i unutarnja sigurnost Republike Hrvatske&#8221;, koju je 25. studenoga 2022. godine u Zagrebu organizirao Hrvatski generalski zbor, u okviru projekta &#8220;Strate\u0161ka promi\u0161ljanja o budu\u0107nosti Hrvatske&#8221;. Tom je prigodom dr. sc. Dra\u017een \u017divi\u0107 govorio o temi &#8220;Migracije&hellip; <a class=\"continue\" href=\"https:\/\/www.vegaintro-projekti.com\/pilar-stari\/2022\/11\/dr-sc-drazen-zivic-na-konferenciji-demografija-migracije-i-unutarnja-sigurnost-republike-hrvatske-25-11-2022\/\">Pro\u010ditaj vi\u0161e o<span> Dr. sc. Dra\u017een \u017divi\u0107 na konferenciji &#8220;Demografija, migracije i unutarnja sigurnost Republike Hrvatske&#8221;, 25. 11. 2022.<\/span><\/a><\/p>\n","protected":false},"author":7,"featured_media":24397,"comment_status":"closed","ping_status":"closed","sticky":false,"template":"","format":"standard","meta":{"inline_featured_image":false,"ngg_post_thumbnail":0,"footnotes":""},"categories":[11],"tags":[],"yoast_head":"<!-- This site is optimized with the Yoast SEO plugin v21.2 - https:\/\/yoast.com\/wordpress\/plugins\/seo\/ -->\n<title>Dr. sc. Dra\u017een \u017divi\u0107 na konferenciji &quot;Demografija, migracije i unutarnja sigurnost Republike Hrvatske&quot;, 25. 11. 2022. - Institut dru&scaron;tvenih znanosti Ivo Pilar<\/title>\n<meta name=\"robots\" content=\"noindex, follow, max-snippet:-1, max-image-preview:large, max-video-preview:-1\" \/>\n<meta property=\"og:locale\" content=\"hr_HR\" \/>\n<meta property=\"og:type\" content=\"article\" \/>\n<meta property=\"og:title\" content=\"Dr. sc. Dra\u017een \u017divi\u0107 na konferenciji &quot;Demografija, migracije i unutarnja sigurnost Republike Hrvatske&quot;, 25. 11. 2022. - Institut dru&scaron;tvenih znanosti Ivo Pilar\" \/>\n<meta property=\"og:description\" content=\"Pomo\u0107nik ravnatelja Instituta Pilar, dr. sc. Dra\u017een \u017divi\u0107, kao pozvani predava\u010d sudjelovao je na II. znanstvenoj-stru\u010dnoj konferenciji &#8220;Demografija, migracije i unutarnja sigurnost Republike Hrvatske&#8221;, koju je 25. studenoga 2022. godine u Zagrebu organizirao Hrvatski generalski zbor, u okviru projekta &#8220;Strate\u0161ka promi\u0161ljanja o budu\u0107nosti Hrvatske&#8221;. Tom je prigodom dr. sc. Dra\u017een \u017divi\u0107 govorio o temi &#8220;Migracije&hellip; Pro\u010ditaj vi\u0161e o Dr. sc. Dra\u017een \u017divi\u0107 na konferenciji &#8220;Demografija, migracije i unutarnja sigurnost Republike Hrvatske&#8221;, 25. 11. 2022.\" \/>\n<meta property=\"og:url\" content=\"https:\/\/www.vegaintro-projekti.com\/pilar-stari\/2022\/11\/dr-sc-drazen-zivic-na-konferenciji-demografija-migracije-i-unutarnja-sigurnost-republike-hrvatske-25-11-2022\/\" \/>\n<meta property=\"og:site_name\" content=\"Institut dru&scaron;tvenih znanosti Ivo Pilar\" \/>\n<meta property=\"article:published_time\" content=\"2022-11-28T12:22:50+00:00\" \/>\n<meta property=\"article:modified_time\" content=\"2022-12-01T18:06:53+00:00\" \/>\n<meta property=\"og:image\" content=\"https:\/\/www.vegaintro-projekti.com\/pilar-stari\/wp-content\/uploads\/2022\/11\/IMG_3fi.jpg\" \/>\n\t<meta property=\"og:image:width\" content=\"500\" \/>\n\t<meta property=\"og:image:height\" content=\"220\" \/>\n\t<meta property=\"og:image:type\" content=\"image\/jpeg\" \/>\n<meta name=\"author\" content=\"Boris\" \/>\n<meta name=\"twitter:card\" content=\"summary_large_image\" \/>\n<meta name=\"twitter:label1\" content=\"Napisao\/la\" \/>\n\t<meta name=\"twitter:data1\" content=\"Boris\" \/>\n<script type=\"application\/ld+json\" class=\"yoast-schema-graph\">{\"@context\":\"https:\/\/schema.org\",\"@graph\":[{\"@type\":\"WebPage\",\"@id\":\"https:\/\/www.vegaintro-projekti.com\/pilar-stari\/2022\/11\/dr-sc-drazen-zivic-na-konferenciji-demografija-migracije-i-unutarnja-sigurnost-republike-hrvatske-25-11-2022\/\",\"url\":\"https:\/\/www.vegaintro-projekti.com\/pilar-stari\/2022\/11\/dr-sc-drazen-zivic-na-konferenciji-demografija-migracije-i-unutarnja-sigurnost-republike-hrvatske-25-11-2022\/\",\"name\":\"Dr. sc. Dra\u017een \u017divi\u0107 na konferenciji \\\"Demografija, migracije i unutarnja sigurnost Republike Hrvatske\\\", 25. 11. 2022. - Institut dru&scaron;tvenih znanosti Ivo Pilar\",\"isPartOf\":{\"@id\":\"https:\/\/www.vegaintro-projekti.com\/pilar-stari\/#website\"},\"datePublished\":\"2022-11-28T12:22:50+00:00\",\"dateModified\":\"2022-12-01T18:06:53+00:00\",\"author\":{\"@id\":\"https:\/\/www.vegaintro-projekti.com\/pilar-stari\/#\/schema\/person\/ddd404c9f1e15e4ffef5986ac6a5d28b\"},\"breadcrumb\":{\"@id\":\"https:\/\/www.vegaintro-projekti.com\/pilar-stari\/2022\/11\/dr-sc-drazen-zivic-na-konferenciji-demografija-migracije-i-unutarnja-sigurnost-republike-hrvatske-25-11-2022\/#breadcrumb\"},\"inLanguage\":\"hr\",\"potentialAction\":[{\"@type\":\"ReadAction\",\"target\":[\"https:\/\/www.vegaintro-projekti.com\/pilar-stari\/2022\/11\/dr-sc-drazen-zivic-na-konferenciji-demografija-migracije-i-unutarnja-sigurnost-republike-hrvatske-25-11-2022\/\"]}]},{\"@type\":\"BreadcrumbList\",\"@id\":\"https:\/\/www.vegaintro-projekti.com\/pilar-stari\/2022\/11\/dr-sc-drazen-zivic-na-konferenciji-demografija-migracije-i-unutarnja-sigurnost-republike-hrvatske-25-11-2022\/#breadcrumb\",\"itemListElement\":[{\"@type\":\"ListItem\",\"position\":1,\"name\":\"Home\",\"item\":\"https:\/\/www.vegaintro-projekti.com\/pilar-stari\/\"},{\"@type\":\"ListItem\",\"position\":2,\"name\":\"Dr. sc. Dra\u017een \u017divi\u0107 na konferenciji &#8220;Demografija, migracije i unutarnja sigurnost Republike Hrvatske&#8221;, 25. 11. 2022.\"}]},{\"@type\":\"WebSite\",\"@id\":\"https:\/\/www.vegaintro-projekti.com\/pilar-stari\/#website\",\"url\":\"https:\/\/www.vegaintro-projekti.com\/pilar-stari\/\",\"name\":\"Institut dru&scaron;tvenih znanosti Ivo Pilar\",\"description\":\"Pilar\",\"potentialAction\":[{\"@type\":\"SearchAction\",\"target\":{\"@type\":\"EntryPoint\",\"urlTemplate\":\"https:\/\/www.vegaintro-projekti.com\/pilar-stari\/?s={search_term_string}\"},\"query-input\":\"required name=search_term_string\"}],\"inLanguage\":\"hr\"},{\"@type\":\"Person\",\"@id\":\"https:\/\/www.vegaintro-projekti.com\/pilar-stari\/#\/schema\/person\/ddd404c9f1e15e4ffef5986ac6a5d28b\",\"name\":\"Boris\",\"image\":{\"@type\":\"ImageObject\",\"inLanguage\":\"hr\",\"@id\":\"https:\/\/www.vegaintro-projekti.com\/pilar-stari\/#\/schema\/person\/image\/\",\"url\":\"https:\/\/secure.gravatar.com\/avatar\/29557b161a6ce6ab86ac1503164f1e90?s=96&d=mm&r=g\",\"contentUrl\":\"https:\/\/secure.gravatar.com\/avatar\/29557b161a6ce6ab86ac1503164f1e90?s=96&d=mm&r=g\",\"caption\":\"Boris\"},\"url\":\"https:\/\/www.vegaintro-projekti.com\/pilar-stari\/author\/boris\/\"}]}<\/script>\n<!-- \/ Yoast SEO plugin. -->","yoast_head_json":{"title":"Dr. sc. Dra\u017een \u017divi\u0107 na konferenciji \"Demografija, migracije i unutarnja sigurnost Republike Hrvatske\", 25. 11. 2022. - Institut dru&scaron;tvenih znanosti Ivo Pilar","robots":{"index":"noindex","follow":"follow","max-snippet":"max-snippet:-1","max-image-preview":"max-image-preview:large","max-video-preview":"max-video-preview:-1"},"og_locale":"hr_HR","og_type":"article","og_title":"Dr. sc. Dra\u017een \u017divi\u0107 na konferenciji \"Demografija, migracije i unutarnja sigurnost Republike Hrvatske\", 25. 11. 2022. - Institut dru&scaron;tvenih znanosti Ivo Pilar","og_description":"Pomo\u0107nik ravnatelja Instituta Pilar, dr. sc. Dra\u017een \u017divi\u0107, kao pozvani predava\u010d sudjelovao je na II. znanstvenoj-stru\u010dnoj konferenciji &#8220;Demografija, migracije i unutarnja sigurnost Republike Hrvatske&#8221;, koju je 25. studenoga 2022. godine u Zagrebu organizirao Hrvatski generalski zbor, u okviru projekta &#8220;Strate\u0161ka promi\u0161ljanja o budu\u0107nosti Hrvatske&#8221;. Tom je prigodom dr. sc. Dra\u017een \u017divi\u0107 govorio o temi &#8220;Migracije&hellip; Pro\u010ditaj vi\u0161e o Dr. sc. Dra\u017een \u017divi\u0107 na konferenciji &#8220;Demografija, migracije i unutarnja sigurnost Republike Hrvatske&#8221;, 25. 11. 2022.","og_url":"https:\/\/www.vegaintro-projekti.com\/pilar-stari\/2022\/11\/dr-sc-drazen-zivic-na-konferenciji-demografija-migracije-i-unutarnja-sigurnost-republike-hrvatske-25-11-2022\/","og_site_name":"Institut dru&scaron;tvenih znanosti Ivo Pilar","article_published_time":"2022-11-28T12:22:50+00:00","article_modified_time":"2022-12-01T18:06:53+00:00","og_image":[{"width":500,"height":220,"url":"https:\/\/www.vegaintro-projekti.com\/pilar-stari\/wp-content\/uploads\/2022\/11\/IMG_3fi.jpg","type":"image\/jpeg"}],"author":"Boris","twitter_card":"summary_large_image","twitter_misc":{"Napisao\/la":"Boris"},"schema":{"@context":"https:\/\/schema.org","@graph":[{"@type":"WebPage","@id":"https:\/\/www.vegaintro-projekti.com\/pilar-stari\/2022\/11\/dr-sc-drazen-zivic-na-konferenciji-demografija-migracije-i-unutarnja-sigurnost-republike-hrvatske-25-11-2022\/","url":"https:\/\/www.vegaintro-projekti.com\/pilar-stari\/2022\/11\/dr-sc-drazen-zivic-na-konferenciji-demografija-migracije-i-unutarnja-sigurnost-republike-hrvatske-25-11-2022\/","name":"Dr. sc. Dra\u017een \u017divi\u0107 na konferenciji \"Demografija, migracije i unutarnja sigurnost Republike Hrvatske\", 25. 11. 2022. - Institut dru&scaron;tvenih znanosti Ivo Pilar","isPartOf":{"@id":"https:\/\/www.vegaintro-projekti.com\/pilar-stari\/#website"},"datePublished":"2022-11-28T12:22:50+00:00","dateModified":"2022-12-01T18:06:53+00:00","author":{"@id":"https:\/\/www.vegaintro-projekti.com\/pilar-stari\/#\/schema\/person\/ddd404c9f1e15e4ffef5986ac6a5d28b"},"breadcrumb":{"@id":"https:\/\/www.vegaintro-projekti.com\/pilar-stari\/2022\/11\/dr-sc-drazen-zivic-na-konferenciji-demografija-migracije-i-unutarnja-sigurnost-republike-hrvatske-25-11-2022\/#breadcrumb"},"inLanguage":"hr","potentialAction":[{"@type":"ReadAction","target":["https:\/\/www.vegaintro-projekti.com\/pilar-stari\/2022\/11\/dr-sc-drazen-zivic-na-konferenciji-demografija-migracije-i-unutarnja-sigurnost-republike-hrvatske-25-11-2022\/"]}]},{"@type":"BreadcrumbList","@id":"https:\/\/www.vegaintro-projekti.com\/pilar-stari\/2022\/11\/dr-sc-drazen-zivic-na-konferenciji-demografija-migracije-i-unutarnja-sigurnost-republike-hrvatske-25-11-2022\/#breadcrumb","itemListElement":[{"@type":"ListItem","position":1,"name":"Home","item":"https:\/\/www.vegaintro-projekti.com\/pilar-stari\/"},{"@type":"ListItem","position":2,"name":"Dr. sc. Dra\u017een \u017divi\u0107 na konferenciji &#8220;Demografija, migracije i unutarnja sigurnost Republike Hrvatske&#8221;, 25. 11. 2022."}]},{"@type":"WebSite","@id":"https:\/\/www.vegaintro-projekti.com\/pilar-stari\/#website","url":"https:\/\/www.vegaintro-projekti.com\/pilar-stari\/","name":"Institut dru&scaron;tvenih znanosti Ivo Pilar","description":"Pilar","potentialAction":[{"@type":"SearchAction","target":{"@type":"EntryPoint","urlTemplate":"https:\/\/www.vegaintro-projekti.com\/pilar-stari\/?s={search_term_string}"},"query-input":"required name=search_term_string"}],"inLanguage":"hr"},{"@type":"Person","@id":"https:\/\/www.vegaintro-projekti.com\/pilar-stari\/#\/schema\/person\/ddd404c9f1e15e4ffef5986ac6a5d28b","name":"Boris","image":{"@type":"ImageObject","inLanguage":"hr","@id":"https:\/\/www.vegaintro-projekti.com\/pilar-stari\/#\/schema\/person\/image\/","url":"https:\/\/secure.gravatar.com\/avatar\/29557b161a6ce6ab86ac1503164f1e90?s=96&d=mm&r=g","contentUrl":"https:\/\/secure.gravatar.com\/avatar\/29557b161a6ce6ab86ac1503164f1e90?s=96&d=mm&r=g","caption":"Boris"},"url":"https:\/\/www.vegaintro-projekti.com\/pilar-stari\/author\/boris\/"}]}},"_links":{"self":[{"href":"https:\/\/www.vegaintro-projekti.com\/pilar-stari\/wp-json\/wp\/v2\/posts\/24401"}],"collection":[{"href":"https:\/\/www.vegaintro-projekti.com\/pilar-stari\/wp-json\/wp\/v2\/posts"}],"about":[{"href":"https:\/\/www.vegaintro-projekti.com\/pilar-stari\/wp-json\/wp\/v2\/types\/post"}],"author":[{"embeddable":true,"href":"https:\/\/www.vegaintro-projekti.com\/pilar-stari\/wp-json\/wp\/v2\/users\/7"}],"replies":[{"embeddable":true,"href":"https:\/\/www.vegaintro-projekti.com\/pilar-stari\/wp-json\/wp\/v2\/comments?post=24401"}],"version-history":[{"count":1,"href":"https:\/\/www.vegaintro-projekti.com\/pilar-stari\/wp-json\/wp\/v2\/posts\/24401\/revisions"}],"predecessor-version":[{"id":24402,"href":"https:\/\/www.vegaintro-projekti.com\/pilar-stari\/wp-json\/wp\/v2\/posts\/24401\/revisions\/24402"}],"wp:featuredmedia":[{"embeddable":true,"href":"https:\/\/www.vegaintro-projekti.com\/pilar-stari\/wp-json\/wp\/v2\/media\/24397"}],"wp:attachment":[{"href":"https:\/\/www.vegaintro-projekti.com\/pilar-stari\/wp-json\/wp\/v2\/media?parent=24401"}],"wp:term":[{"taxonomy":"category","embeddable":true,"href":"https:\/\/www.vegaintro-projekti.com\/pilar-stari\/wp-json\/wp\/v2\/categories?post=24401"},{"taxonomy":"post_tag","embeddable":true,"href":"https:\/\/www.vegaintro-projekti.com\/pilar-stari\/wp-json\/wp\/v2\/tags?post=24401"}],"curies":[{"name":"wp","href":"https:\/\/api.w.org\/{rel}","templated":true}]}}