{"id":24458,"date":"2022-12-01T00:21:48","date_gmt":"2022-12-01T00:21:48","guid":{"rendered":"https:\/\/www.vegaintro-projekti.com\/pilar-stari\/?p=24458"},"modified":"2022-12-06T20:17:13","modified_gmt":"2022-12-06T20:17:13","slug":"sudjelovanje-clanova-projekta-prvi-svjetski-rat-u-kulturi-sjecanja-zaboravljena-bastina-na-znanstvenim-skupovima-u-studenome-2022","status":"publish","type":"post","link":"https:\/\/www.vegaintro-projekti.com\/pilar-stari\/2022\/12\/sudjelovanje-clanova-projekta-prvi-svjetski-rat-u-kulturi-sjecanja-zaboravljena-bastina-na-znanstvenim-skupovima-u-studenome-2022\/","title":{"rendered":"Sudjelovanje \u010dlanova projekta Prvi svjetski rat u kulturi sje\u0107anja. Zaboravljena ba\u0161tina na znanstvenim skupovima u studenome 2022."},"content":{"rendered":"<p><strong>\u010clanovi projekta \u201ePrvi svjetski rat u kulturi sje\u0107anja. Zaboravljena ba\u0161tina\u201c dr. sc. Ljiljana Dobrov\u0161ak, dr. sc. Sandra Cviki\u0107 i dr. sc. Mislav Gabelica u studenom 2022. sudjelovali su na dva doma\u0107a znanstvena skupa: \u201eVukovar danas \u2013 sje\u0107anja, iskustva i realitet \u017eivljenja\u201c (Vukovar, 14. i 15. 11. 2022.) i \u201eIsti rod, razli\u010dite sudbine &#8211; \u017eenski identiteti od srednjeg vijeka do 20. stolje\u0107a\u201c (Slavonski Brod, 25. 11. 2022.)<\/strong><\/p>\n<p><span style=\"font-size: 14pt;\">Vojna groblja Prvoga i Drugoga svjetskog rata u Vukovaru<\/span><\/p>\n<p>Nakon provedenih istra\u017eivanja u Arhivu Jugoslavije u Beogradu tijekom listopada 2022., \u010dlanice HRZZ projekta Prvi svjetski rat u kulturi sje\u0107anja. Zaboravljena ba\u0161tina (IP-2019-04-5897) dr. sc. Sandra Cviki\u0107 i dr. sc. Ljiljana Dobrov\u0161ak, sudjelovale su na tradicionalnom i jubilarnom 25. znanstveno-stru\u010dnom skupu \u201cVukovar 91. \u2013 trideset i jedna godina poslije\u201d, koji se pod naslovom VUKOVAR DANAS \u2013 SJE\u0106ANJA, ISKUSTVA I REALITET \u017dIVLJENJA odr\u017eao u virtualnom okru\u017eenju (zoom) 14. i 15. studenoga 2022. godine.<\/p>\n<p><a href=\"https:\/\/www.vegaintro-projekti.com\/pilar-stari\/wp-content\/uploads\/2022\/11\/Knjizica_Vu91.pdf\"><img decoding=\"async\" loading=\"lazy\" class=\"alignnone wp-image-24448 size-full\" src=\"https:\/\/www.vegaintro-projekti.com\/pilar-stari\/wp-content\/uploads\/2022\/12\/IMG_0-1.jpg\" alt=\"\" width=\"620\" height=\"381\" srcset=\"https:\/\/www.vegaintro-projekti.com\/pilar-stari\/wp-content\/uploads\/2022\/12\/IMG_0-1.jpg 620w, https:\/\/www.vegaintro-projekti.com\/pilar-stari\/wp-content\/uploads\/2022\/12\/IMG_0-1-300x184.jpg 300w\" sizes=\"(max-width: 620px) 100vw, 620px\" \/><\/a><a href=\"https:\/\/www.vegaintro-projekti.com\/pilar-stari\/wp-content\/uploads\/2022\/12\/IMG_0-2.jpg\"><img decoding=\"async\" loading=\"lazy\" class=\"alignnone wp-image-24450 size-full\" src=\"https:\/\/www.vegaintro-projekti.com\/pilar-stari\/wp-content\/uploads\/2022\/12\/IMG_0-2s.jpg\" alt=\"\" width=\"620\" height=\"349\" srcset=\"https:\/\/www.vegaintro-projekti.com\/pilar-stari\/wp-content\/uploads\/2022\/12\/IMG_0-2s.jpg 620w, https:\/\/www.vegaintro-projekti.com\/pilar-stari\/wp-content\/uploads\/2022\/12\/IMG_0-2s-300x169.jpg 300w\" sizes=\"(max-width: 620px) 100vw, 620px\" \/><\/a><\/p>\n<p><strong>&#8211; Programska knji\u017eica:<\/strong> <a href=\"https:\/\/www.vegaintro-projekti.com\/pilar-stari\/wp-content\/uploads\/2022\/11\/Knjizica_Vu91.pdf\">Vukovar danas \u2013 sje\u0107anja, iskustva i realitet \u017eivljenja\u201c; Vukovar, 14. i 15. 11. 2022.<\/a><\/p>\n<p>Dr. sc. Sandra Cviki\u0107 i dr. sc. Ljiljana Dobrov\u0161ak odr\u017eale su izlaganje i prezentaciju pod naslovom \u201eVojna groblja Prvoga i Drugoga svjetskog rata u Vukovaru &#8211; kultura zaborava\u201c. U izlaganju su na temelju dosada\u0161njeg istra\u017eenog gradiva, locirale vojno groblje stradalih vojnika iz Prvoga svjetskoga rata, utvrdile su uzroke njegova nestanka te odgovorile na pitanje za\u0161to je do\u0161lo do \u201ezaborava\u201c na stradale vojnike iz Prvoga svjetskoga rata i \u010dinjenice da se do nedavno nije znala niti pozicija vojnoga groblja, kao ni broj sahranjenih vojnika.<\/p>\n<p><strong>&#8211; Vi\u0161e:<\/strong> <a href=\"https:\/\/www.vegaintro-projekti.com\/pilar-stari\/2022\/11\/25-vukovar-91-vukovar-danas-sjecanja-iskustva-i-realitet-zivljenja-14-15-11-2022\/\">https:\/\/www.vegaintro-projekti.com\/pilar-stari\/2022\/11\/25-vukovar-91-vukovar-danas-sjecanja-iskustva-i-realitet-zivljenja-14-15-11-2022\/<\/a><\/p>\n<p><span style=\"font-size: 14pt;\">Kiparica Mila Wod i Prvi svjetski rat<\/span><\/p>\n<p>Dr. sc. Mislav Gabelica i dr. sc. Ljiljana Dobrov\u0161ak \u010dlanovi HRZZ projekta Prvi svjetski rat u kulturi sje\u0107anja. Zaboravljena ba\u0161tina (IP-2019-04-5897) sudjelovali su 25. studenog 2022. na znanstvenom kolokviju pod naslovom \u201eIsti rod, razli\u010dite sudbine &#8211; \u017eenski identiteti od srednjeg vijeka do 20. stolje\u0107a\u201c, koji su organizirali Hrvatski institut za povijest &#8211; Podru\u017enica za povijest Slavonije, Srijema i Baranje i Gradska knji\u017enica Slavonski Brod. Znanstveni kolokvij odr\u017eavao se u Gradskoj knji\u017enici Slavonski Brod.<\/p>\n<p><a href=\"https:\/\/www.vegaintro-projekti.com\/pilar-stari\/wp-content\/uploads\/2022\/12\/Program.pdf\"><img decoding=\"async\" loading=\"lazy\" class=\"alignnone wp-image-24453 size-full\" src=\"https:\/\/www.vegaintro-projekti.com\/pilar-stari\/wp-content\/uploads\/2022\/12\/IMG_3ss.jpg\" alt=\"\" width=\"620\" height=\"417\" srcset=\"https:\/\/www.vegaintro-projekti.com\/pilar-stari\/wp-content\/uploads\/2022\/12\/IMG_3ss.jpg 620w, https:\/\/www.vegaintro-projekti.com\/pilar-stari\/wp-content\/uploads\/2022\/12\/IMG_3ss-300x202.jpg 300w, https:\/\/www.vegaintro-projekti.com\/pilar-stari\/wp-content\/uploads\/2022\/12\/IMG_3ss-110x75.jpg 110w\" sizes=\"(max-width: 620px) 100vw, 620px\" \/><\/a><a href=\"https:\/\/www.vegaintro-projekti.com\/pilar-stari\/wp-content\/uploads\/2022\/12\/IMG_1.jpg\"><img decoding=\"async\" loading=\"lazy\" class=\"alignnone wp-image-24452 size-full\" src=\"https:\/\/www.vegaintro-projekti.com\/pilar-stari\/wp-content\/uploads\/2022\/12\/IMG_1s.jpg\" alt=\"\" width=\"620\" height=\"330\" srcset=\"https:\/\/www.vegaintro-projekti.com\/pilar-stari\/wp-content\/uploads\/2022\/12\/IMG_1s.jpg 620w, https:\/\/www.vegaintro-projekti.com\/pilar-stari\/wp-content\/uploads\/2022\/12\/IMG_1s-300x160.jpg 300w, https:\/\/www.vegaintro-projekti.com\/pilar-stari\/wp-content\/uploads\/2022\/12\/IMG_1s-310x165.jpg 310w\" sizes=\"(max-width: 620px) 100vw, 620px\" \/><\/a><\/p>\n<p><strong>&#8211; Programska knji\u017eica:<\/strong> <a href=\"https:\/\/www.vegaintro-projekti.com\/pilar-stari\/wp-content\/uploads\/2022\/12\/Program.pdf\">Isti rod, razli\u010dite sudbine &#8211; \u017eenski identiteti od srednjeg vijeka do 20. stolje\u0107a; Slavonski Brod, 25. 11. 2022.<\/a><\/p>\n<p>Na znanstvenom kolokviju odr\u017eano je predavanje i prezentacija pod naslovom \u201eKiparica Mila Wod i Prvi svjetski rat\u201c o njezinoj donedavno nepoznatoj ulozi u brojnim aktivnostima za vrijeme Prvoga svjetskoga rata, od sudjelovanja u neostvarenoj akciji Dru\u017ebe Bra\u0107e Hrvatskog Zmaja oko postavljanja spomen-plo\u010da s imenima poginulih ratnika iz Prvoga svjetskoga rata po \u017eupnim crkvama 1918. godine, pa sve do nacrta ratnog spomenika.<\/p>\n<p><strong>&#8211; Vi\u0161e:<\/strong> <a href=\"http:\/\/hipsb.hr\/najava-znanstveni-kolokvij-isti-rod-razlicite-sudbine-zenski-identiteti-od-srednjeg-vijeka-do-20-stoljeca\/\">http:\/\/hipsb.hr\/najava-znanstveni-kolokvij-isti-rod-razlicite-sudbine-zenski-identiteti-od-srednjeg-vijeka-do-20-stoljeca\/<\/a> | <a href=\"http:\/\/historiografija.hr\/?p=33544\">http:\/\/historiografija.hr\/?p=33544<\/a><\/p>\n<blockquote><p><a href=\"https:\/\/www.vegaintro-projekti.com\/pilar-stari\/2020\/01\/prvi-svjetski-rat-u-kulturi-sjecanja-zaboravljena-bastina\/\">Projekt Prvi svjetski rat u kulturi sje\u0107anja<\/a><\/p><\/blockquote>\n","protected":false},"excerpt":{"rendered":"<p>\u010clanovi projekta \u201ePrvi svjetski rat u kulturi sje\u0107anja. Zaboravljena ba\u0161tina\u201c dr. sc. Ljiljana Dobrov\u0161ak, dr. sc. Sandra Cviki\u0107 i dr. sc. Mislav Gabelica u studenom 2022. sudjelovali su na dva doma\u0107a znanstvena skupa: \u201eVukovar danas \u2013 sje\u0107anja, iskustva i realitet \u017eivljenja\u201c (Vukovar, 14. i 15. 11. 2022.) i \u201eIsti rod, razli\u010dite sudbine &#8211; \u017eenski identiteti&hellip; <a class=\"continue\" href=\"https:\/\/www.vegaintro-projekti.com\/pilar-stari\/2022\/12\/sudjelovanje-clanova-projekta-prvi-svjetski-rat-u-kulturi-sjecanja-zaboravljena-bastina-na-znanstvenim-skupovima-u-studenome-2022\/\">Pro\u010ditaj vi\u0161e o<span> Sudjelovanje \u010dlanova projekta Prvi svjetski rat u kulturi sje\u0107anja. Zaboravljena ba\u0161tina na znanstvenim skupovima u studenome 2022.<\/span><\/a><\/p>\n","protected":false},"author":7,"featured_media":24456,"comment_status":"closed","ping_status":"closed","sticky":false,"template":"","format":"standard","meta":{"inline_featured_image":false,"ngg_post_thumbnail":0,"footnotes":""},"categories":[29],"tags":[],"yoast_head":"<!-- This site is optimized with the Yoast SEO plugin v21.2 - https:\/\/yoast.com\/wordpress\/plugins\/seo\/ -->\n<title>Sudjelovanje \u010dlanova projekta Prvi svjetski rat u kulturi sje\u0107anja. Zaboravljena ba\u0161tina na znanstvenim skupovima u studenome 2022. - Institut dru&scaron;tvenih znanosti Ivo Pilar<\/title>\n<meta name=\"robots\" content=\"noindex, follow, max-snippet:-1, max-image-preview:large, max-video-preview:-1\" \/>\n<meta property=\"og:locale\" content=\"hr_HR\" \/>\n<meta property=\"og:type\" content=\"article\" \/>\n<meta property=\"og:title\" content=\"Sudjelovanje \u010dlanova projekta Prvi svjetski rat u kulturi sje\u0107anja. Zaboravljena ba\u0161tina na znanstvenim skupovima u studenome 2022. - Institut dru&scaron;tvenih znanosti Ivo Pilar\" \/>\n<meta property=\"og:description\" content=\"\u010clanovi projekta \u201ePrvi svjetski rat u kulturi sje\u0107anja. Zaboravljena ba\u0161tina\u201c dr. sc. Ljiljana Dobrov\u0161ak, dr. sc. Sandra Cviki\u0107 i dr. sc. Mislav Gabelica u studenom 2022. sudjelovali su na dva doma\u0107a znanstvena skupa: \u201eVukovar danas \u2013 sje\u0107anja, iskustva i realitet \u017eivljenja\u201c (Vukovar, 14. i 15. 11. 2022.) i \u201eIsti rod, razli\u010dite sudbine &#8211; \u017eenski identiteti&hellip; Pro\u010ditaj vi\u0161e o Sudjelovanje \u010dlanova projekta Prvi svjetski rat u kulturi sje\u0107anja. Zaboravljena ba\u0161tina na znanstvenim skupovima u studenome 2022.\" \/>\n<meta property=\"og:url\" content=\"https:\/\/www.vegaintro-projekti.com\/pilar-stari\/2022\/12\/sudjelovanje-clanova-projekta-prvi-svjetski-rat-u-kulturi-sjecanja-zaboravljena-bastina-na-znanstvenim-skupovima-u-studenome-2022\/\" \/>\n<meta property=\"og:site_name\" content=\"Institut dru&scaron;tvenih znanosti Ivo Pilar\" \/>\n<meta property=\"article:published_time\" content=\"2022-12-01T00:21:48+00:00\" \/>\n<meta property=\"article:modified_time\" content=\"2022-12-06T20:17:13+00:00\" \/>\n<meta property=\"og:image\" content=\"https:\/\/www.vegaintro-projekti.com\/pilar-stari\/wp-content\/uploads\/2022\/12\/IMG_fi.jpg\" \/>\n\t<meta property=\"og:image:width\" content=\"500\" \/>\n\t<meta property=\"og:image:height\" content=\"223\" \/>\n\t<meta property=\"og:image:type\" content=\"image\/jpeg\" \/>\n<meta name=\"author\" content=\"Boris\" \/>\n<meta name=\"twitter:card\" content=\"summary_large_image\" \/>\n<meta name=\"twitter:label1\" content=\"Napisao\/la\" \/>\n\t<meta name=\"twitter:data1\" content=\"Boris\" \/>\n\t<meta name=\"twitter:label2\" content=\"Procijenjeno vrijeme \u010ditanja\" \/>\n\t<meta name=\"twitter:data2\" content=\"4 minute\" \/>\n<script type=\"application\/ld+json\" class=\"yoast-schema-graph\">{\"@context\":\"https:\/\/schema.org\",\"@graph\":[{\"@type\":\"WebPage\",\"@id\":\"https:\/\/www.vegaintro-projekti.com\/pilar-stari\/2022\/12\/sudjelovanje-clanova-projekta-prvi-svjetski-rat-u-kulturi-sjecanja-zaboravljena-bastina-na-znanstvenim-skupovima-u-studenome-2022\/\",\"url\":\"https:\/\/www.vegaintro-projekti.com\/pilar-stari\/2022\/12\/sudjelovanje-clanova-projekta-prvi-svjetski-rat-u-kulturi-sjecanja-zaboravljena-bastina-na-znanstvenim-skupovima-u-studenome-2022\/\",\"name\":\"Sudjelovanje \u010dlanova projekta Prvi svjetski rat u kulturi sje\u0107anja. Zaboravljena ba\u0161tina na znanstvenim skupovima u studenome 2022. - Institut dru&scaron;tvenih znanosti Ivo Pilar\",\"isPartOf\":{\"@id\":\"https:\/\/www.vegaintro-projekti.com\/pilar-stari\/#website\"},\"datePublished\":\"2022-12-01T00:21:48+00:00\",\"dateModified\":\"2022-12-06T20:17:13+00:00\",\"author\":{\"@id\":\"https:\/\/www.vegaintro-projekti.com\/pilar-stari\/#\/schema\/person\/ddd404c9f1e15e4ffef5986ac6a5d28b\"},\"breadcrumb\":{\"@id\":\"https:\/\/www.vegaintro-projekti.com\/pilar-stari\/2022\/12\/sudjelovanje-clanova-projekta-prvi-svjetski-rat-u-kulturi-sjecanja-zaboravljena-bastina-na-znanstvenim-skupovima-u-studenome-2022\/#breadcrumb\"},\"inLanguage\":\"hr\",\"potentialAction\":[{\"@type\":\"ReadAction\",\"target\":[\"https:\/\/www.vegaintro-projekti.com\/pilar-stari\/2022\/12\/sudjelovanje-clanova-projekta-prvi-svjetski-rat-u-kulturi-sjecanja-zaboravljena-bastina-na-znanstvenim-skupovima-u-studenome-2022\/\"]}]},{\"@type\":\"BreadcrumbList\",\"@id\":\"https:\/\/www.vegaintro-projekti.com\/pilar-stari\/2022\/12\/sudjelovanje-clanova-projekta-prvi-svjetski-rat-u-kulturi-sjecanja-zaboravljena-bastina-na-znanstvenim-skupovima-u-studenome-2022\/#breadcrumb\",\"itemListElement\":[{\"@type\":\"ListItem\",\"position\":1,\"name\":\"Home\",\"item\":\"https:\/\/www.vegaintro-projekti.com\/pilar-stari\/\"},{\"@type\":\"ListItem\",\"position\":2,\"name\":\"Sudjelovanje \u010dlanova projekta Prvi svjetski rat u kulturi sje\u0107anja. Zaboravljena ba\u0161tina na znanstvenim skupovima u studenome 2022.\"}]},{\"@type\":\"WebSite\",\"@id\":\"https:\/\/www.vegaintro-projekti.com\/pilar-stari\/#website\",\"url\":\"https:\/\/www.vegaintro-projekti.com\/pilar-stari\/\",\"name\":\"Institut dru&scaron;tvenih znanosti Ivo Pilar\",\"description\":\"Pilar\",\"potentialAction\":[{\"@type\":\"SearchAction\",\"target\":{\"@type\":\"EntryPoint\",\"urlTemplate\":\"https:\/\/www.vegaintro-projekti.com\/pilar-stari\/?s={search_term_string}\"},\"query-input\":\"required name=search_term_string\"}],\"inLanguage\":\"hr\"},{\"@type\":\"Person\",\"@id\":\"https:\/\/www.vegaintro-projekti.com\/pilar-stari\/#\/schema\/person\/ddd404c9f1e15e4ffef5986ac6a5d28b\",\"name\":\"Boris\",\"image\":{\"@type\":\"ImageObject\",\"inLanguage\":\"hr\",\"@id\":\"https:\/\/www.vegaintro-projekti.com\/pilar-stari\/#\/schema\/person\/image\/\",\"url\":\"https:\/\/secure.gravatar.com\/avatar\/29557b161a6ce6ab86ac1503164f1e90?s=96&d=mm&r=g\",\"contentUrl\":\"https:\/\/secure.gravatar.com\/avatar\/29557b161a6ce6ab86ac1503164f1e90?s=96&d=mm&r=g\",\"caption\":\"Boris\"},\"url\":\"https:\/\/www.vegaintro-projekti.com\/pilar-stari\/author\/boris\/\"}]}<\/script>\n<!-- \/ Yoast SEO plugin. -->","yoast_head_json":{"title":"Sudjelovanje \u010dlanova projekta Prvi svjetski rat u kulturi sje\u0107anja. Zaboravljena ba\u0161tina na znanstvenim skupovima u studenome 2022. - Institut dru&scaron;tvenih znanosti Ivo Pilar","robots":{"index":"noindex","follow":"follow","max-snippet":"max-snippet:-1","max-image-preview":"max-image-preview:large","max-video-preview":"max-video-preview:-1"},"og_locale":"hr_HR","og_type":"article","og_title":"Sudjelovanje \u010dlanova projekta Prvi svjetski rat u kulturi sje\u0107anja. Zaboravljena ba\u0161tina na znanstvenim skupovima u studenome 2022. - Institut dru&scaron;tvenih znanosti Ivo Pilar","og_description":"\u010clanovi projekta \u201ePrvi svjetski rat u kulturi sje\u0107anja. Zaboravljena ba\u0161tina\u201c dr. sc. Ljiljana Dobrov\u0161ak, dr. sc. Sandra Cviki\u0107 i dr. sc. Mislav Gabelica u studenom 2022. sudjelovali su na dva doma\u0107a znanstvena skupa: \u201eVukovar danas \u2013 sje\u0107anja, iskustva i realitet \u017eivljenja\u201c (Vukovar, 14. i 15. 11. 2022.) i \u201eIsti rod, razli\u010dite sudbine &#8211; \u017eenski identiteti&hellip; Pro\u010ditaj vi\u0161e o Sudjelovanje \u010dlanova projekta Prvi svjetski rat u kulturi sje\u0107anja. Zaboravljena ba\u0161tina na znanstvenim skupovima u studenome 2022.","og_url":"https:\/\/www.vegaintro-projekti.com\/pilar-stari\/2022\/12\/sudjelovanje-clanova-projekta-prvi-svjetski-rat-u-kulturi-sjecanja-zaboravljena-bastina-na-znanstvenim-skupovima-u-studenome-2022\/","og_site_name":"Institut dru&scaron;tvenih znanosti Ivo Pilar","article_published_time":"2022-12-01T00:21:48+00:00","article_modified_time":"2022-12-06T20:17:13+00:00","og_image":[{"width":500,"height":223,"url":"https:\/\/www.vegaintro-projekti.com\/pilar-stari\/wp-content\/uploads\/2022\/12\/IMG_fi.jpg","type":"image\/jpeg"}],"author":"Boris","twitter_card":"summary_large_image","twitter_misc":{"Napisao\/la":"Boris","Procijenjeno vrijeme \u010ditanja":"4 minute"},"schema":{"@context":"https:\/\/schema.org","@graph":[{"@type":"WebPage","@id":"https:\/\/www.vegaintro-projekti.com\/pilar-stari\/2022\/12\/sudjelovanje-clanova-projekta-prvi-svjetski-rat-u-kulturi-sjecanja-zaboravljena-bastina-na-znanstvenim-skupovima-u-studenome-2022\/","url":"https:\/\/www.vegaintro-projekti.com\/pilar-stari\/2022\/12\/sudjelovanje-clanova-projekta-prvi-svjetski-rat-u-kulturi-sjecanja-zaboravljena-bastina-na-znanstvenim-skupovima-u-studenome-2022\/","name":"Sudjelovanje \u010dlanova projekta Prvi svjetski rat u kulturi sje\u0107anja. Zaboravljena ba\u0161tina na znanstvenim skupovima u studenome 2022. - Institut dru&scaron;tvenih znanosti Ivo Pilar","isPartOf":{"@id":"https:\/\/www.vegaintro-projekti.com\/pilar-stari\/#website"},"datePublished":"2022-12-01T00:21:48+00:00","dateModified":"2022-12-06T20:17:13+00:00","author":{"@id":"https:\/\/www.vegaintro-projekti.com\/pilar-stari\/#\/schema\/person\/ddd404c9f1e15e4ffef5986ac6a5d28b"},"breadcrumb":{"@id":"https:\/\/www.vegaintro-projekti.com\/pilar-stari\/2022\/12\/sudjelovanje-clanova-projekta-prvi-svjetski-rat-u-kulturi-sjecanja-zaboravljena-bastina-na-znanstvenim-skupovima-u-studenome-2022\/#breadcrumb"},"inLanguage":"hr","potentialAction":[{"@type":"ReadAction","target":["https:\/\/www.vegaintro-projekti.com\/pilar-stari\/2022\/12\/sudjelovanje-clanova-projekta-prvi-svjetski-rat-u-kulturi-sjecanja-zaboravljena-bastina-na-znanstvenim-skupovima-u-studenome-2022\/"]}]},{"@type":"BreadcrumbList","@id":"https:\/\/www.vegaintro-projekti.com\/pilar-stari\/2022\/12\/sudjelovanje-clanova-projekta-prvi-svjetski-rat-u-kulturi-sjecanja-zaboravljena-bastina-na-znanstvenim-skupovima-u-studenome-2022\/#breadcrumb","itemListElement":[{"@type":"ListItem","position":1,"name":"Home","item":"https:\/\/www.vegaintro-projekti.com\/pilar-stari\/"},{"@type":"ListItem","position":2,"name":"Sudjelovanje \u010dlanova projekta Prvi svjetski rat u kulturi sje\u0107anja. Zaboravljena ba\u0161tina na znanstvenim skupovima u studenome 2022."}]},{"@type":"WebSite","@id":"https:\/\/www.vegaintro-projekti.com\/pilar-stari\/#website","url":"https:\/\/www.vegaintro-projekti.com\/pilar-stari\/","name":"Institut dru&scaron;tvenih znanosti Ivo Pilar","description":"Pilar","potentialAction":[{"@type":"SearchAction","target":{"@type":"EntryPoint","urlTemplate":"https:\/\/www.vegaintro-projekti.com\/pilar-stari\/?s={search_term_string}"},"query-input":"required name=search_term_string"}],"inLanguage":"hr"},{"@type":"Person","@id":"https:\/\/www.vegaintro-projekti.com\/pilar-stari\/#\/schema\/person\/ddd404c9f1e15e4ffef5986ac6a5d28b","name":"Boris","image":{"@type":"ImageObject","inLanguage":"hr","@id":"https:\/\/www.vegaintro-projekti.com\/pilar-stari\/#\/schema\/person\/image\/","url":"https:\/\/secure.gravatar.com\/avatar\/29557b161a6ce6ab86ac1503164f1e90?s=96&d=mm&r=g","contentUrl":"https:\/\/secure.gravatar.com\/avatar\/29557b161a6ce6ab86ac1503164f1e90?s=96&d=mm&r=g","caption":"Boris"},"url":"https:\/\/www.vegaintro-projekti.com\/pilar-stari\/author\/boris\/"}]}},"_links":{"self":[{"href":"https:\/\/www.vegaintro-projekti.com\/pilar-stari\/wp-json\/wp\/v2\/posts\/24458"}],"collection":[{"href":"https:\/\/www.vegaintro-projekti.com\/pilar-stari\/wp-json\/wp\/v2\/posts"}],"about":[{"href":"https:\/\/www.vegaintro-projekti.com\/pilar-stari\/wp-json\/wp\/v2\/types\/post"}],"author":[{"embeddable":true,"href":"https:\/\/www.vegaintro-projekti.com\/pilar-stari\/wp-json\/wp\/v2\/users\/7"}],"replies":[{"embeddable":true,"href":"https:\/\/www.vegaintro-projekti.com\/pilar-stari\/wp-json\/wp\/v2\/comments?post=24458"}],"version-history":[{"count":4,"href":"https:\/\/www.vegaintro-projekti.com\/pilar-stari\/wp-json\/wp\/v2\/posts\/24458\/revisions"}],"predecessor-version":[{"id":24463,"href":"https:\/\/www.vegaintro-projekti.com\/pilar-stari\/wp-json\/wp\/v2\/posts\/24458\/revisions\/24463"}],"wp:featuredmedia":[{"embeddable":true,"href":"https:\/\/www.vegaintro-projekti.com\/pilar-stari\/wp-json\/wp\/v2\/media\/24456"}],"wp:attachment":[{"href":"https:\/\/www.vegaintro-projekti.com\/pilar-stari\/wp-json\/wp\/v2\/media?parent=24458"}],"wp:term":[{"taxonomy":"category","embeddable":true,"href":"https:\/\/www.vegaintro-projekti.com\/pilar-stari\/wp-json\/wp\/v2\/categories?post=24458"},{"taxonomy":"post_tag","embeddable":true,"href":"https:\/\/www.vegaintro-projekti.com\/pilar-stari\/wp-json\/wp\/v2\/tags?post=24458"}],"curies":[{"name":"wp","href":"https:\/\/api.w.org\/{rel}","templated":true}]}}