{"id":24539,"date":"2022-12-07T11:33:28","date_gmt":"2022-12-07T11:33:28","guid":{"rendered":"https:\/\/www.vegaintro-projekti.com\/pilar-stari\/?p=24539"},"modified":"2022-12-11T15:47:23","modified_gmt":"2022-12-11T15:47:23","slug":"dr-sc-lynette-sikic-micanovic-na-konferenciji-australske-socioloske-udruge-tasa-social-challenges-social-changes-melbourne-28-11-2-12-2022","status":"publish","type":"post","link":"https:\/\/www.vegaintro-projekti.com\/pilar-stari\/2022\/12\/dr-sc-lynette-sikic-micanovic-na-konferenciji-australske-socioloske-udruge-tasa-social-challenges-social-changes-melbourne-28-11-2-12-2022\/","title":{"rendered":"Dr. sc. Lynette \u0160iki\u0107 Mi\u0107anovi\u0107 na konferenciji Australske sociolo\u0161ke udruge (TASA) \u201cSocial challenges, social changes\u201d; Melbourne, 28. 11. &#8211; 2. 12. 2022."},"content":{"rendered":"<p><strong>Dr. sc. Lynette \u0160iki\u0107 Mi\u0107anovi\u0107 sudjelovala je na me\u0111unarodnoj konferenciji Australske sociolo\u0161ke udruge (TASA) \u201eSocial challenges, Social changes\u201c odr\u017eanoj na Sveu\u010dili\u0161tu u Melbourneu, od 28. studenog do 2. prosinca 2022. U svom radu pod naslovom <em>You\u2019re not on the margins of society, you\u2019re outside of it! Loneliness and social isolation among people experiencing homelessness<\/em> (Nisi na margina dru\u0161tva, ti si izvan nje! Usamljenost i socijalna izolacija me\u0111u osobama koje do\u017eivljavaju besku\u0107ni\u0161tvo), dr. sc. Lynette \u0160iki\u0107 Mi\u0107anovi\u0107 pokazala je kako su osobe koje do\u017eivljavaju besku\u0107ni\u0161tvo \u010desto izlo\u017eene ve\u0107em riziku od socijalne izolacije i usamljenosti<\/strong><\/p>\n<p><a href=\"https:\/\/www.tasa.org.au\/content.aspx?page_id=22&amp;club_id=671860&amp;module_id=540349\"><img decoding=\"async\" loading=\"lazy\" class=\"alignnone wp-image-24530 size-full\" src=\"https:\/\/www.vegaintro-projekti.com\/pilar-stari\/wp-content\/uploads\/2022\/12\/IMG_1-5.jpg\" alt=\"\" width=\"620\" height=\"165\" srcset=\"https:\/\/www.vegaintro-projekti.com\/pilar-stari\/wp-content\/uploads\/2022\/12\/IMG_1-5.jpg 620w, https:\/\/www.vegaintro-projekti.com\/pilar-stari\/wp-content\/uploads\/2022\/12\/IMG_1-5-300x80.jpg 300w\" sizes=\"(max-width: 620px) 100vw, 620px\" \/><\/a><a href=\"https:\/\/www.vegaintro-projekti.com\/pilar-stari\/wp-content\/uploads\/2022\/12\/IMG_2-4.jpg\"><img decoding=\"async\" loading=\"lazy\" class=\"alignnone wp-image-24532 size-full\" src=\"https:\/\/www.vegaintro-projekti.com\/pilar-stari\/wp-content\/uploads\/2022\/12\/IMG_2s-1.jpg\" alt=\"\" width=\"310\" height=\"310\" srcset=\"https:\/\/www.vegaintro-projekti.com\/pilar-stari\/wp-content\/uploads\/2022\/12\/IMG_2s-1.jpg 310w, https:\/\/www.vegaintro-projekti.com\/pilar-stari\/wp-content\/uploads\/2022\/12\/IMG_2s-1-300x300.jpg 300w, https:\/\/www.vegaintro-projekti.com\/pilar-stari\/wp-content\/uploads\/2022\/12\/IMG_2s-1-150x150.jpg 150w\" sizes=\"(max-width: 310px) 100vw, 310px\" \/><\/a><a href=\"https:\/\/www.vegaintro-projekti.com\/pilar-stari\/wp-content\/uploads\/2022\/12\/IMG_4-1.jpg\"><img decoding=\"async\" loading=\"lazy\" class=\"alignnone wp-image-24537 size-full\" src=\"https:\/\/www.vegaintro-projekti.com\/pilar-stari\/wp-content\/uploads\/2022\/12\/IMG_4s-1.jpg\" alt=\"\" width=\"310\" height=\"310\" srcset=\"https:\/\/www.vegaintro-projekti.com\/pilar-stari\/wp-content\/uploads\/2022\/12\/IMG_4s-1.jpg 310w, https:\/\/www.vegaintro-projekti.com\/pilar-stari\/wp-content\/uploads\/2022\/12\/IMG_4s-1-300x300.jpg 300w, https:\/\/www.vegaintro-projekti.com\/pilar-stari\/wp-content\/uploads\/2022\/12\/IMG_4s-1-150x150.jpg 150w\" sizes=\"(max-width: 310px) 100vw, 310px\" \/><\/a><a href=\"https:\/\/www.vegaintro-projekti.com\/pilar-stari\/wp-content\/uploads\/2022\/12\/IMG_3-2.jpg\"><img decoding=\"async\" loading=\"lazy\" class=\"alignnone wp-image-24534 size-full\" src=\"https:\/\/www.vegaintro-projekti.com\/pilar-stari\/wp-content\/uploads\/2022\/12\/IMG_3s-2.jpg\" alt=\"\" width=\"620\" height=\"463\" srcset=\"https:\/\/www.vegaintro-projekti.com\/pilar-stari\/wp-content\/uploads\/2022\/12\/IMG_3s-2.jpg 620w, https:\/\/www.vegaintro-projekti.com\/pilar-stari\/wp-content\/uploads\/2022\/12\/IMG_3s-2-300x224.jpg 300w\" sizes=\"(max-width: 620px) 100vw, 620px\" \/><\/a><\/p>\n<p><strong>Nalazi<\/strong> pokazuju da su osje\u0107aji usamljenosti, dru\u0161tvene odba\u010denosti i napu\u0161tenosti uobi\u010dajena iskustva me\u0111u onima koji su odvojeni od svoje obitelji\/prijatelja i ne mogu sudjelovati u mre\u017eama zajednice, brige i prijateljstva. Te\u0161ko\u0107e neposjedovanja \u201edoma\u201c shva\u0107enog kao mjesta \u201eprivatnosti, kontrole i sigurnosti\u201c tako\u0111er su istra\u017eene u odnosu na usamljenost.<\/p>\n<p>Rad se zasniva na obradi kvalitativnih podataka prikupljenih u sklopu CSRP projekta <em>Exploring Homelessness and Pathways to Social Inclusion: A Comparative Study of Contexts and Challenges in Swiss and Croatian Cities<\/em> (No. IZHRZO_180631\/1).<\/p>\n<p><strong>&#8211; Program, Book of Abstracts and Conference Handbook:<\/strong> <a href=\"https:\/\/www.tasa.org.au\/content.aspx?page_id=22&amp;club_id=671860&amp;module_id=540349\">https:\/\/www.tasa.org.au\/content.aspx?page_id=22&amp;club_id=671860&amp;module_id=540349<\/a><\/p>\n<p><span style=\"font-size: 14pt;\">Dr. Lynette \u0160iki\u0107 Mi\u0107anovi\u0107 participated at the international conference of the Australian Sociological Association (TASA) \u201cSocial challenges, social changes\u201d at the University of Melbourne from 28th November \u2013 2nd December 2022.<\/span><\/p>\n<p><strong><em>Dr. Lynette \u0160iki\u0107 Mi\u0107anovi\u0107 participated at the international conference of the Australian Sociological Association (TASA) &#8220;Social challenges, Social changes&#8221; held at the University of Melbourne, from 28th November until 2nd December 2022. In her paper, entitled <\/em>You\u2019re not on the margins of society, you\u2019re outside of it! Loneliness and social isolation among people experiencing homelessness<em>, Dr. Lynette \u0160iki\u0107 Mi\u0107anovi\u0107 showed how people experiencing homelesness are often at a greater risk of social isolation and loneliness. <\/em><\/strong><\/p>\n<p><em>Findings show that feelings of loneliness, social rejection, and abandonment are common experiences among those who are disconnected from their family\/friends and cannot participate in networks of community, care and friendship. The hardships of not having a \u2018home\u2019 understood as a place of \u2018privacy, control and security\u2019 were also explored in relation to loneliness.<\/em><\/p>\n<p><em>This paper was based on qualitative research materials that were collected as part of the CSRP project: <\/em>Exploring Homelessness and Pathways to Social Inclusion: A Comparative Study of Contexts and Challenges in Swiss and Croatian Cities<em> (No. IZHRZO_180631\/1).<\/em><\/p>\n<p><strong>&#8211; Program, Book of Abstracts and Conference Handbook:<\/strong> <a href=\"https:\/\/www.tasa.org.au\/content.aspx?page_id=22&amp;club_id=671860&amp;module_id=540349\">https:\/\/www.tasa.org.au\/content.aspx?page_id=22&amp;club_id=671860&amp;module_id=540349<\/a><\/p>\n<blockquote><p><a href=\"https:\/\/www.vegaintro-projekti.com\/pilar-stari\/2019\/07\/istrazivanje-beskucnistva-i-puteva-do-socijalne-inkluzije-komparativna-studija-konteksta-i-izazova-u-svicarskim-i-hrvatskim-gradovima\/\">Projekt Istra\u017eivanje besku\u0107ni\u0161tva i puteva do socijalne inkluzije<\/a><\/p><\/blockquote>\n","protected":false},"excerpt":{"rendered":"<p>Dr. sc. Lynette \u0160iki\u0107 Mi\u0107anovi\u0107 sudjelovala je na me\u0111unarodnoj konferenciji Australske sociolo\u0161ke udruge (TASA) \u201eSocial challenges, Social changes\u201c odr\u017eanoj na Sveu\u010dili\u0161tu u Melbourneu, od 28. studenog do 2. prosinca 2022. U svom radu pod naslovom You\u2019re not on the margins of society, you\u2019re outside of it! Loneliness and social isolation among people experiencing homelessness (Nisi&hellip; <a class=\"continue\" href=\"https:\/\/www.vegaintro-projekti.com\/pilar-stari\/2022\/12\/dr-sc-lynette-sikic-micanovic-na-konferenciji-australske-socioloske-udruge-tasa-social-challenges-social-changes-melbourne-28-11-2-12-2022\/\">Pro\u010ditaj vi\u0161e o<span> Dr. sc. Lynette \u0160iki\u0107 Mi\u0107anovi\u0107 na konferenciji Australske sociolo\u0161ke udruge (TASA) \u201cSocial challenges, social changes\u201d; Melbourne, 28. 11. &#8211; 2. 12. 2022.<\/span><\/a><\/p>\n","protected":false},"author":7,"featured_media":24536,"comment_status":"closed","ping_status":"closed","sticky":false,"template":"","format":"standard","meta":{"inline_featured_image":false,"ngg_post_thumbnail":0,"footnotes":""},"categories":[48,11],"tags":[],"yoast_head":"<!-- This site is optimized with the Yoast SEO plugin v21.2 - https:\/\/yoast.com\/wordpress\/plugins\/seo\/ -->\n<title>Dr. sc. Lynette \u0160iki\u0107 Mi\u0107anovi\u0107 na konferenciji Australske sociolo\u0161ke udruge (TASA) \u201cSocial challenges, social changes\u201d; Melbourne, 28. 11. - 2. 12. 2022. - Institut dru&scaron;tvenih znanosti Ivo Pilar<\/title>\n<meta name=\"robots\" content=\"noindex, follow, max-snippet:-1, max-image-preview:large, max-video-preview:-1\" \/>\n<meta property=\"og:locale\" content=\"hr_HR\" \/>\n<meta property=\"og:type\" content=\"article\" \/>\n<meta property=\"og:title\" content=\"Dr. sc. Lynette \u0160iki\u0107 Mi\u0107anovi\u0107 na konferenciji Australske sociolo\u0161ke udruge (TASA) \u201cSocial challenges, social changes\u201d; Melbourne, 28. 11. - 2. 12. 2022. - Institut dru&scaron;tvenih znanosti Ivo Pilar\" \/>\n<meta property=\"og:description\" content=\"Dr. sc. Lynette \u0160iki\u0107 Mi\u0107anovi\u0107 sudjelovala je na me\u0111unarodnoj konferenciji Australske sociolo\u0161ke udruge (TASA) \u201eSocial challenges, Social changes\u201c odr\u017eanoj na Sveu\u010dili\u0161tu u Melbourneu, od 28. studenog do 2. prosinca 2022. U svom radu pod naslovom You\u2019re not on the margins of society, you\u2019re outside of it! Loneliness and social isolation among people experiencing homelessness (Nisi&hellip; Pro\u010ditaj vi\u0161e o Dr. sc. Lynette \u0160iki\u0107 Mi\u0107anovi\u0107 na konferenciji Australske sociolo\u0161ke udruge (TASA) \u201cSocial challenges, social changes\u201d; Melbourne, 28. 11. &#8211; 2. 12. 2022.\" \/>\n<meta property=\"og:url\" content=\"https:\/\/www.vegaintro-projekti.com\/pilar-stari\/2022\/12\/dr-sc-lynette-sikic-micanovic-na-konferenciji-australske-socioloske-udruge-tasa-social-challenges-social-changes-melbourne-28-11-2-12-2022\/\" \/>\n<meta property=\"og:site_name\" content=\"Institut dru&scaron;tvenih znanosti Ivo Pilar\" \/>\n<meta property=\"article:published_time\" content=\"2022-12-07T11:33:28+00:00\" \/>\n<meta property=\"article:modified_time\" content=\"2022-12-11T15:47:23+00:00\" \/>\n<meta property=\"og:image\" content=\"https:\/\/www.vegaintro-projekti.com\/pilar-stari\/wp-content\/uploads\/2022\/12\/IMG_4fi-1.jpg\" \/>\n\t<meta property=\"og:image:width\" content=\"500\" \/>\n\t<meta property=\"og:image:height\" content=\"223\" \/>\n\t<meta property=\"og:image:type\" content=\"image\/jpeg\" \/>\n<meta name=\"author\" content=\"Boris\" \/>\n<meta name=\"twitter:card\" content=\"summary_large_image\" \/>\n<meta name=\"twitter:label1\" content=\"Napisao\/la\" \/>\n\t<meta name=\"twitter:data1\" content=\"Boris\" \/>\n\t<meta name=\"twitter:label2\" content=\"Procijenjeno vrijeme \u010ditanja\" \/>\n\t<meta name=\"twitter:data2\" content=\"3 minute\" \/>\n<script type=\"application\/ld+json\" class=\"yoast-schema-graph\">{\"@context\":\"https:\/\/schema.org\",\"@graph\":[{\"@type\":\"WebPage\",\"@id\":\"https:\/\/www.vegaintro-projekti.com\/pilar-stari\/2022\/12\/dr-sc-lynette-sikic-micanovic-na-konferenciji-australske-socioloske-udruge-tasa-social-challenges-social-changes-melbourne-28-11-2-12-2022\/\",\"url\":\"https:\/\/www.vegaintro-projekti.com\/pilar-stari\/2022\/12\/dr-sc-lynette-sikic-micanovic-na-konferenciji-australske-socioloske-udruge-tasa-social-challenges-social-changes-melbourne-28-11-2-12-2022\/\",\"name\":\"Dr. sc. Lynette \u0160iki\u0107 Mi\u0107anovi\u0107 na konferenciji Australske sociolo\u0161ke udruge (TASA) \u201cSocial challenges, social changes\u201d; Melbourne, 28. 11. - 2. 12. 2022. - Institut dru&scaron;tvenih znanosti Ivo Pilar\",\"isPartOf\":{\"@id\":\"https:\/\/www.vegaintro-projekti.com\/pilar-stari\/#website\"},\"datePublished\":\"2022-12-07T11:33:28+00:00\",\"dateModified\":\"2022-12-11T15:47:23+00:00\",\"author\":{\"@id\":\"https:\/\/www.vegaintro-projekti.com\/pilar-stari\/#\/schema\/person\/ddd404c9f1e15e4ffef5986ac6a5d28b\"},\"breadcrumb\":{\"@id\":\"https:\/\/www.vegaintro-projekti.com\/pilar-stari\/2022\/12\/dr-sc-lynette-sikic-micanovic-na-konferenciji-australske-socioloske-udruge-tasa-social-challenges-social-changes-melbourne-28-11-2-12-2022\/#breadcrumb\"},\"inLanguage\":\"hr\",\"potentialAction\":[{\"@type\":\"ReadAction\",\"target\":[\"https:\/\/www.vegaintro-projekti.com\/pilar-stari\/2022\/12\/dr-sc-lynette-sikic-micanovic-na-konferenciji-australske-socioloske-udruge-tasa-social-challenges-social-changes-melbourne-28-11-2-12-2022\/\"]}]},{\"@type\":\"BreadcrumbList\",\"@id\":\"https:\/\/www.vegaintro-projekti.com\/pilar-stari\/2022\/12\/dr-sc-lynette-sikic-micanovic-na-konferenciji-australske-socioloske-udruge-tasa-social-challenges-social-changes-melbourne-28-11-2-12-2022\/#breadcrumb\",\"itemListElement\":[{\"@type\":\"ListItem\",\"position\":1,\"name\":\"Home\",\"item\":\"https:\/\/www.vegaintro-projekti.com\/pilar-stari\/\"},{\"@type\":\"ListItem\",\"position\":2,\"name\":\"Dr. sc. Lynette \u0160iki\u0107 Mi\u0107anovi\u0107 na konferenciji Australske sociolo\u0161ke udruge (TASA) \u201cSocial challenges, social changes\u201d; Melbourne, 28. 11. &#8211; 2. 12. 2022.\"}]},{\"@type\":\"WebSite\",\"@id\":\"https:\/\/www.vegaintro-projekti.com\/pilar-stari\/#website\",\"url\":\"https:\/\/www.vegaintro-projekti.com\/pilar-stari\/\",\"name\":\"Institut dru&scaron;tvenih znanosti Ivo Pilar\",\"description\":\"Pilar\",\"potentialAction\":[{\"@type\":\"SearchAction\",\"target\":{\"@type\":\"EntryPoint\",\"urlTemplate\":\"https:\/\/www.vegaintro-projekti.com\/pilar-stari\/?s={search_term_string}\"},\"query-input\":\"required name=search_term_string\"}],\"inLanguage\":\"hr\"},{\"@type\":\"Person\",\"@id\":\"https:\/\/www.vegaintro-projekti.com\/pilar-stari\/#\/schema\/person\/ddd404c9f1e15e4ffef5986ac6a5d28b\",\"name\":\"Boris\",\"image\":{\"@type\":\"ImageObject\",\"inLanguage\":\"hr\",\"@id\":\"https:\/\/www.vegaintro-projekti.com\/pilar-stari\/#\/schema\/person\/image\/\",\"url\":\"https:\/\/secure.gravatar.com\/avatar\/29557b161a6ce6ab86ac1503164f1e90?s=96&d=mm&r=g\",\"contentUrl\":\"https:\/\/secure.gravatar.com\/avatar\/29557b161a6ce6ab86ac1503164f1e90?s=96&d=mm&r=g\",\"caption\":\"Boris\"},\"url\":\"https:\/\/www.vegaintro-projekti.com\/pilar-stari\/author\/boris\/\"}]}<\/script>\n<!-- \/ Yoast SEO plugin. -->","yoast_head_json":{"title":"Dr. sc. Lynette \u0160iki\u0107 Mi\u0107anovi\u0107 na konferenciji Australske sociolo\u0161ke udruge (TASA) \u201cSocial challenges, social changes\u201d; Melbourne, 28. 11. - 2. 12. 2022. - Institut dru&scaron;tvenih znanosti Ivo Pilar","robots":{"index":"noindex","follow":"follow","max-snippet":"max-snippet:-1","max-image-preview":"max-image-preview:large","max-video-preview":"max-video-preview:-1"},"og_locale":"hr_HR","og_type":"article","og_title":"Dr. sc. Lynette \u0160iki\u0107 Mi\u0107anovi\u0107 na konferenciji Australske sociolo\u0161ke udruge (TASA) \u201cSocial challenges, social changes\u201d; Melbourne, 28. 11. - 2. 12. 2022. - Institut dru&scaron;tvenih znanosti Ivo Pilar","og_description":"Dr. sc. Lynette \u0160iki\u0107 Mi\u0107anovi\u0107 sudjelovala je na me\u0111unarodnoj konferenciji Australske sociolo\u0161ke udruge (TASA) \u201eSocial challenges, Social changes\u201c odr\u017eanoj na Sveu\u010dili\u0161tu u Melbourneu, od 28. studenog do 2. prosinca 2022. U svom radu pod naslovom You\u2019re not on the margins of society, you\u2019re outside of it! Loneliness and social isolation among people experiencing homelessness (Nisi&hellip; Pro\u010ditaj vi\u0161e o Dr. sc. Lynette \u0160iki\u0107 Mi\u0107anovi\u0107 na konferenciji Australske sociolo\u0161ke udruge (TASA) \u201cSocial challenges, social changes\u201d; Melbourne, 28. 11. &#8211; 2. 12. 2022.","og_url":"https:\/\/www.vegaintro-projekti.com\/pilar-stari\/2022\/12\/dr-sc-lynette-sikic-micanovic-na-konferenciji-australske-socioloske-udruge-tasa-social-challenges-social-changes-melbourne-28-11-2-12-2022\/","og_site_name":"Institut dru&scaron;tvenih znanosti Ivo Pilar","article_published_time":"2022-12-07T11:33:28+00:00","article_modified_time":"2022-12-11T15:47:23+00:00","og_image":[{"width":500,"height":223,"url":"https:\/\/www.vegaintro-projekti.com\/pilar-stari\/wp-content\/uploads\/2022\/12\/IMG_4fi-1.jpg","type":"image\/jpeg"}],"author":"Boris","twitter_card":"summary_large_image","twitter_misc":{"Napisao\/la":"Boris","Procijenjeno vrijeme \u010ditanja":"3 minute"},"schema":{"@context":"https:\/\/schema.org","@graph":[{"@type":"WebPage","@id":"https:\/\/www.vegaintro-projekti.com\/pilar-stari\/2022\/12\/dr-sc-lynette-sikic-micanovic-na-konferenciji-australske-socioloske-udruge-tasa-social-challenges-social-changes-melbourne-28-11-2-12-2022\/","url":"https:\/\/www.vegaintro-projekti.com\/pilar-stari\/2022\/12\/dr-sc-lynette-sikic-micanovic-na-konferenciji-australske-socioloske-udruge-tasa-social-challenges-social-changes-melbourne-28-11-2-12-2022\/","name":"Dr. sc. Lynette \u0160iki\u0107 Mi\u0107anovi\u0107 na konferenciji Australske sociolo\u0161ke udruge (TASA) \u201cSocial challenges, social changes\u201d; Melbourne, 28. 11. - 2. 12. 2022. - Institut dru&scaron;tvenih znanosti Ivo Pilar","isPartOf":{"@id":"https:\/\/www.vegaintro-projekti.com\/pilar-stari\/#website"},"datePublished":"2022-12-07T11:33:28+00:00","dateModified":"2022-12-11T15:47:23+00:00","author":{"@id":"https:\/\/www.vegaintro-projekti.com\/pilar-stari\/#\/schema\/person\/ddd404c9f1e15e4ffef5986ac6a5d28b"},"breadcrumb":{"@id":"https:\/\/www.vegaintro-projekti.com\/pilar-stari\/2022\/12\/dr-sc-lynette-sikic-micanovic-na-konferenciji-australske-socioloske-udruge-tasa-social-challenges-social-changes-melbourne-28-11-2-12-2022\/#breadcrumb"},"inLanguage":"hr","potentialAction":[{"@type":"ReadAction","target":["https:\/\/www.vegaintro-projekti.com\/pilar-stari\/2022\/12\/dr-sc-lynette-sikic-micanovic-na-konferenciji-australske-socioloske-udruge-tasa-social-challenges-social-changes-melbourne-28-11-2-12-2022\/"]}]},{"@type":"BreadcrumbList","@id":"https:\/\/www.vegaintro-projekti.com\/pilar-stari\/2022\/12\/dr-sc-lynette-sikic-micanovic-na-konferenciji-australske-socioloske-udruge-tasa-social-challenges-social-changes-melbourne-28-11-2-12-2022\/#breadcrumb","itemListElement":[{"@type":"ListItem","position":1,"name":"Home","item":"https:\/\/www.vegaintro-projekti.com\/pilar-stari\/"},{"@type":"ListItem","position":2,"name":"Dr. sc. Lynette \u0160iki\u0107 Mi\u0107anovi\u0107 na konferenciji Australske sociolo\u0161ke udruge (TASA) \u201cSocial challenges, social changes\u201d; Melbourne, 28. 11. &#8211; 2. 12. 2022."}]},{"@type":"WebSite","@id":"https:\/\/www.vegaintro-projekti.com\/pilar-stari\/#website","url":"https:\/\/www.vegaintro-projekti.com\/pilar-stari\/","name":"Institut dru&scaron;tvenih znanosti Ivo Pilar","description":"Pilar","potentialAction":[{"@type":"SearchAction","target":{"@type":"EntryPoint","urlTemplate":"https:\/\/www.vegaintro-projekti.com\/pilar-stari\/?s={search_term_string}"},"query-input":"required name=search_term_string"}],"inLanguage":"hr"},{"@type":"Person","@id":"https:\/\/www.vegaintro-projekti.com\/pilar-stari\/#\/schema\/person\/ddd404c9f1e15e4ffef5986ac6a5d28b","name":"Boris","image":{"@type":"ImageObject","inLanguage":"hr","@id":"https:\/\/www.vegaintro-projekti.com\/pilar-stari\/#\/schema\/person\/image\/","url":"https:\/\/secure.gravatar.com\/avatar\/29557b161a6ce6ab86ac1503164f1e90?s=96&d=mm&r=g","contentUrl":"https:\/\/secure.gravatar.com\/avatar\/29557b161a6ce6ab86ac1503164f1e90?s=96&d=mm&r=g","caption":"Boris"},"url":"https:\/\/www.vegaintro-projekti.com\/pilar-stari\/author\/boris\/"}]}},"_links":{"self":[{"href":"https:\/\/www.vegaintro-projekti.com\/pilar-stari\/wp-json\/wp\/v2\/posts\/24539"}],"collection":[{"href":"https:\/\/www.vegaintro-projekti.com\/pilar-stari\/wp-json\/wp\/v2\/posts"}],"about":[{"href":"https:\/\/www.vegaintro-projekti.com\/pilar-stari\/wp-json\/wp\/v2\/types\/post"}],"author":[{"embeddable":true,"href":"https:\/\/www.vegaintro-projekti.com\/pilar-stari\/wp-json\/wp\/v2\/users\/7"}],"replies":[{"embeddable":true,"href":"https:\/\/www.vegaintro-projekti.com\/pilar-stari\/wp-json\/wp\/v2\/comments?post=24539"}],"version-history":[{"count":2,"href":"https:\/\/www.vegaintro-projekti.com\/pilar-stari\/wp-json\/wp\/v2\/posts\/24539\/revisions"}],"predecessor-version":[{"id":24541,"href":"https:\/\/www.vegaintro-projekti.com\/pilar-stari\/wp-json\/wp\/v2\/posts\/24539\/revisions\/24541"}],"wp:featuredmedia":[{"embeddable":true,"href":"https:\/\/www.vegaintro-projekti.com\/pilar-stari\/wp-json\/wp\/v2\/media\/24536"}],"wp:attachment":[{"href":"https:\/\/www.vegaintro-projekti.com\/pilar-stari\/wp-json\/wp\/v2\/media?parent=24539"}],"wp:term":[{"taxonomy":"category","embeddable":true,"href":"https:\/\/www.vegaintro-projekti.com\/pilar-stari\/wp-json\/wp\/v2\/categories?post=24539"},{"taxonomy":"post_tag","embeddable":true,"href":"https:\/\/www.vegaintro-projekti.com\/pilar-stari\/wp-json\/wp\/v2\/tags?post=24539"}],"curies":[{"name":"wp","href":"https:\/\/api.w.org\/{rel}","templated":true}]}}