{"id":24620,"date":"2022-12-12T10:06:10","date_gmt":"2022-12-12T10:06:10","guid":{"rendered":"https:\/\/www.vegaintro-projekti.com\/pilar-stari\/?p=24620"},"modified":"2023-01-13T20:17:50","modified_gmt":"2023-01-13T20:17:50","slug":"predstavljanje-dijela-rezultata-istrazivanja-dobrobit-djeteta-u-kontekstu-obitelji-child-well-varazdin-7-i-8-12-2022","status":"publish","type":"post","link":"https:\/\/www.vegaintro-projekti.com\/pilar-stari\/2022\/12\/predstavljanje-dijela-rezultata-istrazivanja-dobrobit-djeteta-u-kontekstu-obitelji-child-well-varazdin-7-i-8-12-2022\/","title":{"rendered":"Predstavljanje dijela rezultata istra\u017eivanja Dobrobit djeteta u kontekstu obitelji (CHILD-WELL); Vara\u017edin, 7. i 8. 12. 2022."},"content":{"rendered":"<p><strong>U Vara\u017edinu je 7. prosinca 2022. odr\u017eano predstavljanje dijela rezultata prvog i drugog vala istra\u017eivanja Dobrobit djeteta u kontekstu obitelji (CHILD-WELL). Predavanje je odr\u017eala \u010dlanica istra\u017eiva\u010dkog tima Maja Ku\u0107ar, mag. psych. A 8. prosinca 2022. voditeljica projekta, dr.sc. Andreja Braj\u0161a-\u017dganec, odr\u017eala je predavanje \u010dlanovima Dru\u0161tva psihologa Vara\u017edin na temu Obiteljska otpornost i dje\u010dja dobrobit<\/strong><\/p>\n<p><a href=\"https:\/\/www.vegaintro-projekti.com\/pilar-stari\/wp-content\/uploads\/2022\/12\/IMG_1-11.jpg\"><img decoding=\"async\" loading=\"lazy\" class=\"alignnone wp-image-24615 size-full\" src=\"https:\/\/www.vegaintro-projekti.com\/pilar-stari\/wp-content\/uploads\/2022\/12\/IMG_1s-5.jpg\" alt=\"\" width=\"310\" height=\"233\" srcset=\"https:\/\/www.vegaintro-projekti.com\/pilar-stari\/wp-content\/uploads\/2022\/12\/IMG_1s-5.jpg 310w, https:\/\/www.vegaintro-projekti.com\/pilar-stari\/wp-content\/uploads\/2022\/12\/IMG_1s-5-300x225.jpg 300w\" sizes=\"(max-width: 310px) 100vw, 310px\" \/><\/a><a href=\"https:\/\/www.vegaintro-projekti.com\/pilar-stari\/wp-content\/uploads\/2022\/12\/IMG_2-8.jpg\"><img decoding=\"async\" loading=\"lazy\" class=\"alignnone wp-image-24619 size-full\" src=\"https:\/\/www.vegaintro-projekti.com\/pilar-stari\/wp-content\/uploads\/2022\/12\/IMG_2s-2.jpg\" alt=\"\" width=\"310\" height=\"233\" srcset=\"https:\/\/www.vegaintro-projekti.com\/pilar-stari\/wp-content\/uploads\/2022\/12\/IMG_2s-2.jpg 310w, https:\/\/www.vegaintro-projekti.com\/pilar-stari\/wp-content\/uploads\/2022\/12\/IMG_2s-2-300x225.jpg 300w\" sizes=\"(max-width: 310px) 100vw, 310px\" \/><\/a><a href=\"https:\/\/www.vegaintro-projekti.com\/pilar-stari\/wp-content\/uploads\/2022\/12\/IMG_1-11.jpg\"><img decoding=\"async\" loading=\"lazy\" class=\"alignnone wp-image-24618 size-full\" src=\"https:\/\/www.vegaintro-projekti.com\/pilar-stari\/wp-content\/uploads\/2022\/12\/IMG_2pr-1.jpg\" alt=\"\" width=\"620\" height=\"341\" srcset=\"https:\/\/www.vegaintro-projekti.com\/pilar-stari\/wp-content\/uploads\/2022\/12\/IMG_2pr-1.jpg 620w, https:\/\/www.vegaintro-projekti.com\/pilar-stari\/wp-content\/uploads\/2022\/12\/IMG_2pr-1-300x165.jpg 300w\" sizes=\"(max-width: 620px) 100vw, 620px\" \/><\/a><\/p>\n<p>U Vara\u017edinu je 7. prosinca 2022. odr\u017eano predstavljanje dijela rezultata prvog i drugog vala istra\u017eivanja Dobrobit djeteta u kontekstu obitelji (CHILD-WELL). Na predstavljanje su pozvani stru\u010dni suradnici osnovnih \u0161kola iz Vara\u017edinske \u017eupanije, odnosno \u0161kola koje sudjeluju u samom projektu. Predstavljeni su rezultati primarno bili povezani uz tematiku dje\u010dje dobrobiti, posebice u kontekstu \u0161kole, ocjena, digitalne tehnologije i obitelji. Predavanje je odr\u017eala \u010dlanica istra\u017eiva\u010dkog tima <strong>Maja Ku\u0107ar, mag. psych.<\/strong>, a predavanje je bilo odr\u017eano u knji\u017enici Tre\u0107e osnovne \u0161kole Vara\u017edin. Stru\u010dni su suradnici, primjerice, mogli vidjeti neke grupne rezultate u\u010denika na odre\u0111enim psihologijskim ljestvicama kori\u0161tenim u projektu.<\/p>\n<p>Osmog prosinca 2022. je voditeljica projekta, <strong>dr. sc. Andreja Braj\u0161a-\u017dganec<\/strong>, odr\u017eala predavanje \u010dlanovima Dru\u0161tva psihologa Vara\u017edin na temu Obiteljska otpornost i dje\u010dja dobrobit.<\/p>\n<blockquote><p><a href=\"https:\/\/www.vegaintro-projekti.com\/pilar-stari\/2020\/02\/child-well-dobrobit-djeteta-u-kontekstu-obitelji\/\">Projekt CHILD-WELL<\/a><\/p>\n<p><a href=\"https:\/\/www.vegaintro-projekti.com\/pilar-stari\/2011\/04\/podruni-centar-varadin\/\">Podru\u010dni centar Vara\u017edin<\/a><\/p><\/blockquote>\n","protected":false},"excerpt":{"rendered":"<p>U Vara\u017edinu je 7. prosinca 2022. odr\u017eano predstavljanje dijela rezultata prvog i drugog vala istra\u017eivanja Dobrobit djeteta u kontekstu obitelji (CHILD-WELL). Predavanje je odr\u017eala \u010dlanica istra\u017eiva\u010dkog tima Maja Ku\u0107ar, mag. psych. A 8. prosinca 2022. voditeljica projekta, dr.sc. Andreja Braj\u0161a-\u017dganec, odr\u017eala je predavanje \u010dlanovima Dru\u0161tva psihologa Vara\u017edin na temu Obiteljska otpornost i dje\u010dja dobrobit U&hellip; <a class=\"continue\" href=\"https:\/\/www.vegaintro-projekti.com\/pilar-stari\/2022\/12\/predstavljanje-dijela-rezultata-istrazivanja-dobrobit-djeteta-u-kontekstu-obitelji-child-well-varazdin-7-i-8-12-2022\/\">Pro\u010ditaj vi\u0161e o<span> Predstavljanje dijela rezultata istra\u017eivanja Dobrobit djeteta u kontekstu obitelji (CHILD-WELL); Vara\u017edin, 7. i 8. 12. 2022.<\/span><\/a><\/p>\n","protected":false},"author":7,"featured_media":24617,"comment_status":"closed","ping_status":"closed","sticky":false,"template":"","format":"standard","meta":{"inline_featured_image":false,"ngg_post_thumbnail":0,"footnotes":""},"categories":[48,29],"tags":[],"yoast_head":"<!-- This site is optimized with the Yoast SEO plugin v21.2 - https:\/\/yoast.com\/wordpress\/plugins\/seo\/ -->\n<title>Predstavljanje dijela rezultata istra\u017eivanja Dobrobit djeteta u kontekstu obitelji (CHILD-WELL); Vara\u017edin, 7. i 8. 12. 2022. - Institut dru&scaron;tvenih znanosti Ivo Pilar<\/title>\n<meta name=\"robots\" content=\"noindex, follow, max-snippet:-1, max-image-preview:large, max-video-preview:-1\" \/>\n<meta property=\"og:locale\" content=\"hr_HR\" \/>\n<meta property=\"og:type\" content=\"article\" \/>\n<meta property=\"og:title\" content=\"Predstavljanje dijela rezultata istra\u017eivanja Dobrobit djeteta u kontekstu obitelji (CHILD-WELL); Vara\u017edin, 7. i 8. 12. 2022. - Institut dru&scaron;tvenih znanosti Ivo Pilar\" \/>\n<meta property=\"og:description\" content=\"U Vara\u017edinu je 7. prosinca 2022. odr\u017eano predstavljanje dijela rezultata prvog i drugog vala istra\u017eivanja Dobrobit djeteta u kontekstu obitelji (CHILD-WELL). Predavanje je odr\u017eala \u010dlanica istra\u017eiva\u010dkog tima Maja Ku\u0107ar, mag. psych. A 8. prosinca 2022. voditeljica projekta, dr.sc. Andreja Braj\u0161a-\u017dganec, odr\u017eala je predavanje \u010dlanovima Dru\u0161tva psihologa Vara\u017edin na temu Obiteljska otpornost i dje\u010dja dobrobit U&hellip; Pro\u010ditaj vi\u0161e o Predstavljanje dijela rezultata istra\u017eivanja Dobrobit djeteta u kontekstu obitelji (CHILD-WELL); Vara\u017edin, 7. i 8. 12. 2022.\" \/>\n<meta property=\"og:url\" content=\"https:\/\/www.vegaintro-projekti.com\/pilar-stari\/2022\/12\/predstavljanje-dijela-rezultata-istrazivanja-dobrobit-djeteta-u-kontekstu-obitelji-child-well-varazdin-7-i-8-12-2022\/\" \/>\n<meta property=\"og:site_name\" content=\"Institut dru&scaron;tvenih znanosti Ivo Pilar\" \/>\n<meta property=\"article:published_time\" content=\"2022-12-12T10:06:10+00:00\" \/>\n<meta property=\"article:modified_time\" content=\"2023-01-13T20:17:50+00:00\" \/>\n<meta property=\"og:image\" content=\"https:\/\/www.vegaintro-projekti.com\/pilar-stari\/wp-content\/uploads\/2022\/12\/IMG_2fi-2.jpg\" \/>\n\t<meta property=\"og:image:width\" content=\"497\" \/>\n\t<meta property=\"og:image:height\" content=\"221\" \/>\n\t<meta property=\"og:image:type\" content=\"image\/jpeg\" \/>\n<meta name=\"author\" content=\"Boris\" \/>\n<meta name=\"twitter:card\" content=\"summary_large_image\" \/>\n<meta name=\"twitter:label1\" content=\"Napisao\/la\" \/>\n\t<meta name=\"twitter:data1\" content=\"Boris\" \/>\n\t<meta name=\"twitter:label2\" content=\"Procijenjeno vrijeme \u010ditanja\" \/>\n\t<meta name=\"twitter:data2\" content=\"2 minute\" \/>\n<script type=\"application\/ld+json\" class=\"yoast-schema-graph\">{\"@context\":\"https:\/\/schema.org\",\"@graph\":[{\"@type\":\"WebPage\",\"@id\":\"https:\/\/www.vegaintro-projekti.com\/pilar-stari\/2022\/12\/predstavljanje-dijela-rezultata-istrazivanja-dobrobit-djeteta-u-kontekstu-obitelji-child-well-varazdin-7-i-8-12-2022\/\",\"url\":\"https:\/\/www.vegaintro-projekti.com\/pilar-stari\/2022\/12\/predstavljanje-dijela-rezultata-istrazivanja-dobrobit-djeteta-u-kontekstu-obitelji-child-well-varazdin-7-i-8-12-2022\/\",\"name\":\"Predstavljanje dijela rezultata istra\u017eivanja Dobrobit djeteta u kontekstu obitelji (CHILD-WELL); Vara\u017edin, 7. i 8. 12. 2022. - Institut dru&scaron;tvenih znanosti Ivo Pilar\",\"isPartOf\":{\"@id\":\"https:\/\/www.vegaintro-projekti.com\/pilar-stari\/#website\"},\"datePublished\":\"2022-12-12T10:06:10+00:00\",\"dateModified\":\"2023-01-13T20:17:50+00:00\",\"author\":{\"@id\":\"https:\/\/www.vegaintro-projekti.com\/pilar-stari\/#\/schema\/person\/ddd404c9f1e15e4ffef5986ac6a5d28b\"},\"breadcrumb\":{\"@id\":\"https:\/\/www.vegaintro-projekti.com\/pilar-stari\/2022\/12\/predstavljanje-dijela-rezultata-istrazivanja-dobrobit-djeteta-u-kontekstu-obitelji-child-well-varazdin-7-i-8-12-2022\/#breadcrumb\"},\"inLanguage\":\"hr\",\"potentialAction\":[{\"@type\":\"ReadAction\",\"target\":[\"https:\/\/www.vegaintro-projekti.com\/pilar-stari\/2022\/12\/predstavljanje-dijela-rezultata-istrazivanja-dobrobit-djeteta-u-kontekstu-obitelji-child-well-varazdin-7-i-8-12-2022\/\"]}]},{\"@type\":\"BreadcrumbList\",\"@id\":\"https:\/\/www.vegaintro-projekti.com\/pilar-stari\/2022\/12\/predstavljanje-dijela-rezultata-istrazivanja-dobrobit-djeteta-u-kontekstu-obitelji-child-well-varazdin-7-i-8-12-2022\/#breadcrumb\",\"itemListElement\":[{\"@type\":\"ListItem\",\"position\":1,\"name\":\"Home\",\"item\":\"https:\/\/www.vegaintro-projekti.com\/pilar-stari\/\"},{\"@type\":\"ListItem\",\"position\":2,\"name\":\"Predstavljanje dijela rezultata istra\u017eivanja Dobrobit djeteta u kontekstu obitelji (CHILD-WELL); Vara\u017edin, 7. i 8. 12. 2022.\"}]},{\"@type\":\"WebSite\",\"@id\":\"https:\/\/www.vegaintro-projekti.com\/pilar-stari\/#website\",\"url\":\"https:\/\/www.vegaintro-projekti.com\/pilar-stari\/\",\"name\":\"Institut dru&scaron;tvenih znanosti Ivo Pilar\",\"description\":\"Pilar\",\"potentialAction\":[{\"@type\":\"SearchAction\",\"target\":{\"@type\":\"EntryPoint\",\"urlTemplate\":\"https:\/\/www.vegaintro-projekti.com\/pilar-stari\/?s={search_term_string}\"},\"query-input\":\"required name=search_term_string\"}],\"inLanguage\":\"hr\"},{\"@type\":\"Person\",\"@id\":\"https:\/\/www.vegaintro-projekti.com\/pilar-stari\/#\/schema\/person\/ddd404c9f1e15e4ffef5986ac6a5d28b\",\"name\":\"Boris\",\"image\":{\"@type\":\"ImageObject\",\"inLanguage\":\"hr\",\"@id\":\"https:\/\/www.vegaintro-projekti.com\/pilar-stari\/#\/schema\/person\/image\/\",\"url\":\"https:\/\/secure.gravatar.com\/avatar\/29557b161a6ce6ab86ac1503164f1e90?s=96&d=mm&r=g\",\"contentUrl\":\"https:\/\/secure.gravatar.com\/avatar\/29557b161a6ce6ab86ac1503164f1e90?s=96&d=mm&r=g\",\"caption\":\"Boris\"},\"url\":\"https:\/\/www.vegaintro-projekti.com\/pilar-stari\/author\/boris\/\"}]}<\/script>\n<!-- \/ Yoast SEO plugin. -->","yoast_head_json":{"title":"Predstavljanje dijela rezultata istra\u017eivanja Dobrobit djeteta u kontekstu obitelji (CHILD-WELL); Vara\u017edin, 7. i 8. 12. 2022. - Institut dru&scaron;tvenih znanosti Ivo Pilar","robots":{"index":"noindex","follow":"follow","max-snippet":"max-snippet:-1","max-image-preview":"max-image-preview:large","max-video-preview":"max-video-preview:-1"},"og_locale":"hr_HR","og_type":"article","og_title":"Predstavljanje dijela rezultata istra\u017eivanja Dobrobit djeteta u kontekstu obitelji (CHILD-WELL); Vara\u017edin, 7. i 8. 12. 2022. - Institut dru&scaron;tvenih znanosti Ivo Pilar","og_description":"U Vara\u017edinu je 7. prosinca 2022. odr\u017eano predstavljanje dijela rezultata prvog i drugog vala istra\u017eivanja Dobrobit djeteta u kontekstu obitelji (CHILD-WELL). Predavanje je odr\u017eala \u010dlanica istra\u017eiva\u010dkog tima Maja Ku\u0107ar, mag. psych. A 8. prosinca 2022. voditeljica projekta, dr.sc. Andreja Braj\u0161a-\u017dganec, odr\u017eala je predavanje \u010dlanovima Dru\u0161tva psihologa Vara\u017edin na temu Obiteljska otpornost i dje\u010dja dobrobit U&hellip; Pro\u010ditaj vi\u0161e o Predstavljanje dijela rezultata istra\u017eivanja Dobrobit djeteta u kontekstu obitelji (CHILD-WELL); Vara\u017edin, 7. i 8. 12. 2022.","og_url":"https:\/\/www.vegaintro-projekti.com\/pilar-stari\/2022\/12\/predstavljanje-dijela-rezultata-istrazivanja-dobrobit-djeteta-u-kontekstu-obitelji-child-well-varazdin-7-i-8-12-2022\/","og_site_name":"Institut dru&scaron;tvenih znanosti Ivo Pilar","article_published_time":"2022-12-12T10:06:10+00:00","article_modified_time":"2023-01-13T20:17:50+00:00","og_image":[{"width":497,"height":221,"url":"https:\/\/www.vegaintro-projekti.com\/pilar-stari\/wp-content\/uploads\/2022\/12\/IMG_2fi-2.jpg","type":"image\/jpeg"}],"author":"Boris","twitter_card":"summary_large_image","twitter_misc":{"Napisao\/la":"Boris","Procijenjeno vrijeme \u010ditanja":"2 minute"},"schema":{"@context":"https:\/\/schema.org","@graph":[{"@type":"WebPage","@id":"https:\/\/www.vegaintro-projekti.com\/pilar-stari\/2022\/12\/predstavljanje-dijela-rezultata-istrazivanja-dobrobit-djeteta-u-kontekstu-obitelji-child-well-varazdin-7-i-8-12-2022\/","url":"https:\/\/www.vegaintro-projekti.com\/pilar-stari\/2022\/12\/predstavljanje-dijela-rezultata-istrazivanja-dobrobit-djeteta-u-kontekstu-obitelji-child-well-varazdin-7-i-8-12-2022\/","name":"Predstavljanje dijela rezultata istra\u017eivanja Dobrobit djeteta u kontekstu obitelji (CHILD-WELL); Vara\u017edin, 7. i 8. 12. 2022. - Institut dru&scaron;tvenih znanosti Ivo Pilar","isPartOf":{"@id":"https:\/\/www.vegaintro-projekti.com\/pilar-stari\/#website"},"datePublished":"2022-12-12T10:06:10+00:00","dateModified":"2023-01-13T20:17:50+00:00","author":{"@id":"https:\/\/www.vegaintro-projekti.com\/pilar-stari\/#\/schema\/person\/ddd404c9f1e15e4ffef5986ac6a5d28b"},"breadcrumb":{"@id":"https:\/\/www.vegaintro-projekti.com\/pilar-stari\/2022\/12\/predstavljanje-dijela-rezultata-istrazivanja-dobrobit-djeteta-u-kontekstu-obitelji-child-well-varazdin-7-i-8-12-2022\/#breadcrumb"},"inLanguage":"hr","potentialAction":[{"@type":"ReadAction","target":["https:\/\/www.vegaintro-projekti.com\/pilar-stari\/2022\/12\/predstavljanje-dijela-rezultata-istrazivanja-dobrobit-djeteta-u-kontekstu-obitelji-child-well-varazdin-7-i-8-12-2022\/"]}]},{"@type":"BreadcrumbList","@id":"https:\/\/www.vegaintro-projekti.com\/pilar-stari\/2022\/12\/predstavljanje-dijela-rezultata-istrazivanja-dobrobit-djeteta-u-kontekstu-obitelji-child-well-varazdin-7-i-8-12-2022\/#breadcrumb","itemListElement":[{"@type":"ListItem","position":1,"name":"Home","item":"https:\/\/www.vegaintro-projekti.com\/pilar-stari\/"},{"@type":"ListItem","position":2,"name":"Predstavljanje dijela rezultata istra\u017eivanja Dobrobit djeteta u kontekstu obitelji (CHILD-WELL); Vara\u017edin, 7. i 8. 12. 2022."}]},{"@type":"WebSite","@id":"https:\/\/www.vegaintro-projekti.com\/pilar-stari\/#website","url":"https:\/\/www.vegaintro-projekti.com\/pilar-stari\/","name":"Institut dru&scaron;tvenih znanosti Ivo Pilar","description":"Pilar","potentialAction":[{"@type":"SearchAction","target":{"@type":"EntryPoint","urlTemplate":"https:\/\/www.vegaintro-projekti.com\/pilar-stari\/?s={search_term_string}"},"query-input":"required name=search_term_string"}],"inLanguage":"hr"},{"@type":"Person","@id":"https:\/\/www.vegaintro-projekti.com\/pilar-stari\/#\/schema\/person\/ddd404c9f1e15e4ffef5986ac6a5d28b","name":"Boris","image":{"@type":"ImageObject","inLanguage":"hr","@id":"https:\/\/www.vegaintro-projekti.com\/pilar-stari\/#\/schema\/person\/image\/","url":"https:\/\/secure.gravatar.com\/avatar\/29557b161a6ce6ab86ac1503164f1e90?s=96&d=mm&r=g","contentUrl":"https:\/\/secure.gravatar.com\/avatar\/29557b161a6ce6ab86ac1503164f1e90?s=96&d=mm&r=g","caption":"Boris"},"url":"https:\/\/www.vegaintro-projekti.com\/pilar-stari\/author\/boris\/"}]}},"_links":{"self":[{"href":"https:\/\/www.vegaintro-projekti.com\/pilar-stari\/wp-json\/wp\/v2\/posts\/24620"}],"collection":[{"href":"https:\/\/www.vegaintro-projekti.com\/pilar-stari\/wp-json\/wp\/v2\/posts"}],"about":[{"href":"https:\/\/www.vegaintro-projekti.com\/pilar-stari\/wp-json\/wp\/v2\/types\/post"}],"author":[{"embeddable":true,"href":"https:\/\/www.vegaintro-projekti.com\/pilar-stari\/wp-json\/wp\/v2\/users\/7"}],"replies":[{"embeddable":true,"href":"https:\/\/www.vegaintro-projekti.com\/pilar-stari\/wp-json\/wp\/v2\/comments?post=24620"}],"version-history":[{"count":3,"href":"https:\/\/www.vegaintro-projekti.com\/pilar-stari\/wp-json\/wp\/v2\/posts\/24620\/revisions"}],"predecessor-version":[{"id":24881,"href":"https:\/\/www.vegaintro-projekti.com\/pilar-stari\/wp-json\/wp\/v2\/posts\/24620\/revisions\/24881"}],"wp:featuredmedia":[{"embeddable":true,"href":"https:\/\/www.vegaintro-projekti.com\/pilar-stari\/wp-json\/wp\/v2\/media\/24617"}],"wp:attachment":[{"href":"https:\/\/www.vegaintro-projekti.com\/pilar-stari\/wp-json\/wp\/v2\/media?parent=24620"}],"wp:term":[{"taxonomy":"category","embeddable":true,"href":"https:\/\/www.vegaintro-projekti.com\/pilar-stari\/wp-json\/wp\/v2\/categories?post=24620"},{"taxonomy":"post_tag","embeddable":true,"href":"https:\/\/www.vegaintro-projekti.com\/pilar-stari\/wp-json\/wp\/v2\/tags?post=24620"}],"curies":[{"name":"wp","href":"https:\/\/api.w.org\/{rel}","templated":true}]}}