{"id":247,"date":"2009-12-07T09:20:18","date_gmt":"2009-12-07T09:20:18","guid":{"rendered":"https:\/\/www.vegaintro-projekti.com\/pilar-stari\/2009\/12\/07\/iz-tiska-razgovor-s-prof-dr-sc-vladom-akiem-ravnateljom-instituta-ivo-pilar\/"},"modified":"2017-12-06T15:02:31","modified_gmt":"2017-12-06T15:02:31","slug":"iz-tiska-razgovor-s-prof-dr-sc-vladom-akiem-ravnateljom-instituta-ivo-pilar","status":"publish","type":"post","link":"https:\/\/www.vegaintro-projekti.com\/pilar-stari\/2009\/12\/iz-tiska-razgovor-s-prof-dr-sc-vladom-akiem-ravnateljom-instituta-ivo-pilar\/","title":{"rendered":"Iz tiska: Razgovor s prof. dr. sc. Vladom \u0160aki\u0107em, ravnateljem Instituta Ivo Pilar"},"content":{"rendered":"<p><strong>Ve\u0107ina Hrvata kao najpo\u017eeljnijeg poslodavca i dalje vidi dr\u017eavu \u0161to ukazuje na veoma lo\u0161u budu\u0107nost poduzetni\u0161tva u Hrvatskoj, no ako \u017eelimo privatne inicijative, treba znatno pove\u0107ati ulaganja u obrazovanje i znanost, ka\u017ee Vlado \u0160aki\u0107, ravnatelj Instituta Ivo Pilar<\/strong><\/p>\n<table border=\"0\">\n<tbody>\n<tr>\n<td><a href=\"http:\/\/www.bankamagazine.hr\/tabid\/77\/brojid\/35\/itemId\/55813\/Default.aspx\"><img decoding=\"async\" loading=\"lazy\" height=\"314\" width=\"230\" src=\"https:\/\/www.vegaintro-projekti.com\/pilar-stari\/wp-content\/images\/stories\/fotografije\/razno\/banka_2009_12.jpg\" alt=\"banka_2009_12\" \/><\/a><\/td>\n<td valign=\"bottom\">\n<h1>\n<p style=\"text-align: right;\"><strong><span style=\"font-size: 14pt;\"><span style=\"text-decoration: underline;\">poslovni.hr<\/span><\/span><\/strong><\/p>\n<p>Izjava dana, 3. prosinac 2009.<\/p>\n<\/h1>\n<p style=\"text-align: right;\"><span style=\"font-size: 14pt;\">&#8220;Vi\u0161e od 80% Hrvata \u017eeli posao u dr\u017eavnoj slu\u017ebi, \u0161to je lo\u0161e za budu\u0107nost poduzetni\u0161tva.&#8221;<\/span><\/p>\n<div>\n<h1>\n<div style=\"text-align: right;\">Vlado \u0160aki\u0107, Institut &#8216;Ivo Pilar&#8217;<\/div>\n<\/h1><\/div>\n<\/td>\n<\/tr>\n<\/tbody>\n<\/table>\n<p><strong>Institut Pilar: Dr\u017eava i dalje najpo\u017eeljniji poslodavac<br \/><\/strong><br \/>Hrvatski gra\u0111ani osobni \u017eivot do\u017eivljavaju dvostruko boljima od prilika u dr\u017eavi: 70 posto gra\u0111ana misli da \u0107e se ekonomska situacija u Hrvatskoj pogor\u0161ati, ali samo 34 posto njih smatra da \u0107e njihov osobni \u017eivot biti lo\u0161iji.<\/p>\n<table border=\"0\">\n<tbody> <\/tbody>\n<\/table>\n<p>Djelomi\u010dno obja\u0161njenje ovako izra\u017eenih razlika osobno-javno mo\u017ee pru\u017eiti podatak da \u010dak 90% gra\u0111ana svaki dan gleda televiziju, od toga naj\u010de\u0161\u0107e Vijesti i Dnevnik, te da u novinama najvi\u0161e njih \u010dita Crnu kroniku (80%). Negativni doga\u0111aji kojima obiluju te emisije\/rubrike zasigurno utje\u010du na iskazani pesimizam u pogledu budu\u0107nosti Hrvatske, EU i svijeta. S druge strane \u010dinjenica je da \u017eivotni standard nije jedini, a osobito ne najva\u017eniji element osobnog zadovoljstva i sre\u0107e. Obiteljski odnosi i op\u0107enito me\u0111uljudski odnosi u dru\u0161tvu ono su \u0161to najvi\u0161e odre\u0111uje stupanj \u017eivotnog zadovoljstva gra\u0111ana, a tu Hrvatska stoji jako dobro &#8211;\u00a0 hrvatski su gra\u0111ani zadovoljniji tim podru\u010djima od mnogih u EU.<\/p>\n<p>O tome kako nastaje hrvatski pesimizam mo\u017ee se saznati iz Projekta Pilarov barometar hrvatskog dru\u0161tva koji, pru\u017eaju\u0107i relevantnu spoznaju o politi\u010dkim, gospodarskim, kulturnim i drugim procesima u hrvatskom dru\u0161tvu, demistificira uvrije\u017eenu sliku o njemu i o Hrvatima. Primjerice, prevladava mi\u0161ljenje o opasnosti &#8220;odljeva mozgova&#8221;, no Pilarovo istra\u017eivanje pokazalo je da svega 1,4% mladih visokoobrazovanih \u017eeli oti\u0107i iz Hrvatske. S druge strane, unato\u010d tome \u0161to je zdravstveni sustav neefikasan, vi\u0161e od polovice gra\u0111ana zadovoljna je zdravstvenom za\u0161titom.<\/p>\n<p>&#8220;Pau\u0161alne ocjene rezultat su neznanja, stoga nije neobi\u010dno da se nekriti\u010dki upu\u0161taju u ocjenjivanje situacije\u201d, ka\u017ee u novoj Banci Vlado \u0160aki\u0107, ravnatelj Instituta Ivo Pilar koji ovih dana slavi 18 godina djelovanja. &#8220;Danas raspola\u017eemo parcijalnim i nadasve nesustavnim uvidima u \u017eivot u Hrvatskoj, a odluke bi se u suvremenom dru\u0161tvu morale donositi temeljem uvida u zbiljske \u017eivotne prilike i one bi morale biti podlo\u017ene kritikama bira\u010da. Dosada\u0161nja politika temeljena na mi\u0161ljenjima podrazumijevala je povjerenje gra\u0111ana i politi\u010dara, a odluke su se donosile na temelju mi\u0161ljenja nekolicine ili na metodolo\u0161ki neprovjerenim istra\u017eivanjima. Odluke bi se danas trebale donositi na temelju sustavnih, promi\u0161ljenih i strogo provedenih znanstvenih istra\u017eivanja te na transparentnim rezultatima&#8221;, zaklju\u010duje \u0160aki\u0107.<\/p>\n<p><strong>Komercijalna isplativost barometra<\/strong><\/p>\n<p>&#8220;Jedini nedostatak Pilarovog barometra jest da za takvo istra\u017eivanje vi\u0161e nema financijske potpore pa su upitna idu\u0107a istra\u017eivanja&#8221;, dodaje \u0160aki\u0107. &#8220;Jesen 2009. je ve\u0107 pro\u0161la, o\u010dekuje nas Prolje\u0107e 2010. Naime, za primjereno sagledavanje rezultata potrebno je voditi ra\u010duna o tome da oni izra\u017eavaju realnu sliku hrvatskog dru\u0161tva u odre\u0111enom trenutku, ali i pratiti pomake i promjene koje se javljaju u vremenu&#8221;, istaknuo je.<\/p>\n<p>\u0160teta \u0161to za barometar nema novaca, jer on gospodarstvenicima i politi\u010darima, donositeljima ekonomskih odluka, mo\u017ee biti od velike koristi. Naprimjer, \u010dinjenica da se gotovo 70% gra\u0111ana osje\u0107a sigurnima te da se ne boje kriminala i nasilja (u EU je to svega 50%) mogla bi poslu\u017eiti javnim politikama u dono\u0161enju odre\u0111enih mjera, ali i Agenciji za promicanje izvoza i ulaganja koja mo\u017ee stranim ulaga\u010dima naglasiti kako je Hrvatska u pogledu nasilja sigurna zemlja. Kako je ispitano vi\u0161e od 4000 gra\u0111ana u dvjestotinjak gradova i naselja, mogu\u0107e je iskoristiti te nalaze i u dugo najavljivanoj reformi lokalne samouprave. No, kako nagla\u0161ava \u0160aki\u0107, posebna je vrijednost Pilarovog barometra njegova me\u0111unarodna usporedivost sa zemljama EU, multi i interdisciplinarnost u istra\u017eivanjima koje se temelje na empirijskim podacima.<\/p>\n<p>Porazna je \u010dinjenica da se i nakon dvadesetak godina tranzicije privatno poduzetni\u0161tvo u Hrvatskoj nije afirmiralo jer ve\u0107ina Hrvata kao najpo\u017eeljnijeg poslodavca i dalje vidi dr\u017eavu. Naime, Pilarov barometar pokazao je da se vi\u0161e od 80% Hrvata \u017eeli zaposliti\u00a0 u dr\u017eavnoj slu\u017ebi, dr\u017eavnim poduze\u0107ima i politi\u010dkim organizacijama, \u0161to ukazuje na veoma lo\u0161u budu\u0107nost poduzetni\u0161tva u Hrvatskoj.<\/p>\n<p>Dru\u0161tvo znanja u koje toliko \u017eelimo u\u0107i mora se ostvariti ako \u017eelimo privatne inicijative, ali za to treba znatno pove\u0107ati ulaganja u obrazovanje i znanost, zaklju\u010duje \u0160aki\u0107 u novoj Banci.<\/p>\n<p>&#8211; <a href=\"http:\/\/www.bankamagazine.hr\/Naslovnica\/Vijesti\/Hrvatska\/tabid\/102\/View\/Details\/ItemID\/55903\/rbpid\/255f2e07-6c60-4efa-b9e7-d49bfb7bd721\/Default.aspx\">Bankamagazin, 3. 12. 2009.<\/a><br \/>&#8211; <a href=\"http:\/\/www.bankamagazine.hr\/tabid\/77\/brojid\/35\/itemId\/55813\/Default.aspx\">Intervju s prof. dr. sc. Vladom \u0160aki\u0107em u magazinu BANKA za prosinac 2009.<\/a><\/p>\n","protected":false},"excerpt":{"rendered":"<p>Ve\u0107ina Hrvata kao najpo\u017eeljnijeg poslodavca i dalje vidi dr\u017eavu \u0161to ukazuje na veoma lo\u0161u budu\u0107nost poduzetni\u0161tva u Hrvatskoj, no ako \u017eelimo privatne inicijative, treba znatno pove\u0107ati ulaganja u obrazovanje i znanost, ka\u017ee Vlado \u0160aki\u0107, ravnatelj Instituta Ivo Pilar poslovni.hr Izjava dana, 3. prosinac 2009. &#8220;Vi\u0161e od 80% Hrvata \u017eeli posao u dr\u017eavnoj slu\u017ebi, \u0161to je&hellip; <a class=\"continue\" href=\"https:\/\/www.vegaintro-projekti.com\/pilar-stari\/2009\/12\/iz-tiska-razgovor-s-prof-dr-sc-vladom-akiem-ravnateljom-instituta-ivo-pilar\/\">Pro\u010ditaj vi\u0161e o<span> Iz tiska: Razgovor s prof. dr. sc. Vladom \u0160aki\u0107em, ravnateljem Instituta Ivo Pilar<\/span><\/a><\/p>\n","protected":false},"author":1,"featured_media":0,"comment_status":"open","ping_status":"open","sticky":false,"template":"","format":"standard","meta":{"inline_featured_image":false,"ngg_post_thumbnail":0,"footnotes":""},"categories":[12],"tags":[],"yoast_head":"<!-- This site is optimized with the Yoast SEO plugin v21.2 - https:\/\/yoast.com\/wordpress\/plugins\/seo\/ -->\n<title>Iz tiska: Razgovor s prof. dr. sc. Vladom \u0160aki\u0107em, ravnateljem Instituta Ivo Pilar - Institut dru&scaron;tvenih znanosti Ivo Pilar<\/title>\n<meta name=\"robots\" content=\"noindex, follow, max-snippet:-1, max-image-preview:large, max-video-preview:-1\" \/>\n<meta property=\"og:locale\" content=\"hr_HR\" \/>\n<meta property=\"og:type\" content=\"article\" \/>\n<meta property=\"og:title\" content=\"Iz tiska: Razgovor s prof. dr. sc. Vladom \u0160aki\u0107em, ravnateljem Instituta Ivo Pilar - Institut dru&scaron;tvenih znanosti Ivo Pilar\" \/>\n<meta property=\"og:description\" content=\"Ve\u0107ina Hrvata kao najpo\u017eeljnijeg poslodavca i dalje vidi dr\u017eavu \u0161to ukazuje na veoma lo\u0161u budu\u0107nost poduzetni\u0161tva u Hrvatskoj, no ako \u017eelimo privatne inicijative, treba znatno pove\u0107ati ulaganja u obrazovanje i znanost, ka\u017ee Vlado \u0160aki\u0107, ravnatelj Instituta Ivo Pilar poslovni.hr Izjava dana, 3. prosinac 2009. &#8220;Vi\u0161e od 80% Hrvata \u017eeli posao u dr\u017eavnoj slu\u017ebi, \u0161to je&hellip; Pro\u010ditaj vi\u0161e o Iz tiska: Razgovor s prof. dr. sc. Vladom \u0160aki\u0107em, ravnateljem Instituta Ivo Pilar\" \/>\n<meta property=\"og:url\" content=\"https:\/\/www.vegaintro-projekti.com\/pilar-stari\/2009\/12\/iz-tiska-razgovor-s-prof-dr-sc-vladom-akiem-ravnateljom-instituta-ivo-pilar\/\" \/>\n<meta property=\"og:site_name\" content=\"Institut dru&scaron;tvenih znanosti Ivo Pilar\" \/>\n<meta property=\"article:published_time\" content=\"2009-12-07T09:20:18+00:00\" \/>\n<meta property=\"article:modified_time\" content=\"2017-12-06T15:02:31+00:00\" \/>\n<meta property=\"og:image\" content=\"https:\/\/www.vegaintro-projekti.com\/pilar-stari\/wp-content\/images\/stories\/fotografije\/razno\/banka_2009_12.jpg\" \/>\n<meta name=\"author\" content=\"pilar-admin\" \/>\n<meta name=\"twitter:card\" content=\"summary_large_image\" \/>\n<meta name=\"twitter:label1\" content=\"Napisao\/la\" \/>\n\t<meta name=\"twitter:data1\" content=\"pilar-admin\" \/>\n\t<meta name=\"twitter:label2\" content=\"Procijenjeno vrijeme \u010ditanja\" \/>\n\t<meta name=\"twitter:data2\" content=\"4 minute\" \/>\n<script type=\"application\/ld+json\" class=\"yoast-schema-graph\">{\"@context\":\"https:\/\/schema.org\",\"@graph\":[{\"@type\":\"WebPage\",\"@id\":\"https:\/\/www.vegaintro-projekti.com\/pilar-stari\/2009\/12\/iz-tiska-razgovor-s-prof-dr-sc-vladom-akiem-ravnateljom-instituta-ivo-pilar\/\",\"url\":\"https:\/\/www.vegaintro-projekti.com\/pilar-stari\/2009\/12\/iz-tiska-razgovor-s-prof-dr-sc-vladom-akiem-ravnateljom-instituta-ivo-pilar\/\",\"name\":\"Iz tiska: Razgovor s prof. dr. sc. Vladom \u0160aki\u0107em, ravnateljem Instituta Ivo Pilar - Institut dru&scaron;tvenih znanosti Ivo Pilar\",\"isPartOf\":{\"@id\":\"https:\/\/www.vegaintro-projekti.com\/pilar-stari\/#website\"},\"datePublished\":\"2009-12-07T09:20:18+00:00\",\"dateModified\":\"2017-12-06T15:02:31+00:00\",\"author\":{\"@id\":\"https:\/\/www.vegaintro-projekti.com\/pilar-stari\/#\/schema\/person\/c0db50ebd77c4409e19b18044bbf10c1\"},\"breadcrumb\":{\"@id\":\"https:\/\/www.vegaintro-projekti.com\/pilar-stari\/2009\/12\/iz-tiska-razgovor-s-prof-dr-sc-vladom-akiem-ravnateljom-instituta-ivo-pilar\/#breadcrumb\"},\"inLanguage\":\"hr\",\"potentialAction\":[{\"@type\":\"ReadAction\",\"target\":[\"https:\/\/www.vegaintro-projekti.com\/pilar-stari\/2009\/12\/iz-tiska-razgovor-s-prof-dr-sc-vladom-akiem-ravnateljom-instituta-ivo-pilar\/\"]}]},{\"@type\":\"BreadcrumbList\",\"@id\":\"https:\/\/www.vegaintro-projekti.com\/pilar-stari\/2009\/12\/iz-tiska-razgovor-s-prof-dr-sc-vladom-akiem-ravnateljom-instituta-ivo-pilar\/#breadcrumb\",\"itemListElement\":[{\"@type\":\"ListItem\",\"position\":1,\"name\":\"Home\",\"item\":\"https:\/\/www.vegaintro-projekti.com\/pilar-stari\/\"},{\"@type\":\"ListItem\",\"position\":2,\"name\":\"Iz tiska: Razgovor s prof. dr. sc. Vladom \u0160aki\u0107em, ravnateljem Instituta Ivo Pilar\"}]},{\"@type\":\"WebSite\",\"@id\":\"https:\/\/www.vegaintro-projekti.com\/pilar-stari\/#website\",\"url\":\"https:\/\/www.vegaintro-projekti.com\/pilar-stari\/\",\"name\":\"Institut dru&scaron;tvenih znanosti Ivo Pilar\",\"description\":\"Pilar\",\"potentialAction\":[{\"@type\":\"SearchAction\",\"target\":{\"@type\":\"EntryPoint\",\"urlTemplate\":\"https:\/\/www.vegaintro-projekti.com\/pilar-stari\/?s={search_term_string}\"},\"query-input\":\"required name=search_term_string\"}],\"inLanguage\":\"hr\"},{\"@type\":\"Person\",\"@id\":\"https:\/\/www.vegaintro-projekti.com\/pilar-stari\/#\/schema\/person\/c0db50ebd77c4409e19b18044bbf10c1\",\"name\":\"pilar-admin\",\"image\":{\"@type\":\"ImageObject\",\"inLanguage\":\"hr\",\"@id\":\"https:\/\/www.vegaintro-projekti.com\/pilar-stari\/#\/schema\/person\/image\/\",\"url\":\"https:\/\/secure.gravatar.com\/avatar\/fac9e03c4db0011b9c1ad8b5e9c74b8c?s=96&d=mm&r=g\",\"contentUrl\":\"https:\/\/secure.gravatar.com\/avatar\/fac9e03c4db0011b9c1ad8b5e9c74b8c?s=96&d=mm&r=g\",\"caption\":\"pilar-admin\"},\"url\":\"https:\/\/www.vegaintro-projekti.com\/pilar-stari\/author\/pilar-admin\/\"}]}<\/script>\n<!-- \/ Yoast SEO plugin. -->","yoast_head_json":{"title":"Iz tiska: Razgovor s prof. dr. sc. Vladom \u0160aki\u0107em, ravnateljem Instituta Ivo Pilar - Institut dru&scaron;tvenih znanosti Ivo Pilar","robots":{"index":"noindex","follow":"follow","max-snippet":"max-snippet:-1","max-image-preview":"max-image-preview:large","max-video-preview":"max-video-preview:-1"},"og_locale":"hr_HR","og_type":"article","og_title":"Iz tiska: Razgovor s prof. dr. sc. Vladom \u0160aki\u0107em, ravnateljem Instituta Ivo Pilar - Institut dru&scaron;tvenih znanosti Ivo Pilar","og_description":"Ve\u0107ina Hrvata kao najpo\u017eeljnijeg poslodavca i dalje vidi dr\u017eavu \u0161to ukazuje na veoma lo\u0161u budu\u0107nost poduzetni\u0161tva u Hrvatskoj, no ako \u017eelimo privatne inicijative, treba znatno pove\u0107ati ulaganja u obrazovanje i znanost, ka\u017ee Vlado \u0160aki\u0107, ravnatelj Instituta Ivo Pilar poslovni.hr Izjava dana, 3. prosinac 2009. &#8220;Vi\u0161e od 80% Hrvata \u017eeli posao u dr\u017eavnoj slu\u017ebi, \u0161to je&hellip; Pro\u010ditaj vi\u0161e o Iz tiska: Razgovor s prof. dr. sc. Vladom \u0160aki\u0107em, ravnateljem Instituta Ivo Pilar","og_url":"https:\/\/www.vegaintro-projekti.com\/pilar-stari\/2009\/12\/iz-tiska-razgovor-s-prof-dr-sc-vladom-akiem-ravnateljom-instituta-ivo-pilar\/","og_site_name":"Institut dru&scaron;tvenih znanosti Ivo Pilar","article_published_time":"2009-12-07T09:20:18+00:00","article_modified_time":"2017-12-06T15:02:31+00:00","og_image":[{"url":"https:\/\/www.vegaintro-projekti.com\/pilar-stari\/wp-content\/images\/stories\/fotografije\/razno\/banka_2009_12.jpg"}],"author":"pilar-admin","twitter_card":"summary_large_image","twitter_misc":{"Napisao\/la":"pilar-admin","Procijenjeno vrijeme \u010ditanja":"4 minute"},"schema":{"@context":"https:\/\/schema.org","@graph":[{"@type":"WebPage","@id":"https:\/\/www.vegaintro-projekti.com\/pilar-stari\/2009\/12\/iz-tiska-razgovor-s-prof-dr-sc-vladom-akiem-ravnateljom-instituta-ivo-pilar\/","url":"https:\/\/www.vegaintro-projekti.com\/pilar-stari\/2009\/12\/iz-tiska-razgovor-s-prof-dr-sc-vladom-akiem-ravnateljom-instituta-ivo-pilar\/","name":"Iz tiska: Razgovor s prof. dr. sc. Vladom \u0160aki\u0107em, ravnateljem Instituta Ivo Pilar - Institut dru&scaron;tvenih znanosti Ivo Pilar","isPartOf":{"@id":"https:\/\/www.vegaintro-projekti.com\/pilar-stari\/#website"},"datePublished":"2009-12-07T09:20:18+00:00","dateModified":"2017-12-06T15:02:31+00:00","author":{"@id":"https:\/\/www.vegaintro-projekti.com\/pilar-stari\/#\/schema\/person\/c0db50ebd77c4409e19b18044bbf10c1"},"breadcrumb":{"@id":"https:\/\/www.vegaintro-projekti.com\/pilar-stari\/2009\/12\/iz-tiska-razgovor-s-prof-dr-sc-vladom-akiem-ravnateljom-instituta-ivo-pilar\/#breadcrumb"},"inLanguage":"hr","potentialAction":[{"@type":"ReadAction","target":["https:\/\/www.vegaintro-projekti.com\/pilar-stari\/2009\/12\/iz-tiska-razgovor-s-prof-dr-sc-vladom-akiem-ravnateljom-instituta-ivo-pilar\/"]}]},{"@type":"BreadcrumbList","@id":"https:\/\/www.vegaintro-projekti.com\/pilar-stari\/2009\/12\/iz-tiska-razgovor-s-prof-dr-sc-vladom-akiem-ravnateljom-instituta-ivo-pilar\/#breadcrumb","itemListElement":[{"@type":"ListItem","position":1,"name":"Home","item":"https:\/\/www.vegaintro-projekti.com\/pilar-stari\/"},{"@type":"ListItem","position":2,"name":"Iz tiska: Razgovor s prof. dr. sc. Vladom \u0160aki\u0107em, ravnateljem Instituta Ivo Pilar"}]},{"@type":"WebSite","@id":"https:\/\/www.vegaintro-projekti.com\/pilar-stari\/#website","url":"https:\/\/www.vegaintro-projekti.com\/pilar-stari\/","name":"Institut dru&scaron;tvenih znanosti Ivo Pilar","description":"Pilar","potentialAction":[{"@type":"SearchAction","target":{"@type":"EntryPoint","urlTemplate":"https:\/\/www.vegaintro-projekti.com\/pilar-stari\/?s={search_term_string}"},"query-input":"required name=search_term_string"}],"inLanguage":"hr"},{"@type":"Person","@id":"https:\/\/www.vegaintro-projekti.com\/pilar-stari\/#\/schema\/person\/c0db50ebd77c4409e19b18044bbf10c1","name":"pilar-admin","image":{"@type":"ImageObject","inLanguage":"hr","@id":"https:\/\/www.vegaintro-projekti.com\/pilar-stari\/#\/schema\/person\/image\/","url":"https:\/\/secure.gravatar.com\/avatar\/fac9e03c4db0011b9c1ad8b5e9c74b8c?s=96&d=mm&r=g","contentUrl":"https:\/\/secure.gravatar.com\/avatar\/fac9e03c4db0011b9c1ad8b5e9c74b8c?s=96&d=mm&r=g","caption":"pilar-admin"},"url":"https:\/\/www.vegaintro-projekti.com\/pilar-stari\/author\/pilar-admin\/"}]}},"_links":{"self":[{"href":"https:\/\/www.vegaintro-projekti.com\/pilar-stari\/wp-json\/wp\/v2\/posts\/247"}],"collection":[{"href":"https:\/\/www.vegaintro-projekti.com\/pilar-stari\/wp-json\/wp\/v2\/posts"}],"about":[{"href":"https:\/\/www.vegaintro-projekti.com\/pilar-stari\/wp-json\/wp\/v2\/types\/post"}],"author":[{"embeddable":true,"href":"https:\/\/www.vegaintro-projekti.com\/pilar-stari\/wp-json\/wp\/v2\/users\/1"}],"replies":[{"embeddable":true,"href":"https:\/\/www.vegaintro-projekti.com\/pilar-stari\/wp-json\/wp\/v2\/comments?post=247"}],"version-history":[{"count":1,"href":"https:\/\/www.vegaintro-projekti.com\/pilar-stari\/wp-json\/wp\/v2\/posts\/247\/revisions"}],"predecessor-version":[{"id":6011,"href":"https:\/\/www.vegaintro-projekti.com\/pilar-stari\/wp-json\/wp\/v2\/posts\/247\/revisions\/6011"}],"wp:attachment":[{"href":"https:\/\/www.vegaintro-projekti.com\/pilar-stari\/wp-json\/wp\/v2\/media?parent=247"}],"wp:term":[{"taxonomy":"category","embeddable":true,"href":"https:\/\/www.vegaintro-projekti.com\/pilar-stari\/wp-json\/wp\/v2\/categories?post=247"},{"taxonomy":"post_tag","embeddable":true,"href":"https:\/\/www.vegaintro-projekti.com\/pilar-stari\/wp-json\/wp\/v2\/tags?post=247"}],"curies":[{"name":"wp","href":"https:\/\/api.w.org\/{rel}","templated":true}]}}