{"id":24830,"date":"2023-01-11T08:46:12","date_gmt":"2023-01-11T08:46:12","guid":{"rendered":"https:\/\/www.vegaintro-projekti.com\/pilar-stari\/?p=24830"},"modified":"2023-11-24T12:35:30","modified_gmt":"2023-11-24T12:35:30","slug":"zastita-osobnih-podataka","status":"publish","type":"post","link":"https:\/\/www.vegaintro-projekti.com\/pilar-stari\/2023\/01\/zastita-osobnih-podataka\/","title":{"rendered":"Za\u0161tita osobnih podataka"},"content":{"rendered":"<p><strong>Svrha za\u0161tite osobnih podataka je za\u0161tita privatnog \u017eivota i ostalih ljudskih prava i temeljnih sloboda u prikupljanju, obradi i kori\u0161tenju osobnih podataka. <\/strong><\/p>\n<p><strong>Za\u0161tita osobnih podataka u Republici Hrvatskoj <\/strong>osigurana je svakoj fizi\u010dkoj osobi bez obzira na dr\u017eavljanstvo i prebivali\u0161te te neovisno o rasi, boje ko\u017ee, spolu, jeziku, vjeri, politi\u010dkom ili drugom uvjerenju, nacionalnom ili socijalnom podrijetlu, imovini, ro\u0111enju, naobrazbi, dru\u0161tvenom polo\u017eaju ili drugim osobinama.<\/p>\n<p>Za\u0161tita osobnih podataka u Republici Hrvatskoj te <strong>nadzor nad prikupljanjem, obradom i kori\u0161tenjem osobnih podataka u Republici Hrvatskoj<\/strong> ure\u0111uje se Uredbom (EU) 2016\/679 Europskog parlamenta i Vije\u0107a od 27. 4. 2016. godine o za\u0161titi pojedinaca u vezi s obradom osobnih podataka i o slobodnom kretanju takvih podataka, i Zakonom o provedbi Op\u0107e uredbe (Narodne novine 42\/18). Time su izvan snage stavljene Direktive 95\/46\/EZ.<\/p>\n<p><span style=\"font-size: 14pt;\">Propisi<\/span><\/p>\n<p><strong>&#8211; Zakon o provedbi Op\u0107e uredbe o za\u0161titi podataka (NN 42\/18):<\/strong> <a href=\"https:\/\/narodne-novine.nn.hr\/clanci\/sluzbeni\/2018_05_42_805.html\">https:\/\/narodne-novine.nn.hr\/clanci\/sluzbeni\/2018_05_42_805.html<\/a><\/p>\n<p><strong>&#8211; Uredba (EU) 2016\/679 Europskog parlamenta i Vije\u0107a od 27. 4. 2016.:<\/strong> <a href=\"http:\/\/chrome-extension:\/\/efaidnbmnnnibpcajpcglclefindmkaj\/https:\/\/ss-valpovo.hr\/wp-content\/uploads\/2019\/02\/opca-uredba.pdf\">chrome-extension:\/\/efaidnbmnnnibpcajpcglclefindmkaj\/https:\/\/ss-valpovo.hr\/wp-content\/uploads\/2019\/02\/opca-uredba.pdf<\/a><\/p>\n<p><span style=\"font-size: 14pt;\">Slu\u017ebenik za za\u0161titu osobnih podataka obavlja sljede\u0107e poslove<\/span><\/p>\n<p>\u2022 Vodi brigu o zakonitosti obrade osobnih podataka i ostalih propisa koji ure\u0111uju pitanja obrade osobnih podataka<br \/>\n\u2022 Upozorava voditelja zbirke osobnih podataka na nu\u017enost primjene propisa o za\u0161titi osobnih podataka u slu\u010dajevima planiranja i radnji koje mogu imati utjecaj na pitanja privatnosti i za\u0161titu osobnih podataka<br \/>\n\u2022 Upoznaje sve osobe zaposlene u obradi osobnih podataka s njihovim zakonskim obvezama u svrhu za\u0161tite osobnih podataka<br \/>\n\u2022 Brine o izvr\u0161avanju obveza iz Zakona o za\u0161titi osobnih podataka<br \/>\n\u2022 Omogu\u0107ava ostvarivanje prava ispitanika iz Zakona o za\u0161titi osobnih podataka<br \/>\n\u2022 Sura\u0111uje s Agencijom za za\u0161titu osobnih podataka (AZOP) u vezi s provedbom nadzora nad obradom osobnih podataka<br \/>\n\u2022 Du\u017ean je \u010duvati povjerljivost svih informacija i podataka koje sazna u obavljanju svojih du\u017enosti. Ova obveza traje i nakon prestanka obavljanja du\u017enosti slu\u017ebenika.<\/p>\n<p><span style=\"font-size: 14pt;\">Kontakt podaci slu\u017ebenice za za\u0161titu osobnih podataka u Institutu Pilar<\/span><\/p>\n<p><strong>Maja Frange\u0161<\/strong><br \/>\nTel: 01\/4886-812<br \/>\ne-adresa: <a href=\"mailto:maja.franges@vegaintro-projekti.com\/pilar-stari\">maja.franges@vegaintro-projekti.com\/pilar-stari<\/a><\/p>\n","protected":false},"excerpt":{"rendered":"<p>Svrha za\u0161tite osobnih podataka je za\u0161tita privatnog \u017eivota i ostalih ljudskih prava i temeljnih sloboda u prikupljanju, obradi i kori\u0161tenju osobnih podataka. Za\u0161tita osobnih podataka u Republici Hrvatskoj osigurana je svakoj fizi\u010dkoj osobi bez obzira na dr\u017eavljanstvo i prebivali\u0161te te neovisno o rasi, boje ko\u017ee, spolu, jeziku, vjeri, politi\u010dkom ili drugom uvjerenju, nacionalnom ili socijalnom&hellip; <a class=\"continue\" href=\"https:\/\/www.vegaintro-projekti.com\/pilar-stari\/2023\/01\/zastita-osobnih-podataka\/\">Pro\u010ditaj vi\u0161e o<span> Za\u0161tita osobnih podataka<\/span><\/a><\/p>\n","protected":false},"author":371,"featured_media":0,"comment_status":"closed","ping_status":"closed","sticky":false,"template":"","format":"standard","meta":{"inline_featured_image":false,"ngg_post_thumbnail":0,"footnotes":""},"categories":[50],"tags":[],"yoast_head":"<!-- This site is optimized with the Yoast SEO plugin v21.2 - https:\/\/yoast.com\/wordpress\/plugins\/seo\/ -->\n<title>Za\u0161tita osobnih podataka - Institut dru&scaron;tvenih znanosti Ivo Pilar<\/title>\n<meta name=\"robots\" content=\"noindex, follow, max-snippet:-1, max-image-preview:large, max-video-preview:-1\" \/>\n<meta property=\"og:locale\" content=\"hr_HR\" \/>\n<meta property=\"og:type\" content=\"article\" \/>\n<meta property=\"og:title\" content=\"Za\u0161tita osobnih podataka - Institut dru&scaron;tvenih znanosti Ivo Pilar\" \/>\n<meta property=\"og:description\" content=\"Svrha za\u0161tite osobnih podataka je za\u0161tita privatnog \u017eivota i ostalih ljudskih prava i temeljnih sloboda u prikupljanju, obradi i kori\u0161tenju osobnih podataka. Za\u0161tita osobnih podataka u Republici Hrvatskoj osigurana je svakoj fizi\u010dkoj osobi bez obzira na dr\u017eavljanstvo i prebivali\u0161te te neovisno o rasi, boje ko\u017ee, spolu, jeziku, vjeri, politi\u010dkom ili drugom uvjerenju, nacionalnom ili socijalnom&hellip; Pro\u010ditaj vi\u0161e o Za\u0161tita osobnih podataka\" \/>\n<meta property=\"og:url\" content=\"https:\/\/www.vegaintro-projekti.com\/pilar-stari\/2023\/01\/zastita-osobnih-podataka\/\" \/>\n<meta property=\"og:site_name\" content=\"Institut dru&scaron;tvenih znanosti Ivo Pilar\" \/>\n<meta property=\"article:published_time\" content=\"2023-01-11T08:46:12+00:00\" \/>\n<meta property=\"article:modified_time\" content=\"2023-11-24T12:35:30+00:00\" \/>\n<meta name=\"author\" content=\"Zoran Grubi\u0161a\" \/>\n<meta name=\"twitter:card\" content=\"summary_large_image\" \/>\n<meta name=\"twitter:label1\" content=\"Napisao\/la\" \/>\n\t<meta name=\"twitter:data1\" content=\"Zoran Grubi\u0161a\" \/>\n\t<meta name=\"twitter:label2\" content=\"Procijenjeno vrijeme \u010ditanja\" \/>\n\t<meta name=\"twitter:data2\" content=\"2 minute\" \/>\n<script type=\"application\/ld+json\" class=\"yoast-schema-graph\">{\"@context\":\"https:\/\/schema.org\",\"@graph\":[{\"@type\":\"WebPage\",\"@id\":\"https:\/\/www.vegaintro-projekti.com\/pilar-stari\/2023\/01\/zastita-osobnih-podataka\/\",\"url\":\"https:\/\/www.vegaintro-projekti.com\/pilar-stari\/2023\/01\/zastita-osobnih-podataka\/\",\"name\":\"Za\u0161tita osobnih podataka - Institut dru&scaron;tvenih znanosti Ivo Pilar\",\"isPartOf\":{\"@id\":\"https:\/\/www.vegaintro-projekti.com\/pilar-stari\/#website\"},\"datePublished\":\"2023-01-11T08:46:12+00:00\",\"dateModified\":\"2023-11-24T12:35:30+00:00\",\"author\":{\"@id\":\"https:\/\/www.vegaintro-projekti.com\/pilar-stari\/#\/schema\/person\/e50f47503a9b677683f28fd53ee3430b\"},\"breadcrumb\":{\"@id\":\"https:\/\/www.vegaintro-projekti.com\/pilar-stari\/2023\/01\/zastita-osobnih-podataka\/#breadcrumb\"},\"inLanguage\":\"hr\",\"potentialAction\":[{\"@type\":\"ReadAction\",\"target\":[\"https:\/\/www.vegaintro-projekti.com\/pilar-stari\/2023\/01\/zastita-osobnih-podataka\/\"]}]},{\"@type\":\"BreadcrumbList\",\"@id\":\"https:\/\/www.vegaintro-projekti.com\/pilar-stari\/2023\/01\/zastita-osobnih-podataka\/#breadcrumb\",\"itemListElement\":[{\"@type\":\"ListItem\",\"position\":1,\"name\":\"Home\",\"item\":\"https:\/\/www.vegaintro-projekti.com\/pilar-stari\/\"},{\"@type\":\"ListItem\",\"position\":2,\"name\":\"Za\u0161tita osobnih podataka\"}]},{\"@type\":\"WebSite\",\"@id\":\"https:\/\/www.vegaintro-projekti.com\/pilar-stari\/#website\",\"url\":\"https:\/\/www.vegaintro-projekti.com\/pilar-stari\/\",\"name\":\"Institut dru&scaron;tvenih znanosti Ivo Pilar\",\"description\":\"Pilar\",\"potentialAction\":[{\"@type\":\"SearchAction\",\"target\":{\"@type\":\"EntryPoint\",\"urlTemplate\":\"https:\/\/www.vegaintro-projekti.com\/pilar-stari\/?s={search_term_string}\"},\"query-input\":\"required name=search_term_string\"}],\"inLanguage\":\"hr\"},{\"@type\":\"Person\",\"@id\":\"https:\/\/www.vegaintro-projekti.com\/pilar-stari\/#\/schema\/person\/e50f47503a9b677683f28fd53ee3430b\",\"name\":\"Zoran Grubi\u0161a\",\"image\":{\"@type\":\"ImageObject\",\"inLanguage\":\"hr\",\"@id\":\"https:\/\/www.vegaintro-projekti.com\/pilar-stari\/#\/schema\/person\/image\/\",\"url\":\"https:\/\/secure.gravatar.com\/avatar\/d1d7b5ec97ae7cd51c85d4291c117839?s=96&d=mm&r=g\",\"contentUrl\":\"https:\/\/secure.gravatar.com\/avatar\/d1d7b5ec97ae7cd51c85d4291c117839?s=96&d=mm&r=g\",\"caption\":\"Zoran Grubi\u0161a\"},\"url\":\"https:\/\/www.vegaintro-projekti.com\/pilar-stari\/author\/zoran-vega\/\"}]}<\/script>\n<!-- \/ Yoast SEO plugin. -->","yoast_head_json":{"title":"Za\u0161tita osobnih podataka - Institut dru&scaron;tvenih znanosti Ivo Pilar","robots":{"index":"noindex","follow":"follow","max-snippet":"max-snippet:-1","max-image-preview":"max-image-preview:large","max-video-preview":"max-video-preview:-1"},"og_locale":"hr_HR","og_type":"article","og_title":"Za\u0161tita osobnih podataka - Institut dru&scaron;tvenih znanosti Ivo Pilar","og_description":"Svrha za\u0161tite osobnih podataka je za\u0161tita privatnog \u017eivota i ostalih ljudskih prava i temeljnih sloboda u prikupljanju, obradi i kori\u0161tenju osobnih podataka. Za\u0161tita osobnih podataka u Republici Hrvatskoj osigurana je svakoj fizi\u010dkoj osobi bez obzira na dr\u017eavljanstvo i prebivali\u0161te te neovisno o rasi, boje ko\u017ee, spolu, jeziku, vjeri, politi\u010dkom ili drugom uvjerenju, nacionalnom ili socijalnom&hellip; Pro\u010ditaj vi\u0161e o Za\u0161tita osobnih podataka","og_url":"https:\/\/www.vegaintro-projekti.com\/pilar-stari\/2023\/01\/zastita-osobnih-podataka\/","og_site_name":"Institut dru&scaron;tvenih znanosti Ivo Pilar","article_published_time":"2023-01-11T08:46:12+00:00","article_modified_time":"2023-11-24T12:35:30+00:00","author":"Zoran Grubi\u0161a","twitter_card":"summary_large_image","twitter_misc":{"Napisao\/la":"Zoran Grubi\u0161a","Procijenjeno vrijeme \u010ditanja":"2 minute"},"schema":{"@context":"https:\/\/schema.org","@graph":[{"@type":"WebPage","@id":"https:\/\/www.vegaintro-projekti.com\/pilar-stari\/2023\/01\/zastita-osobnih-podataka\/","url":"https:\/\/www.vegaintro-projekti.com\/pilar-stari\/2023\/01\/zastita-osobnih-podataka\/","name":"Za\u0161tita osobnih podataka - Institut dru&scaron;tvenih znanosti Ivo Pilar","isPartOf":{"@id":"https:\/\/www.vegaintro-projekti.com\/pilar-stari\/#website"},"datePublished":"2023-01-11T08:46:12+00:00","dateModified":"2023-11-24T12:35:30+00:00","author":{"@id":"https:\/\/www.vegaintro-projekti.com\/pilar-stari\/#\/schema\/person\/e50f47503a9b677683f28fd53ee3430b"},"breadcrumb":{"@id":"https:\/\/www.vegaintro-projekti.com\/pilar-stari\/2023\/01\/zastita-osobnih-podataka\/#breadcrumb"},"inLanguage":"hr","potentialAction":[{"@type":"ReadAction","target":["https:\/\/www.vegaintro-projekti.com\/pilar-stari\/2023\/01\/zastita-osobnih-podataka\/"]}]},{"@type":"BreadcrumbList","@id":"https:\/\/www.vegaintro-projekti.com\/pilar-stari\/2023\/01\/zastita-osobnih-podataka\/#breadcrumb","itemListElement":[{"@type":"ListItem","position":1,"name":"Home","item":"https:\/\/www.vegaintro-projekti.com\/pilar-stari\/"},{"@type":"ListItem","position":2,"name":"Za\u0161tita osobnih podataka"}]},{"@type":"WebSite","@id":"https:\/\/www.vegaintro-projekti.com\/pilar-stari\/#website","url":"https:\/\/www.vegaintro-projekti.com\/pilar-stari\/","name":"Institut dru&scaron;tvenih znanosti Ivo Pilar","description":"Pilar","potentialAction":[{"@type":"SearchAction","target":{"@type":"EntryPoint","urlTemplate":"https:\/\/www.vegaintro-projekti.com\/pilar-stari\/?s={search_term_string}"},"query-input":"required name=search_term_string"}],"inLanguage":"hr"},{"@type":"Person","@id":"https:\/\/www.vegaintro-projekti.com\/pilar-stari\/#\/schema\/person\/e50f47503a9b677683f28fd53ee3430b","name":"Zoran Grubi\u0161a","image":{"@type":"ImageObject","inLanguage":"hr","@id":"https:\/\/www.vegaintro-projekti.com\/pilar-stari\/#\/schema\/person\/image\/","url":"https:\/\/secure.gravatar.com\/avatar\/d1d7b5ec97ae7cd51c85d4291c117839?s=96&d=mm&r=g","contentUrl":"https:\/\/secure.gravatar.com\/avatar\/d1d7b5ec97ae7cd51c85d4291c117839?s=96&d=mm&r=g","caption":"Zoran Grubi\u0161a"},"url":"https:\/\/www.vegaintro-projekti.com\/pilar-stari\/author\/zoran-vega\/"}]}},"_links":{"self":[{"href":"https:\/\/www.vegaintro-projekti.com\/pilar-stari\/wp-json\/wp\/v2\/posts\/24830"}],"collection":[{"href":"https:\/\/www.vegaintro-projekti.com\/pilar-stari\/wp-json\/wp\/v2\/posts"}],"about":[{"href":"https:\/\/www.vegaintro-projekti.com\/pilar-stari\/wp-json\/wp\/v2\/types\/post"}],"author":[{"embeddable":true,"href":"https:\/\/www.vegaintro-projekti.com\/pilar-stari\/wp-json\/wp\/v2\/users\/371"}],"replies":[{"embeddable":true,"href":"https:\/\/www.vegaintro-projekti.com\/pilar-stari\/wp-json\/wp\/v2\/comments?post=24830"}],"version-history":[{"count":9,"href":"https:\/\/www.vegaintro-projekti.com\/pilar-stari\/wp-json\/wp\/v2\/posts\/24830\/revisions"}],"predecessor-version":[{"id":27846,"href":"https:\/\/www.vegaintro-projekti.com\/pilar-stari\/wp-json\/wp\/v2\/posts\/24830\/revisions\/27846"}],"wp:attachment":[{"href":"https:\/\/www.vegaintro-projekti.com\/pilar-stari\/wp-json\/wp\/v2\/media?parent=24830"}],"wp:term":[{"taxonomy":"category","embeddable":true,"href":"https:\/\/www.vegaintro-projekti.com\/pilar-stari\/wp-json\/wp\/v2\/categories?post=24830"},{"taxonomy":"post_tag","embeddable":true,"href":"https:\/\/www.vegaintro-projekti.com\/pilar-stari\/wp-json\/wp\/v2\/tags?post=24830"}],"curies":[{"name":"wp","href":"https:\/\/api.w.org\/{rel}","templated":true}]}}