{"id":24904,"date":"2023-01-15T18:42:36","date_gmt":"2023-01-15T18:42:36","guid":{"rendered":"https:\/\/www.vegaintro-projekti.com\/pilar-stari\/?p=24904"},"modified":"2023-01-24T16:30:39","modified_gmt":"2023-01-24T16:30:39","slug":"mr-sc-mirko-petric-o-drustvenim-procesima-u-povijesnoj-jezgri-splita-5-1-2023","status":"publish","type":"post","link":"https:\/\/www.vegaintro-projekti.com\/pilar-stari\/2023\/01\/mr-sc-mirko-petric-o-drustvenim-procesima-u-povijesnoj-jezgri-splita-5-1-2023\/","title":{"rendered":"Mr. sc. Mirko Petri\u0107 o dru\u0161tvenim procesima u povijesnoj jezgri Splita, 5. 1. 2023."},"content":{"rendered":"<p><strong>Mr. sc. Mirko Petri\u0107 govorio je, kao gost polusatne emisije \u201eKonsenzus\u201c TV Dalmacije, o dru\u0161tvenim procesima u povijesnoj jezgri grada Splita. Razgovor je emitiran 5. sije\u010dnja 2022., uz reprize u programu TV Dalmacije, a dostupan je i na Youtube kanalu na poveznici:<br \/>\n<\/strong>&#8211;&nbsp;<a href=\"https:\/\/www.youtube.com\/watch?v=mBGhxe8jMTE\">https:\/\/www.youtube.com\/watch?v=mBGhxe8jMTE<\/a><\/p>\n<p><a href=\"https:\/\/www.vegaintro-projekti.com\/pilar-stari\/wp-content\/uploads\/2023\/01\/IMG_1.jpg\"><img decoding=\"async\" loading=\"lazy\" class=\"alignnone wp-image-24897 size-full\" src=\"https:\/\/www.vegaintro-projekti.com\/pilar-stari\/wp-content\/uploads\/2023\/01\/IMG_1s.jpg\" alt=\"\" width=\"620\" height=\"363\" srcset=\"https:\/\/www.vegaintro-projekti.com\/pilar-stari\/wp-content\/uploads\/2023\/01\/IMG_1s.jpg 620w, https:\/\/www.vegaintro-projekti.com\/pilar-stari\/wp-content\/uploads\/2023\/01\/IMG_1s-300x176.jpg 300w\" sizes=\"(max-width: 620px) 100vw, 620px\" \/><\/a><a href=\"https:\/\/www.vegaintro-projekti.com\/pilar-stari\/wp-content\/uploads\/2023\/01\/IMG_2.jpg\"><img decoding=\"async\" loading=\"lazy\" class=\"alignnone wp-image-24899 size-full\" src=\"https:\/\/www.vegaintro-projekti.com\/pilar-stari\/wp-content\/uploads\/2023\/01\/IMG_2s.jpg\" alt=\"\" width=\"620\" height=\"254\" srcset=\"https:\/\/www.vegaintro-projekti.com\/pilar-stari\/wp-content\/uploads\/2023\/01\/IMG_2s.jpg 620w, https:\/\/www.vegaintro-projekti.com\/pilar-stari\/wp-content\/uploads\/2023\/01\/IMG_2s-300x123.jpg 300w\" sizes=\"(max-width: 620px) 100vw, 620px\" \/><\/a><a href=\"https:\/\/www.vegaintro-projekti.com\/pilar-stari\/wp-content\/uploads\/2023\/01\/IMG_3.jpg\"><img decoding=\"async\" loading=\"lazy\" class=\"alignnone wp-image-24901 size-full\" src=\"https:\/\/www.vegaintro-projekti.com\/pilar-stari\/wp-content\/uploads\/2023\/01\/IMG_3s.jpg\" alt=\"\" width=\"620\" height=\"384\" srcset=\"https:\/\/www.vegaintro-projekti.com\/pilar-stari\/wp-content\/uploads\/2023\/01\/IMG_3s.jpg 620w, https:\/\/www.vegaintro-projekti.com\/pilar-stari\/wp-content\/uploads\/2023\/01\/IMG_3s-300x186.jpg 300w\" sizes=\"(max-width: 620px) 100vw, 620px\" \/><\/a><\/p>\n<p><strong>&#8211; YouTube:<\/strong> <a href=\"https:\/\/www.youtube.com\/watch?v=mBGhxe8jMTE\">https:\/\/www.youtube.com\/watch?v=mBGhxe8jMTE<\/a><\/p>\n<p><strong>Konsenzus<\/strong> je tjedna informativna emisija koja prati politi\u010dke i dru\u0161tvene doga\u0111aje tjedna u Splitsko-dalmatinskoj i Dubrova\u010dko-neretvanskoj \u017eupaniji. Urednica i voditeljica je Maja Pejkovi\u0107 Ka\u0107anski. TV Dalmacija je regionalna televizija koja pokriva digitalnu regiju D8, a odabrane programe postavlja i na vlastiti Youtube kanal.<\/p>\n<blockquote><p><a href=\"https:\/\/www.vegaintro-projekti.com\/pilar-stari\/biografije\/user-bio\/?my_user_id=375\">Mr. sc. Mirko Petri\u0107<\/a><\/p>\n<p><a href=\"https:\/\/www.vegaintro-projekti.com\/pilar-stari\/2010\/07\/podruni-centar-split-2\/\">Podru\u010dni centar Split<\/a><\/p><\/blockquote>\n","protected":false},"excerpt":{"rendered":"<p>Mr. sc. Mirko Petri\u0107 govorio je, kao gost polusatne emisije \u201eKonsenzus\u201c TV Dalmacije, o dru\u0161tvenim procesima u povijesnoj jezgri grada Splita. Razgovor je emitiran 5. sije\u010dnja 2022., uz reprize u programu TV Dalmacije, a dostupan je i na Youtube kanalu na poveznici: &#8211;&nbsp;https:\/\/www.youtube.com\/watch?v=mBGhxe8jMTE &#8211; YouTube: https:\/\/www.youtube.com\/watch?v=mBGhxe8jMTE Konsenzus je tjedna informativna emisija koja prati politi\u010dke i&hellip; <a class=\"continue\" href=\"https:\/\/www.vegaintro-projekti.com\/pilar-stari\/2023\/01\/mr-sc-mirko-petric-o-drustvenim-procesima-u-povijesnoj-jezgri-splita-5-1-2023\/\">Pro\u010ditaj vi\u0161e o<span> Mr. sc. Mirko Petri\u0107 o dru\u0161tvenim procesima u povijesnoj jezgri Splita, 5. 1. 2023.<\/span><\/a><\/p>\n","protected":false},"author":7,"featured_media":24902,"comment_status":"closed","ping_status":"closed","sticky":false,"template":"","format":"standard","meta":{"inline_featured_image":false,"ngg_post_thumbnail":0,"footnotes":""},"categories":[12],"tags":[],"yoast_head":"<!-- This site is optimized with the Yoast SEO plugin v21.2 - https:\/\/yoast.com\/wordpress\/plugins\/seo\/ -->\n<title>Mr. sc. Mirko Petri\u0107 o dru\u0161tvenim procesima u povijesnoj jezgri Splita, 5. 1. 2023. - Institut dru&scaron;tvenih znanosti Ivo Pilar<\/title>\n<meta name=\"robots\" content=\"noindex, follow, max-snippet:-1, max-image-preview:large, max-video-preview:-1\" \/>\n<meta property=\"og:locale\" content=\"hr_HR\" \/>\n<meta property=\"og:type\" content=\"article\" \/>\n<meta property=\"og:title\" content=\"Mr. sc. Mirko Petri\u0107 o dru\u0161tvenim procesima u povijesnoj jezgri Splita, 5. 1. 2023. - Institut dru&scaron;tvenih znanosti Ivo Pilar\" \/>\n<meta property=\"og:description\" content=\"Mr. sc. Mirko Petri\u0107 govorio je, kao gost polusatne emisije \u201eKonsenzus\u201c TV Dalmacije, o dru\u0161tvenim procesima u povijesnoj jezgri grada Splita. Razgovor je emitiran 5. sije\u010dnja 2022., uz reprize u programu TV Dalmacije, a dostupan je i na Youtube kanalu na poveznici: &#8211;&nbsp;https:\/\/www.youtube.com\/watch?v=mBGhxe8jMTE &#8211; YouTube: https:\/\/www.youtube.com\/watch?v=mBGhxe8jMTE Konsenzus je tjedna informativna emisija koja prati politi\u010dke i&hellip; Pro\u010ditaj vi\u0161e o Mr. sc. Mirko Petri\u0107 o dru\u0161tvenim procesima u povijesnoj jezgri Splita, 5. 1. 2023.\" \/>\n<meta property=\"og:url\" content=\"https:\/\/www.vegaintro-projekti.com\/pilar-stari\/2023\/01\/mr-sc-mirko-petric-o-drustvenim-procesima-u-povijesnoj-jezgri-splita-5-1-2023\/\" \/>\n<meta property=\"og:site_name\" content=\"Institut dru&scaron;tvenih znanosti Ivo Pilar\" \/>\n<meta property=\"article:published_time\" content=\"2023-01-15T18:42:36+00:00\" \/>\n<meta property=\"article:modified_time\" content=\"2023-01-24T16:30:39+00:00\" \/>\n<meta property=\"og:image\" content=\"https:\/\/www.vegaintro-projekti.com\/pilar-stari\/wp-content\/uploads\/2023\/01\/IMG_fi-3.jpg\" \/>\n\t<meta property=\"og:image:width\" content=\"500\" \/>\n\t<meta property=\"og:image:height\" content=\"220\" \/>\n\t<meta property=\"og:image:type\" content=\"image\/jpeg\" \/>\n<meta name=\"author\" content=\"Boris\" \/>\n<meta name=\"twitter:card\" content=\"summary_large_image\" \/>\n<meta name=\"twitter:label1\" content=\"Napisao\/la\" \/>\n\t<meta name=\"twitter:data1\" content=\"Boris\" \/>\n\t<meta name=\"twitter:label2\" content=\"Procijenjeno vrijeme \u010ditanja\" \/>\n\t<meta name=\"twitter:data2\" content=\"2 minute\" \/>\n<script type=\"application\/ld+json\" class=\"yoast-schema-graph\">{\"@context\":\"https:\/\/schema.org\",\"@graph\":[{\"@type\":\"WebPage\",\"@id\":\"https:\/\/www.vegaintro-projekti.com\/pilar-stari\/2023\/01\/mr-sc-mirko-petric-o-drustvenim-procesima-u-povijesnoj-jezgri-splita-5-1-2023\/\",\"url\":\"https:\/\/www.vegaintro-projekti.com\/pilar-stari\/2023\/01\/mr-sc-mirko-petric-o-drustvenim-procesima-u-povijesnoj-jezgri-splita-5-1-2023\/\",\"name\":\"Mr. sc. Mirko Petri\u0107 o dru\u0161tvenim procesima u povijesnoj jezgri Splita, 5. 1. 2023. - Institut dru&scaron;tvenih znanosti Ivo Pilar\",\"isPartOf\":{\"@id\":\"https:\/\/www.vegaintro-projekti.com\/pilar-stari\/#website\"},\"datePublished\":\"2023-01-15T18:42:36+00:00\",\"dateModified\":\"2023-01-24T16:30:39+00:00\",\"author\":{\"@id\":\"https:\/\/www.vegaintro-projekti.com\/pilar-stari\/#\/schema\/person\/ddd404c9f1e15e4ffef5986ac6a5d28b\"},\"breadcrumb\":{\"@id\":\"https:\/\/www.vegaintro-projekti.com\/pilar-stari\/2023\/01\/mr-sc-mirko-petric-o-drustvenim-procesima-u-povijesnoj-jezgri-splita-5-1-2023\/#breadcrumb\"},\"inLanguage\":\"hr\",\"potentialAction\":[{\"@type\":\"ReadAction\",\"target\":[\"https:\/\/www.vegaintro-projekti.com\/pilar-stari\/2023\/01\/mr-sc-mirko-petric-o-drustvenim-procesima-u-povijesnoj-jezgri-splita-5-1-2023\/\"]}]},{\"@type\":\"BreadcrumbList\",\"@id\":\"https:\/\/www.vegaintro-projekti.com\/pilar-stari\/2023\/01\/mr-sc-mirko-petric-o-drustvenim-procesima-u-povijesnoj-jezgri-splita-5-1-2023\/#breadcrumb\",\"itemListElement\":[{\"@type\":\"ListItem\",\"position\":1,\"name\":\"Home\",\"item\":\"https:\/\/www.vegaintro-projekti.com\/pilar-stari\/\"},{\"@type\":\"ListItem\",\"position\":2,\"name\":\"Mr. sc. Mirko Petri\u0107 o dru\u0161tvenim procesima u povijesnoj jezgri Splita, 5. 1. 2023.\"}]},{\"@type\":\"WebSite\",\"@id\":\"https:\/\/www.vegaintro-projekti.com\/pilar-stari\/#website\",\"url\":\"https:\/\/www.vegaintro-projekti.com\/pilar-stari\/\",\"name\":\"Institut dru&scaron;tvenih znanosti Ivo Pilar\",\"description\":\"Pilar\",\"potentialAction\":[{\"@type\":\"SearchAction\",\"target\":{\"@type\":\"EntryPoint\",\"urlTemplate\":\"https:\/\/www.vegaintro-projekti.com\/pilar-stari\/?s={search_term_string}\"},\"query-input\":\"required name=search_term_string\"}],\"inLanguage\":\"hr\"},{\"@type\":\"Person\",\"@id\":\"https:\/\/www.vegaintro-projekti.com\/pilar-stari\/#\/schema\/person\/ddd404c9f1e15e4ffef5986ac6a5d28b\",\"name\":\"Boris\",\"image\":{\"@type\":\"ImageObject\",\"inLanguage\":\"hr\",\"@id\":\"https:\/\/www.vegaintro-projekti.com\/pilar-stari\/#\/schema\/person\/image\/\",\"url\":\"https:\/\/secure.gravatar.com\/avatar\/29557b161a6ce6ab86ac1503164f1e90?s=96&d=mm&r=g\",\"contentUrl\":\"https:\/\/secure.gravatar.com\/avatar\/29557b161a6ce6ab86ac1503164f1e90?s=96&d=mm&r=g\",\"caption\":\"Boris\"},\"url\":\"https:\/\/www.vegaintro-projekti.com\/pilar-stari\/author\/boris\/\"}]}<\/script>\n<!-- \/ Yoast SEO plugin. -->","yoast_head_json":{"title":"Mr. sc. Mirko Petri\u0107 o dru\u0161tvenim procesima u povijesnoj jezgri Splita, 5. 1. 2023. - Institut dru&scaron;tvenih znanosti Ivo Pilar","robots":{"index":"noindex","follow":"follow","max-snippet":"max-snippet:-1","max-image-preview":"max-image-preview:large","max-video-preview":"max-video-preview:-1"},"og_locale":"hr_HR","og_type":"article","og_title":"Mr. sc. Mirko Petri\u0107 o dru\u0161tvenim procesima u povijesnoj jezgri Splita, 5. 1. 2023. - Institut dru&scaron;tvenih znanosti Ivo Pilar","og_description":"Mr. sc. Mirko Petri\u0107 govorio je, kao gost polusatne emisije \u201eKonsenzus\u201c TV Dalmacije, o dru\u0161tvenim procesima u povijesnoj jezgri grada Splita. Razgovor je emitiran 5. sije\u010dnja 2022., uz reprize u programu TV Dalmacije, a dostupan je i na Youtube kanalu na poveznici: &#8211;&nbsp;https:\/\/www.youtube.com\/watch?v=mBGhxe8jMTE &#8211; YouTube: https:\/\/www.youtube.com\/watch?v=mBGhxe8jMTE Konsenzus je tjedna informativna emisija koja prati politi\u010dke i&hellip; Pro\u010ditaj vi\u0161e o Mr. sc. Mirko Petri\u0107 o dru\u0161tvenim procesima u povijesnoj jezgri Splita, 5. 1. 2023.","og_url":"https:\/\/www.vegaintro-projekti.com\/pilar-stari\/2023\/01\/mr-sc-mirko-petric-o-drustvenim-procesima-u-povijesnoj-jezgri-splita-5-1-2023\/","og_site_name":"Institut dru&scaron;tvenih znanosti Ivo Pilar","article_published_time":"2023-01-15T18:42:36+00:00","article_modified_time":"2023-01-24T16:30:39+00:00","og_image":[{"width":500,"height":220,"url":"https:\/\/www.vegaintro-projekti.com\/pilar-stari\/wp-content\/uploads\/2023\/01\/IMG_fi-3.jpg","type":"image\/jpeg"}],"author":"Boris","twitter_card":"summary_large_image","twitter_misc":{"Napisao\/la":"Boris","Procijenjeno vrijeme \u010ditanja":"2 minute"},"schema":{"@context":"https:\/\/schema.org","@graph":[{"@type":"WebPage","@id":"https:\/\/www.vegaintro-projekti.com\/pilar-stari\/2023\/01\/mr-sc-mirko-petric-o-drustvenim-procesima-u-povijesnoj-jezgri-splita-5-1-2023\/","url":"https:\/\/www.vegaintro-projekti.com\/pilar-stari\/2023\/01\/mr-sc-mirko-petric-o-drustvenim-procesima-u-povijesnoj-jezgri-splita-5-1-2023\/","name":"Mr. sc. Mirko Petri\u0107 o dru\u0161tvenim procesima u povijesnoj jezgri Splita, 5. 1. 2023. - Institut dru&scaron;tvenih znanosti Ivo Pilar","isPartOf":{"@id":"https:\/\/www.vegaintro-projekti.com\/pilar-stari\/#website"},"datePublished":"2023-01-15T18:42:36+00:00","dateModified":"2023-01-24T16:30:39+00:00","author":{"@id":"https:\/\/www.vegaintro-projekti.com\/pilar-stari\/#\/schema\/person\/ddd404c9f1e15e4ffef5986ac6a5d28b"},"breadcrumb":{"@id":"https:\/\/www.vegaintro-projekti.com\/pilar-stari\/2023\/01\/mr-sc-mirko-petric-o-drustvenim-procesima-u-povijesnoj-jezgri-splita-5-1-2023\/#breadcrumb"},"inLanguage":"hr","potentialAction":[{"@type":"ReadAction","target":["https:\/\/www.vegaintro-projekti.com\/pilar-stari\/2023\/01\/mr-sc-mirko-petric-o-drustvenim-procesima-u-povijesnoj-jezgri-splita-5-1-2023\/"]}]},{"@type":"BreadcrumbList","@id":"https:\/\/www.vegaintro-projekti.com\/pilar-stari\/2023\/01\/mr-sc-mirko-petric-o-drustvenim-procesima-u-povijesnoj-jezgri-splita-5-1-2023\/#breadcrumb","itemListElement":[{"@type":"ListItem","position":1,"name":"Home","item":"https:\/\/www.vegaintro-projekti.com\/pilar-stari\/"},{"@type":"ListItem","position":2,"name":"Mr. sc. Mirko Petri\u0107 o dru\u0161tvenim procesima u povijesnoj jezgri Splita, 5. 1. 2023."}]},{"@type":"WebSite","@id":"https:\/\/www.vegaintro-projekti.com\/pilar-stari\/#website","url":"https:\/\/www.vegaintro-projekti.com\/pilar-stari\/","name":"Institut dru&scaron;tvenih znanosti Ivo Pilar","description":"Pilar","potentialAction":[{"@type":"SearchAction","target":{"@type":"EntryPoint","urlTemplate":"https:\/\/www.vegaintro-projekti.com\/pilar-stari\/?s={search_term_string}"},"query-input":"required name=search_term_string"}],"inLanguage":"hr"},{"@type":"Person","@id":"https:\/\/www.vegaintro-projekti.com\/pilar-stari\/#\/schema\/person\/ddd404c9f1e15e4ffef5986ac6a5d28b","name":"Boris","image":{"@type":"ImageObject","inLanguage":"hr","@id":"https:\/\/www.vegaintro-projekti.com\/pilar-stari\/#\/schema\/person\/image\/","url":"https:\/\/secure.gravatar.com\/avatar\/29557b161a6ce6ab86ac1503164f1e90?s=96&d=mm&r=g","contentUrl":"https:\/\/secure.gravatar.com\/avatar\/29557b161a6ce6ab86ac1503164f1e90?s=96&d=mm&r=g","caption":"Boris"},"url":"https:\/\/www.vegaintro-projekti.com\/pilar-stari\/author\/boris\/"}]}},"_links":{"self":[{"href":"https:\/\/www.vegaintro-projekti.com\/pilar-stari\/wp-json\/wp\/v2\/posts\/24904"}],"collection":[{"href":"https:\/\/www.vegaintro-projekti.com\/pilar-stari\/wp-json\/wp\/v2\/posts"}],"about":[{"href":"https:\/\/www.vegaintro-projekti.com\/pilar-stari\/wp-json\/wp\/v2\/types\/post"}],"author":[{"embeddable":true,"href":"https:\/\/www.vegaintro-projekti.com\/pilar-stari\/wp-json\/wp\/v2\/users\/7"}],"replies":[{"embeddable":true,"href":"https:\/\/www.vegaintro-projekti.com\/pilar-stari\/wp-json\/wp\/v2\/comments?post=24904"}],"version-history":[{"count":4,"href":"https:\/\/www.vegaintro-projekti.com\/pilar-stari\/wp-json\/wp\/v2\/posts\/24904\/revisions"}],"predecessor-version":[{"id":24908,"href":"https:\/\/www.vegaintro-projekti.com\/pilar-stari\/wp-json\/wp\/v2\/posts\/24904\/revisions\/24908"}],"wp:featuredmedia":[{"embeddable":true,"href":"https:\/\/www.vegaintro-projekti.com\/pilar-stari\/wp-json\/wp\/v2\/media\/24902"}],"wp:attachment":[{"href":"https:\/\/www.vegaintro-projekti.com\/pilar-stari\/wp-json\/wp\/v2\/media?parent=24904"}],"wp:term":[{"taxonomy":"category","embeddable":true,"href":"https:\/\/www.vegaintro-projekti.com\/pilar-stari\/wp-json\/wp\/v2\/categories?post=24904"},{"taxonomy":"post_tag","embeddable":true,"href":"https:\/\/www.vegaintro-projekti.com\/pilar-stari\/wp-json\/wp\/v2\/tags?post=24904"}],"curies":[{"name":"wp","href":"https:\/\/api.w.org\/{rel}","templated":true}]}}