{"id":25077,"date":"2023-03-06T20:00:35","date_gmt":"2023-03-06T20:00:35","guid":{"rendered":"https:\/\/www.vegaintro-projekti.com\/pilar-stari\/?p=25077"},"modified":"2023-03-21T22:56:47","modified_gmt":"2023-03-21T22:56:47","slug":"poziv-na-medunarodnu-znanstvenu-konferenciju-re-interpreting-the-first-world-war-cultural-memory-prijave-do-15-3-2023","status":"publish","type":"post","link":"https:\/\/www.vegaintro-projekti.com\/pilar-stari\/2023\/03\/poziv-na-medunarodnu-znanstvenu-konferenciju-re-interpreting-the-first-world-war-cultural-memory-prijave-do-15-3-2023\/","title":{"rendered":"Poziv na me\u0111unarodnu znanstvenu konferenciju RE-INTERPRETING THE FIRST WORLD WAR CULTURAL MEMORY &#8211; Prijave do 15. 3. 2023."},"content":{"rendered":"<p><strong>Pozivamo Vas da sudjelujete na me\u0111unarodnoj znanstvenoj konferenciji \u201cRe-Interpreting the First World War Cultural Memory: Sites of Memory, Rituals, Symbols and Commemorative Practices\u201d koju organizira Institut dru\u0161tvenih znanosti Ivo Pilar u suradnji s Maticom hrvatskom i Hrvatskom maticom iseljenika. Me\u0111unarodna znanstvena konferencija odr\u017eat \u0107e se u Zagrebu 29. \u2013 30. rujna 2023. godine<\/strong><\/p>\n<p><a href=\"https:\/\/www.vegaintro-projekti.com\/pilar-stari\/wp-content\/uploads\/2023\/02\/Call_for_papers_Zg_conference_2023.pdf\"><img decoding=\"async\" loading=\"lazy\" class=\"alignnone wp-image-25075 size-full\" src=\"https:\/\/www.vegaintro-projekti.com\/pilar-stari\/wp-content\/uploads\/2023\/02\/IMG_1.jpg\" alt=\"\" width=\"620\" height=\"308\" srcset=\"https:\/\/www.vegaintro-projekti.com\/pilar-stari\/wp-content\/uploads\/2023\/02\/IMG_1.jpg 620w, https:\/\/www.vegaintro-projekti.com\/pilar-stari\/wp-content\/uploads\/2023\/02\/IMG_1-300x149.jpg 300w\" sizes=\"(max-width: 620px) 100vw, 620px\" \/><img decoding=\"async\" loading=\"lazy\" class=\"alignnone wp-image-25074 \" src=\"https:\/\/www.vegaintro-projekti.com\/pilar-stari\/wp-content\/uploads\/2023\/02\/IMG-1-e1675885188829.jpg\" alt=\"\" width=\"619\" height=\"359\" srcset=\"https:\/\/www.vegaintro-projekti.com\/pilar-stari\/wp-content\/uploads\/2023\/02\/IMG-1-e1675885188829.jpg 600w, https:\/\/www.vegaintro-projekti.com\/pilar-stari\/wp-content\/uploads\/2023\/02\/IMG-1-e1675885188829-300x174.jpg 300w\" sizes=\"(max-width: 619px) 100vw, 619px\" \/><\/a><\/p>\n<p>&#8211; <a href=\"https:\/\/www.vegaintro-projekti.com\/pilar-stari\/wp-content\/uploads\/2023\/02\/Call_for_papers_Zg_conference_2023.pdf\">Call for International Scientific Conference RE-INTERPRETING THE FIRST WORLD WAR CULTURAL MEMORY, September 29-30, 2023<\/a><\/p>\n<p>Konferencija je sastavni dio znanstvenoistra\u017eiva\u010dkog projekta Prvi svjetski rat u kulturi sje\u0107anja \u2013 Zaboravljena ba\u0161tina (IP-2019-04-5897), a financira ga Hrvatska zaklada za znanosti.<\/p>\n<p>U okviru ove konferencije \u017eeli se progovoriti o kulturi sje\u0107anja na Prvi svjetski rat ne samo iz me\u0111unarodne perspektive nego i na razini provedenih istra\u017eivanja i novih znanstvenih spoznaja o hrvatskoj kulturi sje\u0107anja na Veliki rat po njegovom zavr\u0161etku. Jezik konferencije je engleski. Uvodna predavanja odr\u017eati \u0107e Jay Winter i John P. Newman.<\/p>\n<p>Potencijalne sudionike se moli da svoje prijave dostave na e-mail adresu dr. sc. Sandre Cviki\u0107 (sandra.cvikic@vegaintro-projekti.com\/pilar-stari ) najkasnije do 15. o\u017eujka 2023. godine u skladu s dolje navedenim uputama poziva. Prijavljeni izlaga\u010di biti \u0107e obavije\u0161teni o prihva\u0107anju ili odbijanju poslanih sa\u017eetaka najkasnije do 31. o\u017eujka 2023. godine.<\/p>\n<p><strong><em>International Scientific Conference<\/em><\/strong><br \/>\n<strong><em>RE-INTERPRETING THE FIRST WORLD WAR CULTURAL MEMORY<\/em><\/strong><br \/>\n<strong><em>September 29-30, 2023<\/em><\/strong><br \/>\n<strong><em>Institute of Social Sciences Ivo Pilar, Zagreb, Croatia<\/em><\/strong><\/p>\n<p><em>We invite you to participate in the international scientific conference \u201cRe-Interpreting the First World War Cultural Memory\u201d organized by the Institute of Social Sciences Ivo Pilar, Matica hrvatska and Croatian Heritage Foundation on September 29 \u2013 30, 2023. The conference venue is in Zagreb. This conference is an integral part of the national research project IP-2019-04-5897 The First World War in the Culture of Memory. Forgotten Heritage financed by the Croatian Science Foundation.<\/em><\/p>\n<p><em>The First World War as a subject will be discussed not only from an international perspective, but also on the level of new research and scientific findings about Croatian cultural memory in the aftermath of the Great War. The language of the conference is English. Introductory lectures are given by Jay Winter and John P. Newman.<\/em><\/p>\n<p><em>Participants are asked to send their proposals to dr.sc. Sandra Cviki\u0107 (sandra.cvikic@vegaintro-projekti.com\/pilar-stari ) by March 15, 2023, as indicated in the Call for Papers. Submissions will be reviewed, and confirmations sent to respective participants by e-mail on March 31, 2023.<\/em><\/p>\n<blockquote><p><a href=\"https:\/\/www.vegaintro-projekti.com\/pilar-stari\/2020\/01\/prvi-svjetski-rat-u-kulturi-sjecanja-zaboravljena-bastina\/\">Projekt Prvi svjetski rat u kulturi sje\u0107anja<\/a><\/p><\/blockquote>\n","protected":false},"excerpt":{"rendered":"<p>Pozivamo Vas da sudjelujete na me\u0111unarodnoj znanstvenoj konferenciji \u201cRe-Interpreting the First World War Cultural Memory: Sites of Memory, Rituals, Symbols and Commemorative Practices\u201d koju organizira Institut dru\u0161tvenih znanosti Ivo Pilar u suradnji s Maticom hrvatskom i Hrvatskom maticom iseljenika. Me\u0111unarodna znanstvena konferencija odr\u017eat \u0107e se u Zagrebu 29. \u2013 30. rujna 2023. godine &#8211; Call&hellip; <a class=\"continue\" href=\"https:\/\/www.vegaintro-projekti.com\/pilar-stari\/2023\/03\/poziv-na-medunarodnu-znanstvenu-konferenciju-re-interpreting-the-first-world-war-cultural-memory-prijave-do-15-3-2023\/\">Pro\u010ditaj vi\u0161e o<span> Poziv na me\u0111unarodnu znanstvenu konferenciju RE-INTERPRETING THE FIRST WORLD WAR CULTURAL MEMORY &#8211; Prijave do 15. 3. 2023.<\/span><\/a><\/p>\n","protected":false},"author":7,"featured_media":25076,"comment_status":"closed","ping_status":"closed","sticky":false,"template":"","format":"standard","meta":{"inline_featured_image":false,"ngg_post_thumbnail":0,"footnotes":""},"categories":[11],"tags":[],"yoast_head":"<!-- This site is optimized with the Yoast SEO plugin v21.2 - https:\/\/yoast.com\/wordpress\/plugins\/seo\/ -->\n<title>Poziv na me\u0111unarodnu znanstvenu konferenciju RE-INTERPRETING THE FIRST WORLD WAR CULTURAL MEMORY - Prijave do 15. 3. 2023. - Institut dru&scaron;tvenih znanosti Ivo Pilar<\/title>\n<meta name=\"robots\" content=\"noindex, follow, max-snippet:-1, max-image-preview:large, max-video-preview:-1\" \/>\n<meta property=\"og:locale\" content=\"hr_HR\" \/>\n<meta property=\"og:type\" content=\"article\" \/>\n<meta property=\"og:title\" content=\"Poziv na me\u0111unarodnu znanstvenu konferenciju RE-INTERPRETING THE FIRST WORLD WAR CULTURAL MEMORY - Prijave do 15. 3. 2023. - Institut dru&scaron;tvenih znanosti Ivo Pilar\" \/>\n<meta property=\"og:description\" content=\"Pozivamo Vas da sudjelujete na me\u0111unarodnoj znanstvenoj konferenciji \u201cRe-Interpreting the First World War Cultural Memory: Sites of Memory, Rituals, Symbols and Commemorative Practices\u201d koju organizira Institut dru\u0161tvenih znanosti Ivo Pilar u suradnji s Maticom hrvatskom i Hrvatskom maticom iseljenika. Me\u0111unarodna znanstvena konferencija odr\u017eat \u0107e se u Zagrebu 29. \u2013 30. rujna 2023. godine &#8211; Call&hellip; Pro\u010ditaj vi\u0161e o Poziv na me\u0111unarodnu znanstvenu konferenciju RE-INTERPRETING THE FIRST WORLD WAR CULTURAL MEMORY &#8211; Prijave do 15. 3. 2023.\" \/>\n<meta property=\"og:url\" content=\"https:\/\/www.vegaintro-projekti.com\/pilar-stari\/2023\/03\/poziv-na-medunarodnu-znanstvenu-konferenciju-re-interpreting-the-first-world-war-cultural-memory-prijave-do-15-3-2023\/\" \/>\n<meta property=\"og:site_name\" content=\"Institut dru&scaron;tvenih znanosti Ivo Pilar\" \/>\n<meta property=\"article:published_time\" content=\"2023-03-06T20:00:35+00:00\" \/>\n<meta property=\"article:modified_time\" content=\"2023-03-21T22:56:47+00:00\" \/>\n<meta property=\"og:image\" content=\"https:\/\/www.vegaintro-projekti.com\/pilar-stari\/wp-content\/uploads\/2023\/02\/IMGfi-1.jpg\" \/>\n\t<meta property=\"og:image:width\" content=\"500\" \/>\n\t<meta property=\"og:image:height\" content=\"220\" \/>\n\t<meta property=\"og:image:type\" content=\"image\/jpeg\" \/>\n<meta name=\"author\" content=\"Boris\" \/>\n<meta name=\"twitter:card\" content=\"summary_large_image\" \/>\n<meta name=\"twitter:label1\" content=\"Napisao\/la\" \/>\n\t<meta name=\"twitter:data1\" content=\"Boris\" \/>\n\t<meta name=\"twitter:label2\" content=\"Procijenjeno vrijeme \u010ditanja\" \/>\n\t<meta name=\"twitter:data2\" content=\"3 minute\" \/>\n<script type=\"application\/ld+json\" class=\"yoast-schema-graph\">{\"@context\":\"https:\/\/schema.org\",\"@graph\":[{\"@type\":\"WebPage\",\"@id\":\"https:\/\/www.vegaintro-projekti.com\/pilar-stari\/2023\/03\/poziv-na-medunarodnu-znanstvenu-konferenciju-re-interpreting-the-first-world-war-cultural-memory-prijave-do-15-3-2023\/\",\"url\":\"https:\/\/www.vegaintro-projekti.com\/pilar-stari\/2023\/03\/poziv-na-medunarodnu-znanstvenu-konferenciju-re-interpreting-the-first-world-war-cultural-memory-prijave-do-15-3-2023\/\",\"name\":\"Poziv na me\u0111unarodnu znanstvenu konferenciju RE-INTERPRETING THE FIRST WORLD WAR CULTURAL MEMORY - Prijave do 15. 3. 2023. - Institut dru&scaron;tvenih znanosti Ivo Pilar\",\"isPartOf\":{\"@id\":\"https:\/\/www.vegaintro-projekti.com\/pilar-stari\/#website\"},\"datePublished\":\"2023-03-06T20:00:35+00:00\",\"dateModified\":\"2023-03-21T22:56:47+00:00\",\"author\":{\"@id\":\"https:\/\/www.vegaintro-projekti.com\/pilar-stari\/#\/schema\/person\/ddd404c9f1e15e4ffef5986ac6a5d28b\"},\"breadcrumb\":{\"@id\":\"https:\/\/www.vegaintro-projekti.com\/pilar-stari\/2023\/03\/poziv-na-medunarodnu-znanstvenu-konferenciju-re-interpreting-the-first-world-war-cultural-memory-prijave-do-15-3-2023\/#breadcrumb\"},\"inLanguage\":\"hr\",\"potentialAction\":[{\"@type\":\"ReadAction\",\"target\":[\"https:\/\/www.vegaintro-projekti.com\/pilar-stari\/2023\/03\/poziv-na-medunarodnu-znanstvenu-konferenciju-re-interpreting-the-first-world-war-cultural-memory-prijave-do-15-3-2023\/\"]}]},{\"@type\":\"BreadcrumbList\",\"@id\":\"https:\/\/www.vegaintro-projekti.com\/pilar-stari\/2023\/03\/poziv-na-medunarodnu-znanstvenu-konferenciju-re-interpreting-the-first-world-war-cultural-memory-prijave-do-15-3-2023\/#breadcrumb\",\"itemListElement\":[{\"@type\":\"ListItem\",\"position\":1,\"name\":\"Home\",\"item\":\"https:\/\/www.vegaintro-projekti.com\/pilar-stari\/\"},{\"@type\":\"ListItem\",\"position\":2,\"name\":\"Poziv na me\u0111unarodnu znanstvenu konferenciju RE-INTERPRETING THE FIRST WORLD WAR CULTURAL MEMORY &#8211; Prijave do 15. 3. 2023.\"}]},{\"@type\":\"WebSite\",\"@id\":\"https:\/\/www.vegaintro-projekti.com\/pilar-stari\/#website\",\"url\":\"https:\/\/www.vegaintro-projekti.com\/pilar-stari\/\",\"name\":\"Institut dru&scaron;tvenih znanosti Ivo Pilar\",\"description\":\"Pilar\",\"potentialAction\":[{\"@type\":\"SearchAction\",\"target\":{\"@type\":\"EntryPoint\",\"urlTemplate\":\"https:\/\/www.vegaintro-projekti.com\/pilar-stari\/?s={search_term_string}\"},\"query-input\":\"required name=search_term_string\"}],\"inLanguage\":\"hr\"},{\"@type\":\"Person\",\"@id\":\"https:\/\/www.vegaintro-projekti.com\/pilar-stari\/#\/schema\/person\/ddd404c9f1e15e4ffef5986ac6a5d28b\",\"name\":\"Boris\",\"image\":{\"@type\":\"ImageObject\",\"inLanguage\":\"hr\",\"@id\":\"https:\/\/www.vegaintro-projekti.com\/pilar-stari\/#\/schema\/person\/image\/\",\"url\":\"https:\/\/secure.gravatar.com\/avatar\/29557b161a6ce6ab86ac1503164f1e90?s=96&d=mm&r=g\",\"contentUrl\":\"https:\/\/secure.gravatar.com\/avatar\/29557b161a6ce6ab86ac1503164f1e90?s=96&d=mm&r=g\",\"caption\":\"Boris\"},\"url\":\"https:\/\/www.vegaintro-projekti.com\/pilar-stari\/author\/boris\/\"}]}<\/script>\n<!-- \/ Yoast SEO plugin. -->","yoast_head_json":{"title":"Poziv na me\u0111unarodnu znanstvenu konferenciju RE-INTERPRETING THE FIRST WORLD WAR CULTURAL MEMORY - Prijave do 15. 3. 2023. - Institut dru&scaron;tvenih znanosti Ivo Pilar","robots":{"index":"noindex","follow":"follow","max-snippet":"max-snippet:-1","max-image-preview":"max-image-preview:large","max-video-preview":"max-video-preview:-1"},"og_locale":"hr_HR","og_type":"article","og_title":"Poziv na me\u0111unarodnu znanstvenu konferenciju RE-INTERPRETING THE FIRST WORLD WAR CULTURAL MEMORY - Prijave do 15. 3. 2023. - Institut dru&scaron;tvenih znanosti Ivo Pilar","og_description":"Pozivamo Vas da sudjelujete na me\u0111unarodnoj znanstvenoj konferenciji \u201cRe-Interpreting the First World War Cultural Memory: Sites of Memory, Rituals, Symbols and Commemorative Practices\u201d koju organizira Institut dru\u0161tvenih znanosti Ivo Pilar u suradnji s Maticom hrvatskom i Hrvatskom maticom iseljenika. Me\u0111unarodna znanstvena konferencija odr\u017eat \u0107e se u Zagrebu 29. \u2013 30. rujna 2023. godine &#8211; Call&hellip; Pro\u010ditaj vi\u0161e o Poziv na me\u0111unarodnu znanstvenu konferenciju RE-INTERPRETING THE FIRST WORLD WAR CULTURAL MEMORY &#8211; Prijave do 15. 3. 2023.","og_url":"https:\/\/www.vegaintro-projekti.com\/pilar-stari\/2023\/03\/poziv-na-medunarodnu-znanstvenu-konferenciju-re-interpreting-the-first-world-war-cultural-memory-prijave-do-15-3-2023\/","og_site_name":"Institut dru&scaron;tvenih znanosti Ivo Pilar","article_published_time":"2023-03-06T20:00:35+00:00","article_modified_time":"2023-03-21T22:56:47+00:00","og_image":[{"width":500,"height":220,"url":"https:\/\/www.vegaintro-projekti.com\/pilar-stari\/wp-content\/uploads\/2023\/02\/IMGfi-1.jpg","type":"image\/jpeg"}],"author":"Boris","twitter_card":"summary_large_image","twitter_misc":{"Napisao\/la":"Boris","Procijenjeno vrijeme \u010ditanja":"3 minute"},"schema":{"@context":"https:\/\/schema.org","@graph":[{"@type":"WebPage","@id":"https:\/\/www.vegaintro-projekti.com\/pilar-stari\/2023\/03\/poziv-na-medunarodnu-znanstvenu-konferenciju-re-interpreting-the-first-world-war-cultural-memory-prijave-do-15-3-2023\/","url":"https:\/\/www.vegaintro-projekti.com\/pilar-stari\/2023\/03\/poziv-na-medunarodnu-znanstvenu-konferenciju-re-interpreting-the-first-world-war-cultural-memory-prijave-do-15-3-2023\/","name":"Poziv na me\u0111unarodnu znanstvenu konferenciju RE-INTERPRETING THE FIRST WORLD WAR CULTURAL MEMORY - Prijave do 15. 3. 2023. - Institut dru&scaron;tvenih znanosti Ivo Pilar","isPartOf":{"@id":"https:\/\/www.vegaintro-projekti.com\/pilar-stari\/#website"},"datePublished":"2023-03-06T20:00:35+00:00","dateModified":"2023-03-21T22:56:47+00:00","author":{"@id":"https:\/\/www.vegaintro-projekti.com\/pilar-stari\/#\/schema\/person\/ddd404c9f1e15e4ffef5986ac6a5d28b"},"breadcrumb":{"@id":"https:\/\/www.vegaintro-projekti.com\/pilar-stari\/2023\/03\/poziv-na-medunarodnu-znanstvenu-konferenciju-re-interpreting-the-first-world-war-cultural-memory-prijave-do-15-3-2023\/#breadcrumb"},"inLanguage":"hr","potentialAction":[{"@type":"ReadAction","target":["https:\/\/www.vegaintro-projekti.com\/pilar-stari\/2023\/03\/poziv-na-medunarodnu-znanstvenu-konferenciju-re-interpreting-the-first-world-war-cultural-memory-prijave-do-15-3-2023\/"]}]},{"@type":"BreadcrumbList","@id":"https:\/\/www.vegaintro-projekti.com\/pilar-stari\/2023\/03\/poziv-na-medunarodnu-znanstvenu-konferenciju-re-interpreting-the-first-world-war-cultural-memory-prijave-do-15-3-2023\/#breadcrumb","itemListElement":[{"@type":"ListItem","position":1,"name":"Home","item":"https:\/\/www.vegaintro-projekti.com\/pilar-stari\/"},{"@type":"ListItem","position":2,"name":"Poziv na me\u0111unarodnu znanstvenu konferenciju RE-INTERPRETING THE FIRST WORLD WAR CULTURAL MEMORY &#8211; Prijave do 15. 3. 2023."}]},{"@type":"WebSite","@id":"https:\/\/www.vegaintro-projekti.com\/pilar-stari\/#website","url":"https:\/\/www.vegaintro-projekti.com\/pilar-stari\/","name":"Institut dru&scaron;tvenih znanosti Ivo Pilar","description":"Pilar","potentialAction":[{"@type":"SearchAction","target":{"@type":"EntryPoint","urlTemplate":"https:\/\/www.vegaintro-projekti.com\/pilar-stari\/?s={search_term_string}"},"query-input":"required name=search_term_string"}],"inLanguage":"hr"},{"@type":"Person","@id":"https:\/\/www.vegaintro-projekti.com\/pilar-stari\/#\/schema\/person\/ddd404c9f1e15e4ffef5986ac6a5d28b","name":"Boris","image":{"@type":"ImageObject","inLanguage":"hr","@id":"https:\/\/www.vegaintro-projekti.com\/pilar-stari\/#\/schema\/person\/image\/","url":"https:\/\/secure.gravatar.com\/avatar\/29557b161a6ce6ab86ac1503164f1e90?s=96&d=mm&r=g","contentUrl":"https:\/\/secure.gravatar.com\/avatar\/29557b161a6ce6ab86ac1503164f1e90?s=96&d=mm&r=g","caption":"Boris"},"url":"https:\/\/www.vegaintro-projekti.com\/pilar-stari\/author\/boris\/"}]}},"_links":{"self":[{"href":"https:\/\/www.vegaintro-projekti.com\/pilar-stari\/wp-json\/wp\/v2\/posts\/25077"}],"collection":[{"href":"https:\/\/www.vegaintro-projekti.com\/pilar-stari\/wp-json\/wp\/v2\/posts"}],"about":[{"href":"https:\/\/www.vegaintro-projekti.com\/pilar-stari\/wp-json\/wp\/v2\/types\/post"}],"author":[{"embeddable":true,"href":"https:\/\/www.vegaintro-projekti.com\/pilar-stari\/wp-json\/wp\/v2\/users\/7"}],"replies":[{"embeddable":true,"href":"https:\/\/www.vegaintro-projekti.com\/pilar-stari\/wp-json\/wp\/v2\/comments?post=25077"}],"version-history":[{"count":6,"href":"https:\/\/www.vegaintro-projekti.com\/pilar-stari\/wp-json\/wp\/v2\/posts\/25077\/revisions"}],"predecessor-version":[{"id":25083,"href":"https:\/\/www.vegaintro-projekti.com\/pilar-stari\/wp-json\/wp\/v2\/posts\/25077\/revisions\/25083"}],"wp:featuredmedia":[{"embeddable":true,"href":"https:\/\/www.vegaintro-projekti.com\/pilar-stari\/wp-json\/wp\/v2\/media\/25076"}],"wp:attachment":[{"href":"https:\/\/www.vegaintro-projekti.com\/pilar-stari\/wp-json\/wp\/v2\/media?parent=25077"}],"wp:term":[{"taxonomy":"category","embeddable":true,"href":"https:\/\/www.vegaintro-projekti.com\/pilar-stari\/wp-json\/wp\/v2\/categories?post=25077"},{"taxonomy":"post_tag","embeddable":true,"href":"https:\/\/www.vegaintro-projekti.com\/pilar-stari\/wp-json\/wp\/v2\/tags?post=25077"}],"curies":[{"name":"wp","href":"https:\/\/api.w.org\/{rel}","templated":true}]}}