{"id":25118,"date":"2023-01-27T19:15:05","date_gmt":"2023-01-27T19:15:05","guid":{"rendered":"https:\/\/www.vegaintro-projekti.com\/pilar-stari\/?p=25118"},"modified":"2023-02-09T20:32:47","modified_gmt":"2023-02-09T20:32:47","slug":"odrzan-okrugli-stol-o-utjecaju-i-znacaju-hrvatskih-intelektualaca-u-iseljenistvu-zagreb-27-1-2023","status":"publish","type":"post","link":"https:\/\/www.vegaintro-projekti.com\/pilar-stari\/2023\/01\/odrzan-okrugli-stol-o-utjecaju-i-znacaju-hrvatskih-intelektualaca-u-iseljenistvu-zagreb-27-1-2023\/","title":{"rendered":"Odr\u017ean okrugli stol o utjecaju i zna\u010daju hrvatskih intelektualaca u iseljeni\u0161tvu; Zagreb, 27. 1. 2023."},"content":{"rendered":"<p><strong>U prostorijama Humanitarne udruge \u201efra Mladen Hrka\u0107\u201c na Kvaternikovom trgu u Zagrebu, u partnerstvu s udrugom Hrvatska uzdanica, 27. sije\u010dnja 2023. odr\u017ean je okrugli stol na temu \u201eUtjecaj i zna\u010daj hrvatskih intelektualaca u iseljeni\u0161tvu\u201c. Na doga\u0111aju se okupilo gotovo 30 sudionika zainteresiranih za temu i suradnju u okviru tematske mre\u017ee<\/strong><\/p>\n<p><a href=\"https:\/\/www.vegaintro-projekti.com\/pilar-stari\/wp-content\/uploads\/2023\/02\/IMG_1-2.jpg\"><img decoding=\"async\" loading=\"lazy\" class=\"alignnone wp-image-25107 size-full\" src=\"https:\/\/www.vegaintro-projekti.com\/pilar-stari\/wp-content\/uploads\/2023\/02\/IMG_1s.jpg\" alt=\"\" width=\"620\" height=\"394\" srcset=\"https:\/\/www.vegaintro-projekti.com\/pilar-stari\/wp-content\/uploads\/2023\/02\/IMG_1s.jpg 620w, https:\/\/www.vegaintro-projekti.com\/pilar-stari\/wp-content\/uploads\/2023\/02\/IMG_1s-300x191.jpg 300w\" sizes=\"(max-width: 620px) 100vw, 620px\" \/><\/a><a href=\"https:\/\/www.vegaintro-projekti.com\/pilar-stari\/wp-content\/uploads\/2023\/02\/IMG_2-1.jpg\"><img decoding=\"async\" loading=\"lazy\" class=\"alignnone wp-image-25109 size-full\" src=\"https:\/\/www.vegaintro-projekti.com\/pilar-stari\/wp-content\/uploads\/2023\/02\/IMG_2s.jpg\" alt=\"\" width=\"310\" height=\"207\" srcset=\"https:\/\/www.vegaintro-projekti.com\/pilar-stari\/wp-content\/uploads\/2023\/02\/IMG_2s.jpg 310w, https:\/\/www.vegaintro-projekti.com\/pilar-stari\/wp-content\/uploads\/2023\/02\/IMG_2s-300x200.jpg 300w\" sizes=\"(max-width: 310px) 100vw, 310px\" \/><\/a><a href=\"https:\/\/www.vegaintro-projekti.com\/pilar-stari\/wp-content\/uploads\/2023\/02\/IMG_3.jpg\"><img decoding=\"async\" loading=\"lazy\" class=\"alignnone wp-image-25111 size-full\" src=\"https:\/\/www.vegaintro-projekti.com\/pilar-stari\/wp-content\/uploads\/2023\/02\/IMG_3s.jpg\" alt=\"\" width=\"310\" height=\"207\" srcset=\"https:\/\/www.vegaintro-projekti.com\/pilar-stari\/wp-content\/uploads\/2023\/02\/IMG_3s.jpg 310w, https:\/\/www.vegaintro-projekti.com\/pilar-stari\/wp-content\/uploads\/2023\/02\/IMG_3s-300x200.jpg 300w\" sizes=\"(max-width: 310px) 100vw, 310px\" \/><\/a><a href=\"https:\/\/www.vegaintro-projekti.com\/pilar-stari\/wp-content\/uploads\/2023\/02\/IMG_4.jpg\"><img decoding=\"async\" loading=\"lazy\" class=\"alignnone wp-image-25113 size-full\" src=\"https:\/\/www.vegaintro-projekti.com\/pilar-stari\/wp-content\/uploads\/2023\/02\/IMG_4s.jpg\" alt=\"\" width=\"620\" height=\"408\" srcset=\"https:\/\/www.vegaintro-projekti.com\/pilar-stari\/wp-content\/uploads\/2023\/02\/IMG_4s.jpg 620w, https:\/\/www.vegaintro-projekti.com\/pilar-stari\/wp-content\/uploads\/2023\/02\/IMG_4s-300x197.jpg 300w, https:\/\/www.vegaintro-projekti.com\/pilar-stari\/wp-content\/uploads\/2023\/02\/IMG_4s-310x205.jpg 310w\" sizes=\"(max-width: 620px) 100vw, 620px\" \/><\/a><a href=\"https:\/\/www.vegaintro-projekti.com\/pilar-stari\/wp-content\/uploads\/2023\/02\/IMG_5.jpg\"><img decoding=\"async\" loading=\"lazy\" class=\"alignnone wp-image-25115 size-full\" src=\"https:\/\/www.vegaintro-projekti.com\/pilar-stari\/wp-content\/uploads\/2023\/02\/IMG_5s.jpg\" alt=\"\" width=\"310\" height=\"207\" srcset=\"https:\/\/www.vegaintro-projekti.com\/pilar-stari\/wp-content\/uploads\/2023\/02\/IMG_5s.jpg 310w, https:\/\/www.vegaintro-projekti.com\/pilar-stari\/wp-content\/uploads\/2023\/02\/IMG_5s-300x200.jpg 300w\" sizes=\"(max-width: 310px) 100vw, 310px\" \/><\/a><a href=\"https:\/\/www.vegaintro-projekti.com\/pilar-stari\/wp-content\/uploads\/2023\/02\/IMG_6.jpg\"><img decoding=\"async\" loading=\"lazy\" class=\"alignnone wp-image-25117 size-full\" src=\"https:\/\/www.vegaintro-projekti.com\/pilar-stari\/wp-content\/uploads\/2023\/02\/IMG_6s.jpg\" alt=\"\" width=\"310\" height=\"207\" srcset=\"https:\/\/www.vegaintro-projekti.com\/pilar-stari\/wp-content\/uploads\/2023\/02\/IMG_6s.jpg 310w, https:\/\/www.vegaintro-projekti.com\/pilar-stari\/wp-content\/uploads\/2023\/02\/IMG_6s-300x200.jpg 300w\" sizes=\"(max-width: 310px) 100vw, 310px\" \/><\/a><\/p>\n<p><strong>Okrugli stol<\/strong> otvorili su mladi znanstvenici, koji su se dotakli razli\u010ditih trenutaka i osoba koje su dale doprinos u razvoju suradnje Hrvatske i inozemstva, odnosno Hrvatske i hrvatskog iseljeni\u0161tva. Okrugli stol je moderirala Lada Kanajet-\u0160imi\u0107. Uvodni\u010dari su bili <strong>Vlatko Smiljani\u0107<\/strong> i <strong>Jure Trutani\u0107<\/strong> s Fakulteta hrvatskih studija Sveu\u010dili\u0161ta u Zagrebu, profesor povijesti <strong>Ante Ko\u017eul<\/strong> i <strong>Hrvoje Mandi\u0107<\/strong> iz Sredi\u0161njeg ureda za arhivsku gra\u0111u Sveu\u010dili\u0161ta u Zagrebu. Uvodni dio za ishod je imao prikaz modela prijenosa znanja i iskustava iz Hrvatske u inozemstvo, odnosno u hrvatsko iseljeni\u0161tvo. Povezivanje Hrvatske sa drugim zemljama, kroz povijest se ostvarivalo kroz rad i djelovanje pojedinaca ili pak kroz rad organizacija.<\/p>\n<p>U drugom dijelu okruglog stola moderatorica je u raspravu pozvala sudionike iz publike. Oni su pri tom u daljnju diskusiju pozivali uvodni\u010dare, te sa svima prisutnima dijelili saznanja i iskustva te su postavljali pitanja. Glavni zaklju\u010dci okruglog stola na temu Utjecaja i zna\u010daja hrvatskih intelektualaca u iseljeni\u0161tvu su idu\u0107i: 1. Prikupljanje i analiza postoje\u0107ih primjera praksi uspostavljanja veza izme\u0111u Hrvatske i iseljeni\u0161tva va\u017ena je za daljnji razvoj strategije odnosa Hrvatske i hrvatskog iseljeni\u0161tva; 2. Dru\u0161tveno aktivni pojedinci, kao i organizacije mogu ostaviti sna\u017ean utisak na odnose Hrvatske s iseljeni\u0161tvom, kao i na promociju Hrvatske u inozemstvu, \u0161to pokazuju i povijesni podaci kao biografije utjecajnih pojedinaca koje treba implementirati u planiranje strategija. 3. Znanstveno anga\u017eirani pojedinci imali su jaki potencijal u promociji hrvatskog naroda u inozemstvu kroz \u010ditavu povijest, \u0161to je ja\u010dalo hrvatski narod.<\/p>\n<p>Sudionici iz su iskazali zadovoljstvo sa organizacijom doga\u0111aja koji daje prostora za dijalog znanstveno-akademske zajednice, organizacija civilnoga dru\u0161tva, institucija i \u0161ire zainteresirane javnosti. Dvorana je bila popunjena na svakom dosada organiziranom okruglom stolu \u0161to govori da je ovakva vrsta strukturiranog dijaloga vrlo potrebna i tra\u017eena od strane brojnih dru\u0161tvenih dionika.<\/p>\n<p>Okrugli stol je organizirala humanitarna udruga \u201efra Mladen Hrka\u0107\u201c zajedno s partnerskom udrugom Hrvatska uzdanica u okviru projekta \u201eZA-JEDNO.HR\u201c (UP.04.2.1.06.0051) koji se financira iz Europskog socijalnog fonda.<\/p>\n<p>Sadr\u017eaj objave isklju\u010diva je odgovornost Humanitarne udruge \u201efra Mladen Hrka\u0107\u201c i projektnih partnera.<\/p>\n<p><img decoding=\"async\" loading=\"lazy\" class=\"wp-image-25089 aligncenter\" src=\"https:\/\/www.vegaintro-projekti.com\/pilar-stari\/wp-content\/uploads\/2023\/02\/IMG_0.jpg\" alt=\"\" width=\"383\" height=\"128\" srcset=\"https:\/\/www.vegaintro-projekti.com\/pilar-stari\/wp-content\/uploads\/2023\/02\/IMG_0.jpg 620w, https:\/\/www.vegaintro-projekti.com\/pilar-stari\/wp-content\/uploads\/2023\/02\/IMG_0-300x100.jpg 300w\" sizes=\"(max-width: 383px) 100vw, 383px\" \/><\/p>\n<blockquote><p><a href=\"https:\/\/www.vegaintro-projekti.com\/pilar-stari\/2021\/07\/zajedno-srce-jedna-dusa-jedna-hrvatska\/\">Projekt \u201ezaJEDNO srce, jedna du\u0161a, jedna HRVATSKA\u201c<\/a><\/p><\/blockquote>\n","protected":false},"excerpt":{"rendered":"<p>U prostorijama Humanitarne udruge \u201efra Mladen Hrka\u0107\u201c na Kvaternikovom trgu u Zagrebu, u partnerstvu s udrugom Hrvatska uzdanica, 27. sije\u010dnja 2023. odr\u017ean je okrugli stol na temu \u201eUtjecaj i zna\u010daj hrvatskih intelektualaca u iseljeni\u0161tvu\u201c. Na doga\u0111aju se okupilo gotovo 30 sudionika zainteresiranih za temu i suradnju u okviru tematske mre\u017ee Okrugli stol otvorili su mladi&hellip; <a class=\"continue\" href=\"https:\/\/www.vegaintro-projekti.com\/pilar-stari\/2023\/01\/odrzan-okrugli-stol-o-utjecaju-i-znacaju-hrvatskih-intelektualaca-u-iseljenistvu-zagreb-27-1-2023\/\">Pro\u010ditaj vi\u0161e o<span> Odr\u017ean okrugli stol o utjecaju i zna\u010daju hrvatskih intelektualaca u iseljeni\u0161tvu; Zagreb, 27. 1. 2023.<\/span><\/a><\/p>\n","protected":false},"author":7,"featured_media":25106,"comment_status":"closed","ping_status":"closed","sticky":false,"template":"","format":"standard","meta":{"inline_featured_image":false,"ngg_post_thumbnail":0,"footnotes":""},"categories":[29],"tags":[],"yoast_head":"<!-- This site is optimized with the Yoast SEO plugin v21.2 - https:\/\/yoast.com\/wordpress\/plugins\/seo\/ -->\n<title>Odr\u017ean okrugli stol o utjecaju i zna\u010daju hrvatskih intelektualaca u iseljeni\u0161tvu; Zagreb, 27. 1. 2023. - Institut dru&scaron;tvenih znanosti Ivo Pilar<\/title>\n<meta name=\"robots\" content=\"noindex, follow, max-snippet:-1, max-image-preview:large, max-video-preview:-1\" \/>\n<meta property=\"og:locale\" content=\"hr_HR\" \/>\n<meta property=\"og:type\" content=\"article\" \/>\n<meta property=\"og:title\" content=\"Odr\u017ean okrugli stol o utjecaju i zna\u010daju hrvatskih intelektualaca u iseljeni\u0161tvu; Zagreb, 27. 1. 2023. - Institut dru&scaron;tvenih znanosti Ivo Pilar\" \/>\n<meta property=\"og:description\" content=\"U prostorijama Humanitarne udruge \u201efra Mladen Hrka\u0107\u201c na Kvaternikovom trgu u Zagrebu, u partnerstvu s udrugom Hrvatska uzdanica, 27. sije\u010dnja 2023. odr\u017ean je okrugli stol na temu \u201eUtjecaj i zna\u010daj hrvatskih intelektualaca u iseljeni\u0161tvu\u201c. Na doga\u0111aju se okupilo gotovo 30 sudionika zainteresiranih za temu i suradnju u okviru tematske mre\u017ee Okrugli stol otvorili su mladi&hellip; Pro\u010ditaj vi\u0161e o Odr\u017ean okrugli stol o utjecaju i zna\u010daju hrvatskih intelektualaca u iseljeni\u0161tvu; Zagreb, 27. 1. 2023.\" \/>\n<meta property=\"og:url\" content=\"https:\/\/www.vegaintro-projekti.com\/pilar-stari\/2023\/01\/odrzan-okrugli-stol-o-utjecaju-i-znacaju-hrvatskih-intelektualaca-u-iseljenistvu-zagreb-27-1-2023\/\" \/>\n<meta property=\"og:site_name\" content=\"Institut dru&scaron;tvenih znanosti Ivo Pilar\" \/>\n<meta property=\"article:published_time\" content=\"2023-01-27T19:15:05+00:00\" \/>\n<meta property=\"article:modified_time\" content=\"2023-02-09T20:32:47+00:00\" \/>\n<meta property=\"og:image\" content=\"https:\/\/www.vegaintro-projekti.com\/pilar-stari\/wp-content\/uploads\/2023\/02\/IMG_1fi.jpg\" \/>\n\t<meta property=\"og:image:width\" content=\"499\" \/>\n\t<meta property=\"og:image:height\" content=\"221\" \/>\n\t<meta property=\"og:image:type\" content=\"image\/jpeg\" \/>\n<meta name=\"author\" content=\"Boris\" \/>\n<meta name=\"twitter:card\" content=\"summary_large_image\" \/>\n<meta name=\"twitter:label1\" content=\"Napisao\/la\" \/>\n\t<meta name=\"twitter:data1\" content=\"Boris\" \/>\n\t<meta name=\"twitter:label2\" content=\"Procijenjeno vrijeme \u010ditanja\" \/>\n\t<meta name=\"twitter:data2\" content=\"4 minute\" \/>\n<script type=\"application\/ld+json\" class=\"yoast-schema-graph\">{\"@context\":\"https:\/\/schema.org\",\"@graph\":[{\"@type\":\"WebPage\",\"@id\":\"https:\/\/www.vegaintro-projekti.com\/pilar-stari\/2023\/01\/odrzan-okrugli-stol-o-utjecaju-i-znacaju-hrvatskih-intelektualaca-u-iseljenistvu-zagreb-27-1-2023\/\",\"url\":\"https:\/\/www.vegaintro-projekti.com\/pilar-stari\/2023\/01\/odrzan-okrugli-stol-o-utjecaju-i-znacaju-hrvatskih-intelektualaca-u-iseljenistvu-zagreb-27-1-2023\/\",\"name\":\"Odr\u017ean okrugli stol o utjecaju i zna\u010daju hrvatskih intelektualaca u iseljeni\u0161tvu; Zagreb, 27. 1. 2023. - Institut dru&scaron;tvenih znanosti Ivo Pilar\",\"isPartOf\":{\"@id\":\"https:\/\/www.vegaintro-projekti.com\/pilar-stari\/#website\"},\"datePublished\":\"2023-01-27T19:15:05+00:00\",\"dateModified\":\"2023-02-09T20:32:47+00:00\",\"author\":{\"@id\":\"https:\/\/www.vegaintro-projekti.com\/pilar-stari\/#\/schema\/person\/ddd404c9f1e15e4ffef5986ac6a5d28b\"},\"breadcrumb\":{\"@id\":\"https:\/\/www.vegaintro-projekti.com\/pilar-stari\/2023\/01\/odrzan-okrugli-stol-o-utjecaju-i-znacaju-hrvatskih-intelektualaca-u-iseljenistvu-zagreb-27-1-2023\/#breadcrumb\"},\"inLanguage\":\"hr\",\"potentialAction\":[{\"@type\":\"ReadAction\",\"target\":[\"https:\/\/www.vegaintro-projekti.com\/pilar-stari\/2023\/01\/odrzan-okrugli-stol-o-utjecaju-i-znacaju-hrvatskih-intelektualaca-u-iseljenistvu-zagreb-27-1-2023\/\"]}]},{\"@type\":\"BreadcrumbList\",\"@id\":\"https:\/\/www.vegaintro-projekti.com\/pilar-stari\/2023\/01\/odrzan-okrugli-stol-o-utjecaju-i-znacaju-hrvatskih-intelektualaca-u-iseljenistvu-zagreb-27-1-2023\/#breadcrumb\",\"itemListElement\":[{\"@type\":\"ListItem\",\"position\":1,\"name\":\"Home\",\"item\":\"https:\/\/www.vegaintro-projekti.com\/pilar-stari\/\"},{\"@type\":\"ListItem\",\"position\":2,\"name\":\"Odr\u017ean okrugli stol o utjecaju i zna\u010daju hrvatskih intelektualaca u iseljeni\u0161tvu; Zagreb, 27. 1. 2023.\"}]},{\"@type\":\"WebSite\",\"@id\":\"https:\/\/www.vegaintro-projekti.com\/pilar-stari\/#website\",\"url\":\"https:\/\/www.vegaintro-projekti.com\/pilar-stari\/\",\"name\":\"Institut dru&scaron;tvenih znanosti Ivo Pilar\",\"description\":\"Pilar\",\"potentialAction\":[{\"@type\":\"SearchAction\",\"target\":{\"@type\":\"EntryPoint\",\"urlTemplate\":\"https:\/\/www.vegaintro-projekti.com\/pilar-stari\/?s={search_term_string}\"},\"query-input\":\"required name=search_term_string\"}],\"inLanguage\":\"hr\"},{\"@type\":\"Person\",\"@id\":\"https:\/\/www.vegaintro-projekti.com\/pilar-stari\/#\/schema\/person\/ddd404c9f1e15e4ffef5986ac6a5d28b\",\"name\":\"Boris\",\"image\":{\"@type\":\"ImageObject\",\"inLanguage\":\"hr\",\"@id\":\"https:\/\/www.vegaintro-projekti.com\/pilar-stari\/#\/schema\/person\/image\/\",\"url\":\"https:\/\/secure.gravatar.com\/avatar\/29557b161a6ce6ab86ac1503164f1e90?s=96&d=mm&r=g\",\"contentUrl\":\"https:\/\/secure.gravatar.com\/avatar\/29557b161a6ce6ab86ac1503164f1e90?s=96&d=mm&r=g\",\"caption\":\"Boris\"},\"url\":\"https:\/\/www.vegaintro-projekti.com\/pilar-stari\/author\/boris\/\"}]}<\/script>\n<!-- \/ Yoast SEO plugin. -->","yoast_head_json":{"title":"Odr\u017ean okrugli stol o utjecaju i zna\u010daju hrvatskih intelektualaca u iseljeni\u0161tvu; Zagreb, 27. 1. 2023. - Institut dru&scaron;tvenih znanosti Ivo Pilar","robots":{"index":"noindex","follow":"follow","max-snippet":"max-snippet:-1","max-image-preview":"max-image-preview:large","max-video-preview":"max-video-preview:-1"},"og_locale":"hr_HR","og_type":"article","og_title":"Odr\u017ean okrugli stol o utjecaju i zna\u010daju hrvatskih intelektualaca u iseljeni\u0161tvu; Zagreb, 27. 1. 2023. - Institut dru&scaron;tvenih znanosti Ivo Pilar","og_description":"U prostorijama Humanitarne udruge \u201efra Mladen Hrka\u0107\u201c na Kvaternikovom trgu u Zagrebu, u partnerstvu s udrugom Hrvatska uzdanica, 27. sije\u010dnja 2023. odr\u017ean je okrugli stol na temu \u201eUtjecaj i zna\u010daj hrvatskih intelektualaca u iseljeni\u0161tvu\u201c. Na doga\u0111aju se okupilo gotovo 30 sudionika zainteresiranih za temu i suradnju u okviru tematske mre\u017ee Okrugli stol otvorili su mladi&hellip; Pro\u010ditaj vi\u0161e o Odr\u017ean okrugli stol o utjecaju i zna\u010daju hrvatskih intelektualaca u iseljeni\u0161tvu; Zagreb, 27. 1. 2023.","og_url":"https:\/\/www.vegaintro-projekti.com\/pilar-stari\/2023\/01\/odrzan-okrugli-stol-o-utjecaju-i-znacaju-hrvatskih-intelektualaca-u-iseljenistvu-zagreb-27-1-2023\/","og_site_name":"Institut dru&scaron;tvenih znanosti Ivo Pilar","article_published_time":"2023-01-27T19:15:05+00:00","article_modified_time":"2023-02-09T20:32:47+00:00","og_image":[{"width":499,"height":221,"url":"https:\/\/www.vegaintro-projekti.com\/pilar-stari\/wp-content\/uploads\/2023\/02\/IMG_1fi.jpg","type":"image\/jpeg"}],"author":"Boris","twitter_card":"summary_large_image","twitter_misc":{"Napisao\/la":"Boris","Procijenjeno vrijeme \u010ditanja":"4 minute"},"schema":{"@context":"https:\/\/schema.org","@graph":[{"@type":"WebPage","@id":"https:\/\/www.vegaintro-projekti.com\/pilar-stari\/2023\/01\/odrzan-okrugli-stol-o-utjecaju-i-znacaju-hrvatskih-intelektualaca-u-iseljenistvu-zagreb-27-1-2023\/","url":"https:\/\/www.vegaintro-projekti.com\/pilar-stari\/2023\/01\/odrzan-okrugli-stol-o-utjecaju-i-znacaju-hrvatskih-intelektualaca-u-iseljenistvu-zagreb-27-1-2023\/","name":"Odr\u017ean okrugli stol o utjecaju i zna\u010daju hrvatskih intelektualaca u iseljeni\u0161tvu; Zagreb, 27. 1. 2023. - Institut dru&scaron;tvenih znanosti Ivo Pilar","isPartOf":{"@id":"https:\/\/www.vegaintro-projekti.com\/pilar-stari\/#website"},"datePublished":"2023-01-27T19:15:05+00:00","dateModified":"2023-02-09T20:32:47+00:00","author":{"@id":"https:\/\/www.vegaintro-projekti.com\/pilar-stari\/#\/schema\/person\/ddd404c9f1e15e4ffef5986ac6a5d28b"},"breadcrumb":{"@id":"https:\/\/www.vegaintro-projekti.com\/pilar-stari\/2023\/01\/odrzan-okrugli-stol-o-utjecaju-i-znacaju-hrvatskih-intelektualaca-u-iseljenistvu-zagreb-27-1-2023\/#breadcrumb"},"inLanguage":"hr","potentialAction":[{"@type":"ReadAction","target":["https:\/\/www.vegaintro-projekti.com\/pilar-stari\/2023\/01\/odrzan-okrugli-stol-o-utjecaju-i-znacaju-hrvatskih-intelektualaca-u-iseljenistvu-zagreb-27-1-2023\/"]}]},{"@type":"BreadcrumbList","@id":"https:\/\/www.vegaintro-projekti.com\/pilar-stari\/2023\/01\/odrzan-okrugli-stol-o-utjecaju-i-znacaju-hrvatskih-intelektualaca-u-iseljenistvu-zagreb-27-1-2023\/#breadcrumb","itemListElement":[{"@type":"ListItem","position":1,"name":"Home","item":"https:\/\/www.vegaintro-projekti.com\/pilar-stari\/"},{"@type":"ListItem","position":2,"name":"Odr\u017ean okrugli stol o utjecaju i zna\u010daju hrvatskih intelektualaca u iseljeni\u0161tvu; Zagreb, 27. 1. 2023."}]},{"@type":"WebSite","@id":"https:\/\/www.vegaintro-projekti.com\/pilar-stari\/#website","url":"https:\/\/www.vegaintro-projekti.com\/pilar-stari\/","name":"Institut dru&scaron;tvenih znanosti Ivo Pilar","description":"Pilar","potentialAction":[{"@type":"SearchAction","target":{"@type":"EntryPoint","urlTemplate":"https:\/\/www.vegaintro-projekti.com\/pilar-stari\/?s={search_term_string}"},"query-input":"required name=search_term_string"}],"inLanguage":"hr"},{"@type":"Person","@id":"https:\/\/www.vegaintro-projekti.com\/pilar-stari\/#\/schema\/person\/ddd404c9f1e15e4ffef5986ac6a5d28b","name":"Boris","image":{"@type":"ImageObject","inLanguage":"hr","@id":"https:\/\/www.vegaintro-projekti.com\/pilar-stari\/#\/schema\/person\/image\/","url":"https:\/\/secure.gravatar.com\/avatar\/29557b161a6ce6ab86ac1503164f1e90?s=96&d=mm&r=g","contentUrl":"https:\/\/secure.gravatar.com\/avatar\/29557b161a6ce6ab86ac1503164f1e90?s=96&d=mm&r=g","caption":"Boris"},"url":"https:\/\/www.vegaintro-projekti.com\/pilar-stari\/author\/boris\/"}]}},"_links":{"self":[{"href":"https:\/\/www.vegaintro-projekti.com\/pilar-stari\/wp-json\/wp\/v2\/posts\/25118"}],"collection":[{"href":"https:\/\/www.vegaintro-projekti.com\/pilar-stari\/wp-json\/wp\/v2\/posts"}],"about":[{"href":"https:\/\/www.vegaintro-projekti.com\/pilar-stari\/wp-json\/wp\/v2\/types\/post"}],"author":[{"embeddable":true,"href":"https:\/\/www.vegaintro-projekti.com\/pilar-stari\/wp-json\/wp\/v2\/users\/7"}],"replies":[{"embeddable":true,"href":"https:\/\/www.vegaintro-projekti.com\/pilar-stari\/wp-json\/wp\/v2\/comments?post=25118"}],"version-history":[{"count":7,"href":"https:\/\/www.vegaintro-projekti.com\/pilar-stari\/wp-json\/wp\/v2\/posts\/25118\/revisions"}],"predecessor-version":[{"id":25126,"href":"https:\/\/www.vegaintro-projekti.com\/pilar-stari\/wp-json\/wp\/v2\/posts\/25118\/revisions\/25126"}],"wp:featuredmedia":[{"embeddable":true,"href":"https:\/\/www.vegaintro-projekti.com\/pilar-stari\/wp-json\/wp\/v2\/media\/25106"}],"wp:attachment":[{"href":"https:\/\/www.vegaintro-projekti.com\/pilar-stari\/wp-json\/wp\/v2\/media?parent=25118"}],"wp:term":[{"taxonomy":"category","embeddable":true,"href":"https:\/\/www.vegaintro-projekti.com\/pilar-stari\/wp-json\/wp\/v2\/categories?post=25118"},{"taxonomy":"post_tag","embeddable":true,"href":"https:\/\/www.vegaintro-projekti.com\/pilar-stari\/wp-json\/wp\/v2\/tags?post=25118"}],"curies":[{"name":"wp","href":"https:\/\/api.w.org\/{rel}","templated":true}]}}