{"id":25281,"date":"2023-03-02T10:04:55","date_gmt":"2023-03-02T10:04:55","guid":{"rendered":"https:\/\/www.vegaintro-projekti.com\/pilar-stari\/?p=25281"},"modified":"2023-03-02T10:16:04","modified_gmt":"2023-03-02T10:16:04","slug":"predstavljanje-radova-znanstvenika-instituta-u-sklopu-mjeseca-varazdinske-znanstvene-knjige-22-2-2023","status":"publish","type":"post","link":"https:\/\/www.vegaintro-projekti.com\/pilar-stari\/2023\/03\/predstavljanje-radova-znanstvenika-instituta-u-sklopu-mjeseca-varazdinske-znanstvene-knjige-22-2-2023\/","title":{"rendered":"Predstavljanje radova znanstvenika Instituta u sklopu Mjeseca vara\u017edinske znanstvene knjige, 22. 2. 2023."},"content":{"rendered":"<p><strong>U sklopu Mjeseca vara\u017edinske znanstvene knjige 22.2.2023. u 12 sati u Gradskoj knji\u017enici i \u010ditaonici Metel O\u017eegovi\u0107 u Vara\u017edinu predstavljen je 33. broj godi\u0161njeg \u010dasopisa Radovi Zavoda za znanstveni rad HAZU Vara\u017edin. U \u010dasopisu su objavljeni i radovi znanstvenika Instituta Pilar na temu djeca i digitalne tehnologije<\/strong><\/p>\n<p><img decoding=\"async\" loading=\"lazy\" class=\"alignnone wp-image-25278 size-full\" src=\"https:\/\/www.vegaintro-projekti.com\/pilar-stari\/wp-content\/uploads\/2023\/03\/IMG_1s.jpg\" alt=\"\" width=\"310\" height=\"219\" srcset=\"https:\/\/www.vegaintro-projekti.com\/pilar-stari\/wp-content\/uploads\/2023\/03\/IMG_1s.jpg 310w, https:\/\/www.vegaintro-projekti.com\/pilar-stari\/wp-content\/uploads\/2023\/03\/IMG_1s-300x212.jpg 300w\" sizes=\"(max-width: 310px) 100vw, 310px\" \/><img decoding=\"async\" loading=\"lazy\" class=\"alignnone wp-image-25279 size-full\" src=\"https:\/\/www.vegaintro-projekti.com\/pilar-stari\/wp-content\/uploads\/2023\/03\/IMG_2s.jpg\" alt=\"\" width=\"310\" height=\"219\" srcset=\"https:\/\/www.vegaintro-projekti.com\/pilar-stari\/wp-content\/uploads\/2023\/03\/IMG_2s.jpg 310w, https:\/\/www.vegaintro-projekti.com\/pilar-stari\/wp-content\/uploads\/2023\/03\/IMG_2s-300x212.jpg 300w\" sizes=\"(max-width: 310px) 100vw, 310px\" \/><img decoding=\"async\" loading=\"lazy\" class=\"alignnone wp-image-25280 size-full\" src=\"https:\/\/www.vegaintro-projekti.com\/pilar-stari\/wp-content\/uploads\/2023\/03\/IMG_3s.jpg\" alt=\"\" width=\"620\" height=\"465\" srcset=\"https:\/\/www.vegaintro-projekti.com\/pilar-stari\/wp-content\/uploads\/2023\/03\/IMG_3s.jpg 620w, https:\/\/www.vegaintro-projekti.com\/pilar-stari\/wp-content\/uploads\/2023\/03\/IMG_3s-300x225.jpg 300w\" sizes=\"(max-width: 620px) 100vw, 620px\" \/><\/p>\n<p>&#8211; <a href=\"https:\/\/www.info.hazu.hr\/events\/mjesec-varazdinske-znanstvene-knjige\/\">Mjesec vara\u017edinske znanstvene knjige<\/a><\/p>\n<p>Radove o djeci i digitalnim tehnologijama predstavila je <strong>prof. dr. sc. Andreja Braj\u0161a-\u017dganec<\/strong>, voditeljica Podru\u010dnog centra Vara\u017edin Instituta Pilar. Publika je sa velikim interesom slu\u0161ala i kasnije raspravljala o tome kako sve nove digitalne tehnologije mogu utjecati na razvoj \u0161kolske djece.<\/p>\n<blockquote><p><a href=\"https:\/\/www.vegaintro-projekti.com\/pilar-stari\/biografije\/user-bio\/?my_user_id=8\">Dr. sc. Andreja Braj\u0161a-\u017dganec<\/a><\/p>\n<p><a href=\"https:\/\/www.vegaintro-projekti.com\/pilar-stari\/2011\/04\/podruni-centar-varadin\/\">Podru\u010dni centar Vara\u017edin<\/a><\/p><\/blockquote>\n","protected":false},"excerpt":{"rendered":"<p>U sklopu Mjeseca vara\u017edinske znanstvene knjige 22.2.2023. u 12 sati u Gradskoj knji\u017enici i \u010ditaonici Metel O\u017eegovi\u0107 u Vara\u017edinu predstavljen je 33. broj godi\u0161njeg \u010dasopisa Radovi Zavoda za znanstveni rad HAZU Vara\u017edin. U \u010dasopisu su objavljeni i radovi znanstvenika Instituta Pilar na temu djeca i digitalne tehnologije &#8211; Mjesec vara\u017edinske znanstvene knjige Radove o djeci&hellip; <a class=\"continue\" href=\"https:\/\/www.vegaintro-projekti.com\/pilar-stari\/2023\/03\/predstavljanje-radova-znanstvenika-instituta-u-sklopu-mjeseca-varazdinske-znanstvene-knjige-22-2-2023\/\">Pro\u010ditaj vi\u0161e o<span> Predstavljanje radova znanstvenika Instituta u sklopu Mjeseca vara\u017edinske znanstvene knjige, 22. 2. 2023.<\/span><\/a><\/p>\n","protected":false},"author":7,"featured_media":25280,"comment_status":"closed","ping_status":"closed","sticky":false,"template":"","format":"standard","meta":{"inline_featured_image":false,"ngg_post_thumbnail":0,"footnotes":""},"categories":[11],"tags":[],"yoast_head":"<!-- This site is optimized with the Yoast SEO plugin v21.2 - https:\/\/yoast.com\/wordpress\/plugins\/seo\/ -->\n<title>Predstavljanje radova znanstvenika Instituta u sklopu Mjeseca vara\u017edinske znanstvene knjige, 22. 2. 2023. - Institut dru&scaron;tvenih znanosti Ivo Pilar<\/title>\n<meta name=\"robots\" content=\"noindex, follow, max-snippet:-1, max-image-preview:large, max-video-preview:-1\" \/>\n<meta property=\"og:locale\" content=\"hr_HR\" \/>\n<meta property=\"og:type\" content=\"article\" \/>\n<meta property=\"og:title\" content=\"Predstavljanje radova znanstvenika Instituta u sklopu Mjeseca vara\u017edinske znanstvene knjige, 22. 2. 2023. - Institut dru&scaron;tvenih znanosti Ivo Pilar\" \/>\n<meta property=\"og:description\" content=\"U sklopu Mjeseca vara\u017edinske znanstvene knjige 22.2.2023. u 12 sati u Gradskoj knji\u017enici i \u010ditaonici Metel O\u017eegovi\u0107 u Vara\u017edinu predstavljen je 33. broj godi\u0161njeg \u010dasopisa Radovi Zavoda za znanstveni rad HAZU Vara\u017edin. U \u010dasopisu su objavljeni i radovi znanstvenika Instituta Pilar na temu djeca i digitalne tehnologije &#8211; Mjesec vara\u017edinske znanstvene knjige Radove o djeci&hellip; Pro\u010ditaj vi\u0161e o Predstavljanje radova znanstvenika Instituta u sklopu Mjeseca vara\u017edinske znanstvene knjige, 22. 2. 2023.\" \/>\n<meta property=\"og:url\" content=\"https:\/\/www.vegaintro-projekti.com\/pilar-stari\/2023\/03\/predstavljanje-radova-znanstvenika-instituta-u-sklopu-mjeseca-varazdinske-znanstvene-knjige-22-2-2023\/\" \/>\n<meta property=\"og:site_name\" content=\"Institut dru&scaron;tvenih znanosti Ivo Pilar\" \/>\n<meta property=\"article:published_time\" content=\"2023-03-02T10:04:55+00:00\" \/>\n<meta property=\"article:modified_time\" content=\"2023-03-02T10:16:04+00:00\" \/>\n<meta property=\"og:image\" content=\"https:\/\/www.vegaintro-projekti.com\/pilar-stari\/wp-content\/uploads\/2023\/03\/IMG_3s.jpg\" \/>\n\t<meta property=\"og:image:width\" content=\"620\" \/>\n\t<meta property=\"og:image:height\" content=\"465\" \/>\n\t<meta property=\"og:image:type\" content=\"image\/jpeg\" \/>\n<meta name=\"author\" content=\"Boris\" \/>\n<meta name=\"twitter:card\" content=\"summary_large_image\" \/>\n<meta name=\"twitter:label1\" content=\"Napisao\/la\" \/>\n\t<meta name=\"twitter:data1\" content=\"Boris\" \/>\n\t<meta name=\"twitter:label2\" content=\"Procijenjeno vrijeme \u010ditanja\" \/>\n\t<meta name=\"twitter:data2\" content=\"2 minute\" \/>\n<script type=\"application\/ld+json\" class=\"yoast-schema-graph\">{\"@context\":\"https:\/\/schema.org\",\"@graph\":[{\"@type\":\"WebPage\",\"@id\":\"https:\/\/www.vegaintro-projekti.com\/pilar-stari\/2023\/03\/predstavljanje-radova-znanstvenika-instituta-u-sklopu-mjeseca-varazdinske-znanstvene-knjige-22-2-2023\/\",\"url\":\"https:\/\/www.vegaintro-projekti.com\/pilar-stari\/2023\/03\/predstavljanje-radova-znanstvenika-instituta-u-sklopu-mjeseca-varazdinske-znanstvene-knjige-22-2-2023\/\",\"name\":\"Predstavljanje radova znanstvenika Instituta u sklopu Mjeseca vara\u017edinske znanstvene knjige, 22. 2. 2023. - Institut dru&scaron;tvenih znanosti Ivo Pilar\",\"isPartOf\":{\"@id\":\"https:\/\/www.vegaintro-projekti.com\/pilar-stari\/#website\"},\"datePublished\":\"2023-03-02T10:04:55+00:00\",\"dateModified\":\"2023-03-02T10:16:04+00:00\",\"author\":{\"@id\":\"https:\/\/www.vegaintro-projekti.com\/pilar-stari\/#\/schema\/person\/ddd404c9f1e15e4ffef5986ac6a5d28b\"},\"breadcrumb\":{\"@id\":\"https:\/\/www.vegaintro-projekti.com\/pilar-stari\/2023\/03\/predstavljanje-radova-znanstvenika-instituta-u-sklopu-mjeseca-varazdinske-znanstvene-knjige-22-2-2023\/#breadcrumb\"},\"inLanguage\":\"hr\",\"potentialAction\":[{\"@type\":\"ReadAction\",\"target\":[\"https:\/\/www.vegaintro-projekti.com\/pilar-stari\/2023\/03\/predstavljanje-radova-znanstvenika-instituta-u-sklopu-mjeseca-varazdinske-znanstvene-knjige-22-2-2023\/\"]}]},{\"@type\":\"BreadcrumbList\",\"@id\":\"https:\/\/www.vegaintro-projekti.com\/pilar-stari\/2023\/03\/predstavljanje-radova-znanstvenika-instituta-u-sklopu-mjeseca-varazdinske-znanstvene-knjige-22-2-2023\/#breadcrumb\",\"itemListElement\":[{\"@type\":\"ListItem\",\"position\":1,\"name\":\"Home\",\"item\":\"https:\/\/www.vegaintro-projekti.com\/pilar-stari\/\"},{\"@type\":\"ListItem\",\"position\":2,\"name\":\"Predstavljanje radova znanstvenika Instituta u sklopu Mjeseca vara\u017edinske znanstvene knjige, 22. 2. 2023.\"}]},{\"@type\":\"WebSite\",\"@id\":\"https:\/\/www.vegaintro-projekti.com\/pilar-stari\/#website\",\"url\":\"https:\/\/www.vegaintro-projekti.com\/pilar-stari\/\",\"name\":\"Institut dru&scaron;tvenih znanosti Ivo Pilar\",\"description\":\"Pilar\",\"potentialAction\":[{\"@type\":\"SearchAction\",\"target\":{\"@type\":\"EntryPoint\",\"urlTemplate\":\"https:\/\/www.vegaintro-projekti.com\/pilar-stari\/?s={search_term_string}\"},\"query-input\":\"required name=search_term_string\"}],\"inLanguage\":\"hr\"},{\"@type\":\"Person\",\"@id\":\"https:\/\/www.vegaintro-projekti.com\/pilar-stari\/#\/schema\/person\/ddd404c9f1e15e4ffef5986ac6a5d28b\",\"name\":\"Boris\",\"image\":{\"@type\":\"ImageObject\",\"inLanguage\":\"hr\",\"@id\":\"https:\/\/www.vegaintro-projekti.com\/pilar-stari\/#\/schema\/person\/image\/\",\"url\":\"https:\/\/secure.gravatar.com\/avatar\/29557b161a6ce6ab86ac1503164f1e90?s=96&d=mm&r=g\",\"contentUrl\":\"https:\/\/secure.gravatar.com\/avatar\/29557b161a6ce6ab86ac1503164f1e90?s=96&d=mm&r=g\",\"caption\":\"Boris\"},\"url\":\"https:\/\/www.vegaintro-projekti.com\/pilar-stari\/author\/boris\/\"}]}<\/script>\n<!-- \/ Yoast SEO plugin. -->","yoast_head_json":{"title":"Predstavljanje radova znanstvenika Instituta u sklopu Mjeseca vara\u017edinske znanstvene knjige, 22. 2. 2023. - Institut dru&scaron;tvenih znanosti Ivo Pilar","robots":{"index":"noindex","follow":"follow","max-snippet":"max-snippet:-1","max-image-preview":"max-image-preview:large","max-video-preview":"max-video-preview:-1"},"og_locale":"hr_HR","og_type":"article","og_title":"Predstavljanje radova znanstvenika Instituta u sklopu Mjeseca vara\u017edinske znanstvene knjige, 22. 2. 2023. - Institut dru&scaron;tvenih znanosti Ivo Pilar","og_description":"U sklopu Mjeseca vara\u017edinske znanstvene knjige 22.2.2023. u 12 sati u Gradskoj knji\u017enici i \u010ditaonici Metel O\u017eegovi\u0107 u Vara\u017edinu predstavljen je 33. broj godi\u0161njeg \u010dasopisa Radovi Zavoda za znanstveni rad HAZU Vara\u017edin. U \u010dasopisu su objavljeni i radovi znanstvenika Instituta Pilar na temu djeca i digitalne tehnologije &#8211; Mjesec vara\u017edinske znanstvene knjige Radove o djeci&hellip; Pro\u010ditaj vi\u0161e o Predstavljanje radova znanstvenika Instituta u sklopu Mjeseca vara\u017edinske znanstvene knjige, 22. 2. 2023.","og_url":"https:\/\/www.vegaintro-projekti.com\/pilar-stari\/2023\/03\/predstavljanje-radova-znanstvenika-instituta-u-sklopu-mjeseca-varazdinske-znanstvene-knjige-22-2-2023\/","og_site_name":"Institut dru&scaron;tvenih znanosti Ivo Pilar","article_published_time":"2023-03-02T10:04:55+00:00","article_modified_time":"2023-03-02T10:16:04+00:00","og_image":[{"width":620,"height":465,"url":"https:\/\/www.vegaintro-projekti.com\/pilar-stari\/wp-content\/uploads\/2023\/03\/IMG_3s.jpg","type":"image\/jpeg"}],"author":"Boris","twitter_card":"summary_large_image","twitter_misc":{"Napisao\/la":"Boris","Procijenjeno vrijeme \u010ditanja":"2 minute"},"schema":{"@context":"https:\/\/schema.org","@graph":[{"@type":"WebPage","@id":"https:\/\/www.vegaintro-projekti.com\/pilar-stari\/2023\/03\/predstavljanje-radova-znanstvenika-instituta-u-sklopu-mjeseca-varazdinske-znanstvene-knjige-22-2-2023\/","url":"https:\/\/www.vegaintro-projekti.com\/pilar-stari\/2023\/03\/predstavljanje-radova-znanstvenika-instituta-u-sklopu-mjeseca-varazdinske-znanstvene-knjige-22-2-2023\/","name":"Predstavljanje radova znanstvenika Instituta u sklopu Mjeseca vara\u017edinske znanstvene knjige, 22. 2. 2023. - Institut dru&scaron;tvenih znanosti Ivo Pilar","isPartOf":{"@id":"https:\/\/www.vegaintro-projekti.com\/pilar-stari\/#website"},"datePublished":"2023-03-02T10:04:55+00:00","dateModified":"2023-03-02T10:16:04+00:00","author":{"@id":"https:\/\/www.vegaintro-projekti.com\/pilar-stari\/#\/schema\/person\/ddd404c9f1e15e4ffef5986ac6a5d28b"},"breadcrumb":{"@id":"https:\/\/www.vegaintro-projekti.com\/pilar-stari\/2023\/03\/predstavljanje-radova-znanstvenika-instituta-u-sklopu-mjeseca-varazdinske-znanstvene-knjige-22-2-2023\/#breadcrumb"},"inLanguage":"hr","potentialAction":[{"@type":"ReadAction","target":["https:\/\/www.vegaintro-projekti.com\/pilar-stari\/2023\/03\/predstavljanje-radova-znanstvenika-instituta-u-sklopu-mjeseca-varazdinske-znanstvene-knjige-22-2-2023\/"]}]},{"@type":"BreadcrumbList","@id":"https:\/\/www.vegaintro-projekti.com\/pilar-stari\/2023\/03\/predstavljanje-radova-znanstvenika-instituta-u-sklopu-mjeseca-varazdinske-znanstvene-knjige-22-2-2023\/#breadcrumb","itemListElement":[{"@type":"ListItem","position":1,"name":"Home","item":"https:\/\/www.vegaintro-projekti.com\/pilar-stari\/"},{"@type":"ListItem","position":2,"name":"Predstavljanje radova znanstvenika Instituta u sklopu Mjeseca vara\u017edinske znanstvene knjige, 22. 2. 2023."}]},{"@type":"WebSite","@id":"https:\/\/www.vegaintro-projekti.com\/pilar-stari\/#website","url":"https:\/\/www.vegaintro-projekti.com\/pilar-stari\/","name":"Institut dru&scaron;tvenih znanosti Ivo Pilar","description":"Pilar","potentialAction":[{"@type":"SearchAction","target":{"@type":"EntryPoint","urlTemplate":"https:\/\/www.vegaintro-projekti.com\/pilar-stari\/?s={search_term_string}"},"query-input":"required name=search_term_string"}],"inLanguage":"hr"},{"@type":"Person","@id":"https:\/\/www.vegaintro-projekti.com\/pilar-stari\/#\/schema\/person\/ddd404c9f1e15e4ffef5986ac6a5d28b","name":"Boris","image":{"@type":"ImageObject","inLanguage":"hr","@id":"https:\/\/www.vegaintro-projekti.com\/pilar-stari\/#\/schema\/person\/image\/","url":"https:\/\/secure.gravatar.com\/avatar\/29557b161a6ce6ab86ac1503164f1e90?s=96&d=mm&r=g","contentUrl":"https:\/\/secure.gravatar.com\/avatar\/29557b161a6ce6ab86ac1503164f1e90?s=96&d=mm&r=g","caption":"Boris"},"url":"https:\/\/www.vegaintro-projekti.com\/pilar-stari\/author\/boris\/"}]}},"_links":{"self":[{"href":"https:\/\/www.vegaintro-projekti.com\/pilar-stari\/wp-json\/wp\/v2\/posts\/25281"}],"collection":[{"href":"https:\/\/www.vegaintro-projekti.com\/pilar-stari\/wp-json\/wp\/v2\/posts"}],"about":[{"href":"https:\/\/www.vegaintro-projekti.com\/pilar-stari\/wp-json\/wp\/v2\/types\/post"}],"author":[{"embeddable":true,"href":"https:\/\/www.vegaintro-projekti.com\/pilar-stari\/wp-json\/wp\/v2\/users\/7"}],"replies":[{"embeddable":true,"href":"https:\/\/www.vegaintro-projekti.com\/pilar-stari\/wp-json\/wp\/v2\/comments?post=25281"}],"version-history":[{"count":4,"href":"https:\/\/www.vegaintro-projekti.com\/pilar-stari\/wp-json\/wp\/v2\/posts\/25281\/revisions"}],"predecessor-version":[{"id":25287,"href":"https:\/\/www.vegaintro-projekti.com\/pilar-stari\/wp-json\/wp\/v2\/posts\/25281\/revisions\/25287"}],"wp:featuredmedia":[{"embeddable":true,"href":"https:\/\/www.vegaintro-projekti.com\/pilar-stari\/wp-json\/wp\/v2\/media\/25280"}],"wp:attachment":[{"href":"https:\/\/www.vegaintro-projekti.com\/pilar-stari\/wp-json\/wp\/v2\/media?parent=25281"}],"wp:term":[{"taxonomy":"category","embeddable":true,"href":"https:\/\/www.vegaintro-projekti.com\/pilar-stari\/wp-json\/wp\/v2\/categories?post=25281"},{"taxonomy":"post_tag","embeddable":true,"href":"https:\/\/www.vegaintro-projekti.com\/pilar-stari\/wp-json\/wp\/v2\/tags?post=25281"}],"curies":[{"name":"wp","href":"https:\/\/api.w.org\/{rel}","templated":true}]}}