{"id":25350,"date":"2023-03-16T20:50:27","date_gmt":"2023-03-16T20:50:27","guid":{"rendered":"https:\/\/www.vegaintro-projekti.com\/pilar-stari\/?p=25350"},"modified":"2023-04-01T10:03:15","modified_gmt":"2023-04-01T10:03:15","slug":"zavrsna-konferencija-projekta-regulacija-prostitucije-u-hrvatskoj-zagreb-15-3-2023","status":"publish","type":"post","link":"https:\/\/www.vegaintro-projekti.com\/pilar-stari\/2023\/03\/zavrsna-konferencija-projekta-regulacija-prostitucije-u-hrvatskoj-zagreb-15-3-2023\/","title":{"rendered":"Zavr\u0161na konferencija projekta Regulacija prostitucije u Hrvatskoj; Zagreb, 15. 3. 2023."},"content":{"rendered":"<p><strong>Zavr\u0161na konferencija projekta Regulacija prostitucije u Hrvatskoj, koju provodi Institut dru\u0161tvenih znanosti Ivo Pilar uz financijsku potporu Hrvatske zaklade za znanost, odr\u017eala se 15. o\u017eujka 2023. u Novinarskom domu. <\/strong>&#8211; <a href=\"#mediji\">Iz medija<\/a> | <a href=\"https:\/\/www.vegaintro-projekti.com\/pilar-stari\/wp-content\/uploads\/2023\/03\/Sazetak_istrazivanja_ProReg.pdf\">Sa\u017eeci rezultata istra\u017eivanja<\/a><\/p>\n<p><a href=\"https:\/\/www.vegaintro-projekti.com\/pilar-stari\/wp-content\/uploads\/2023\/03\/IMG_1-3.jpg\"><img decoding=\"async\" loading=\"lazy\" class=\"alignnone wp-image-25381 size-full\" src=\"https:\/\/www.vegaintro-projekti.com\/pilar-stari\/wp-content\/uploads\/2023\/03\/IMG_1s-3.jpg\" alt=\"\" width=\"310\" height=\"413\" srcset=\"https:\/\/www.vegaintro-projekti.com\/pilar-stari\/wp-content\/uploads\/2023\/03\/IMG_1s-3.jpg 310w, https:\/\/www.vegaintro-projekti.com\/pilar-stari\/wp-content\/uploads\/2023\/03\/IMG_1s-3-225x300.jpg 225w\" sizes=\"(max-width: 310px) 100vw, 310px\" \/><\/a><a href=\"https:\/\/www.vegaintro-projekti.com\/pilar-stari\/wp-content\/uploads\/2023\/03\/IMG_2-2.jpg\"><img decoding=\"async\" loading=\"lazy\" class=\"alignnone wp-image-25383 size-full\" src=\"https:\/\/www.vegaintro-projekti.com\/pilar-stari\/wp-content\/uploads\/2023\/03\/IMG_2s-3.jpg\" alt=\"\" width=\"310\" height=\"413\" srcset=\"https:\/\/www.vegaintro-projekti.com\/pilar-stari\/wp-content\/uploads\/2023\/03\/IMG_2s-3.jpg 310w, https:\/\/www.vegaintro-projekti.com\/pilar-stari\/wp-content\/uploads\/2023\/03\/IMG_2s-3-225x300.jpg 225w\" sizes=\"(max-width: 310px) 100vw, 310px\" \/><\/a><a href=\"https:\/\/www.vegaintro-projekti.com\/pilar-stari\/wp-content\/uploads\/2023\/03\/IMG_3-1.jpg\"><img decoding=\"async\" loading=\"lazy\" class=\"alignnone wp-image-25385 size-full\" src=\"https:\/\/www.vegaintro-projekti.com\/pilar-stari\/wp-content\/uploads\/2023\/03\/IMG_3s-1.jpg\" alt=\"\" width=\"620\" height=\"465\" srcset=\"https:\/\/www.vegaintro-projekti.com\/pilar-stari\/wp-content\/uploads\/2023\/03\/IMG_3s-1.jpg 620w, https:\/\/www.vegaintro-projekti.com\/pilar-stari\/wp-content\/uploads\/2023\/03\/IMG_3s-1-300x225.jpg 300w\" sizes=\"(max-width: 620px) 100vw, 620px\" \/><\/a><a href=\"https:\/\/www.vegaintro-projekti.com\/pilar-stari\/wp-content\/uploads\/2023\/03\/IMG_4.jpg\"><img decoding=\"async\" loading=\"lazy\" class=\"alignnone wp-image-25387 size-full\" src=\"https:\/\/www.vegaintro-projekti.com\/pilar-stari\/wp-content\/uploads\/2023\/03\/IMG_4s.jpg\" alt=\"\" width=\"310\" height=\"413\" srcset=\"https:\/\/www.vegaintro-projekti.com\/pilar-stari\/wp-content\/uploads\/2023\/03\/IMG_4s.jpg 310w, https:\/\/www.vegaintro-projekti.com\/pilar-stari\/wp-content\/uploads\/2023\/03\/IMG_4s-225x300.jpg 225w\" sizes=\"(max-width: 310px) 100vw, 310px\" \/><\/a><a href=\"https:\/\/www.vegaintro-projekti.com\/pilar-stari\/wp-content\/uploads\/2023\/03\/IMG_5.jpeg\"><img decoding=\"async\" loading=\"lazy\" class=\"alignnone wp-image-25390 size-full\" src=\"https:\/\/www.vegaintro-projekti.com\/pilar-stari\/wp-content\/uploads\/2023\/03\/IMG_5s.jpg\" alt=\"\" width=\"310\" height=\"413\" srcset=\"https:\/\/www.vegaintro-projekti.com\/pilar-stari\/wp-content\/uploads\/2023\/03\/IMG_5s.jpg 310w, https:\/\/www.vegaintro-projekti.com\/pilar-stari\/wp-content\/uploads\/2023\/03\/IMG_5s-225x300.jpg 225w\" sizes=\"(max-width: 310px) 100vw, 310px\" \/><\/a><\/p>\n<p>&#8211; <a href=\"https:\/\/www.vegaintro-projekti.com\/pilar-stari\/wp-content\/uploads\/2023\/03\/Sazetak_istrazivanja_ProReg.pdf\">Sa\u017eeci rezultata istra\u017eivanja<\/a><br \/>\n&#8211; <a href=\"https:\/\/www.vegaintro-projekti.com\/pilar-stari\/wp-content\/uploads\/2023\/03\/program.pdf\">Program konferencije<\/a> | <a href=\"https:\/\/www.vegaintro-projekti.com\/pilar-stari\/wp-content\/uploads\/2023\/03\/poster.png\">Poster konferencije<\/a><\/p>\n<p>U prvom dijelu konferencije \u010dlanovi istra\u017eiva\u010dkog tima izlo\u017eili su rezultate provedenih istra\u017eivanja, dok se u drugom dijelu konferencije odr\u017eala panel rasprava s aktivisti(ca)ma za za\u0161titu prava seksualnih radnica\/ka iz Hrvatske, Slovenije, Gr\u010dke te Austrije i Makedonije.<\/p>\n<p>Nalazi istra\u017eivanja, u kontekstu komparativnih istra\u017eivanja i standarda za\u0161tite ljudskih prava, upu\u0107uju da je u Hrvatskoj potrebno dekriminalizirati prodaju seksualnih usluga u skladu s me\u0111unarodnopravnim standardima; donijeti efikasne javne politike koje bi adresirale nepovoljne socioekonomske uvjete koje su jedan (za neke klju\u010dni) od razlog ulaska u prostituciju, osigurati sustave podr\u0161ke i strategije izlaska za one koje \u017eele iza\u0107i iz prostitucije. Tako\u0111er, u izradu javnih politika potrebno je uklju\u010diti i glasove osoba koje prodaju seksualne usluge.<\/p>\n<p><a href=\"https:\/\/www.youtube.com\/watch?v=Qr-aK780xL0\"><img decoding=\"async\" loading=\"lazy\" class=\"alignnone wp-image-25393 size-full\" src=\"https:\/\/www.vegaintro-projekti.com\/pilar-stari\/wp-content\/uploads\/2023\/03\/vz_1.jpg\" alt=\"\" width=\"310\" height=\"205\" srcset=\"https:\/\/www.vegaintro-projekti.com\/pilar-stari\/wp-content\/uploads\/2023\/03\/vz_1.jpg 310w, https:\/\/www.vegaintro-projekti.com\/pilar-stari\/wp-content\/uploads\/2023\/03\/vz_1-300x198.jpg 300w\" sizes=\"(max-width: 310px) 100vw, 310px\" \/><\/a><a href=\"https:\/\/www.youtube.com\/watch?v=GO8sqZ222_w\"><img decoding=\"async\" loading=\"lazy\" class=\"alignnone wp-image-25394 size-full\" src=\"https:\/\/www.vegaintro-projekti.com\/pilar-stari\/wp-content\/uploads\/2023\/03\/vz_2.jpg\" alt=\"\" width=\"310\" height=\"205\" srcset=\"https:\/\/www.vegaintro-projekti.com\/pilar-stari\/wp-content\/uploads\/2023\/03\/vz_2.jpg 310w, https:\/\/www.vegaintro-projekti.com\/pilar-stari\/wp-content\/uploads\/2023\/03\/vz_2-300x198.jpg 300w\" sizes=\"(max-width: 310px) 100vw, 310px\" \/><\/a><\/p>\n<p><strong>&#8211; Videozapisi:<\/strong> <a href=\"https:\/\/www.youtube.com\/watch?v=Qr-aK780xL0\">HINA multimedija<\/a> | <a href=\"https:\/\/www.youtube.com\/watch?v=GO8sqZ222_w\">Z1 Televizija<\/a><\/p>\n<p>U drugom dijelu konferencije panelisti su iznijeli iskustva iz razli\u010ditih konteksta u kojima rade, uvelike se osvr\u0107u\u0107i na manjkavosti regulatornih modela koji su na snazi u zemljama iz kojih dolaze. Smatraju kako je dvostruki moral klju\u010dno pitanje koje onemogu\u0107ava poimanje seksualnog rada kao samo jo\u0161 jednog oblika rada te da je normalizacija tu klju\u010dno pitanje \u2013 nagla\u0161avaju kako su i seksualni radnici\/ce i klijenti ljudi s istim potrebama, problemima i razmi\u0161ljanjima kao i svi ostali. Zaklju\u010dili su kako, osim \u0161to je potrebno \u010duti i uva\u017eiti potrebe seksualnih radnika\/ca pri dono\u0161enju javnih politika, iznimno va\u017eno i dalje provoditi znanstvena istra\u017eivanja te anga\u017eirati sve savezni\u010dke organizacije i pojedince u zagovaranje i za\u0161titu prava seksualnih radnika\/ca.<\/p>\n<p><img decoding=\"async\" loading=\"lazy\" class=\"alignnone wp-image-25348 size-full\" src=\"https:\/\/www.vegaintro-projekti.com\/pilar-stari\/wp-content\/uploads\/2023\/03\/poster_s.jpg\" alt=\"\" width=\"620\" height=\"877\" srcset=\"https:\/\/www.vegaintro-projekti.com\/pilar-stari\/wp-content\/uploads\/2023\/03\/poster_s.jpg 620w, https:\/\/www.vegaintro-projekti.com\/pilar-stari\/wp-content\/uploads\/2023\/03\/poster_s-212x300.jpg 212w\" sizes=\"(max-width: 620px) 100vw, 620px\" \/><\/p>\n<p><a id=\"mediji\"><\/a><span style=\"font-size: 14pt;\">Iz medija<\/span><\/p>\n<p>&#8211; <a href=\"https:\/\/www.youtube.com\/watch?v=Qr-aK780xL0\">https:\/\/www.youtube.com\/watch?v=Qr-aK780xL0<\/a><br \/>\n&#8211; <a href=\"https:\/\/vijesti.hrt.hr\/hrvatska\/zavrsna-konferencija-projekta-regulacija-prostitucije-u-hrvatskoj--10662609\">https:\/\/vijesti.hrt.hr\/hrvatska\/zavrsna-konferencija-projekta-regulacija-prostitucije-u-hrvatskoj&#8211;10662609<\/a><br \/>\n&#8211; <a href=\"https:\/\/www.vecernji.hr\/vijesti\/seksualni-radnici-zalazu-se-za-regulaciju-zele-legalnu-zaradu-pravo-na-kredit-i-osiguranje-1664519\">https:\/\/www.vecernji.hr\/vijesti\/seksualni-radnici-zalazu-se-za-regulaciju-zele-legalnu-zaradu-pravo-na-kredit-i-osiguranje-1664519<\/a><br \/>\n&#8211; <a href=\"https:\/\/www.tportal.hr\/vijesti\/clanak\/istrazivanje-pokazalo-hrvatska-treba-dekriminalizirati-prostituciju-20230315\/print\">https:\/\/www.tportal.hr\/vijesti\/clanak\/istrazivanje-pokazalo-hrvatska-treba-dekriminalizirati-prostituciju-20230315\/print<\/a><br \/>\n&#8211; <a href=\"https:\/\/www.osijekexpress.com\/2023\/03\/15\/treba-li-prostitucija-biti-dekriminalizirana-u-hrvatskoj-istrazivanje\/\">https:\/\/www.osijekexpress.com\/2023\/03\/15\/treba-li-prostitucija-biti-dekriminalizirana-u-hrvatskoj-istrazivanje\/<\/a><br \/>\n&#8211; <a href=\"https:\/\/m.sibenik.in\/hrvatska\/'hrvatska-treba-dekriminalizirati-prodaju-seksualnih-usluga'\/169628.html\">https:\/\/m.sibenik.in\/hrvatska\/&#8217;hrvatska-treba-dekriminalizirati-prodaju-seksualnih-usluga&#8217;\/169628.html<\/a><br \/>\n&#8211; <a href=\"https:\/\/www.istra24.hr\/politika-i-drustvo\/hrvatska-treba-dekriminalizirati-prodaju-seksualnih-usluga\">https:\/\/www.istra24.hr\/politika-i-drustvo\/hrvatska-treba-dekriminalizirati-prodaju-seksualnih-usluga<\/a><br \/>\n&#8211; <a href=\"https:\/\/www.zagreb.info\/aktualno\/prostitucija-u-zagrebu-strucnjaci-isticu-mnogo-problema-ali-i-jedan-fenomen-oko-ulicnih-prostitutki\/500087\/\">https:\/\/www.zagreb.info\/aktualno\/prostitucija-u-zagrebu-strucnjaci-isticu-mnogo-problema-ali-i-jedan-fenomen-oko-ulicnih-prostitutki\/500087\/<\/a><br \/>\n&#8211; <a href=\"https:\/\/www.nacional.hr\/istrazivanje-o-prostituciji-dekriminalizirati-prodaju-seksualnih-usluga\/\">https:\/\/www.nacional.hr\/istrazivanje-o-prostituciji-dekriminalizirati-prodaju-seksualnih-usluga\/<\/a><br \/>\n&#8211; <a href=\"https:\/\/dnevnik.hr\/vijesti\/hrvatska\/istrazivanje-hrvatska-treba-dekriminalizirati-prodaju-seksualnih-usluga---771394.html\">https:\/\/dnevnik.hr\/vijesti\/hrvatska\/istrazivanje-hrvatska-treba-dekriminalizirati-prodaju-seksualnih-usluga&#8212;771394.html<\/a><br \/>\n&#8211; <a href=\"https:\/\/www.index.hr\/vijesti\/clanak\/istrazivanje-o-prostituciji-u-hrvatskoj-za-legalizaciju-su-i-suci-i-policija\/2446691.aspx\">https:\/\/www.index.hr\/vijesti\/clanak\/istrazivanje-o-prostituciji-u-hrvatskoj-za-legalizaciju-su-i-suci-i-policija\/2446691.aspx<\/a><br \/>\n&#8211; <a href=\"https:\/\/www.glas-slavonije.hr\/518037\/1\/Nuzni-su-sustavi-podrske-za-osobe-koje-zele-izici-iz-prostitucije\">https:\/\/www.glas-slavonije.hr\/518037\/1\/Nuzni-su-sustavi-podrske-za-osobe-koje-zele-izici-iz-prostitucije<\/a><br \/>\n&#8211; <a href=\"https:\/\/sib.net.hr\/vijesti\/ostalo-vijesti\/4333289\/hrvatska-prostitutka-za-rtl-ispricala-svoje-iskustvo-ona-i-njene-kolegice-zele-samo-jednu-stvar\/\">https:\/\/sib.net.hr\/vijesti\/ostalo-vijesti\/4333289\/hrvatska-prostitutka-za-rtl-ispricala-svoje-iskustvo-ona-i-njene-kolegice-zele-samo-jednu-stvar\/<\/a><br \/>\n&#8211; <a href=\"https:\/\/www.youtube.com\/watch?v=GO8sqZ222_w\">https:\/\/www.youtube.com\/watch?v=GO8sqZ222_w<\/a><\/p>\n<blockquote><p><a href=\"https:\/\/www.vegaintro-projekti.com\/pilar-stari\/2019\/08\/projekt-proreg-regulacija-prostitucije-u-hrvatskoj\/\">Projekt Regulacija prostitucije u Hrvatskoj<\/a><\/p><\/blockquote>\n","protected":false},"excerpt":{"rendered":"<p>Zavr\u0161na konferencija projekta Regulacija prostitucije u Hrvatskoj, koju provodi Institut dru\u0161tvenih znanosti Ivo Pilar uz financijsku potporu Hrvatske zaklade za znanost, odr\u017eala se 15. o\u017eujka 2023. u Novinarskom domu. &#8211; Iz medija | Sa\u017eeci rezultata istra\u017eivanja &#8211; Sa\u017eeci rezultata istra\u017eivanja &#8211; Program konferencije | Poster konferencije U prvom dijelu konferencije \u010dlanovi istra\u017eiva\u010dkog tima izlo\u017eili su&hellip; <a class=\"continue\" href=\"https:\/\/www.vegaintro-projekti.com\/pilar-stari\/2023\/03\/zavrsna-konferencija-projekta-regulacija-prostitucije-u-hrvatskoj-zagreb-15-3-2023\/\">Pro\u010ditaj vi\u0161e o<span> Zavr\u0161na konferencija projekta Regulacija prostitucije u Hrvatskoj; Zagreb, 15. 3. 2023.<\/span><\/a><\/p>\n","protected":false},"author":7,"featured_media":25345,"comment_status":"closed","ping_status":"closed","sticky":false,"template":"","format":"standard","meta":{"inline_featured_image":false,"ngg_post_thumbnail":0,"footnotes":""},"categories":[48,29],"tags":[],"yoast_head":"<!-- This site is optimized with the Yoast SEO plugin v21.2 - https:\/\/yoast.com\/wordpress\/plugins\/seo\/ -->\n<title>Zavr\u0161na konferencija projekta Regulacija prostitucije u Hrvatskoj; Zagreb, 15. 3. 2023. - Institut dru&scaron;tvenih znanosti Ivo Pilar<\/title>\n<meta name=\"robots\" content=\"noindex, follow, max-snippet:-1, max-image-preview:large, max-video-preview:-1\" \/>\n<meta property=\"og:locale\" content=\"hr_HR\" \/>\n<meta property=\"og:type\" content=\"article\" \/>\n<meta property=\"og:title\" content=\"Zavr\u0161na konferencija projekta Regulacija prostitucije u Hrvatskoj; Zagreb, 15. 3. 2023. - Institut dru&scaron;tvenih znanosti Ivo Pilar\" \/>\n<meta property=\"og:description\" content=\"Zavr\u0161na konferencija projekta Regulacija prostitucije u Hrvatskoj, koju provodi Institut dru\u0161tvenih znanosti Ivo Pilar uz financijsku potporu Hrvatske zaklade za znanost, odr\u017eala se 15. o\u017eujka 2023. u Novinarskom domu. &#8211; Iz medija | Sa\u017eeci rezultata istra\u017eivanja &#8211; Sa\u017eeci rezultata istra\u017eivanja &#8211; Program konferencije | Poster konferencije U prvom dijelu konferencije \u010dlanovi istra\u017eiva\u010dkog tima izlo\u017eili su&hellip; Pro\u010ditaj vi\u0161e o Zavr\u0161na konferencija projekta Regulacija prostitucije u Hrvatskoj; Zagreb, 15. 3. 2023.\" \/>\n<meta property=\"og:url\" content=\"https:\/\/www.vegaintro-projekti.com\/pilar-stari\/2023\/03\/zavrsna-konferencija-projekta-regulacija-prostitucije-u-hrvatskoj-zagreb-15-3-2023\/\" \/>\n<meta property=\"og:site_name\" content=\"Institut dru&scaron;tvenih znanosti Ivo Pilar\" \/>\n<meta property=\"article:published_time\" content=\"2023-03-16T20:50:27+00:00\" \/>\n<meta property=\"article:modified_time\" content=\"2023-04-01T10:03:15+00:00\" \/>\n<meta property=\"og:image\" content=\"https:\/\/www.vegaintro-projekti.com\/pilar-stari\/wp-content\/uploads\/2023\/03\/IMG_fi-2.jpg\" \/>\n\t<meta property=\"og:image:width\" content=\"500\" \/>\n\t<meta property=\"og:image:height\" content=\"227\" \/>\n\t<meta property=\"og:image:type\" content=\"image\/jpeg\" \/>\n<meta name=\"author\" content=\"Boris\" \/>\n<meta name=\"twitter:card\" content=\"summary_large_image\" \/>\n<meta name=\"twitter:label1\" content=\"Napisao\/la\" \/>\n\t<meta name=\"twitter:data1\" content=\"Boris\" \/>\n\t<meta name=\"twitter:label2\" content=\"Procijenjeno vrijeme \u010ditanja\" \/>\n\t<meta name=\"twitter:data2\" content=\"4 minute\" \/>\n<script type=\"application\/ld+json\" class=\"yoast-schema-graph\">{\"@context\":\"https:\/\/schema.org\",\"@graph\":[{\"@type\":\"WebPage\",\"@id\":\"https:\/\/www.vegaintro-projekti.com\/pilar-stari\/2023\/03\/zavrsna-konferencija-projekta-regulacija-prostitucije-u-hrvatskoj-zagreb-15-3-2023\/\",\"url\":\"https:\/\/www.vegaintro-projekti.com\/pilar-stari\/2023\/03\/zavrsna-konferencija-projekta-regulacija-prostitucije-u-hrvatskoj-zagreb-15-3-2023\/\",\"name\":\"Zavr\u0161na konferencija projekta Regulacija prostitucije u Hrvatskoj; Zagreb, 15. 3. 2023. - Institut dru&scaron;tvenih znanosti Ivo Pilar\",\"isPartOf\":{\"@id\":\"https:\/\/www.vegaintro-projekti.com\/pilar-stari\/#website\"},\"datePublished\":\"2023-03-16T20:50:27+00:00\",\"dateModified\":\"2023-04-01T10:03:15+00:00\",\"author\":{\"@id\":\"https:\/\/www.vegaintro-projekti.com\/pilar-stari\/#\/schema\/person\/ddd404c9f1e15e4ffef5986ac6a5d28b\"},\"breadcrumb\":{\"@id\":\"https:\/\/www.vegaintro-projekti.com\/pilar-stari\/2023\/03\/zavrsna-konferencija-projekta-regulacija-prostitucije-u-hrvatskoj-zagreb-15-3-2023\/#breadcrumb\"},\"inLanguage\":\"hr\",\"potentialAction\":[{\"@type\":\"ReadAction\",\"target\":[\"https:\/\/www.vegaintro-projekti.com\/pilar-stari\/2023\/03\/zavrsna-konferencija-projekta-regulacija-prostitucije-u-hrvatskoj-zagreb-15-3-2023\/\"]}]},{\"@type\":\"BreadcrumbList\",\"@id\":\"https:\/\/www.vegaintro-projekti.com\/pilar-stari\/2023\/03\/zavrsna-konferencija-projekta-regulacija-prostitucije-u-hrvatskoj-zagreb-15-3-2023\/#breadcrumb\",\"itemListElement\":[{\"@type\":\"ListItem\",\"position\":1,\"name\":\"Home\",\"item\":\"https:\/\/www.vegaintro-projekti.com\/pilar-stari\/\"},{\"@type\":\"ListItem\",\"position\":2,\"name\":\"Zavr\u0161na konferencija projekta Regulacija prostitucije u Hrvatskoj; Zagreb, 15. 3. 2023.\"}]},{\"@type\":\"WebSite\",\"@id\":\"https:\/\/www.vegaintro-projekti.com\/pilar-stari\/#website\",\"url\":\"https:\/\/www.vegaintro-projekti.com\/pilar-stari\/\",\"name\":\"Institut dru&scaron;tvenih znanosti Ivo Pilar\",\"description\":\"Pilar\",\"potentialAction\":[{\"@type\":\"SearchAction\",\"target\":{\"@type\":\"EntryPoint\",\"urlTemplate\":\"https:\/\/www.vegaintro-projekti.com\/pilar-stari\/?s={search_term_string}\"},\"query-input\":\"required name=search_term_string\"}],\"inLanguage\":\"hr\"},{\"@type\":\"Person\",\"@id\":\"https:\/\/www.vegaintro-projekti.com\/pilar-stari\/#\/schema\/person\/ddd404c9f1e15e4ffef5986ac6a5d28b\",\"name\":\"Boris\",\"image\":{\"@type\":\"ImageObject\",\"inLanguage\":\"hr\",\"@id\":\"https:\/\/www.vegaintro-projekti.com\/pilar-stari\/#\/schema\/person\/image\/\",\"url\":\"https:\/\/secure.gravatar.com\/avatar\/29557b161a6ce6ab86ac1503164f1e90?s=96&d=mm&r=g\",\"contentUrl\":\"https:\/\/secure.gravatar.com\/avatar\/29557b161a6ce6ab86ac1503164f1e90?s=96&d=mm&r=g\",\"caption\":\"Boris\"},\"url\":\"https:\/\/www.vegaintro-projekti.com\/pilar-stari\/author\/boris\/\"}]}<\/script>\n<!-- \/ Yoast SEO plugin. -->","yoast_head_json":{"title":"Zavr\u0161na konferencija projekta Regulacija prostitucije u Hrvatskoj; Zagreb, 15. 3. 2023. - Institut dru&scaron;tvenih znanosti Ivo Pilar","robots":{"index":"noindex","follow":"follow","max-snippet":"max-snippet:-1","max-image-preview":"max-image-preview:large","max-video-preview":"max-video-preview:-1"},"og_locale":"hr_HR","og_type":"article","og_title":"Zavr\u0161na konferencija projekta Regulacija prostitucije u Hrvatskoj; Zagreb, 15. 3. 2023. - Institut dru&scaron;tvenih znanosti Ivo Pilar","og_description":"Zavr\u0161na konferencija projekta Regulacija prostitucije u Hrvatskoj, koju provodi Institut dru\u0161tvenih znanosti Ivo Pilar uz financijsku potporu Hrvatske zaklade za znanost, odr\u017eala se 15. o\u017eujka 2023. u Novinarskom domu. &#8211; Iz medija | Sa\u017eeci rezultata istra\u017eivanja &#8211; Sa\u017eeci rezultata istra\u017eivanja &#8211; Program konferencije | Poster konferencije U prvom dijelu konferencije \u010dlanovi istra\u017eiva\u010dkog tima izlo\u017eili su&hellip; Pro\u010ditaj vi\u0161e o Zavr\u0161na konferencija projekta Regulacija prostitucije u Hrvatskoj; Zagreb, 15. 3. 2023.","og_url":"https:\/\/www.vegaintro-projekti.com\/pilar-stari\/2023\/03\/zavrsna-konferencija-projekta-regulacija-prostitucije-u-hrvatskoj-zagreb-15-3-2023\/","og_site_name":"Institut dru&scaron;tvenih znanosti Ivo Pilar","article_published_time":"2023-03-16T20:50:27+00:00","article_modified_time":"2023-04-01T10:03:15+00:00","og_image":[{"width":500,"height":227,"url":"https:\/\/www.vegaintro-projekti.com\/pilar-stari\/wp-content\/uploads\/2023\/03\/IMG_fi-2.jpg","type":"image\/jpeg"}],"author":"Boris","twitter_card":"summary_large_image","twitter_misc":{"Napisao\/la":"Boris","Procijenjeno vrijeme \u010ditanja":"4 minute"},"schema":{"@context":"https:\/\/schema.org","@graph":[{"@type":"WebPage","@id":"https:\/\/www.vegaintro-projekti.com\/pilar-stari\/2023\/03\/zavrsna-konferencija-projekta-regulacija-prostitucije-u-hrvatskoj-zagreb-15-3-2023\/","url":"https:\/\/www.vegaintro-projekti.com\/pilar-stari\/2023\/03\/zavrsna-konferencija-projekta-regulacija-prostitucije-u-hrvatskoj-zagreb-15-3-2023\/","name":"Zavr\u0161na konferencija projekta Regulacija prostitucije u Hrvatskoj; Zagreb, 15. 3. 2023. - Institut dru&scaron;tvenih znanosti Ivo Pilar","isPartOf":{"@id":"https:\/\/www.vegaintro-projekti.com\/pilar-stari\/#website"},"datePublished":"2023-03-16T20:50:27+00:00","dateModified":"2023-04-01T10:03:15+00:00","author":{"@id":"https:\/\/www.vegaintro-projekti.com\/pilar-stari\/#\/schema\/person\/ddd404c9f1e15e4ffef5986ac6a5d28b"},"breadcrumb":{"@id":"https:\/\/www.vegaintro-projekti.com\/pilar-stari\/2023\/03\/zavrsna-konferencija-projekta-regulacija-prostitucije-u-hrvatskoj-zagreb-15-3-2023\/#breadcrumb"},"inLanguage":"hr","potentialAction":[{"@type":"ReadAction","target":["https:\/\/www.vegaintro-projekti.com\/pilar-stari\/2023\/03\/zavrsna-konferencija-projekta-regulacija-prostitucije-u-hrvatskoj-zagreb-15-3-2023\/"]}]},{"@type":"BreadcrumbList","@id":"https:\/\/www.vegaintro-projekti.com\/pilar-stari\/2023\/03\/zavrsna-konferencija-projekta-regulacija-prostitucije-u-hrvatskoj-zagreb-15-3-2023\/#breadcrumb","itemListElement":[{"@type":"ListItem","position":1,"name":"Home","item":"https:\/\/www.vegaintro-projekti.com\/pilar-stari\/"},{"@type":"ListItem","position":2,"name":"Zavr\u0161na konferencija projekta Regulacija prostitucije u Hrvatskoj; Zagreb, 15. 3. 2023."}]},{"@type":"WebSite","@id":"https:\/\/www.vegaintro-projekti.com\/pilar-stari\/#website","url":"https:\/\/www.vegaintro-projekti.com\/pilar-stari\/","name":"Institut dru&scaron;tvenih znanosti Ivo Pilar","description":"Pilar","potentialAction":[{"@type":"SearchAction","target":{"@type":"EntryPoint","urlTemplate":"https:\/\/www.vegaintro-projekti.com\/pilar-stari\/?s={search_term_string}"},"query-input":"required name=search_term_string"}],"inLanguage":"hr"},{"@type":"Person","@id":"https:\/\/www.vegaintro-projekti.com\/pilar-stari\/#\/schema\/person\/ddd404c9f1e15e4ffef5986ac6a5d28b","name":"Boris","image":{"@type":"ImageObject","inLanguage":"hr","@id":"https:\/\/www.vegaintro-projekti.com\/pilar-stari\/#\/schema\/person\/image\/","url":"https:\/\/secure.gravatar.com\/avatar\/29557b161a6ce6ab86ac1503164f1e90?s=96&d=mm&r=g","contentUrl":"https:\/\/secure.gravatar.com\/avatar\/29557b161a6ce6ab86ac1503164f1e90?s=96&d=mm&r=g","caption":"Boris"},"url":"https:\/\/www.vegaintro-projekti.com\/pilar-stari\/author\/boris\/"}]}},"_links":{"self":[{"href":"https:\/\/www.vegaintro-projekti.com\/pilar-stari\/wp-json\/wp\/v2\/posts\/25350"}],"collection":[{"href":"https:\/\/www.vegaintro-projekti.com\/pilar-stari\/wp-json\/wp\/v2\/posts"}],"about":[{"href":"https:\/\/www.vegaintro-projekti.com\/pilar-stari\/wp-json\/wp\/v2\/types\/post"}],"author":[{"embeddable":true,"href":"https:\/\/www.vegaintro-projekti.com\/pilar-stari\/wp-json\/wp\/v2\/users\/7"}],"replies":[{"embeddable":true,"href":"https:\/\/www.vegaintro-projekti.com\/pilar-stari\/wp-json\/wp\/v2\/comments?post=25350"}],"version-history":[{"count":6,"href":"https:\/\/www.vegaintro-projekti.com\/pilar-stari\/wp-json\/wp\/v2\/posts\/25350\/revisions"}],"predecessor-version":[{"id":25405,"href":"https:\/\/www.vegaintro-projekti.com\/pilar-stari\/wp-json\/wp\/v2\/posts\/25350\/revisions\/25405"}],"wp:featuredmedia":[{"embeddable":true,"href":"https:\/\/www.vegaintro-projekti.com\/pilar-stari\/wp-json\/wp\/v2\/media\/25345"}],"wp:attachment":[{"href":"https:\/\/www.vegaintro-projekti.com\/pilar-stari\/wp-json\/wp\/v2\/media?parent=25350"}],"wp:term":[{"taxonomy":"category","embeddable":true,"href":"https:\/\/www.vegaintro-projekti.com\/pilar-stari\/wp-json\/wp\/v2\/categories?post=25350"},{"taxonomy":"post_tag","embeddable":true,"href":"https:\/\/www.vegaintro-projekti.com\/pilar-stari\/wp-json\/wp\/v2\/tags?post=25350"}],"curies":[{"name":"wp","href":"https:\/\/api.w.org\/{rel}","templated":true}]}}