{"id":25453,"date":"2023-04-01T17:22:27","date_gmt":"2023-04-01T17:22:27","guid":{"rendered":"https:\/\/www.vegaintro-projekti.com\/pilar-stari\/?p=25453"},"modified":"2023-04-08T14:23:00","modified_gmt":"2023-04-08T14:23:00","slug":"izlozba-proslost-sadasnjost-i-buducnost-vukovarsko-srijemske-zupanije-u-rijeci-i-slici-vukovar-30-3-2023","status":"publish","type":"post","link":"https:\/\/www.vegaintro-projekti.com\/pilar-stari\/2023\/04\/izlozba-proslost-sadasnjost-i-buducnost-vukovarsko-srijemske-zupanije-u-rijeci-i-slici-vukovar-30-3-2023\/","title":{"rendered":"Izlo\u017eba PRO\u0160LOST, SADA\u0160NJOST I BUDU\u0106NOST VUKOVARSKO\u2013SRIJEMSKE \u017dUPANIJE U RIJE\u010cI I SLICI; Vukovar, 30. 3. 2023."},"content":{"rendered":"<p><strong>U povodu 30. godi\u0161njice djelovanja Vukovarsko-srijemske \u017eupanije, Dr\u017eavni arhiv u Vukovaru i Podru\u010dni centar Instituta Pilar u Vukovaru zajedni\u010dki su priredili izlo\u017ebu &#8220;Pro\u0161lost, sada\u0161njost i budu\u0107nost Vukovarsko-srijemske \u017eupanije u rije\u010di i slici&#8221;, koja je sve\u010dano otvorena 30. o\u017eujka 2023. godine u Knji\u017enici Dr\u017eavnoga arhiva u Vukovaru.<\/strong> &#8211; <a href=\"https:\/\/www.vegaintro-projekti.com\/pilar-stari\/wp-content\/uploads\/2023\/03\/Pozivnica_VSZ.pdf\">Pozivnica<\/a> | <a href=\"https:\/\/www.vegaintro-projekti.com\/pilar-stari\/wp-content\/uploads\/2023\/03\/Katalog_VSZ.pdf\">Vodi\u010d<\/a><\/p>\n<p><a href=\"https:\/\/www.vegaintro-projekti.com\/pilar-stari\/wp-content\/uploads\/2023\/04\/IMG_3.jpg\"><img decoding=\"async\" loading=\"lazy\" class=\"alignnone wp-image-25502 size-full\" src=\"https:\/\/www.vegaintro-projekti.com\/pilar-stari\/wp-content\/uploads\/2023\/04\/IMG_3s.jpg\" alt=\"\" width=\"310\" height=\"414\" srcset=\"https:\/\/www.vegaintro-projekti.com\/pilar-stari\/wp-content\/uploads\/2023\/04\/IMG_3s.jpg 310w, https:\/\/www.vegaintro-projekti.com\/pilar-stari\/wp-content\/uploads\/2023\/04\/IMG_3s-225x300.jpg 225w\" sizes=\"(max-width: 310px) 100vw, 310px\" \/><\/a><a href=\"https:\/\/www.vegaintro-projekti.com\/pilar-stari\/wp-content\/uploads\/2023\/04\/IMG_4.jpg\"><img decoding=\"async\" loading=\"lazy\" class=\"alignnone wp-image-25504 size-full\" src=\"https:\/\/www.vegaintro-projekti.com\/pilar-stari\/wp-content\/uploads\/2023\/04\/IMG_4s.jpg\" alt=\"\" width=\"310\" height=\"414\" srcset=\"https:\/\/www.vegaintro-projekti.com\/pilar-stari\/wp-content\/uploads\/2023\/04\/IMG_4s.jpg 310w, https:\/\/www.vegaintro-projekti.com\/pilar-stari\/wp-content\/uploads\/2023\/04\/IMG_4s-225x300.jpg 225w\" sizes=\"(max-width: 310px) 100vw, 310px\" \/><\/a><a href=\"https:\/\/www.vegaintro-projekti.com\/pilar-stari\/wp-content\/uploads\/2023\/04\/IMG_1.jpg\"><img decoding=\"async\" loading=\"lazy\" class=\"alignnone wp-image-25498 size-full\" src=\"https:\/\/www.vegaintro-projekti.com\/pilar-stari\/wp-content\/uploads\/2023\/04\/IMG_1s.jpg\" alt=\"\" width=\"620\" height=\"328\" srcset=\"https:\/\/www.vegaintro-projekti.com\/pilar-stari\/wp-content\/uploads\/2023\/04\/IMG_1s.jpg 620w, https:\/\/www.vegaintro-projekti.com\/pilar-stari\/wp-content\/uploads\/2023\/04\/IMG_1s-300x159.jpg 300w, https:\/\/www.vegaintro-projekti.com\/pilar-stari\/wp-content\/uploads\/2023\/04\/IMG_1s-310x165.jpg 310w\" sizes=\"(max-width: 620px) 100vw, 620px\" \/><\/a><a href=\"https:\/\/www.vegaintro-projekti.com\/pilar-stari\/wp-content\/uploads\/2023\/04\/IMG_2.jpg\"><img decoding=\"async\" loading=\"lazy\" class=\"alignnone wp-image-25500 size-full\" src=\"https:\/\/www.vegaintro-projekti.com\/pilar-stari\/wp-content\/uploads\/2023\/04\/IMG_2s.jpg\" alt=\"\" width=\"620\" height=\"378\" srcset=\"https:\/\/www.vegaintro-projekti.com\/pilar-stari\/wp-content\/uploads\/2023\/04\/IMG_2s.jpg 620w, https:\/\/www.vegaintro-projekti.com\/pilar-stari\/wp-content\/uploads\/2023\/04\/IMG_2s-300x183.jpg 300w\" sizes=\"(max-width: 620px) 100vw, 620px\" \/><\/a><\/p>\n<p><span style=\"font-size: 8pt;\"><strong>Foto: Sandra Cviki\u0107<\/strong><\/span><\/p>\n<p>U nazo\u010dnosti uglednika iz dru\u0161tvenog i kulturnog \u017eivota Grada Vukovara i Vukovarsko-srijemske \u017eupanije pozdravnu su rije\u010d uputili profesor Petar Elez, ravnatelj Dr\u017eavnoga arhiva u Vukovaru, ujedno jedan od autora Izlo\u017ebe i prof. dr. sc. \u017deljko Holjevac, ravnatelj Instituta Pilar, koji je me\u0111u ostalim govorio o povijesnom (dis)kontinuitetu \u017eupanijske upravno-teritorijalne organizacije na prostoru Hrvatske unazad tri stolje\u0107a.<\/p>\n<p>Koncepciju i sadr\u017eaj Izlo\u017ebe predstavio je Vinko \u017divi\u0107, mag. hist., jedan od njezinih autora. Izlo\u017ebu je otvorio g. Franjo Ore\u0161kovi\u0107, zamjenik \u017eupana Vukovarsko-srijemske \u017eupanije, izraziv\u0161i pritom Dr\u017eavnom arhivu u Vukovaru i Institutu Pilar zahvalnost na njihovom doprinosu istra\u017eivanjima i prezentaciji razli\u010ditih tema iz pro\u0161losti i sada\u0161njosti Vukovarsko-srijemske \u017eupanije.<\/p>\n<p><span style=\"font-size: 14pt;\">&#8211; <a href=\"https:\/\/www.vegaintro-projekti.com\/pilar-stari\/wp-content\/uploads\/2023\/03\/Pozivnica_VSZ.pdf\">Pozivnica za izlo\u017ebu<\/a> | <a href=\"https:\/\/www.vegaintro-projekti.com\/pilar-stari\/wp-content\/uploads\/2023\/03\/Katalog_VSZ.pdf\">Vodi\u010d kroz izlo\u017ebeni postav<\/a><\/span><\/p>\n<p><a href=\"https:\/\/www.vegaintro-projekti.com\/pilar-stari\/wp-content\/uploads\/2023\/03\/Pozivnica_VSZ.pdf\"><img decoding=\"async\" loading=\"lazy\" class=\"alignnone wp-image-25448 size-full\" src=\"https:\/\/www.vegaintro-projekti.com\/pilar-stari\/wp-content\/uploads\/2023\/03\/IMG-1.jpg\" alt=\"\" width=\"620\" height=\"1240\" srcset=\"https:\/\/www.vegaintro-projekti.com\/pilar-stari\/wp-content\/uploads\/2023\/03\/IMG-1.jpg 620w, https:\/\/www.vegaintro-projekti.com\/pilar-stari\/wp-content\/uploads\/2023\/03\/IMG-1-150x300.jpg 150w, https:\/\/www.vegaintro-projekti.com\/pilar-stari\/wp-content\/uploads\/2023\/03\/IMG-1-512x1024.jpg 512w\" sizes=\"(max-width: 620px) 100vw, 620px\" \/><\/a><\/p>\n<blockquote><p><a href=\"https:\/\/www.vegaintro-projekti.com\/pilar-stari\/2018\/04\/podruni-centar-vukovar-2\/\">Podru\u010dni centar Vukovar<\/a><\/p><\/blockquote>\n","protected":false},"excerpt":{"rendered":"<p>U povodu 30. godi\u0161njice djelovanja Vukovarsko-srijemske \u017eupanije, Dr\u017eavni arhiv u Vukovaru i Podru\u010dni centar Instituta Pilar u Vukovaru zajedni\u010dki su priredili izlo\u017ebu &#8220;Pro\u0161lost, sada\u0161njost i budu\u0107nost Vukovarsko-srijemske \u017eupanije u rije\u010di i slici&#8221;, koja je sve\u010dano otvorena 30. o\u017eujka 2023. godine u Knji\u017enici Dr\u017eavnoga arhiva u Vukovaru. &#8211; Pozivnica | Vodi\u010d Foto: Sandra Cviki\u0107 U nazo\u010dnosti&hellip; <a class=\"continue\" href=\"https:\/\/www.vegaintro-projekti.com\/pilar-stari\/2023\/04\/izlozba-proslost-sadasnjost-i-buducnost-vukovarsko-srijemske-zupanije-u-rijeci-i-slici-vukovar-30-3-2023\/\">Pro\u010ditaj vi\u0161e o<span> Izlo\u017eba PRO\u0160LOST, SADA\u0160NJOST I BUDU\u0106NOST VUKOVARSKO\u2013SRIJEMSKE \u017dUPANIJE U RIJE\u010cI I SLICI; Vukovar, 30. 3. 2023.<\/span><\/a><\/p>\n","protected":false},"author":7,"featured_media":25496,"comment_status":"closed","ping_status":"closed","sticky":false,"template":"","format":"standard","meta":{"inline_featured_image":false,"ngg_post_thumbnail":0,"footnotes":""},"categories":[11],"tags":[],"yoast_head":"<!-- This site is optimized with the Yoast SEO plugin v21.2 - https:\/\/yoast.com\/wordpress\/plugins\/seo\/ -->\n<title>Izlo\u017eba PRO\u0160LOST, SADA\u0160NJOST I BUDU\u0106NOST VUKOVARSKO\u2013SRIJEMSKE \u017dUPANIJE U RIJE\u010cI I SLICI; Vukovar, 30. 3. 2023. - Institut dru&scaron;tvenih znanosti Ivo Pilar<\/title>\n<meta name=\"robots\" content=\"noindex, follow, max-snippet:-1, max-image-preview:large, max-video-preview:-1\" \/>\n<meta property=\"og:locale\" content=\"hr_HR\" \/>\n<meta property=\"og:type\" content=\"article\" \/>\n<meta property=\"og:title\" content=\"Izlo\u017eba PRO\u0160LOST, SADA\u0160NJOST I BUDU\u0106NOST VUKOVARSKO\u2013SRIJEMSKE \u017dUPANIJE U RIJE\u010cI I SLICI; Vukovar, 30. 3. 2023. - Institut dru&scaron;tvenih znanosti Ivo Pilar\" \/>\n<meta property=\"og:description\" content=\"U povodu 30. godi\u0161njice djelovanja Vukovarsko-srijemske \u017eupanije, Dr\u017eavni arhiv u Vukovaru i Podru\u010dni centar Instituta Pilar u Vukovaru zajedni\u010dki su priredili izlo\u017ebu &#8220;Pro\u0161lost, sada\u0161njost i budu\u0107nost Vukovarsko-srijemske \u017eupanije u rije\u010di i slici&#8221;, koja je sve\u010dano otvorena 30. o\u017eujka 2023. godine u Knji\u017enici Dr\u017eavnoga arhiva u Vukovaru. &#8211; Pozivnica | Vodi\u010d Foto: Sandra Cviki\u0107 U nazo\u010dnosti&hellip; Pro\u010ditaj vi\u0161e o Izlo\u017eba PRO\u0160LOST, SADA\u0160NJOST I BUDU\u0106NOST VUKOVARSKO\u2013SRIJEMSKE \u017dUPANIJE U RIJE\u010cI I SLICI; Vukovar, 30. 3. 2023.\" \/>\n<meta property=\"og:url\" content=\"https:\/\/www.vegaintro-projekti.com\/pilar-stari\/2023\/04\/izlozba-proslost-sadasnjost-i-buducnost-vukovarsko-srijemske-zupanije-u-rijeci-i-slici-vukovar-30-3-2023\/\" \/>\n<meta property=\"og:site_name\" content=\"Institut dru&scaron;tvenih znanosti Ivo Pilar\" \/>\n<meta property=\"article:published_time\" content=\"2023-04-01T17:22:27+00:00\" \/>\n<meta property=\"article:modified_time\" content=\"2023-04-08T14:23:00+00:00\" \/>\n<meta property=\"og:image\" content=\"https:\/\/www.vegaintro-projekti.com\/pilar-stari\/wp-content\/uploads\/2023\/04\/IMG_1fi.jpg\" \/>\n\t<meta property=\"og:image:width\" content=\"499\" \/>\n\t<meta property=\"og:image:height\" content=\"222\" \/>\n\t<meta property=\"og:image:type\" content=\"image\/jpeg\" \/>\n<meta name=\"author\" content=\"Boris\" \/>\n<meta name=\"twitter:card\" content=\"summary_large_image\" \/>\n<meta name=\"twitter:label1\" content=\"Napisao\/la\" \/>\n\t<meta name=\"twitter:data1\" content=\"Boris\" \/>\n\t<meta name=\"twitter:label2\" content=\"Procijenjeno vrijeme \u010ditanja\" \/>\n\t<meta name=\"twitter:data2\" content=\"2 minute\" \/>\n<script type=\"application\/ld+json\" class=\"yoast-schema-graph\">{\"@context\":\"https:\/\/schema.org\",\"@graph\":[{\"@type\":\"WebPage\",\"@id\":\"https:\/\/www.vegaintro-projekti.com\/pilar-stari\/2023\/04\/izlozba-proslost-sadasnjost-i-buducnost-vukovarsko-srijemske-zupanije-u-rijeci-i-slici-vukovar-30-3-2023\/\",\"url\":\"https:\/\/www.vegaintro-projekti.com\/pilar-stari\/2023\/04\/izlozba-proslost-sadasnjost-i-buducnost-vukovarsko-srijemske-zupanije-u-rijeci-i-slici-vukovar-30-3-2023\/\",\"name\":\"Izlo\u017eba PRO\u0160LOST, SADA\u0160NJOST I BUDU\u0106NOST VUKOVARSKO\u2013SRIJEMSKE \u017dUPANIJE U RIJE\u010cI I SLICI; Vukovar, 30. 3. 2023. - Institut dru&scaron;tvenih znanosti Ivo Pilar\",\"isPartOf\":{\"@id\":\"https:\/\/www.vegaintro-projekti.com\/pilar-stari\/#website\"},\"datePublished\":\"2023-04-01T17:22:27+00:00\",\"dateModified\":\"2023-04-08T14:23:00+00:00\",\"author\":{\"@id\":\"https:\/\/www.vegaintro-projekti.com\/pilar-stari\/#\/schema\/person\/ddd404c9f1e15e4ffef5986ac6a5d28b\"},\"breadcrumb\":{\"@id\":\"https:\/\/www.vegaintro-projekti.com\/pilar-stari\/2023\/04\/izlozba-proslost-sadasnjost-i-buducnost-vukovarsko-srijemske-zupanije-u-rijeci-i-slici-vukovar-30-3-2023\/#breadcrumb\"},\"inLanguage\":\"hr\",\"potentialAction\":[{\"@type\":\"ReadAction\",\"target\":[\"https:\/\/www.vegaintro-projekti.com\/pilar-stari\/2023\/04\/izlozba-proslost-sadasnjost-i-buducnost-vukovarsko-srijemske-zupanije-u-rijeci-i-slici-vukovar-30-3-2023\/\"]}]},{\"@type\":\"BreadcrumbList\",\"@id\":\"https:\/\/www.vegaintro-projekti.com\/pilar-stari\/2023\/04\/izlozba-proslost-sadasnjost-i-buducnost-vukovarsko-srijemske-zupanije-u-rijeci-i-slici-vukovar-30-3-2023\/#breadcrumb\",\"itemListElement\":[{\"@type\":\"ListItem\",\"position\":1,\"name\":\"Home\",\"item\":\"https:\/\/www.vegaintro-projekti.com\/pilar-stari\/\"},{\"@type\":\"ListItem\",\"position\":2,\"name\":\"Izlo\u017eba PRO\u0160LOST, SADA\u0160NJOST I BUDU\u0106NOST VUKOVARSKO\u2013SRIJEMSKE \u017dUPANIJE U RIJE\u010cI I SLICI; Vukovar, 30. 3. 2023.\"}]},{\"@type\":\"WebSite\",\"@id\":\"https:\/\/www.vegaintro-projekti.com\/pilar-stari\/#website\",\"url\":\"https:\/\/www.vegaintro-projekti.com\/pilar-stari\/\",\"name\":\"Institut dru&scaron;tvenih znanosti Ivo Pilar\",\"description\":\"Pilar\",\"potentialAction\":[{\"@type\":\"SearchAction\",\"target\":{\"@type\":\"EntryPoint\",\"urlTemplate\":\"https:\/\/www.vegaintro-projekti.com\/pilar-stari\/?s={search_term_string}\"},\"query-input\":\"required name=search_term_string\"}],\"inLanguage\":\"hr\"},{\"@type\":\"Person\",\"@id\":\"https:\/\/www.vegaintro-projekti.com\/pilar-stari\/#\/schema\/person\/ddd404c9f1e15e4ffef5986ac6a5d28b\",\"name\":\"Boris\",\"image\":{\"@type\":\"ImageObject\",\"inLanguage\":\"hr\",\"@id\":\"https:\/\/www.vegaintro-projekti.com\/pilar-stari\/#\/schema\/person\/image\/\",\"url\":\"https:\/\/secure.gravatar.com\/avatar\/29557b161a6ce6ab86ac1503164f1e90?s=96&d=mm&r=g\",\"contentUrl\":\"https:\/\/secure.gravatar.com\/avatar\/29557b161a6ce6ab86ac1503164f1e90?s=96&d=mm&r=g\",\"caption\":\"Boris\"},\"url\":\"https:\/\/www.vegaintro-projekti.com\/pilar-stari\/author\/boris\/\"}]}<\/script>\n<!-- \/ Yoast SEO plugin. -->","yoast_head_json":{"title":"Izlo\u017eba PRO\u0160LOST, SADA\u0160NJOST I BUDU\u0106NOST VUKOVARSKO\u2013SRIJEMSKE \u017dUPANIJE U RIJE\u010cI I SLICI; Vukovar, 30. 3. 2023. - Institut dru&scaron;tvenih znanosti Ivo Pilar","robots":{"index":"noindex","follow":"follow","max-snippet":"max-snippet:-1","max-image-preview":"max-image-preview:large","max-video-preview":"max-video-preview:-1"},"og_locale":"hr_HR","og_type":"article","og_title":"Izlo\u017eba PRO\u0160LOST, SADA\u0160NJOST I BUDU\u0106NOST VUKOVARSKO\u2013SRIJEMSKE \u017dUPANIJE U RIJE\u010cI I SLICI; Vukovar, 30. 3. 2023. - Institut dru&scaron;tvenih znanosti Ivo Pilar","og_description":"U povodu 30. godi\u0161njice djelovanja Vukovarsko-srijemske \u017eupanije, Dr\u017eavni arhiv u Vukovaru i Podru\u010dni centar Instituta Pilar u Vukovaru zajedni\u010dki su priredili izlo\u017ebu &#8220;Pro\u0161lost, sada\u0161njost i budu\u0107nost Vukovarsko-srijemske \u017eupanije u rije\u010di i slici&#8221;, koja je sve\u010dano otvorena 30. o\u017eujka 2023. godine u Knji\u017enici Dr\u017eavnoga arhiva u Vukovaru. &#8211; Pozivnica | Vodi\u010d Foto: Sandra Cviki\u0107 U nazo\u010dnosti&hellip; Pro\u010ditaj vi\u0161e o Izlo\u017eba PRO\u0160LOST, SADA\u0160NJOST I BUDU\u0106NOST VUKOVARSKO\u2013SRIJEMSKE \u017dUPANIJE U RIJE\u010cI I SLICI; Vukovar, 30. 3. 2023.","og_url":"https:\/\/www.vegaintro-projekti.com\/pilar-stari\/2023\/04\/izlozba-proslost-sadasnjost-i-buducnost-vukovarsko-srijemske-zupanije-u-rijeci-i-slici-vukovar-30-3-2023\/","og_site_name":"Institut dru&scaron;tvenih znanosti Ivo Pilar","article_published_time":"2023-04-01T17:22:27+00:00","article_modified_time":"2023-04-08T14:23:00+00:00","og_image":[{"width":499,"height":222,"url":"https:\/\/www.vegaintro-projekti.com\/pilar-stari\/wp-content\/uploads\/2023\/04\/IMG_1fi.jpg","type":"image\/jpeg"}],"author":"Boris","twitter_card":"summary_large_image","twitter_misc":{"Napisao\/la":"Boris","Procijenjeno vrijeme \u010ditanja":"2 minute"},"schema":{"@context":"https:\/\/schema.org","@graph":[{"@type":"WebPage","@id":"https:\/\/www.vegaintro-projekti.com\/pilar-stari\/2023\/04\/izlozba-proslost-sadasnjost-i-buducnost-vukovarsko-srijemske-zupanije-u-rijeci-i-slici-vukovar-30-3-2023\/","url":"https:\/\/www.vegaintro-projekti.com\/pilar-stari\/2023\/04\/izlozba-proslost-sadasnjost-i-buducnost-vukovarsko-srijemske-zupanije-u-rijeci-i-slici-vukovar-30-3-2023\/","name":"Izlo\u017eba PRO\u0160LOST, SADA\u0160NJOST I BUDU\u0106NOST VUKOVARSKO\u2013SRIJEMSKE \u017dUPANIJE U RIJE\u010cI I SLICI; Vukovar, 30. 3. 2023. - Institut dru&scaron;tvenih znanosti Ivo Pilar","isPartOf":{"@id":"https:\/\/www.vegaintro-projekti.com\/pilar-stari\/#website"},"datePublished":"2023-04-01T17:22:27+00:00","dateModified":"2023-04-08T14:23:00+00:00","author":{"@id":"https:\/\/www.vegaintro-projekti.com\/pilar-stari\/#\/schema\/person\/ddd404c9f1e15e4ffef5986ac6a5d28b"},"breadcrumb":{"@id":"https:\/\/www.vegaintro-projekti.com\/pilar-stari\/2023\/04\/izlozba-proslost-sadasnjost-i-buducnost-vukovarsko-srijemske-zupanije-u-rijeci-i-slici-vukovar-30-3-2023\/#breadcrumb"},"inLanguage":"hr","potentialAction":[{"@type":"ReadAction","target":["https:\/\/www.vegaintro-projekti.com\/pilar-stari\/2023\/04\/izlozba-proslost-sadasnjost-i-buducnost-vukovarsko-srijemske-zupanije-u-rijeci-i-slici-vukovar-30-3-2023\/"]}]},{"@type":"BreadcrumbList","@id":"https:\/\/www.vegaintro-projekti.com\/pilar-stari\/2023\/04\/izlozba-proslost-sadasnjost-i-buducnost-vukovarsko-srijemske-zupanije-u-rijeci-i-slici-vukovar-30-3-2023\/#breadcrumb","itemListElement":[{"@type":"ListItem","position":1,"name":"Home","item":"https:\/\/www.vegaintro-projekti.com\/pilar-stari\/"},{"@type":"ListItem","position":2,"name":"Izlo\u017eba PRO\u0160LOST, SADA\u0160NJOST I BUDU\u0106NOST VUKOVARSKO\u2013SRIJEMSKE \u017dUPANIJE U RIJE\u010cI I SLICI; Vukovar, 30. 3. 2023."}]},{"@type":"WebSite","@id":"https:\/\/www.vegaintro-projekti.com\/pilar-stari\/#website","url":"https:\/\/www.vegaintro-projekti.com\/pilar-stari\/","name":"Institut dru&scaron;tvenih znanosti Ivo Pilar","description":"Pilar","potentialAction":[{"@type":"SearchAction","target":{"@type":"EntryPoint","urlTemplate":"https:\/\/www.vegaintro-projekti.com\/pilar-stari\/?s={search_term_string}"},"query-input":"required name=search_term_string"}],"inLanguage":"hr"},{"@type":"Person","@id":"https:\/\/www.vegaintro-projekti.com\/pilar-stari\/#\/schema\/person\/ddd404c9f1e15e4ffef5986ac6a5d28b","name":"Boris","image":{"@type":"ImageObject","inLanguage":"hr","@id":"https:\/\/www.vegaintro-projekti.com\/pilar-stari\/#\/schema\/person\/image\/","url":"https:\/\/secure.gravatar.com\/avatar\/29557b161a6ce6ab86ac1503164f1e90?s=96&d=mm&r=g","contentUrl":"https:\/\/secure.gravatar.com\/avatar\/29557b161a6ce6ab86ac1503164f1e90?s=96&d=mm&r=g","caption":"Boris"},"url":"https:\/\/www.vegaintro-projekti.com\/pilar-stari\/author\/boris\/"}]}},"_links":{"self":[{"href":"https:\/\/www.vegaintro-projekti.com\/pilar-stari\/wp-json\/wp\/v2\/posts\/25453"}],"collection":[{"href":"https:\/\/www.vegaintro-projekti.com\/pilar-stari\/wp-json\/wp\/v2\/posts"}],"about":[{"href":"https:\/\/www.vegaintro-projekti.com\/pilar-stari\/wp-json\/wp\/v2\/types\/post"}],"author":[{"embeddable":true,"href":"https:\/\/www.vegaintro-projekti.com\/pilar-stari\/wp-json\/wp\/v2\/users\/7"}],"replies":[{"embeddable":true,"href":"https:\/\/www.vegaintro-projekti.com\/pilar-stari\/wp-json\/wp\/v2\/comments?post=25453"}],"version-history":[{"count":6,"href":"https:\/\/www.vegaintro-projekti.com\/pilar-stari\/wp-json\/wp\/v2\/posts\/25453\/revisions"}],"predecessor-version":[{"id":25506,"href":"https:\/\/www.vegaintro-projekti.com\/pilar-stari\/wp-json\/wp\/v2\/posts\/25453\/revisions\/25506"}],"wp:featuredmedia":[{"embeddable":true,"href":"https:\/\/www.vegaintro-projekti.com\/pilar-stari\/wp-json\/wp\/v2\/media\/25496"}],"wp:attachment":[{"href":"https:\/\/www.vegaintro-projekti.com\/pilar-stari\/wp-json\/wp\/v2\/media?parent=25453"}],"wp:term":[{"taxonomy":"category","embeddable":true,"href":"https:\/\/www.vegaintro-projekti.com\/pilar-stari\/wp-json\/wp\/v2\/categories?post=25453"},{"taxonomy":"post_tag","embeddable":true,"href":"https:\/\/www.vegaintro-projekti.com\/pilar-stari\/wp-json\/wp\/v2\/tags?post=25453"}],"curies":[{"name":"wp","href":"https:\/\/api.w.org\/{rel}","templated":true}]}}