{"id":25488,"date":"2023-03-29T20:46:17","date_gmt":"2023-03-29T20:46:17","guid":{"rendered":"https:\/\/www.vegaintro-projekti.com\/pilar-stari\/?p=25488"},"modified":"2023-04-01T09:10:40","modified_gmt":"2023-04-01T09:10:40","slug":"projekt-chief-radovi-projekta-u-tematu-casopisa-sociologija-i-prostor-br-3-2022","status":"publish","type":"post","link":"https:\/\/www.vegaintro-projekti.com\/pilar-stari\/2023\/03\/projekt-chief-radovi-projekta-u-tematu-casopisa-sociologija-i-prostor-br-3-2022\/","title":{"rendered":"Projekt CHIEF: Radovi projekta u tematu \u010dasopisa Sociologija i prostor, br. 3\/2022."},"content":{"rendered":"<p><strong>Online izdanje \u010dasopisa SOCIOLOGIJA I PROSTOR u broju 3\/2022. u tematu pod naslovom &#8220;Mladi u suvremenoj Hrvatskoj: kulturno naslje\u0111e, identiteti, participacija&#8221; objavljuje radove nastale na osnovi istra\u017eivanja koja su provedena unutar velikog me\u0111unarodnog projekta \u2018Kulturna ba\u0161tina i identiteti europske budu\u0107nosti\u2019 (CHIEF \u2013 Cultural Heritage and Identities of Europe\u2019s Future), u sklopu programa za istra\u017eivanja i inovacije Obzor 2020.<\/strong><\/p>\n<p><a href=\"https:\/\/hrcak.srce.hr\/broj\/22790\"><img decoding=\"async\" loading=\"lazy\" class=\"alignnone wp-image-25486 size-full\" src=\"https:\/\/www.vegaintro-projekti.com\/pilar-stari\/wp-content\/uploads\/2023\/04\/IMG_0.jpg\" alt=\"\" width=\"620\" height=\"413\" srcset=\"https:\/\/www.vegaintro-projekti.com\/pilar-stari\/wp-content\/uploads\/2023\/04\/IMG_0.jpg 620w, https:\/\/www.vegaintro-projekti.com\/pilar-stari\/wp-content\/uploads\/2023\/04\/IMG_0-300x200.jpg 300w\" sizes=\"(max-width: 620px) 100vw, 620px\" \/><\/a><\/p>\n<p><strong>&#8211; Sociologija i prostor:<\/strong> <a href=\"https:\/\/hrcak.srce.hr\/broj\/22790\">Mladi u suvremenoj Hrvatskoj: kulturno naslje\u0111e, identiteti, participacija, br. 3\/2022. (online first), str. 437-572.<\/a><\/p>\n<p>Benjamin Perasovi\u0107, Anja Gvozdanovi\u0107: <a href=\"https:\/\/hrcak.srce.hr\/file\/427219\">Uvodnik (str. 437-440)<\/a>&nbsp;<br \/>\nMarko Mustapi\u0107, Goran Milas, Vanja Dergi\u0107: <a href=\"https:\/\/hrcak.srce.hr\/file\/427225\">Kulturna participacija, kulturna socijalizacija i prijenos kulture me\u0111u hrvatskim adolescentima (str. 441-463)<\/a>&nbsp;<br \/>\nTomislav Pavlovi\u0107, Ines Su\u010di\u0107, Marina Magli\u0107: <a href=\"https:\/\/hrcak.srce.hr\/file\/427231\">Stavovi hrvatskih srednjo\u0161kolaca prema etni\u010dkim manjinama: uloga multikulturnosti, socijalnog identiteta i \u0161kole (str. 465-488)<\/a>&nbsp;<br \/>\nMarina Magli\u0107, Tomislav Pavlovi\u0107, Renata Franc: <a href=\"https:\/\/hrcak.srce.hr\/file\/427236\">Mladi i klimatske promjene: osvije\u0161tenost i namjere pona\u0161anja (str. 489-509)<\/a>&nbsp;<br \/>\nDino Vuku\u0161i\u0107, Ra\u0161eljka Krni\u0107, Vanja Dergi\u0107: <a href=\"https:\/\/hrcak.srce.hr\/file\/427241\">Kulturne prakse mladih u javnom prostoru \u2013 etnografija ansambla JeboTon (str. 511-526)<\/a>&nbsp;<br \/>\nDino Vuku\u0161i\u0107, Ivan Hrsti\u0107: <a href=\"https:\/\/hrcak.srce.hr\/file\/427248\">Navijanje kao emocionalna praksa \u2013 Bad Blue Boysi i Futsal Dinamo (str. 527-546)<\/a>&nbsp;<br \/>\nBenjamin Perasovi\u0107, Ra\u0161eljka Krni\u0107, Marina Magli\u0107: <a href=\"https:\/\/hrcak.srce.hr\/file\/427253\">Kultura, identitet i kulturna participacija me\u0111u srednjo\u0161kolcima u Hrvatskoj (str. 547-572)<\/a>&nbsp;<\/p>\n<blockquote><p><a href=\"https:\/\/www.vegaintro-projekti.com\/pilar-stari\/2018\/10\/institut-u-projektu-cultural-heritage-and-identities-of-europes-future-chief\/\">Projekt CHIEF<\/a><\/p><\/blockquote>\n","protected":false},"excerpt":{"rendered":"<p>Online izdanje \u010dasopisa SOCIOLOGIJA I PROSTOR u broju 3\/2022. u tematu pod naslovom &#8220;Mladi u suvremenoj Hrvatskoj: kulturno naslje\u0111e, identiteti, participacija&#8221; objavljuje radove nastale na osnovi istra\u017eivanja koja su provedena unutar velikog me\u0111unarodnog projekta \u2018Kulturna ba\u0161tina i identiteti europske budu\u0107nosti\u2019 (CHIEF \u2013 Cultural Heritage and Identities of Europe\u2019s Future), u sklopu programa za istra\u017eivanja i&hellip; <a class=\"continue\" href=\"https:\/\/www.vegaintro-projekti.com\/pilar-stari\/2023\/03\/projekt-chief-radovi-projekta-u-tematu-casopisa-sociologija-i-prostor-br-3-2022\/\">Pro\u010ditaj vi\u0161e o<span> Projekt CHIEF: Radovi projekta u tematu \u010dasopisa Sociologija i prostor, br. 3\/2022.<\/span><\/a><\/p>\n","protected":false},"author":7,"featured_media":25487,"comment_status":"closed","ping_status":"closed","sticky":false,"template":"","format":"standard","meta":{"inline_featured_image":false,"ngg_post_thumbnail":0,"footnotes":""},"categories":[48,29],"tags":[],"yoast_head":"<!-- This site is optimized with the Yoast SEO plugin v21.2 - https:\/\/yoast.com\/wordpress\/plugins\/seo\/ -->\n<title>Projekt CHIEF: Radovi projekta u tematu \u010dasopisa Sociologija i prostor, br. 3\/2022. - Institut dru&scaron;tvenih znanosti Ivo Pilar<\/title>\n<meta name=\"robots\" content=\"noindex, follow, max-snippet:-1, max-image-preview:large, max-video-preview:-1\" \/>\n<meta property=\"og:locale\" content=\"hr_HR\" \/>\n<meta property=\"og:type\" content=\"article\" \/>\n<meta property=\"og:title\" content=\"Projekt CHIEF: Radovi projekta u tematu \u010dasopisa Sociologija i prostor, br. 3\/2022. - Institut dru&scaron;tvenih znanosti Ivo Pilar\" \/>\n<meta property=\"og:description\" content=\"Online izdanje \u010dasopisa SOCIOLOGIJA I PROSTOR u broju 3\/2022. u tematu pod naslovom &#8220;Mladi u suvremenoj Hrvatskoj: kulturno naslje\u0111e, identiteti, participacija&#8221; objavljuje radove nastale na osnovi istra\u017eivanja koja su provedena unutar velikog me\u0111unarodnog projekta \u2018Kulturna ba\u0161tina i identiteti europske budu\u0107nosti\u2019 (CHIEF \u2013 Cultural Heritage and Identities of Europe\u2019s Future), u sklopu programa za istra\u017eivanja i&hellip; Pro\u010ditaj vi\u0161e o Projekt CHIEF: Radovi projekta u tematu \u010dasopisa Sociologija i prostor, br. 3\/2022.\" \/>\n<meta property=\"og:url\" content=\"https:\/\/www.vegaintro-projekti.com\/pilar-stari\/2023\/03\/projekt-chief-radovi-projekta-u-tematu-casopisa-sociologija-i-prostor-br-3-2022\/\" \/>\n<meta property=\"og:site_name\" content=\"Institut dru&scaron;tvenih znanosti Ivo Pilar\" \/>\n<meta property=\"article:published_time\" content=\"2023-03-29T20:46:17+00:00\" \/>\n<meta property=\"article:modified_time\" content=\"2023-04-01T09:10:40+00:00\" \/>\n<meta property=\"og:image\" content=\"https:\/\/www.vegaintro-projekti.com\/pilar-stari\/wp-content\/uploads\/2023\/04\/INF_fi.jpg\" \/>\n\t<meta property=\"og:image:width\" content=\"500\" \/>\n\t<meta property=\"og:image:height\" content=\"230\" \/>\n\t<meta property=\"og:image:type\" content=\"image\/jpeg\" \/>\n<meta name=\"author\" content=\"Boris\" \/>\n<meta name=\"twitter:card\" content=\"summary_large_image\" \/>\n<meta name=\"twitter:label1\" content=\"Napisao\/la\" \/>\n\t<meta name=\"twitter:data1\" content=\"Boris\" \/>\n\t<meta name=\"twitter:label2\" content=\"Procijenjeno vrijeme \u010ditanja\" \/>\n\t<meta name=\"twitter:data2\" content=\"2 minute\" \/>\n<script type=\"application\/ld+json\" class=\"yoast-schema-graph\">{\"@context\":\"https:\/\/schema.org\",\"@graph\":[{\"@type\":\"WebPage\",\"@id\":\"https:\/\/www.vegaintro-projekti.com\/pilar-stari\/2023\/03\/projekt-chief-radovi-projekta-u-tematu-casopisa-sociologija-i-prostor-br-3-2022\/\",\"url\":\"https:\/\/www.vegaintro-projekti.com\/pilar-stari\/2023\/03\/projekt-chief-radovi-projekta-u-tematu-casopisa-sociologija-i-prostor-br-3-2022\/\",\"name\":\"Projekt CHIEF: Radovi projekta u tematu \u010dasopisa Sociologija i prostor, br. 3\/2022. - Institut dru&scaron;tvenih znanosti Ivo Pilar\",\"isPartOf\":{\"@id\":\"https:\/\/www.vegaintro-projekti.com\/pilar-stari\/#website\"},\"datePublished\":\"2023-03-29T20:46:17+00:00\",\"dateModified\":\"2023-04-01T09:10:40+00:00\",\"author\":{\"@id\":\"https:\/\/www.vegaintro-projekti.com\/pilar-stari\/#\/schema\/person\/ddd404c9f1e15e4ffef5986ac6a5d28b\"},\"breadcrumb\":{\"@id\":\"https:\/\/www.vegaintro-projekti.com\/pilar-stari\/2023\/03\/projekt-chief-radovi-projekta-u-tematu-casopisa-sociologija-i-prostor-br-3-2022\/#breadcrumb\"},\"inLanguage\":\"hr\",\"potentialAction\":[{\"@type\":\"ReadAction\",\"target\":[\"https:\/\/www.vegaintro-projekti.com\/pilar-stari\/2023\/03\/projekt-chief-radovi-projekta-u-tematu-casopisa-sociologija-i-prostor-br-3-2022\/\"]}]},{\"@type\":\"BreadcrumbList\",\"@id\":\"https:\/\/www.vegaintro-projekti.com\/pilar-stari\/2023\/03\/projekt-chief-radovi-projekta-u-tematu-casopisa-sociologija-i-prostor-br-3-2022\/#breadcrumb\",\"itemListElement\":[{\"@type\":\"ListItem\",\"position\":1,\"name\":\"Home\",\"item\":\"https:\/\/www.vegaintro-projekti.com\/pilar-stari\/\"},{\"@type\":\"ListItem\",\"position\":2,\"name\":\"Projekt CHIEF: Radovi projekta u tematu \u010dasopisa Sociologija i prostor, br. 3\/2022.\"}]},{\"@type\":\"WebSite\",\"@id\":\"https:\/\/www.vegaintro-projekti.com\/pilar-stari\/#website\",\"url\":\"https:\/\/www.vegaintro-projekti.com\/pilar-stari\/\",\"name\":\"Institut dru&scaron;tvenih znanosti Ivo Pilar\",\"description\":\"Pilar\",\"potentialAction\":[{\"@type\":\"SearchAction\",\"target\":{\"@type\":\"EntryPoint\",\"urlTemplate\":\"https:\/\/www.vegaintro-projekti.com\/pilar-stari\/?s={search_term_string}\"},\"query-input\":\"required name=search_term_string\"}],\"inLanguage\":\"hr\"},{\"@type\":\"Person\",\"@id\":\"https:\/\/www.vegaintro-projekti.com\/pilar-stari\/#\/schema\/person\/ddd404c9f1e15e4ffef5986ac6a5d28b\",\"name\":\"Boris\",\"image\":{\"@type\":\"ImageObject\",\"inLanguage\":\"hr\",\"@id\":\"https:\/\/www.vegaintro-projekti.com\/pilar-stari\/#\/schema\/person\/image\/\",\"url\":\"https:\/\/secure.gravatar.com\/avatar\/29557b161a6ce6ab86ac1503164f1e90?s=96&d=mm&r=g\",\"contentUrl\":\"https:\/\/secure.gravatar.com\/avatar\/29557b161a6ce6ab86ac1503164f1e90?s=96&d=mm&r=g\",\"caption\":\"Boris\"},\"url\":\"https:\/\/www.vegaintro-projekti.com\/pilar-stari\/author\/boris\/\"}]}<\/script>\n<!-- \/ Yoast SEO plugin. -->","yoast_head_json":{"title":"Projekt CHIEF: Radovi projekta u tematu \u010dasopisa Sociologija i prostor, br. 3\/2022. - Institut dru&scaron;tvenih znanosti Ivo Pilar","robots":{"index":"noindex","follow":"follow","max-snippet":"max-snippet:-1","max-image-preview":"max-image-preview:large","max-video-preview":"max-video-preview:-1"},"og_locale":"hr_HR","og_type":"article","og_title":"Projekt CHIEF: Radovi projekta u tematu \u010dasopisa Sociologija i prostor, br. 3\/2022. - Institut dru&scaron;tvenih znanosti Ivo Pilar","og_description":"Online izdanje \u010dasopisa SOCIOLOGIJA I PROSTOR u broju 3\/2022. u tematu pod naslovom &#8220;Mladi u suvremenoj Hrvatskoj: kulturno naslje\u0111e, identiteti, participacija&#8221; objavljuje radove nastale na osnovi istra\u017eivanja koja su provedena unutar velikog me\u0111unarodnog projekta \u2018Kulturna ba\u0161tina i identiteti europske budu\u0107nosti\u2019 (CHIEF \u2013 Cultural Heritage and Identities of Europe\u2019s Future), u sklopu programa za istra\u017eivanja i&hellip; Pro\u010ditaj vi\u0161e o Projekt CHIEF: Radovi projekta u tematu \u010dasopisa Sociologija i prostor, br. 3\/2022.","og_url":"https:\/\/www.vegaintro-projekti.com\/pilar-stari\/2023\/03\/projekt-chief-radovi-projekta-u-tematu-casopisa-sociologija-i-prostor-br-3-2022\/","og_site_name":"Institut dru&scaron;tvenih znanosti Ivo Pilar","article_published_time":"2023-03-29T20:46:17+00:00","article_modified_time":"2023-04-01T09:10:40+00:00","og_image":[{"width":500,"height":230,"url":"https:\/\/www.vegaintro-projekti.com\/pilar-stari\/wp-content\/uploads\/2023\/04\/INF_fi.jpg","type":"image\/jpeg"}],"author":"Boris","twitter_card":"summary_large_image","twitter_misc":{"Napisao\/la":"Boris","Procijenjeno vrijeme \u010ditanja":"2 minute"},"schema":{"@context":"https:\/\/schema.org","@graph":[{"@type":"WebPage","@id":"https:\/\/www.vegaintro-projekti.com\/pilar-stari\/2023\/03\/projekt-chief-radovi-projekta-u-tematu-casopisa-sociologija-i-prostor-br-3-2022\/","url":"https:\/\/www.vegaintro-projekti.com\/pilar-stari\/2023\/03\/projekt-chief-radovi-projekta-u-tematu-casopisa-sociologija-i-prostor-br-3-2022\/","name":"Projekt CHIEF: Radovi projekta u tematu \u010dasopisa Sociologija i prostor, br. 3\/2022. - Institut dru&scaron;tvenih znanosti Ivo Pilar","isPartOf":{"@id":"https:\/\/www.vegaintro-projekti.com\/pilar-stari\/#website"},"datePublished":"2023-03-29T20:46:17+00:00","dateModified":"2023-04-01T09:10:40+00:00","author":{"@id":"https:\/\/www.vegaintro-projekti.com\/pilar-stari\/#\/schema\/person\/ddd404c9f1e15e4ffef5986ac6a5d28b"},"breadcrumb":{"@id":"https:\/\/www.vegaintro-projekti.com\/pilar-stari\/2023\/03\/projekt-chief-radovi-projekta-u-tematu-casopisa-sociologija-i-prostor-br-3-2022\/#breadcrumb"},"inLanguage":"hr","potentialAction":[{"@type":"ReadAction","target":["https:\/\/www.vegaintro-projekti.com\/pilar-stari\/2023\/03\/projekt-chief-radovi-projekta-u-tematu-casopisa-sociologija-i-prostor-br-3-2022\/"]}]},{"@type":"BreadcrumbList","@id":"https:\/\/www.vegaintro-projekti.com\/pilar-stari\/2023\/03\/projekt-chief-radovi-projekta-u-tematu-casopisa-sociologija-i-prostor-br-3-2022\/#breadcrumb","itemListElement":[{"@type":"ListItem","position":1,"name":"Home","item":"https:\/\/www.vegaintro-projekti.com\/pilar-stari\/"},{"@type":"ListItem","position":2,"name":"Projekt CHIEF: Radovi projekta u tematu \u010dasopisa Sociologija i prostor, br. 3\/2022."}]},{"@type":"WebSite","@id":"https:\/\/www.vegaintro-projekti.com\/pilar-stari\/#website","url":"https:\/\/www.vegaintro-projekti.com\/pilar-stari\/","name":"Institut dru&scaron;tvenih znanosti Ivo Pilar","description":"Pilar","potentialAction":[{"@type":"SearchAction","target":{"@type":"EntryPoint","urlTemplate":"https:\/\/www.vegaintro-projekti.com\/pilar-stari\/?s={search_term_string}"},"query-input":"required name=search_term_string"}],"inLanguage":"hr"},{"@type":"Person","@id":"https:\/\/www.vegaintro-projekti.com\/pilar-stari\/#\/schema\/person\/ddd404c9f1e15e4ffef5986ac6a5d28b","name":"Boris","image":{"@type":"ImageObject","inLanguage":"hr","@id":"https:\/\/www.vegaintro-projekti.com\/pilar-stari\/#\/schema\/person\/image\/","url":"https:\/\/secure.gravatar.com\/avatar\/29557b161a6ce6ab86ac1503164f1e90?s=96&d=mm&r=g","contentUrl":"https:\/\/secure.gravatar.com\/avatar\/29557b161a6ce6ab86ac1503164f1e90?s=96&d=mm&r=g","caption":"Boris"},"url":"https:\/\/www.vegaintro-projekti.com\/pilar-stari\/author\/boris\/"}]}},"_links":{"self":[{"href":"https:\/\/www.vegaintro-projekti.com\/pilar-stari\/wp-json\/wp\/v2\/posts\/25488"}],"collection":[{"href":"https:\/\/www.vegaintro-projekti.com\/pilar-stari\/wp-json\/wp\/v2\/posts"}],"about":[{"href":"https:\/\/www.vegaintro-projekti.com\/pilar-stari\/wp-json\/wp\/v2\/types\/post"}],"author":[{"embeddable":true,"href":"https:\/\/www.vegaintro-projekti.com\/pilar-stari\/wp-json\/wp\/v2\/users\/7"}],"replies":[{"embeddable":true,"href":"https:\/\/www.vegaintro-projekti.com\/pilar-stari\/wp-json\/wp\/v2\/comments?post=25488"}],"version-history":[{"count":1,"href":"https:\/\/www.vegaintro-projekti.com\/pilar-stari\/wp-json\/wp\/v2\/posts\/25488\/revisions"}],"predecessor-version":[{"id":25489,"href":"https:\/\/www.vegaintro-projekti.com\/pilar-stari\/wp-json\/wp\/v2\/posts\/25488\/revisions\/25489"}],"wp:featuredmedia":[{"embeddable":true,"href":"https:\/\/www.vegaintro-projekti.com\/pilar-stari\/wp-json\/wp\/v2\/media\/25487"}],"wp:attachment":[{"href":"https:\/\/www.vegaintro-projekti.com\/pilar-stari\/wp-json\/wp\/v2\/media?parent=25488"}],"wp:term":[{"taxonomy":"category","embeddable":true,"href":"https:\/\/www.vegaintro-projekti.com\/pilar-stari\/wp-json\/wp\/v2\/categories?post=25488"},{"taxonomy":"post_tag","embeddable":true,"href":"https:\/\/www.vegaintro-projekti.com\/pilar-stari\/wp-json\/wp\/v2\/tags?post=25488"}],"curies":[{"name":"wp","href":"https:\/\/api.w.org\/{rel}","templated":true}]}}