{"id":25775,"date":"2023-04-28T14:38:41","date_gmt":"2023-04-28T14:38:41","guid":{"rendered":"https:\/\/www.vegaintro-projekti.com\/pilar-stari\/?p=25775"},"modified":"2023-07-18T21:21:05","modified_gmt":"2023-07-18T21:21:05","slug":"objavljen-zbornik-radova-velebitski-ustanak","status":"publish","type":"post","link":"https:\/\/www.vegaintro-projekti.com\/pilar-stari\/2023\/04\/objavljen-zbornik-radova-velebitski-ustanak\/","title":{"rendered":"Objavljen zbornik radova VELEBITSKI USTANAK"},"content":{"rendered":"<p><strong>Kao 60. knjiga Biblioteke Zbornici Instituta dru\u0161tvenih znanosti Ivo Pilar objavljen je VELEBITSKI USTANAK. <em>Zbornik radova<\/em>. Knjigu su uredili Ante Be\u017een i Ivan Brli\u0107 a objavljena je u povodu 90. obljetnice Velebitskog ustanka. <\/strong>&#8211; <a href=\"https:\/\/www.vegaintro-projekti.com\/pilar-stari\/wp-content\/uploads\/2023\/07\/VeleUst_Full.pdf\">Puni tekst knjige<\/a><\/p>\n<p><a href=\"https:\/\/www.vegaintro-projekti.com\/pilar-stari\/wp-content\/uploads\/2023\/07\/VeleUst_Full.pdf\"><img decoding=\"async\" loading=\"lazy\" class=\"wp-image-25768 size-full alignleft\" src=\"https:\/\/www.vegaintro-projekti.com\/pilar-stari\/wp-content\/uploads\/2023\/05\/VeleUst_Nasl.jpg\" alt=\"\" width=\"227\" height=\"314\" srcset=\"https:\/\/www.vegaintro-projekti.com\/pilar-stari\/wp-content\/uploads\/2023\/05\/VeleUst_Nasl.jpg 227w, https:\/\/www.vegaintro-projekti.com\/pilar-stari\/wp-content\/uploads\/2023\/05\/VeleUst_Nasl-217x300.jpg 217w\" sizes=\"(max-width: 227px) 100vw, 227px\" \/><\/a><\/p>\n<p>&nbsp;<\/p>\n<p><em>Zbornik je rezultat projekta kojim je ostvarena potreba da se znanstveno objasni Velebitski ustanak, njegovi sudionici, organizacija, trajanje, odjeci i posljedice. No, on je i svojevrstan <\/em>memento<em> li\u010dkim, podgorskim i ravnokotarskim seljacima koji su morali \u0161to\u0161ta pretrpjeti nakon pothvata skupine emigranata na Velebitu. &#8211; Uz 90. obljetnicu<\/em><\/p>\n<p><span style=\"font-size: 8pt;\"><strong>VELEBITSKI USTANAK. Zbornik radova<\/strong><\/span><br \/>\n<span style=\"font-size: 8pt;\"><strong>Uredili Ante Be\u017een i Ivan Brli\u0107<\/strong><\/span><br \/>\n<span style=\"font-size: 8pt;\"><strong>Biblioteka Zbornici. &#8211; Knjiga 60.<\/strong><\/span><br \/>\n<span style=\"font-size: 8pt;\"><strong>Institut dru\u0161tvenih znanosti Ivo Pilar<\/strong><\/span><br \/>\n<span style=\"font-size: 8pt;\"><strong>Zagreb \u2013 Gospi\u0107, 2023. &#8211; 292 str.<\/strong><\/span><br \/>\n<span style=\"font-size: 8pt;\"><strong>ISBN 978-953-8404-19-1<\/strong><\/span><\/p>\n<p>&#8211; <a href=\"https:\/\/www.vegaintro-projekti.com\/pilar-stari\/wp-content\/uploads\/2023\/07\/VeleUst_Full.pdf\">Puni tekst knjige<\/a><br \/>\n&#8211; <a href=\"https:\/\/www.vegaintro-projekti.com\/pilar-stari\/2023\/04\/predstavljanje-knjige-velebitski-ustanak-zbornik-radova-gospic-28-4-2023\/\">Predstavljanje knjige VELEBITSKI USTANAK \u2013 Zbornik radova; Gospi\u0107, 28. 4. 2023.<\/a><br \/>\n&#8211; <a href=\"https:\/\/www.vegaintro-projekti.com\/pilar-stari\/2023\/06\/predstavljanje-knjige-velebitski-ustanak-zbornik-radova-zagreb-12-6-2023\/\">Predstavljanje knjige VELEBITSKI USTANAK &#8211; Zbornik radova; Zagreb, 12. 6. 2023.<\/a><\/p>\n<p><span style=\"font-size: 14pt;\">Sadr\u017eaj<\/span><\/p>\n<p>\u2013 <a href=\"https:\/\/www.vegaintro-projekti.com\/pilar-stari\/wp-content\/uploads\/2023\/05\/VeleUst_Omot.pdf\">Omot<\/a> | <a href=\"https:\/\/www.vegaintro-projekti.com\/pilar-stari\/wp-content\/uploads\/2023\/05\/VeleUst_Impresum.pdf\">Impresum<\/a> | <a href=\"https:\/\/www.vegaintro-projekti.com\/pilar-stari\/wp-content\/uploads\/2023\/05\/VeleUst_Sadrzaj.pdf\">Sadr\u017eaj<\/a><\/p>\n<p><a href=\"https:\/\/www.vegaintro-projekti.com\/pilar-stari\/wp-content\/uploads\/2023\/05\/VeleUst_Uz.pdf\">Uz 90. obljetnicu Velebitskog ustanka<\/a><br \/>\nMario Jareb: Ustanak ili diverzija? Velebitski (Li\u010dki) ustanak od zamisli i pripreme do izvedbe<br \/>\nZlatko Begonja: Zadar i zadarski kraj u razdoblju prije Velebitskog ustanka i nakon njega<br \/>\nHrvoje \u010capo: Djelovanje represivnog aparata monarhisti\u010dke Jugoslavije uo\u010di i nakon napada u Bru\u0161anima 1932. godine<br \/>\nMario Jareb: Uspje\u0161na diverzija ili neuspje\u0161an ustanak? Odjek bru\u0161anskog pothvata u medijima, publicistici i historiografiji<br \/>\nTatjana Tomai\u0107: Velebitski ustanak i talijanska diplomacija<br \/>\nZdenko Kuftinec: Pitanje identiteta paloga velebi\u0107anina Stjepana Dev\u010di\u0107a<br \/>\nAnte Be\u017een: Interes za Velebitski ustanak i njegovo javno obilje\u017eavanje nakon 1990. godine<br \/>\n<a href=\"https:\/\/www.vegaintro-projekti.com\/pilar-stari\/wp-content\/uploads\/2023\/05\/VeleUst_Sazetak.pdf\">Sa\u017eetak zbornika<\/a><br \/>\n<a href=\"https:\/\/www.vegaintro-projekti.com\/pilar-stari\/wp-content\/uploads\/2023\/05\/VeleUst_Autori.pdf\">\u017divotopisi autora<\/a><br \/>\n<a href=\"https:\/\/www.vegaintro-projekti.com\/pilar-stari\/wp-content\/uploads\/2023\/05\/VeleUst_Indeks.pdf\">Imensko kazalo<\/a><\/p>\n<blockquote><p><a href=\"https:\/\/www.vegaintro-projekti.com\/pilar-stari\/wp-content\/uploads\/2023\/07\/VeleUst_Full.pdf\">Puni tekst knjige<\/a><\/p><\/blockquote>\n<p><span style=\"font-size: 14pt;\">Uz 90. obljetnicu Velebitskog ustanka<\/span><\/p>\n<p>Hrvatska povijest 20. stolje\u0107a pro\u017eeta je doga\u0111ajima koji su se zbivali u izrazito burnim okolnostima i me\u0111usobno opre\u010dnim politi\u010dkim sustavima. U takvim prilikama ni povijesna znanost nije o njima uvijek nudila jasnu prosudbu i ocjenu. Pojedini doga\u0111aji iz nacionalne pro\u0161losti bili su plodno tlo za pobjednike, koji su se smjenjivali i nezahvalan izazov za povjesni\u010dare, koji su istra\u017eivali u procjepu izme\u0111u znanstvene metodologije i paradigmi s jedne te ideolo\u0161kih zahtjeva s druge strane. Kada se to spusti s nacionalne na ni\u017eu razinu, podru\u010dnu i jo\u0161 u\u017eu lokalnu, stvari postaju jo\u0161 kompliciranije. Mnoge teme nisu se profesionalno istra\u017eivale ili su pak slu\u017eile kao poligon pojedincima za jednostrana tuma\u010denja, naj\u010de\u0161\u0107e prema ideolo\u0161kim i politi\u010dkim interesima i prohtjevima. Jedna od takvih tema, va\u017enih za hrvatsku nacionalnu, a posebno li\u010dku povijest, oru\u017eani je napad na \u017eandarmerijsku postaju u selu Bru\u0161anima u no\u0107i izme\u0111u 6. i 7. rujna 1932. godine.<\/p>\n<p>Neposredne posljedice doga\u0111aja na Velebitu od prije 90 godina bile su neznatne, ali je njegov odjek \u2013 u situaciji u kojoj se Hrvatska u monarhisti\u010dkoj Jugoslaviji izme\u0111u dva svjetska rata nalazila gotovo u polo\u017eaju \u201e\u0161izmati\u010dke kolonije\u201c (Miroslav Krle\u017ea) \u2013 bio velik, a represija re\u017eimskog aparata obru\u0161ila se na siroma\u0161nu Liku, \u010dije je stanovni\u0161tvo zbog svjetske gospodarske krize bilo pothranjeno. \u201eDoga\u0111aji u Lici imali su znatan odjek u inozemnom tisku, posebno u talijanskom i ma\u0111arskom. Akcija usta\u0161ke grupe u Bru\u0161anima prikazivana je kao po\u010detak gra\u0111anskog rata u Jugoslaviji i odlu\u010dan zaokret Hrvata protiv vladaju\u0107ih krugova u Beogradu. U usta\u0161kim krugovima akcija je nazvana <em>Li\u010dki<\/em> ili <em>Velebitsk<\/em>i ustanak. No, bila je to ipak samo diverzija ograni\u010dena na usko podru\u010dje, koja nije izazvala \u0161iru i masovniju akciju i stvaran prelazak s politi\u010dke na oru\u017eanu borbu\u201c, napisao je pokojni hrvatski povjesni\u010dar Hrvoje Matkovi\u0107 1994. u knjizi <em>Povijest Nezavisne Dr\u017eave Hrvatske<\/em>. Tema je dobila na aktualnosti uspostavom samostalne Republike Hrvatske, ali je i dalje interpretirana s raznih stajali\u0161ta. Zato su i danas u 21. stolje\u0107u, 90 godina poslije, potrebne nove spoznaje jer jo\u0161 nije iscrpljeno sve \u0161to se o toj temi mo\u017ee prona\u0107i u Hrvatskoj i izvan nje.<br \/>\n(\u2026)<br \/>\nZbornik je ponajprije rezultat projekta kojim je ostvarena potreba da se znanstveno objasni Velebitski ustanak, njegovi sudionici, organizacija, trajanje, odjeci i posljedice. No, on je i svojevrstan <em>memento<\/em> li\u010dkim, podgorskim i ravnokotarskim seljacima koji su morali \u0161to\u0161ta pretrpjeti nakon pothvata skupine emigranata na Velebitu. Povijesni je razvoj u kasnijem razdoblju bremenite li\u010dke i hrvatske pro\u0161losti doveo i do ratnih sukoba s fatalnim posljedicama, koje stanovnici na tome demografski razrije\u0111enom podru\u010dju osje\u0107aju i danas. Hrvatska koju danas poznajemo, a u koju su brojni nara\u0161taji utkali sebe, slobodna je zemlja u kojoj ni ovaj zbornik o Velebitskom ustanku nije nu\u017eno posljednja rije\u010d o toj temi, ali nadamo se da \u0107e znanstveni radovi u njemu pru\u017eiti odr\u017eive odgovore na mnoga istra\u017eiva\u010dka pitanja koja se danas mogu postaviti.<\/p>\n<p><em>Urednici<\/em><\/p>\n<blockquote><p><a href=\"https:\/\/www.vegaintro-projekti.com\/pilar-stari\/2010\/07\/podruni-centar-gospi-2\/\">Podru\u010dni centar Gospi\u0107<\/a><\/p>\n<p><a href=\"https:\/\/www.vegaintro-projekti.com\/pilar-stari\/wp-content\/uploads\/2023\/07\/VeleUst_Full.pdf\">Puni tekst knjige<\/a><\/p><\/blockquote>\n","protected":false},"excerpt":{"rendered":"<p>Kao 60. knjiga Biblioteke Zbornici Instituta dru\u0161tvenih znanosti Ivo Pilar objavljen je VELEBITSKI USTANAK. Zbornik radova. Knjigu su uredili Ante Be\u017een i Ivan Brli\u0107 a objavljena je u povodu 90. obljetnice Velebitskog ustanka. &#8211; Puni tekst knjige &nbsp; Zbornik je rezultat projekta kojim je ostvarena potreba da se znanstveno objasni Velebitski ustanak, njegovi sudionici, organizacija,&hellip; <a class=\"continue\" href=\"https:\/\/www.vegaintro-projekti.com\/pilar-stari\/2023\/04\/objavljen-zbornik-radova-velebitski-ustanak\/\">Pro\u010ditaj vi\u0161e o<span> Objavljen zbornik radova VELEBITSKI USTANAK<\/span><\/a><\/p>\n","protected":false},"author":7,"featured_media":25774,"comment_status":"closed","ping_status":"closed","sticky":false,"template":"","format":"standard","meta":{"inline_featured_image":false,"ngg_post_thumbnail":0,"footnotes":""},"categories":[21],"tags":[],"yoast_head":"<!-- This site is optimized with the Yoast SEO plugin v21.2 - https:\/\/yoast.com\/wordpress\/plugins\/seo\/ -->\n<title>Objavljen zbornik radova VELEBITSKI USTANAK - Institut dru&scaron;tvenih znanosti Ivo Pilar<\/title>\n<meta name=\"robots\" content=\"noindex, follow, max-snippet:-1, max-image-preview:large, max-video-preview:-1\" \/>\n<meta property=\"og:locale\" content=\"hr_HR\" \/>\n<meta property=\"og:type\" content=\"article\" \/>\n<meta property=\"og:title\" content=\"Objavljen zbornik radova VELEBITSKI USTANAK - Institut dru&scaron;tvenih znanosti Ivo Pilar\" \/>\n<meta property=\"og:description\" content=\"Kao 60. knjiga Biblioteke Zbornici Instituta dru\u0161tvenih znanosti Ivo Pilar objavljen je VELEBITSKI USTANAK. Zbornik radova. Knjigu su uredili Ante Be\u017een i Ivan Brli\u0107 a objavljena je u povodu 90. obljetnice Velebitskog ustanka. &#8211; Puni tekst knjige &nbsp; Zbornik je rezultat projekta kojim je ostvarena potreba da se znanstveno objasni Velebitski ustanak, njegovi sudionici, organizacija,&hellip; Pro\u010ditaj vi\u0161e o Objavljen zbornik radova VELEBITSKI USTANAK\" \/>\n<meta property=\"og:url\" content=\"https:\/\/www.vegaintro-projekti.com\/pilar-stari\/2023\/04\/objavljen-zbornik-radova-velebitski-ustanak\/\" \/>\n<meta property=\"og:site_name\" content=\"Institut dru&scaron;tvenih znanosti Ivo Pilar\" \/>\n<meta property=\"article:published_time\" content=\"2023-04-28T14:38:41+00:00\" \/>\n<meta property=\"article:modified_time\" content=\"2023-07-18T21:21:05+00:00\" \/>\n<meta property=\"og:image\" content=\"https:\/\/www.vegaintro-projekti.com\/pilar-stari\/wp-content\/uploads\/2023\/05\/VeleUst_fi.jpg\" \/>\n\t<meta property=\"og:image:width\" content=\"498\" \/>\n\t<meta property=\"og:image:height\" content=\"220\" \/>\n\t<meta property=\"og:image:type\" content=\"image\/jpeg\" \/>\n<meta name=\"author\" content=\"Boris\" \/>\n<meta name=\"twitter:card\" content=\"summary_large_image\" \/>\n<meta name=\"twitter:label1\" content=\"Napisao\/la\" \/>\n\t<meta name=\"twitter:data1\" content=\"Boris\" \/>\n\t<meta name=\"twitter:label2\" content=\"Procijenjeno vrijeme \u010ditanja\" \/>\n\t<meta name=\"twitter:data2\" content=\"5 minuta\" \/>\n<script type=\"application\/ld+json\" class=\"yoast-schema-graph\">{\"@context\":\"https:\/\/schema.org\",\"@graph\":[{\"@type\":\"WebPage\",\"@id\":\"https:\/\/www.vegaintro-projekti.com\/pilar-stari\/2023\/04\/objavljen-zbornik-radova-velebitski-ustanak\/\",\"url\":\"https:\/\/www.vegaintro-projekti.com\/pilar-stari\/2023\/04\/objavljen-zbornik-radova-velebitski-ustanak\/\",\"name\":\"Objavljen zbornik radova VELEBITSKI USTANAK - Institut dru&scaron;tvenih znanosti Ivo Pilar\",\"isPartOf\":{\"@id\":\"https:\/\/www.vegaintro-projekti.com\/pilar-stari\/#website\"},\"datePublished\":\"2023-04-28T14:38:41+00:00\",\"dateModified\":\"2023-07-18T21:21:05+00:00\",\"author\":{\"@id\":\"https:\/\/www.vegaintro-projekti.com\/pilar-stari\/#\/schema\/person\/ddd404c9f1e15e4ffef5986ac6a5d28b\"},\"breadcrumb\":{\"@id\":\"https:\/\/www.vegaintro-projekti.com\/pilar-stari\/2023\/04\/objavljen-zbornik-radova-velebitski-ustanak\/#breadcrumb\"},\"inLanguage\":\"hr\",\"potentialAction\":[{\"@type\":\"ReadAction\",\"target\":[\"https:\/\/www.vegaintro-projekti.com\/pilar-stari\/2023\/04\/objavljen-zbornik-radova-velebitski-ustanak\/\"]}]},{\"@type\":\"BreadcrumbList\",\"@id\":\"https:\/\/www.vegaintro-projekti.com\/pilar-stari\/2023\/04\/objavljen-zbornik-radova-velebitski-ustanak\/#breadcrumb\",\"itemListElement\":[{\"@type\":\"ListItem\",\"position\":1,\"name\":\"Home\",\"item\":\"https:\/\/www.vegaintro-projekti.com\/pilar-stari\/\"},{\"@type\":\"ListItem\",\"position\":2,\"name\":\"Objavljen zbornik radova VELEBITSKI USTANAK\"}]},{\"@type\":\"WebSite\",\"@id\":\"https:\/\/www.vegaintro-projekti.com\/pilar-stari\/#website\",\"url\":\"https:\/\/www.vegaintro-projekti.com\/pilar-stari\/\",\"name\":\"Institut dru&scaron;tvenih znanosti Ivo Pilar\",\"description\":\"Pilar\",\"potentialAction\":[{\"@type\":\"SearchAction\",\"target\":{\"@type\":\"EntryPoint\",\"urlTemplate\":\"https:\/\/www.vegaintro-projekti.com\/pilar-stari\/?s={search_term_string}\"},\"query-input\":\"required name=search_term_string\"}],\"inLanguage\":\"hr\"},{\"@type\":\"Person\",\"@id\":\"https:\/\/www.vegaintro-projekti.com\/pilar-stari\/#\/schema\/person\/ddd404c9f1e15e4ffef5986ac6a5d28b\",\"name\":\"Boris\",\"image\":{\"@type\":\"ImageObject\",\"inLanguage\":\"hr\",\"@id\":\"https:\/\/www.vegaintro-projekti.com\/pilar-stari\/#\/schema\/person\/image\/\",\"url\":\"https:\/\/secure.gravatar.com\/avatar\/29557b161a6ce6ab86ac1503164f1e90?s=96&d=mm&r=g\",\"contentUrl\":\"https:\/\/secure.gravatar.com\/avatar\/29557b161a6ce6ab86ac1503164f1e90?s=96&d=mm&r=g\",\"caption\":\"Boris\"},\"url\":\"https:\/\/www.vegaintro-projekti.com\/pilar-stari\/author\/boris\/\"}]}<\/script>\n<!-- \/ Yoast SEO plugin. -->","yoast_head_json":{"title":"Objavljen zbornik radova VELEBITSKI USTANAK - Institut dru&scaron;tvenih znanosti Ivo Pilar","robots":{"index":"noindex","follow":"follow","max-snippet":"max-snippet:-1","max-image-preview":"max-image-preview:large","max-video-preview":"max-video-preview:-1"},"og_locale":"hr_HR","og_type":"article","og_title":"Objavljen zbornik radova VELEBITSKI USTANAK - Institut dru&scaron;tvenih znanosti Ivo Pilar","og_description":"Kao 60. knjiga Biblioteke Zbornici Instituta dru\u0161tvenih znanosti Ivo Pilar objavljen je VELEBITSKI USTANAK. Zbornik radova. Knjigu su uredili Ante Be\u017een i Ivan Brli\u0107 a objavljena je u povodu 90. obljetnice Velebitskog ustanka. &#8211; Puni tekst knjige &nbsp; Zbornik je rezultat projekta kojim je ostvarena potreba da se znanstveno objasni Velebitski ustanak, njegovi sudionici, organizacija,&hellip; Pro\u010ditaj vi\u0161e o Objavljen zbornik radova VELEBITSKI USTANAK","og_url":"https:\/\/www.vegaintro-projekti.com\/pilar-stari\/2023\/04\/objavljen-zbornik-radova-velebitski-ustanak\/","og_site_name":"Institut dru&scaron;tvenih znanosti Ivo Pilar","article_published_time":"2023-04-28T14:38:41+00:00","article_modified_time":"2023-07-18T21:21:05+00:00","og_image":[{"width":498,"height":220,"url":"https:\/\/www.vegaintro-projekti.com\/pilar-stari\/wp-content\/uploads\/2023\/05\/VeleUst_fi.jpg","type":"image\/jpeg"}],"author":"Boris","twitter_card":"summary_large_image","twitter_misc":{"Napisao\/la":"Boris","Procijenjeno vrijeme \u010ditanja":"5 minuta"},"schema":{"@context":"https:\/\/schema.org","@graph":[{"@type":"WebPage","@id":"https:\/\/www.vegaintro-projekti.com\/pilar-stari\/2023\/04\/objavljen-zbornik-radova-velebitski-ustanak\/","url":"https:\/\/www.vegaintro-projekti.com\/pilar-stari\/2023\/04\/objavljen-zbornik-radova-velebitski-ustanak\/","name":"Objavljen zbornik radova VELEBITSKI USTANAK - Institut dru&scaron;tvenih znanosti Ivo Pilar","isPartOf":{"@id":"https:\/\/www.vegaintro-projekti.com\/pilar-stari\/#website"},"datePublished":"2023-04-28T14:38:41+00:00","dateModified":"2023-07-18T21:21:05+00:00","author":{"@id":"https:\/\/www.vegaintro-projekti.com\/pilar-stari\/#\/schema\/person\/ddd404c9f1e15e4ffef5986ac6a5d28b"},"breadcrumb":{"@id":"https:\/\/www.vegaintro-projekti.com\/pilar-stari\/2023\/04\/objavljen-zbornik-radova-velebitski-ustanak\/#breadcrumb"},"inLanguage":"hr","potentialAction":[{"@type":"ReadAction","target":["https:\/\/www.vegaintro-projekti.com\/pilar-stari\/2023\/04\/objavljen-zbornik-radova-velebitski-ustanak\/"]}]},{"@type":"BreadcrumbList","@id":"https:\/\/www.vegaintro-projekti.com\/pilar-stari\/2023\/04\/objavljen-zbornik-radova-velebitski-ustanak\/#breadcrumb","itemListElement":[{"@type":"ListItem","position":1,"name":"Home","item":"https:\/\/www.vegaintro-projekti.com\/pilar-stari\/"},{"@type":"ListItem","position":2,"name":"Objavljen zbornik radova VELEBITSKI USTANAK"}]},{"@type":"WebSite","@id":"https:\/\/www.vegaintro-projekti.com\/pilar-stari\/#website","url":"https:\/\/www.vegaintro-projekti.com\/pilar-stari\/","name":"Institut dru&scaron;tvenih znanosti Ivo Pilar","description":"Pilar","potentialAction":[{"@type":"SearchAction","target":{"@type":"EntryPoint","urlTemplate":"https:\/\/www.vegaintro-projekti.com\/pilar-stari\/?s={search_term_string}"},"query-input":"required name=search_term_string"}],"inLanguage":"hr"},{"@type":"Person","@id":"https:\/\/www.vegaintro-projekti.com\/pilar-stari\/#\/schema\/person\/ddd404c9f1e15e4ffef5986ac6a5d28b","name":"Boris","image":{"@type":"ImageObject","inLanguage":"hr","@id":"https:\/\/www.vegaintro-projekti.com\/pilar-stari\/#\/schema\/person\/image\/","url":"https:\/\/secure.gravatar.com\/avatar\/29557b161a6ce6ab86ac1503164f1e90?s=96&d=mm&r=g","contentUrl":"https:\/\/secure.gravatar.com\/avatar\/29557b161a6ce6ab86ac1503164f1e90?s=96&d=mm&r=g","caption":"Boris"},"url":"https:\/\/www.vegaintro-projekti.com\/pilar-stari\/author\/boris\/"}]}},"_links":{"self":[{"href":"https:\/\/www.vegaintro-projekti.com\/pilar-stari\/wp-json\/wp\/v2\/posts\/25775"}],"collection":[{"href":"https:\/\/www.vegaintro-projekti.com\/pilar-stari\/wp-json\/wp\/v2\/posts"}],"about":[{"href":"https:\/\/www.vegaintro-projekti.com\/pilar-stari\/wp-json\/wp\/v2\/types\/post"}],"author":[{"embeddable":true,"href":"https:\/\/www.vegaintro-projekti.com\/pilar-stari\/wp-json\/wp\/v2\/users\/7"}],"replies":[{"embeddable":true,"href":"https:\/\/www.vegaintro-projekti.com\/pilar-stari\/wp-json\/wp\/v2\/comments?post=25775"}],"version-history":[{"count":10,"href":"https:\/\/www.vegaintro-projekti.com\/pilar-stari\/wp-json\/wp\/v2\/posts\/25775\/revisions"}],"predecessor-version":[{"id":26631,"href":"https:\/\/www.vegaintro-projekti.com\/pilar-stari\/wp-json\/wp\/v2\/posts\/25775\/revisions\/26631"}],"wp:featuredmedia":[{"embeddable":true,"href":"https:\/\/www.vegaintro-projekti.com\/pilar-stari\/wp-json\/wp\/v2\/media\/25774"}],"wp:attachment":[{"href":"https:\/\/www.vegaintro-projekti.com\/pilar-stari\/wp-json\/wp\/v2\/media?parent=25775"}],"wp:term":[{"taxonomy":"category","embeddable":true,"href":"https:\/\/www.vegaintro-projekti.com\/pilar-stari\/wp-json\/wp\/v2\/categories?post=25775"},{"taxonomy":"post_tag","embeddable":true,"href":"https:\/\/www.vegaintro-projekti.com\/pilar-stari\/wp-json\/wp\/v2\/tags?post=25775"}],"curies":[{"name":"wp","href":"https:\/\/api.w.org\/{rel}","templated":true}]}}