{"id":25972,"date":"2023-05-17T11:13:42","date_gmt":"2023-05-17T11:13:42","guid":{"rendered":"https:\/\/www.vegaintro-projekti.com\/pilar-stari\/?p=25972"},"modified":"2023-05-17T11:14:44","modified_gmt":"2023-05-17T11:14:44","slug":"dr-sc-danijel-vojak-na-konferenciji-the-transnational-history-and-memory-of-world-war-ii-crimes-14-5-2023","status":"publish","type":"post","link":"https:\/\/www.vegaintro-projekti.com\/pilar-stari\/2023\/05\/dr-sc-danijel-vojak-na-konferenciji-the-transnational-history-and-memory-of-world-war-ii-crimes-14-5-2023\/","title":{"rendered":"Dr. sc. Danijel Vojak na konferenciji \u201cThe transnational history and memory of World War II crimes&#8230;&#8221;, 14. 5. 2023."},"content":{"rendered":"<p><strong>Dr. sc. Danijel Vojak sudjelovao je 14. svibnja 2023. kao izlaga\u010d na me\u0111unarodnoj znanstvenoj konferenciji \u201cThe transnational history and memory of World War II crimes in Croatia, Bosnia and Herzegovina, Slovenia, and the northern Adriatic\u201d, koja se odr\u017eala od 12. do 14. svibnja 2023. na Sveu\u010dili\u0161tu u Regensburgu<\/strong><\/p>\n<p><a href=\"https:\/\/www.vegaintro-projekti.com\/pilar-stari\/wp-content\/uploads\/2023\/05\/Regensburg-Program.pdf\"><img decoding=\"async\" loading=\"lazy\" class=\"alignnone wp-image-25969 size-full\" src=\"https:\/\/www.vegaintro-projekti.com\/pilar-stari\/wp-content\/uploads\/2023\/05\/IMG-5.jpg\" alt=\"\" width=\"620\" height=\"349\" srcset=\"https:\/\/www.vegaintro-projekti.com\/pilar-stari\/wp-content\/uploads\/2023\/05\/IMG-5.jpg 620w, https:\/\/www.vegaintro-projekti.com\/pilar-stari\/wp-content\/uploads\/2023\/05\/IMG-5-300x169.jpg 300w\" sizes=\"(max-width: 620px) 100vw, 620px\" \/><\/a><\/p>\n<p><strong>&#8211; Program konferencije:<\/strong> <a href=\"https:\/\/www.vegaintro-projekti.com\/pilar-stari\/wp-content\/uploads\/2023\/05\/Regensburg-Program.pdf\">The transnational history and memory of World War II crimes in Croatia, Bosnia and Herzegovina, Slovenia, and the northern Adriatic, 12.-14. 5. 2023.<\/a><\/p>\n<p>Organizatori konferencije su bili Documenta \u2013 Centar za suo\u010davanje s pro\u0161lo\u0161\u0107u, Sveu\u010dili\u0161te u Regensburgu i Topografia per la storia. Dr. sc. Vojak je zajedno sa Dunjom Jakopovi\u0107 odr\u017eao online izlaganje naslovljeno \u201cForgotten places of crimes against illegal marginals or about places of mass crimes against the Roma population in the Independent State of Croatia\u201c.<\/p>\n<blockquote><p><a href=\"https:\/\/www.vegaintro-projekti.com\/pilar-stari\/biografije\/user-bio\/?my_user_id=63\">Dr. sc. Danijel Vojak<\/a><\/p><\/blockquote>\n","protected":false},"excerpt":{"rendered":"<p>Dr. sc. Danijel Vojak sudjelovao je 14. svibnja 2023. kao izlaga\u010d na me\u0111unarodnoj znanstvenoj konferenciji \u201cThe transnational history and memory of World War II crimes in Croatia, Bosnia and Herzegovina, Slovenia, and the northern Adriatic\u201d, koja se odr\u017eala od 12. do 14. svibnja 2023. na Sveu\u010dili\u0161tu u Regensburgu &#8211; Program konferencije: The transnational history and&hellip; <a class=\"continue\" href=\"https:\/\/www.vegaintro-projekti.com\/pilar-stari\/2023\/05\/dr-sc-danijel-vojak-na-konferenciji-the-transnational-history-and-memory-of-world-war-ii-crimes-14-5-2023\/\">Pro\u010ditaj vi\u0161e o<span> Dr. sc. Danijel Vojak na konferenciji \u201cThe transnational history and memory of World War II crimes&#8230;&#8221;, 14. 5. 2023.<\/span><\/a><\/p>\n","protected":false},"author":7,"featured_media":25970,"comment_status":"closed","ping_status":"closed","sticky":false,"template":"","format":"standard","meta":{"inline_featured_image":false,"ngg_post_thumbnail":0,"footnotes":""},"categories":[48,11],"tags":[],"yoast_head":"<!-- This site is optimized with the Yoast SEO plugin v21.2 - https:\/\/yoast.com\/wordpress\/plugins\/seo\/ -->\n<title>Dr. sc. Danijel Vojak na konferenciji \u201cThe transnational history and memory of World War II crimes...&quot;, 14. 5. 2023. - Institut dru&scaron;tvenih znanosti Ivo Pilar<\/title>\n<meta name=\"robots\" content=\"noindex, follow, max-snippet:-1, max-image-preview:large, max-video-preview:-1\" \/>\n<meta property=\"og:locale\" content=\"hr_HR\" \/>\n<meta property=\"og:type\" content=\"article\" \/>\n<meta property=\"og:title\" content=\"Dr. sc. Danijel Vojak na konferenciji \u201cThe transnational history and memory of World War II crimes...&quot;, 14. 5. 2023. - Institut dru&scaron;tvenih znanosti Ivo Pilar\" \/>\n<meta property=\"og:description\" content=\"Dr. sc. Danijel Vojak sudjelovao je 14. svibnja 2023. kao izlaga\u010d na me\u0111unarodnoj znanstvenoj konferenciji \u201cThe transnational history and memory of World War II crimes in Croatia, Bosnia and Herzegovina, Slovenia, and the northern Adriatic\u201d, koja se odr\u017eala od 12. do 14. svibnja 2023. na Sveu\u010dili\u0161tu u Regensburgu &#8211; Program konferencije: The transnational history and&hellip; Pro\u010ditaj vi\u0161e o Dr. sc. Danijel Vojak na konferenciji \u201cThe transnational history and memory of World War II crimes&#8230;&#8221;, 14. 5. 2023.\" \/>\n<meta property=\"og:url\" content=\"https:\/\/www.vegaintro-projekti.com\/pilar-stari\/2023\/05\/dr-sc-danijel-vojak-na-konferenciji-the-transnational-history-and-memory-of-world-war-ii-crimes-14-5-2023\/\" \/>\n<meta property=\"og:site_name\" content=\"Institut dru&scaron;tvenih znanosti Ivo Pilar\" \/>\n<meta property=\"article:published_time\" content=\"2023-05-17T11:13:42+00:00\" \/>\n<meta property=\"article:modified_time\" content=\"2023-05-17T11:14:44+00:00\" \/>\n<meta property=\"og:image\" content=\"https:\/\/www.vegaintro-projekti.com\/pilar-stari\/wp-content\/uploads\/2023\/05\/IMGfi-3.jpg\" \/>\n\t<meta property=\"og:image:width\" content=\"497\" \/>\n\t<meta property=\"og:image:height\" content=\"221\" \/>\n\t<meta property=\"og:image:type\" content=\"image\/jpeg\" \/>\n<meta name=\"author\" content=\"Boris\" \/>\n<meta name=\"twitter:card\" content=\"summary_large_image\" \/>\n<meta name=\"twitter:label1\" content=\"Napisao\/la\" \/>\n\t<meta name=\"twitter:data1\" content=\"Boris\" \/>\n\t<meta name=\"twitter:label2\" content=\"Procijenjeno vrijeme \u010ditanja\" \/>\n\t<meta name=\"twitter:data2\" content=\"1 minuta\" \/>\n<script type=\"application\/ld+json\" class=\"yoast-schema-graph\">{\"@context\":\"https:\/\/schema.org\",\"@graph\":[{\"@type\":\"WebPage\",\"@id\":\"https:\/\/www.vegaintro-projekti.com\/pilar-stari\/2023\/05\/dr-sc-danijel-vojak-na-konferenciji-the-transnational-history-and-memory-of-world-war-ii-crimes-14-5-2023\/\",\"url\":\"https:\/\/www.vegaintro-projekti.com\/pilar-stari\/2023\/05\/dr-sc-danijel-vojak-na-konferenciji-the-transnational-history-and-memory-of-world-war-ii-crimes-14-5-2023\/\",\"name\":\"Dr. sc. Danijel Vojak na konferenciji \u201cThe transnational history and memory of World War II crimes...\\\", 14. 5. 2023. - Institut dru&scaron;tvenih znanosti Ivo Pilar\",\"isPartOf\":{\"@id\":\"https:\/\/www.vegaintro-projekti.com\/pilar-stari\/#website\"},\"datePublished\":\"2023-05-17T11:13:42+00:00\",\"dateModified\":\"2023-05-17T11:14:44+00:00\",\"author\":{\"@id\":\"https:\/\/www.vegaintro-projekti.com\/pilar-stari\/#\/schema\/person\/ddd404c9f1e15e4ffef5986ac6a5d28b\"},\"breadcrumb\":{\"@id\":\"https:\/\/www.vegaintro-projekti.com\/pilar-stari\/2023\/05\/dr-sc-danijel-vojak-na-konferenciji-the-transnational-history-and-memory-of-world-war-ii-crimes-14-5-2023\/#breadcrumb\"},\"inLanguage\":\"hr\",\"potentialAction\":[{\"@type\":\"ReadAction\",\"target\":[\"https:\/\/www.vegaintro-projekti.com\/pilar-stari\/2023\/05\/dr-sc-danijel-vojak-na-konferenciji-the-transnational-history-and-memory-of-world-war-ii-crimes-14-5-2023\/\"]}]},{\"@type\":\"BreadcrumbList\",\"@id\":\"https:\/\/www.vegaintro-projekti.com\/pilar-stari\/2023\/05\/dr-sc-danijel-vojak-na-konferenciji-the-transnational-history-and-memory-of-world-war-ii-crimes-14-5-2023\/#breadcrumb\",\"itemListElement\":[{\"@type\":\"ListItem\",\"position\":1,\"name\":\"Home\",\"item\":\"https:\/\/www.vegaintro-projekti.com\/pilar-stari\/\"},{\"@type\":\"ListItem\",\"position\":2,\"name\":\"Dr. sc. Danijel Vojak na konferenciji \u201cThe transnational history and memory of World War II crimes&#8230;&#8221;, 14. 5. 2023.\"}]},{\"@type\":\"WebSite\",\"@id\":\"https:\/\/www.vegaintro-projekti.com\/pilar-stari\/#website\",\"url\":\"https:\/\/www.vegaintro-projekti.com\/pilar-stari\/\",\"name\":\"Institut dru&scaron;tvenih znanosti Ivo Pilar\",\"description\":\"Pilar\",\"potentialAction\":[{\"@type\":\"SearchAction\",\"target\":{\"@type\":\"EntryPoint\",\"urlTemplate\":\"https:\/\/www.vegaintro-projekti.com\/pilar-stari\/?s={search_term_string}\"},\"query-input\":\"required name=search_term_string\"}],\"inLanguage\":\"hr\"},{\"@type\":\"Person\",\"@id\":\"https:\/\/www.vegaintro-projekti.com\/pilar-stari\/#\/schema\/person\/ddd404c9f1e15e4ffef5986ac6a5d28b\",\"name\":\"Boris\",\"image\":{\"@type\":\"ImageObject\",\"inLanguage\":\"hr\",\"@id\":\"https:\/\/www.vegaintro-projekti.com\/pilar-stari\/#\/schema\/person\/image\/\",\"url\":\"https:\/\/secure.gravatar.com\/avatar\/29557b161a6ce6ab86ac1503164f1e90?s=96&d=mm&r=g\",\"contentUrl\":\"https:\/\/secure.gravatar.com\/avatar\/29557b161a6ce6ab86ac1503164f1e90?s=96&d=mm&r=g\",\"caption\":\"Boris\"},\"url\":\"https:\/\/www.vegaintro-projekti.com\/pilar-stari\/author\/boris\/\"}]}<\/script>\n<!-- \/ Yoast SEO plugin. -->","yoast_head_json":{"title":"Dr. sc. Danijel Vojak na konferenciji \u201cThe transnational history and memory of World War II crimes...\", 14. 5. 2023. - Institut dru&scaron;tvenih znanosti Ivo Pilar","robots":{"index":"noindex","follow":"follow","max-snippet":"max-snippet:-1","max-image-preview":"max-image-preview:large","max-video-preview":"max-video-preview:-1"},"og_locale":"hr_HR","og_type":"article","og_title":"Dr. sc. Danijel Vojak na konferenciji \u201cThe transnational history and memory of World War II crimes...\", 14. 5. 2023. - Institut dru&scaron;tvenih znanosti Ivo Pilar","og_description":"Dr. sc. Danijel Vojak sudjelovao je 14. svibnja 2023. kao izlaga\u010d na me\u0111unarodnoj znanstvenoj konferenciji \u201cThe transnational history and memory of World War II crimes in Croatia, Bosnia and Herzegovina, Slovenia, and the northern Adriatic\u201d, koja se odr\u017eala od 12. do 14. svibnja 2023. na Sveu\u010dili\u0161tu u Regensburgu &#8211; Program konferencije: The transnational history and&hellip; Pro\u010ditaj vi\u0161e o Dr. sc. Danijel Vojak na konferenciji \u201cThe transnational history and memory of World War II crimes&#8230;&#8221;, 14. 5. 2023.","og_url":"https:\/\/www.vegaintro-projekti.com\/pilar-stari\/2023\/05\/dr-sc-danijel-vojak-na-konferenciji-the-transnational-history-and-memory-of-world-war-ii-crimes-14-5-2023\/","og_site_name":"Institut dru&scaron;tvenih znanosti Ivo Pilar","article_published_time":"2023-05-17T11:13:42+00:00","article_modified_time":"2023-05-17T11:14:44+00:00","og_image":[{"width":497,"height":221,"url":"https:\/\/www.vegaintro-projekti.com\/pilar-stari\/wp-content\/uploads\/2023\/05\/IMGfi-3.jpg","type":"image\/jpeg"}],"author":"Boris","twitter_card":"summary_large_image","twitter_misc":{"Napisao\/la":"Boris","Procijenjeno vrijeme \u010ditanja":"1 minuta"},"schema":{"@context":"https:\/\/schema.org","@graph":[{"@type":"WebPage","@id":"https:\/\/www.vegaintro-projekti.com\/pilar-stari\/2023\/05\/dr-sc-danijel-vojak-na-konferenciji-the-transnational-history-and-memory-of-world-war-ii-crimes-14-5-2023\/","url":"https:\/\/www.vegaintro-projekti.com\/pilar-stari\/2023\/05\/dr-sc-danijel-vojak-na-konferenciji-the-transnational-history-and-memory-of-world-war-ii-crimes-14-5-2023\/","name":"Dr. sc. Danijel Vojak na konferenciji \u201cThe transnational history and memory of World War II crimes...\", 14. 5. 2023. - Institut dru&scaron;tvenih znanosti Ivo Pilar","isPartOf":{"@id":"https:\/\/www.vegaintro-projekti.com\/pilar-stari\/#website"},"datePublished":"2023-05-17T11:13:42+00:00","dateModified":"2023-05-17T11:14:44+00:00","author":{"@id":"https:\/\/www.vegaintro-projekti.com\/pilar-stari\/#\/schema\/person\/ddd404c9f1e15e4ffef5986ac6a5d28b"},"breadcrumb":{"@id":"https:\/\/www.vegaintro-projekti.com\/pilar-stari\/2023\/05\/dr-sc-danijel-vojak-na-konferenciji-the-transnational-history-and-memory-of-world-war-ii-crimes-14-5-2023\/#breadcrumb"},"inLanguage":"hr","potentialAction":[{"@type":"ReadAction","target":["https:\/\/www.vegaintro-projekti.com\/pilar-stari\/2023\/05\/dr-sc-danijel-vojak-na-konferenciji-the-transnational-history-and-memory-of-world-war-ii-crimes-14-5-2023\/"]}]},{"@type":"BreadcrumbList","@id":"https:\/\/www.vegaintro-projekti.com\/pilar-stari\/2023\/05\/dr-sc-danijel-vojak-na-konferenciji-the-transnational-history-and-memory-of-world-war-ii-crimes-14-5-2023\/#breadcrumb","itemListElement":[{"@type":"ListItem","position":1,"name":"Home","item":"https:\/\/www.vegaintro-projekti.com\/pilar-stari\/"},{"@type":"ListItem","position":2,"name":"Dr. sc. Danijel Vojak na konferenciji \u201cThe transnational history and memory of World War II crimes&#8230;&#8221;, 14. 5. 2023."}]},{"@type":"WebSite","@id":"https:\/\/www.vegaintro-projekti.com\/pilar-stari\/#website","url":"https:\/\/www.vegaintro-projekti.com\/pilar-stari\/","name":"Institut dru&scaron;tvenih znanosti Ivo Pilar","description":"Pilar","potentialAction":[{"@type":"SearchAction","target":{"@type":"EntryPoint","urlTemplate":"https:\/\/www.vegaintro-projekti.com\/pilar-stari\/?s={search_term_string}"},"query-input":"required name=search_term_string"}],"inLanguage":"hr"},{"@type":"Person","@id":"https:\/\/www.vegaintro-projekti.com\/pilar-stari\/#\/schema\/person\/ddd404c9f1e15e4ffef5986ac6a5d28b","name":"Boris","image":{"@type":"ImageObject","inLanguage":"hr","@id":"https:\/\/www.vegaintro-projekti.com\/pilar-stari\/#\/schema\/person\/image\/","url":"https:\/\/secure.gravatar.com\/avatar\/29557b161a6ce6ab86ac1503164f1e90?s=96&d=mm&r=g","contentUrl":"https:\/\/secure.gravatar.com\/avatar\/29557b161a6ce6ab86ac1503164f1e90?s=96&d=mm&r=g","caption":"Boris"},"url":"https:\/\/www.vegaintro-projekti.com\/pilar-stari\/author\/boris\/"}]}},"_links":{"self":[{"href":"https:\/\/www.vegaintro-projekti.com\/pilar-stari\/wp-json\/wp\/v2\/posts\/25972"}],"collection":[{"href":"https:\/\/www.vegaintro-projekti.com\/pilar-stari\/wp-json\/wp\/v2\/posts"}],"about":[{"href":"https:\/\/www.vegaintro-projekti.com\/pilar-stari\/wp-json\/wp\/v2\/types\/post"}],"author":[{"embeddable":true,"href":"https:\/\/www.vegaintro-projekti.com\/pilar-stari\/wp-json\/wp\/v2\/users\/7"}],"replies":[{"embeddable":true,"href":"https:\/\/www.vegaintro-projekti.com\/pilar-stari\/wp-json\/wp\/v2\/comments?post=25972"}],"version-history":[{"count":1,"href":"https:\/\/www.vegaintro-projekti.com\/pilar-stari\/wp-json\/wp\/v2\/posts\/25972\/revisions"}],"predecessor-version":[{"id":25973,"href":"https:\/\/www.vegaintro-projekti.com\/pilar-stari\/wp-json\/wp\/v2\/posts\/25972\/revisions\/25973"}],"wp:featuredmedia":[{"embeddable":true,"href":"https:\/\/www.vegaintro-projekti.com\/pilar-stari\/wp-json\/wp\/v2\/media\/25970"}],"wp:attachment":[{"href":"https:\/\/www.vegaintro-projekti.com\/pilar-stari\/wp-json\/wp\/v2\/media?parent=25972"}],"wp:term":[{"taxonomy":"category","embeddable":true,"href":"https:\/\/www.vegaintro-projekti.com\/pilar-stari\/wp-json\/wp\/v2\/categories?post=25972"},{"taxonomy":"post_tag","embeddable":true,"href":"https:\/\/www.vegaintro-projekti.com\/pilar-stari\/wp-json\/wp\/v2\/tags?post=25972"}],"curies":[{"name":"wp","href":"https:\/\/api.w.org\/{rel}","templated":true}]}}