{"id":260,"date":"2010-02-26T13:57:42","date_gmt":"2010-02-26T13:57:42","guid":{"rendered":"https:\/\/www.vegaintro-projekti.com\/pilar-stari\/2010\/02\/26\/mons-marin-sraki-posjetio-podruni-centar-instituta-pilar-u-vukovaru\/"},"modified":"2017-12-04T11:35:51","modified_gmt":"2017-12-04T11:35:51","slug":"mons-marin-sraki-posjetio-podruni-centar-instituta-pilar-u-vukovaru","status":"publish","type":"post","link":"https:\/\/www.vegaintro-projekti.com\/pilar-stari\/2010\/02\/mons-marin-sraki-posjetio-podruni-centar-instituta-pilar-u-vukovaru\/","title":{"rendered":"Mons. Marin Sraki\u0107 posjetio Podru\u010dni centar Instituta Pilar u Vukovaru"},"content":{"rendered":"<p><strong>U sklopu kanonske vizitacije \u017eupe sv. Filipa i Jakova apostola u Vukovaru, nadbiskup i metropolita \u0110akova\u010dko-osje\u010dke nadbiskupije, mons. dr. sc. Marin Sraki\u0107 sa suradnicima je 25. velja\u010de 2010. posjetio Podru\u010dni centar Instituta Ivo Pilar u Vukovaru.<br \/><\/strong> <\/p>\n<table border=\"0\">\n<tbody>\n<tr>\n<td><img decoding=\"async\" loading=\"lazy\" height=\"235\" width=\"314\" src=\"https:\/\/www.vegaintro-projekti.com\/pilar-stari\/wp-content\/images\/stories\/fotografije\/pc_vukovar\/sam_0435.jpg\" alt=\"sam_0435\" \/><\/td>\n<td><img decoding=\"async\" loading=\"lazy\" height=\"235\" width=\"314\" src=\"https:\/\/www.vegaintro-projekti.com\/pilar-stari\/wp-content\/images\/stories\/fotografije\/pc_vukovar\/sam_0438.jpg\" alt=\"sam_0438\" \/><\/td>\n<\/tr>\n<\/tbody>\n<\/table>\n<p>Tom prigodom nadbiskupa je kroz kra\u0107u prezentaciju i izlo\u017ebu institutskih izdanja, voditelj centra dr. sc. Dra\u017een \u017divi\u0107 upoznao s nastankom i radom Instituta Pilar te osobito s razlozima osnivanja i djelatnostima vukovarskog Podru\u010dnog centra.<br \/>Nadbiskup je izrazio zadovoljstvo radom Instituta te ukazao na brojne mogu\u0107nosti daljnje suradnje. Osobito je naglasio vrijednost na\u0161ih publikacija kao i potrebu da se \u0161to vi\u0161e objavljuje na engleskom jeziku te distribuira po svijetu. Istaknuo je i zna\u010denje na\u0161eg znanstveno-stru\u010dnog skupa &#8220;Vukovar 91.&#8221;.<br \/>U nadbiskupovoj su pratnji bili i fra Gordan Propadalo, gvardijan Franjeva\u010dkog samostana u Vukovaru te fra Ivica Jagodi\u0107, \u017eupnik \u017eupe sv. Filipa i Jakova apostola u Vukovaru.<em><br \/><\/em><br \/>&#8211; <a href=\"https:\/\/www.vegaintro-projekti.com\/pilar-stari\/2009\/11\/odran-skup-qvukovar-91-osamnaest-godina-poslije\/\">Znanstveno-stru\u010dni skup Vukovar 91. &#8211; osamnaest godina poslije<\/a><br \/>&#8211; <a href=\"https:\/\/www.vegaintro-projekti.com\/pilar-stari\/wp-content\/images\/stories\/dokumenti\/vukovar-09\/pozivnica_vukovar09.pdf\">Program skupa Vukovarska bitka &#8211; bitka za Hrvatsku<\/a><br \/>&#8211; <a href=\"https:\/\/www.vegaintro-projekti.com\/pilar-stari\/2008\/11\/zbornici-i-studije-pregled-sadraja\/#35\">Zbornik Demografski kontekst i sociokulturne posljedice Hrvatskoga domovinskog rata<\/a><\/p>\n","protected":false},"excerpt":{"rendered":"<p>U sklopu kanonske vizitacije \u017eupe sv. Filipa i Jakova apostola u Vukovaru, nadbiskup i metropolita \u0110akova\u010dko-osje\u010dke nadbiskupije, mons. dr. sc. Marin Sraki\u0107 sa suradnicima je 25. velja\u010de 2010. posjetio Podru\u010dni centar Instituta Ivo Pilar u Vukovaru. Tom prigodom nadbiskupa je kroz kra\u0107u prezentaciju i izlo\u017ebu institutskih izdanja, voditelj centra dr. sc. Dra\u017een \u017divi\u0107 upoznao s&hellip; <a class=\"continue\" href=\"https:\/\/www.vegaintro-projekti.com\/pilar-stari\/2010\/02\/mons-marin-sraki-posjetio-podruni-centar-instituta-pilar-u-vukovaru\/\">Pro\u010ditaj vi\u0161e o<span> Mons. Marin Sraki\u0107 posjetio Podru\u010dni centar Instituta Pilar u Vukovaru<\/span><\/a><\/p>\n","protected":false},"author":1,"featured_media":0,"comment_status":"open","ping_status":"open","sticky":false,"template":"","format":"standard","meta":{"inline_featured_image":false,"ngg_post_thumbnail":0,"footnotes":""},"categories":[9],"tags":[],"yoast_head":"<!-- This site is optimized with the Yoast SEO plugin v21.2 - https:\/\/yoast.com\/wordpress\/plugins\/seo\/ -->\n<title>Mons. Marin Sraki\u0107 posjetio Podru\u010dni centar Instituta Pilar u Vukovaru - Institut dru&scaron;tvenih znanosti Ivo Pilar<\/title>\n<meta name=\"robots\" content=\"noindex, follow, max-snippet:-1, max-image-preview:large, max-video-preview:-1\" \/>\n<meta property=\"og:locale\" content=\"hr_HR\" \/>\n<meta property=\"og:type\" content=\"article\" \/>\n<meta property=\"og:title\" content=\"Mons. Marin Sraki\u0107 posjetio Podru\u010dni centar Instituta Pilar u Vukovaru - Institut dru&scaron;tvenih znanosti Ivo Pilar\" \/>\n<meta property=\"og:description\" content=\"U sklopu kanonske vizitacije \u017eupe sv. Filipa i Jakova apostola u Vukovaru, nadbiskup i metropolita \u0110akova\u010dko-osje\u010dke nadbiskupije, mons. dr. sc. Marin Sraki\u0107 sa suradnicima je 25. velja\u010de 2010. posjetio Podru\u010dni centar Instituta Ivo Pilar u Vukovaru. Tom prigodom nadbiskupa je kroz kra\u0107u prezentaciju i izlo\u017ebu institutskih izdanja, voditelj centra dr. sc. Dra\u017een \u017divi\u0107 upoznao s&hellip; Pro\u010ditaj vi\u0161e o Mons. Marin Sraki\u0107 posjetio Podru\u010dni centar Instituta Pilar u Vukovaru\" \/>\n<meta property=\"og:url\" content=\"https:\/\/www.vegaintro-projekti.com\/pilar-stari\/2010\/02\/mons-marin-sraki-posjetio-podruni-centar-instituta-pilar-u-vukovaru\/\" \/>\n<meta property=\"og:site_name\" content=\"Institut dru&scaron;tvenih znanosti Ivo Pilar\" \/>\n<meta property=\"article:published_time\" content=\"2010-02-26T13:57:42+00:00\" \/>\n<meta property=\"article:modified_time\" content=\"2017-12-04T11:35:51+00:00\" \/>\n<meta property=\"og:image\" content=\"https:\/\/www.vegaintro-projekti.com\/pilar-stari\/wp-content\/images\/stories\/fotografije\/pc_vukovar\/sam_0435.jpg\" \/>\n<meta name=\"author\" content=\"pilar-admin\" \/>\n<meta name=\"twitter:card\" content=\"summary_large_image\" \/>\n<meta name=\"twitter:label1\" content=\"Napisao\/la\" \/>\n\t<meta name=\"twitter:data1\" content=\"pilar-admin\" \/>\n\t<meta name=\"twitter:label2\" content=\"Procijenjeno vrijeme \u010ditanja\" \/>\n\t<meta name=\"twitter:data2\" content=\"1 minuta\" \/>\n<script type=\"application\/ld+json\" class=\"yoast-schema-graph\">{\"@context\":\"https:\/\/schema.org\",\"@graph\":[{\"@type\":\"WebPage\",\"@id\":\"https:\/\/www.vegaintro-projekti.com\/pilar-stari\/2010\/02\/mons-marin-sraki-posjetio-podruni-centar-instituta-pilar-u-vukovaru\/\",\"url\":\"https:\/\/www.vegaintro-projekti.com\/pilar-stari\/2010\/02\/mons-marin-sraki-posjetio-podruni-centar-instituta-pilar-u-vukovaru\/\",\"name\":\"Mons. Marin Sraki\u0107 posjetio Podru\u010dni centar Instituta Pilar u Vukovaru - Institut dru&scaron;tvenih znanosti Ivo Pilar\",\"isPartOf\":{\"@id\":\"https:\/\/www.vegaintro-projekti.com\/pilar-stari\/#website\"},\"datePublished\":\"2010-02-26T13:57:42+00:00\",\"dateModified\":\"2017-12-04T11:35:51+00:00\",\"author\":{\"@id\":\"https:\/\/www.vegaintro-projekti.com\/pilar-stari\/#\/schema\/person\/c0db50ebd77c4409e19b18044bbf10c1\"},\"breadcrumb\":{\"@id\":\"https:\/\/www.vegaintro-projekti.com\/pilar-stari\/2010\/02\/mons-marin-sraki-posjetio-podruni-centar-instituta-pilar-u-vukovaru\/#breadcrumb\"},\"inLanguage\":\"hr\",\"potentialAction\":[{\"@type\":\"ReadAction\",\"target\":[\"https:\/\/www.vegaintro-projekti.com\/pilar-stari\/2010\/02\/mons-marin-sraki-posjetio-podruni-centar-instituta-pilar-u-vukovaru\/\"]}]},{\"@type\":\"BreadcrumbList\",\"@id\":\"https:\/\/www.vegaintro-projekti.com\/pilar-stari\/2010\/02\/mons-marin-sraki-posjetio-podruni-centar-instituta-pilar-u-vukovaru\/#breadcrumb\",\"itemListElement\":[{\"@type\":\"ListItem\",\"position\":1,\"name\":\"Home\",\"item\":\"https:\/\/www.vegaintro-projekti.com\/pilar-stari\/\"},{\"@type\":\"ListItem\",\"position\":2,\"name\":\"Mons. Marin Sraki\u0107 posjetio Podru\u010dni centar Instituta Pilar u Vukovaru\"}]},{\"@type\":\"WebSite\",\"@id\":\"https:\/\/www.vegaintro-projekti.com\/pilar-stari\/#website\",\"url\":\"https:\/\/www.vegaintro-projekti.com\/pilar-stari\/\",\"name\":\"Institut dru&scaron;tvenih znanosti Ivo Pilar\",\"description\":\"Pilar\",\"potentialAction\":[{\"@type\":\"SearchAction\",\"target\":{\"@type\":\"EntryPoint\",\"urlTemplate\":\"https:\/\/www.vegaintro-projekti.com\/pilar-stari\/?s={search_term_string}\"},\"query-input\":\"required name=search_term_string\"}],\"inLanguage\":\"hr\"},{\"@type\":\"Person\",\"@id\":\"https:\/\/www.vegaintro-projekti.com\/pilar-stari\/#\/schema\/person\/c0db50ebd77c4409e19b18044bbf10c1\",\"name\":\"pilar-admin\",\"image\":{\"@type\":\"ImageObject\",\"inLanguage\":\"hr\",\"@id\":\"https:\/\/www.vegaintro-projekti.com\/pilar-stari\/#\/schema\/person\/image\/\",\"url\":\"https:\/\/secure.gravatar.com\/avatar\/fac9e03c4db0011b9c1ad8b5e9c74b8c?s=96&d=mm&r=g\",\"contentUrl\":\"https:\/\/secure.gravatar.com\/avatar\/fac9e03c4db0011b9c1ad8b5e9c74b8c?s=96&d=mm&r=g\",\"caption\":\"pilar-admin\"},\"url\":\"https:\/\/www.vegaintro-projekti.com\/pilar-stari\/author\/pilar-admin\/\"}]}<\/script>\n<!-- \/ Yoast SEO plugin. -->","yoast_head_json":{"title":"Mons. Marin Sraki\u0107 posjetio Podru\u010dni centar Instituta Pilar u Vukovaru - Institut dru&scaron;tvenih znanosti Ivo Pilar","robots":{"index":"noindex","follow":"follow","max-snippet":"max-snippet:-1","max-image-preview":"max-image-preview:large","max-video-preview":"max-video-preview:-1"},"og_locale":"hr_HR","og_type":"article","og_title":"Mons. Marin Sraki\u0107 posjetio Podru\u010dni centar Instituta Pilar u Vukovaru - Institut dru&scaron;tvenih znanosti Ivo Pilar","og_description":"U sklopu kanonske vizitacije \u017eupe sv. Filipa i Jakova apostola u Vukovaru, nadbiskup i metropolita \u0110akova\u010dko-osje\u010dke nadbiskupije, mons. dr. sc. Marin Sraki\u0107 sa suradnicima je 25. velja\u010de 2010. posjetio Podru\u010dni centar Instituta Ivo Pilar u Vukovaru. Tom prigodom nadbiskupa je kroz kra\u0107u prezentaciju i izlo\u017ebu institutskih izdanja, voditelj centra dr. sc. Dra\u017een \u017divi\u0107 upoznao s&hellip; Pro\u010ditaj vi\u0161e o Mons. Marin Sraki\u0107 posjetio Podru\u010dni centar Instituta Pilar u Vukovaru","og_url":"https:\/\/www.vegaintro-projekti.com\/pilar-stari\/2010\/02\/mons-marin-sraki-posjetio-podruni-centar-instituta-pilar-u-vukovaru\/","og_site_name":"Institut dru&scaron;tvenih znanosti Ivo Pilar","article_published_time":"2010-02-26T13:57:42+00:00","article_modified_time":"2017-12-04T11:35:51+00:00","og_image":[{"url":"https:\/\/www.vegaintro-projekti.com\/pilar-stari\/wp-content\/images\/stories\/fotografije\/pc_vukovar\/sam_0435.jpg"}],"author":"pilar-admin","twitter_card":"summary_large_image","twitter_misc":{"Napisao\/la":"pilar-admin","Procijenjeno vrijeme \u010ditanja":"1 minuta"},"schema":{"@context":"https:\/\/schema.org","@graph":[{"@type":"WebPage","@id":"https:\/\/www.vegaintro-projekti.com\/pilar-stari\/2010\/02\/mons-marin-sraki-posjetio-podruni-centar-instituta-pilar-u-vukovaru\/","url":"https:\/\/www.vegaintro-projekti.com\/pilar-stari\/2010\/02\/mons-marin-sraki-posjetio-podruni-centar-instituta-pilar-u-vukovaru\/","name":"Mons. Marin Sraki\u0107 posjetio Podru\u010dni centar Instituta Pilar u Vukovaru - Institut dru&scaron;tvenih znanosti Ivo Pilar","isPartOf":{"@id":"https:\/\/www.vegaintro-projekti.com\/pilar-stari\/#website"},"datePublished":"2010-02-26T13:57:42+00:00","dateModified":"2017-12-04T11:35:51+00:00","author":{"@id":"https:\/\/www.vegaintro-projekti.com\/pilar-stari\/#\/schema\/person\/c0db50ebd77c4409e19b18044bbf10c1"},"breadcrumb":{"@id":"https:\/\/www.vegaintro-projekti.com\/pilar-stari\/2010\/02\/mons-marin-sraki-posjetio-podruni-centar-instituta-pilar-u-vukovaru\/#breadcrumb"},"inLanguage":"hr","potentialAction":[{"@type":"ReadAction","target":["https:\/\/www.vegaintro-projekti.com\/pilar-stari\/2010\/02\/mons-marin-sraki-posjetio-podruni-centar-instituta-pilar-u-vukovaru\/"]}]},{"@type":"BreadcrumbList","@id":"https:\/\/www.vegaintro-projekti.com\/pilar-stari\/2010\/02\/mons-marin-sraki-posjetio-podruni-centar-instituta-pilar-u-vukovaru\/#breadcrumb","itemListElement":[{"@type":"ListItem","position":1,"name":"Home","item":"https:\/\/www.vegaintro-projekti.com\/pilar-stari\/"},{"@type":"ListItem","position":2,"name":"Mons. Marin Sraki\u0107 posjetio Podru\u010dni centar Instituta Pilar u Vukovaru"}]},{"@type":"WebSite","@id":"https:\/\/www.vegaintro-projekti.com\/pilar-stari\/#website","url":"https:\/\/www.vegaintro-projekti.com\/pilar-stari\/","name":"Institut dru&scaron;tvenih znanosti Ivo Pilar","description":"Pilar","potentialAction":[{"@type":"SearchAction","target":{"@type":"EntryPoint","urlTemplate":"https:\/\/www.vegaintro-projekti.com\/pilar-stari\/?s={search_term_string}"},"query-input":"required name=search_term_string"}],"inLanguage":"hr"},{"@type":"Person","@id":"https:\/\/www.vegaintro-projekti.com\/pilar-stari\/#\/schema\/person\/c0db50ebd77c4409e19b18044bbf10c1","name":"pilar-admin","image":{"@type":"ImageObject","inLanguage":"hr","@id":"https:\/\/www.vegaintro-projekti.com\/pilar-stari\/#\/schema\/person\/image\/","url":"https:\/\/secure.gravatar.com\/avatar\/fac9e03c4db0011b9c1ad8b5e9c74b8c?s=96&d=mm&r=g","contentUrl":"https:\/\/secure.gravatar.com\/avatar\/fac9e03c4db0011b9c1ad8b5e9c74b8c?s=96&d=mm&r=g","caption":"pilar-admin"},"url":"https:\/\/www.vegaintro-projekti.com\/pilar-stari\/author\/pilar-admin\/"}]}},"_links":{"self":[{"href":"https:\/\/www.vegaintro-projekti.com\/pilar-stari\/wp-json\/wp\/v2\/posts\/260"}],"collection":[{"href":"https:\/\/www.vegaintro-projekti.com\/pilar-stari\/wp-json\/wp\/v2\/posts"}],"about":[{"href":"https:\/\/www.vegaintro-projekti.com\/pilar-stari\/wp-json\/wp\/v2\/types\/post"}],"author":[{"embeddable":true,"href":"https:\/\/www.vegaintro-projekti.com\/pilar-stari\/wp-json\/wp\/v2\/users\/1"}],"replies":[{"embeddable":true,"href":"https:\/\/www.vegaintro-projekti.com\/pilar-stari\/wp-json\/wp\/v2\/comments?post=260"}],"version-history":[{"count":2,"href":"https:\/\/www.vegaintro-projekti.com\/pilar-stari\/wp-json\/wp\/v2\/posts\/260\/revisions"}],"predecessor-version":[{"id":5068,"href":"https:\/\/www.vegaintro-projekti.com\/pilar-stari\/wp-json\/wp\/v2\/posts\/260\/revisions\/5068"}],"wp:attachment":[{"href":"https:\/\/www.vegaintro-projekti.com\/pilar-stari\/wp-json\/wp\/v2\/media?parent=260"}],"wp:term":[{"taxonomy":"category","embeddable":true,"href":"https:\/\/www.vegaintro-projekti.com\/pilar-stari\/wp-json\/wp\/v2\/categories?post=260"},{"taxonomy":"post_tag","embeddable":true,"href":"https:\/\/www.vegaintro-projekti.com\/pilar-stari\/wp-json\/wp\/v2\/tags?post=260"}],"curies":[{"name":"wp","href":"https:\/\/api.w.org\/{rel}","templated":true}]}}