{"id":26070,"date":"2023-05-23T12:00:40","date_gmt":"2023-05-23T12:00:40","guid":{"rendered":"https:\/\/www.vegaintro-projekti.com\/pilar-stari\/?p=26070"},"modified":"2023-05-26T07:27:59","modified_gmt":"2023-05-26T07:27:59","slug":"tribina-povodom-obiljezavanja-200-godisnjice-rodenja-dr-ante-starcevica-osijek-24-5-2023","status":"publish","type":"post","link":"https:\/\/www.vegaintro-projekti.com\/pilar-stari\/2023\/05\/tribina-povodom-obiljezavanja-200-godisnjice-rodenja-dr-ante-starcevica-osijek-24-5-2023\/","title":{"rendered":"Tribina povodom obilje\u017eavanja 200. godi\u0161njice ro\u0111enja dr. Ante Star\u010devi\u0107a; Osijek, 24. 5. 2023."},"content":{"rendered":"<p><strong>Osje\u010dko-baranjska \u017eupanija i Institut dru\u0161tvenih znanosti Ivo Pilar organizirali su Tribinu povodom obilje\u017eavanja 200. godi\u0161njice ro\u0111enja dr. Ante Star\u010devi\u0107a pod naslovom &#8220;Refleksija lika i djela dr. Ante Star\u010devi\u0107a na podru\u010dju isto\u010dne Hrvatske&#8221;. Tribina se odr\u017eala 24. svibnja 2023. u Velikoj vije\u0107nici Skup\u0161tine Osje\u010dko-baranjske \u017eupanije. <\/strong>&#8211; <a href=\"#med\">Iz medija<\/a><\/p>\n<p><a href=\"https:\/\/www.vegaintro-projekti.com\/pilar-stari\/wp-content\/uploads\/2023\/05\/IMG_1-7.jpg\"><img decoding=\"async\" loading=\"lazy\" class=\"alignnone wp-image-26123 size-full\" src=\"https:\/\/www.vegaintro-projekti.com\/pilar-stari\/wp-content\/uploads\/2023\/05\/IMG_1s-8.jpg\" alt=\"\" width=\"310\" height=\"207\" srcset=\"https:\/\/www.vegaintro-projekti.com\/pilar-stari\/wp-content\/uploads\/2023\/05\/IMG_1s-8.jpg 310w, https:\/\/www.vegaintro-projekti.com\/pilar-stari\/wp-content\/uploads\/2023\/05\/IMG_1s-8-300x200.jpg 300w\" sizes=\"(max-width: 310px) 100vw, 310px\" \/><\/a><a href=\"https:\/\/www.vegaintro-projekti.com\/pilar-stari\/wp-content\/uploads\/2023\/05\/IMG_2-7.jpg\"><img decoding=\"async\" loading=\"lazy\" class=\"alignnone wp-image-26125 size-full\" src=\"https:\/\/www.vegaintro-projekti.com\/pilar-stari\/wp-content\/uploads\/2023\/05\/IMG_2s-8.jpg\" alt=\"\" width=\"310\" height=\"207\" srcset=\"https:\/\/www.vegaintro-projekti.com\/pilar-stari\/wp-content\/uploads\/2023\/05\/IMG_2s-8.jpg 310w, https:\/\/www.vegaintro-projekti.com\/pilar-stari\/wp-content\/uploads\/2023\/05\/IMG_2s-8-300x200.jpg 300w\" sizes=\"(max-width: 310px) 100vw, 310px\" \/><\/a><a href=\"https:\/\/www.vegaintro-projekti.com\/pilar-stari\/wp-content\/uploads\/2023\/05\/IMG_3-5.jpg\"><img decoding=\"async\" loading=\"lazy\" class=\"alignnone wp-image-26131 size-full\" src=\"https:\/\/www.vegaintro-projekti.com\/pilar-stari\/wp-content\/uploads\/2023\/05\/IMG_3s1.jpg\" alt=\"\" width=\"620\" height=\"278\" srcset=\"https:\/\/www.vegaintro-projekti.com\/pilar-stari\/wp-content\/uploads\/2023\/05\/IMG_3s1.jpg 620w, https:\/\/www.vegaintro-projekti.com\/pilar-stari\/wp-content\/uploads\/2023\/05\/IMG_3s1-300x135.jpg 300w\" sizes=\"(max-width: 620px) 100vw, 620px\" \/><\/a><\/p>\n<p><a id=\"med\"><\/a><span style=\"font-size: 14pt;\">Iz medija<\/span><\/p>\n<p><strong>&#8211; Osje\u010dko-baranjska \u017eupanija:<\/strong> <a href=\"https:\/\/www.obz.hr\/index.php\/component\/k2\/item\/3829-javna-tribina-refleksija-lika-i-djela-dr-ante-starcevica-na-podrucje-istocne-hrvatske\">Javna tribina \u201eRefleksija lika i djela dr. Ante Star\u010devi\u0107a na podru\u010dje isto\u010dne Hrvatske\u201c, 24. 5. 2023.<\/a><\/p>\n<p><a href=\"https:\/\/www.vegaintro-projekti.com\/pilar-stari\/wp-content\/uploads\/2023\/05\/Pozivnica-scaled.jpg\"><img decoding=\"async\" loading=\"lazy\" class=\"alignnone wp-image-26069 size-full\" src=\"https:\/\/www.vegaintro-projekti.com\/pilar-stari\/wp-content\/uploads\/2023\/05\/Pozivnica_s-1.jpg\" alt=\"\" width=\"620\" height=\"295\" srcset=\"https:\/\/www.vegaintro-projekti.com\/pilar-stari\/wp-content\/uploads\/2023\/05\/Pozivnica_s-1.jpg 620w, https:\/\/www.vegaintro-projekti.com\/pilar-stari\/wp-content\/uploads\/2023\/05\/Pozivnica_s-1-300x143.jpg 300w\" sizes=\"(max-width: 620px) 100vw, 620px\" \/><\/a><\/p>\n<p>&#8211; <a href=\"https:\/\/www.vegaintro-projekti.com\/pilar-stari\/wp-content\/uploads\/2023\/05\/Pozivnica-scaled.jpg\">Pozivnica za Tribinu povodom obilje\u017eavanja 200. godi\u0161njice ro\u0111enja dr. Ante Star\u010devi\u0107a; Osijek, 24. 5. 2023.<\/a><\/p>\n<blockquote><p><a href=\"https:\/\/www.vegaintro-projekti.com\/pilar-stari\/2010\/07\/podruni-centar-osijek-2\/\">Podru\u010dni centar Osijek<\/a><\/p><\/blockquote>\n","protected":false},"excerpt":{"rendered":"<p>Osje\u010dko-baranjska \u017eupanija i Institut dru\u0161tvenih znanosti Ivo Pilar organizirali su Tribinu povodom obilje\u017eavanja 200. godi\u0161njice ro\u0111enja dr. Ante Star\u010devi\u0107a pod naslovom &#8220;Refleksija lika i djela dr. Ante Star\u010devi\u0107a na podru\u010dju isto\u010dne Hrvatske&#8221;. Tribina se odr\u017eala 24. svibnja 2023. u Velikoj vije\u0107nici Skup\u0161tine Osje\u010dko-baranjske \u017eupanije. &#8211; Iz medija Iz medija &#8211; Osje\u010dko-baranjska \u017eupanija: Javna tribina \u201eRefleksija&hellip; <a class=\"continue\" href=\"https:\/\/www.vegaintro-projekti.com\/pilar-stari\/2023\/05\/tribina-povodom-obiljezavanja-200-godisnjice-rodenja-dr-ante-starcevica-osijek-24-5-2023\/\">Pro\u010ditaj vi\u0161e o<span> Tribina povodom obilje\u017eavanja 200. godi\u0161njice ro\u0111enja dr. Ante Star\u010devi\u0107a; Osijek, 24. 5. 2023.<\/span><\/a><\/p>\n","protected":false},"author":7,"featured_media":26121,"comment_status":"closed","ping_status":"closed","sticky":false,"template":"","format":"standard","meta":{"inline_featured_image":false,"ngg_post_thumbnail":0,"footnotes":""},"categories":[48,11],"tags":[],"yoast_head":"<!-- This site is optimized with the Yoast SEO plugin v21.2 - https:\/\/yoast.com\/wordpress\/plugins\/seo\/ -->\n<title>Tribina povodom obilje\u017eavanja 200. godi\u0161njice ro\u0111enja dr. Ante Star\u010devi\u0107a; Osijek, 24. 5. 2023. - Institut dru&scaron;tvenih znanosti Ivo Pilar<\/title>\n<meta name=\"robots\" content=\"noindex, follow, max-snippet:-1, max-image-preview:large, max-video-preview:-1\" \/>\n<meta property=\"og:locale\" content=\"hr_HR\" \/>\n<meta property=\"og:type\" content=\"article\" \/>\n<meta property=\"og:title\" content=\"Tribina povodom obilje\u017eavanja 200. godi\u0161njice ro\u0111enja dr. Ante Star\u010devi\u0107a; Osijek, 24. 5. 2023. - Institut dru&scaron;tvenih znanosti Ivo Pilar\" \/>\n<meta property=\"og:description\" content=\"Osje\u010dko-baranjska \u017eupanija i Institut dru\u0161tvenih znanosti Ivo Pilar organizirali su Tribinu povodom obilje\u017eavanja 200. godi\u0161njice ro\u0111enja dr. Ante Star\u010devi\u0107a pod naslovom &#8220;Refleksija lika i djela dr. Ante Star\u010devi\u0107a na podru\u010dju isto\u010dne Hrvatske&#8221;. Tribina se odr\u017eala 24. svibnja 2023. u Velikoj vije\u0107nici Skup\u0161tine Osje\u010dko-baranjske \u017eupanije. &#8211; Iz medija Iz medija &#8211; Osje\u010dko-baranjska \u017eupanija: Javna tribina \u201eRefleksija&hellip; Pro\u010ditaj vi\u0161e o Tribina povodom obilje\u017eavanja 200. godi\u0161njice ro\u0111enja dr. Ante Star\u010devi\u0107a; Osijek, 24. 5. 2023.\" \/>\n<meta property=\"og:url\" content=\"https:\/\/www.vegaintro-projekti.com\/pilar-stari\/2023\/05\/tribina-povodom-obiljezavanja-200-godisnjice-rodenja-dr-ante-starcevica-osijek-24-5-2023\/\" \/>\n<meta property=\"og:site_name\" content=\"Institut dru&scaron;tvenih znanosti Ivo Pilar\" \/>\n<meta property=\"article:published_time\" content=\"2023-05-23T12:00:40+00:00\" \/>\n<meta property=\"article:modified_time\" content=\"2023-05-26T07:27:59+00:00\" \/>\n<meta property=\"og:image\" content=\"https:\/\/www.vegaintro-projekti.com\/pilar-stari\/wp-content\/uploads\/2023\/05\/IMG_1fi.jpg\" \/>\n\t<meta property=\"og:image:width\" content=\"499\" \/>\n\t<meta property=\"og:image:height\" content=\"221\" \/>\n\t<meta property=\"og:image:type\" content=\"image\/jpeg\" \/>\n<meta name=\"author\" content=\"Boris\" \/>\n<meta name=\"twitter:card\" content=\"summary_large_image\" \/>\n<meta name=\"twitter:label1\" content=\"Napisao\/la\" \/>\n\t<meta name=\"twitter:data1\" content=\"Boris\" \/>\n\t<meta name=\"twitter:label2\" content=\"Procijenjeno vrijeme \u010ditanja\" \/>\n\t<meta name=\"twitter:data2\" content=\"2 minute\" \/>\n<script type=\"application\/ld+json\" class=\"yoast-schema-graph\">{\"@context\":\"https:\/\/schema.org\",\"@graph\":[{\"@type\":\"WebPage\",\"@id\":\"https:\/\/www.vegaintro-projekti.com\/pilar-stari\/2023\/05\/tribina-povodom-obiljezavanja-200-godisnjice-rodenja-dr-ante-starcevica-osijek-24-5-2023\/\",\"url\":\"https:\/\/www.vegaintro-projekti.com\/pilar-stari\/2023\/05\/tribina-povodom-obiljezavanja-200-godisnjice-rodenja-dr-ante-starcevica-osijek-24-5-2023\/\",\"name\":\"Tribina povodom obilje\u017eavanja 200. godi\u0161njice ro\u0111enja dr. Ante Star\u010devi\u0107a; Osijek, 24. 5. 2023. - Institut dru&scaron;tvenih znanosti Ivo Pilar\",\"isPartOf\":{\"@id\":\"https:\/\/www.vegaintro-projekti.com\/pilar-stari\/#website\"},\"datePublished\":\"2023-05-23T12:00:40+00:00\",\"dateModified\":\"2023-05-26T07:27:59+00:00\",\"author\":{\"@id\":\"https:\/\/www.vegaintro-projekti.com\/pilar-stari\/#\/schema\/person\/ddd404c9f1e15e4ffef5986ac6a5d28b\"},\"breadcrumb\":{\"@id\":\"https:\/\/www.vegaintro-projekti.com\/pilar-stari\/2023\/05\/tribina-povodom-obiljezavanja-200-godisnjice-rodenja-dr-ante-starcevica-osijek-24-5-2023\/#breadcrumb\"},\"inLanguage\":\"hr\",\"potentialAction\":[{\"@type\":\"ReadAction\",\"target\":[\"https:\/\/www.vegaintro-projekti.com\/pilar-stari\/2023\/05\/tribina-povodom-obiljezavanja-200-godisnjice-rodenja-dr-ante-starcevica-osijek-24-5-2023\/\"]}]},{\"@type\":\"BreadcrumbList\",\"@id\":\"https:\/\/www.vegaintro-projekti.com\/pilar-stari\/2023\/05\/tribina-povodom-obiljezavanja-200-godisnjice-rodenja-dr-ante-starcevica-osijek-24-5-2023\/#breadcrumb\",\"itemListElement\":[{\"@type\":\"ListItem\",\"position\":1,\"name\":\"Home\",\"item\":\"https:\/\/www.vegaintro-projekti.com\/pilar-stari\/\"},{\"@type\":\"ListItem\",\"position\":2,\"name\":\"Tribina povodom obilje\u017eavanja 200. godi\u0161njice ro\u0111enja dr. Ante Star\u010devi\u0107a; Osijek, 24. 5. 2023.\"}]},{\"@type\":\"WebSite\",\"@id\":\"https:\/\/www.vegaintro-projekti.com\/pilar-stari\/#website\",\"url\":\"https:\/\/www.vegaintro-projekti.com\/pilar-stari\/\",\"name\":\"Institut dru&scaron;tvenih znanosti Ivo Pilar\",\"description\":\"Pilar\",\"potentialAction\":[{\"@type\":\"SearchAction\",\"target\":{\"@type\":\"EntryPoint\",\"urlTemplate\":\"https:\/\/www.vegaintro-projekti.com\/pilar-stari\/?s={search_term_string}\"},\"query-input\":\"required name=search_term_string\"}],\"inLanguage\":\"hr\"},{\"@type\":\"Person\",\"@id\":\"https:\/\/www.vegaintro-projekti.com\/pilar-stari\/#\/schema\/person\/ddd404c9f1e15e4ffef5986ac6a5d28b\",\"name\":\"Boris\",\"image\":{\"@type\":\"ImageObject\",\"inLanguage\":\"hr\",\"@id\":\"https:\/\/www.vegaintro-projekti.com\/pilar-stari\/#\/schema\/person\/image\/\",\"url\":\"https:\/\/secure.gravatar.com\/avatar\/29557b161a6ce6ab86ac1503164f1e90?s=96&d=mm&r=g\",\"contentUrl\":\"https:\/\/secure.gravatar.com\/avatar\/29557b161a6ce6ab86ac1503164f1e90?s=96&d=mm&r=g\",\"caption\":\"Boris\"},\"url\":\"https:\/\/www.vegaintro-projekti.com\/pilar-stari\/author\/boris\/\"}]}<\/script>\n<!-- \/ Yoast SEO plugin. -->","yoast_head_json":{"title":"Tribina povodom obilje\u017eavanja 200. godi\u0161njice ro\u0111enja dr. Ante Star\u010devi\u0107a; Osijek, 24. 5. 2023. - Institut dru&scaron;tvenih znanosti Ivo Pilar","robots":{"index":"noindex","follow":"follow","max-snippet":"max-snippet:-1","max-image-preview":"max-image-preview:large","max-video-preview":"max-video-preview:-1"},"og_locale":"hr_HR","og_type":"article","og_title":"Tribina povodom obilje\u017eavanja 200. godi\u0161njice ro\u0111enja dr. Ante Star\u010devi\u0107a; Osijek, 24. 5. 2023. - Institut dru&scaron;tvenih znanosti Ivo Pilar","og_description":"Osje\u010dko-baranjska \u017eupanija i Institut dru\u0161tvenih znanosti Ivo Pilar organizirali su Tribinu povodom obilje\u017eavanja 200. godi\u0161njice ro\u0111enja dr. Ante Star\u010devi\u0107a pod naslovom &#8220;Refleksija lika i djela dr. Ante Star\u010devi\u0107a na podru\u010dju isto\u010dne Hrvatske&#8221;. Tribina se odr\u017eala 24. svibnja 2023. u Velikoj vije\u0107nici Skup\u0161tine Osje\u010dko-baranjske \u017eupanije. &#8211; Iz medija Iz medija &#8211; Osje\u010dko-baranjska \u017eupanija: Javna tribina \u201eRefleksija&hellip; Pro\u010ditaj vi\u0161e o Tribina povodom obilje\u017eavanja 200. godi\u0161njice ro\u0111enja dr. Ante Star\u010devi\u0107a; Osijek, 24. 5. 2023.","og_url":"https:\/\/www.vegaintro-projekti.com\/pilar-stari\/2023\/05\/tribina-povodom-obiljezavanja-200-godisnjice-rodenja-dr-ante-starcevica-osijek-24-5-2023\/","og_site_name":"Institut dru&scaron;tvenih znanosti Ivo Pilar","article_published_time":"2023-05-23T12:00:40+00:00","article_modified_time":"2023-05-26T07:27:59+00:00","og_image":[{"width":499,"height":221,"url":"https:\/\/www.vegaintro-projekti.com\/pilar-stari\/wp-content\/uploads\/2023\/05\/IMG_1fi.jpg","type":"image\/jpeg"}],"author":"Boris","twitter_card":"summary_large_image","twitter_misc":{"Napisao\/la":"Boris","Procijenjeno vrijeme \u010ditanja":"2 minute"},"schema":{"@context":"https:\/\/schema.org","@graph":[{"@type":"WebPage","@id":"https:\/\/www.vegaintro-projekti.com\/pilar-stari\/2023\/05\/tribina-povodom-obiljezavanja-200-godisnjice-rodenja-dr-ante-starcevica-osijek-24-5-2023\/","url":"https:\/\/www.vegaintro-projekti.com\/pilar-stari\/2023\/05\/tribina-povodom-obiljezavanja-200-godisnjice-rodenja-dr-ante-starcevica-osijek-24-5-2023\/","name":"Tribina povodom obilje\u017eavanja 200. godi\u0161njice ro\u0111enja dr. Ante Star\u010devi\u0107a; Osijek, 24. 5. 2023. - Institut dru&scaron;tvenih znanosti Ivo Pilar","isPartOf":{"@id":"https:\/\/www.vegaintro-projekti.com\/pilar-stari\/#website"},"datePublished":"2023-05-23T12:00:40+00:00","dateModified":"2023-05-26T07:27:59+00:00","author":{"@id":"https:\/\/www.vegaintro-projekti.com\/pilar-stari\/#\/schema\/person\/ddd404c9f1e15e4ffef5986ac6a5d28b"},"breadcrumb":{"@id":"https:\/\/www.vegaintro-projekti.com\/pilar-stari\/2023\/05\/tribina-povodom-obiljezavanja-200-godisnjice-rodenja-dr-ante-starcevica-osijek-24-5-2023\/#breadcrumb"},"inLanguage":"hr","potentialAction":[{"@type":"ReadAction","target":["https:\/\/www.vegaintro-projekti.com\/pilar-stari\/2023\/05\/tribina-povodom-obiljezavanja-200-godisnjice-rodenja-dr-ante-starcevica-osijek-24-5-2023\/"]}]},{"@type":"BreadcrumbList","@id":"https:\/\/www.vegaintro-projekti.com\/pilar-stari\/2023\/05\/tribina-povodom-obiljezavanja-200-godisnjice-rodenja-dr-ante-starcevica-osijek-24-5-2023\/#breadcrumb","itemListElement":[{"@type":"ListItem","position":1,"name":"Home","item":"https:\/\/www.vegaintro-projekti.com\/pilar-stari\/"},{"@type":"ListItem","position":2,"name":"Tribina povodom obilje\u017eavanja 200. godi\u0161njice ro\u0111enja dr. Ante Star\u010devi\u0107a; Osijek, 24. 5. 2023."}]},{"@type":"WebSite","@id":"https:\/\/www.vegaintro-projekti.com\/pilar-stari\/#website","url":"https:\/\/www.vegaintro-projekti.com\/pilar-stari\/","name":"Institut dru&scaron;tvenih znanosti Ivo Pilar","description":"Pilar","potentialAction":[{"@type":"SearchAction","target":{"@type":"EntryPoint","urlTemplate":"https:\/\/www.vegaintro-projekti.com\/pilar-stari\/?s={search_term_string}"},"query-input":"required name=search_term_string"}],"inLanguage":"hr"},{"@type":"Person","@id":"https:\/\/www.vegaintro-projekti.com\/pilar-stari\/#\/schema\/person\/ddd404c9f1e15e4ffef5986ac6a5d28b","name":"Boris","image":{"@type":"ImageObject","inLanguage":"hr","@id":"https:\/\/www.vegaintro-projekti.com\/pilar-stari\/#\/schema\/person\/image\/","url":"https:\/\/secure.gravatar.com\/avatar\/29557b161a6ce6ab86ac1503164f1e90?s=96&d=mm&r=g","contentUrl":"https:\/\/secure.gravatar.com\/avatar\/29557b161a6ce6ab86ac1503164f1e90?s=96&d=mm&r=g","caption":"Boris"},"url":"https:\/\/www.vegaintro-projekti.com\/pilar-stari\/author\/boris\/"}]}},"_links":{"self":[{"href":"https:\/\/www.vegaintro-projekti.com\/pilar-stari\/wp-json\/wp\/v2\/posts\/26070"}],"collection":[{"href":"https:\/\/www.vegaintro-projekti.com\/pilar-stari\/wp-json\/wp\/v2\/posts"}],"about":[{"href":"https:\/\/www.vegaintro-projekti.com\/pilar-stari\/wp-json\/wp\/v2\/types\/post"}],"author":[{"embeddable":true,"href":"https:\/\/www.vegaintro-projekti.com\/pilar-stari\/wp-json\/wp\/v2\/users\/7"}],"replies":[{"embeddable":true,"href":"https:\/\/www.vegaintro-projekti.com\/pilar-stari\/wp-json\/wp\/v2\/comments?post=26070"}],"version-history":[{"count":6,"href":"https:\/\/www.vegaintro-projekti.com\/pilar-stari\/wp-json\/wp\/v2\/posts\/26070\/revisions"}],"predecessor-version":[{"id":26132,"href":"https:\/\/www.vegaintro-projekti.com\/pilar-stari\/wp-json\/wp\/v2\/posts\/26070\/revisions\/26132"}],"wp:featuredmedia":[{"embeddable":true,"href":"https:\/\/www.vegaintro-projekti.com\/pilar-stari\/wp-json\/wp\/v2\/media\/26121"}],"wp:attachment":[{"href":"https:\/\/www.vegaintro-projekti.com\/pilar-stari\/wp-json\/wp\/v2\/media?parent=26070"}],"wp:term":[{"taxonomy":"category","embeddable":true,"href":"https:\/\/www.vegaintro-projekti.com\/pilar-stari\/wp-json\/wp\/v2\/categories?post=26070"},{"taxonomy":"post_tag","embeddable":true,"href":"https:\/\/www.vegaintro-projekti.com\/pilar-stari\/wp-json\/wp\/v2\/tags?post=26070"}],"curies":[{"name":"wp","href":"https:\/\/api.w.org\/{rel}","templated":true}]}}