{"id":26136,"date":"2023-05-28T17:19:50","date_gmt":"2023-05-28T17:19:50","guid":{"rendered":"https:\/\/www.vegaintro-projekti.com\/pilar-stari\/?p=26136"},"modified":"2023-05-28T17:26:17","modified_gmt":"2023-05-28T17:26:17","slug":"dr-sc-renata-franc-i-marina-maglic-klimatske-promjene-su-globalan-izazov-koji-zahtijeva-i-globalan-odgovor-24-5-2023","status":"publish","type":"post","link":"https:\/\/www.vegaintro-projekti.com\/pilar-stari\/2023\/05\/dr-sc-renata-franc-i-marina-maglic-klimatske-promjene-su-globalan-izazov-koji-zahtijeva-i-globalan-odgovor-24-5-2023\/","title":{"rendered":"Dr. sc. Renata Franc i Marina Magli\u0107: \u201eKlimatske promjene su globalan izazov koji zahtijeva i globalan odgovor\u201c, 24. 5. 2023."},"content":{"rendered":"<p><strong>U emisiji <em>Klimatski izazov<\/em> Prvog programa Hrvatskoga radija 24. svibnja 2023. gostovale su psihologinje Instituta Pilar dr. sc. Renata Franc i asistentica Marina Magli\u0107<\/strong><\/p>\n<p><a href=\"https:\/\/radio.hrt.hr\/slusaonica\/klimatski-izazov?epizoda=202305240905\"><img decoding=\"async\" loading=\"lazy\" class=\"alignnone wp-image-26135 size-full\" src=\"https:\/\/www.vegaintro-projekti.com\/pilar-stari\/wp-content\/uploads\/2023\/05\/IMG-7.jpg\" alt=\"\" width=\"620\" height=\"348\" srcset=\"https:\/\/www.vegaintro-projekti.com\/pilar-stari\/wp-content\/uploads\/2023\/05\/IMG-7.jpg 620w, https:\/\/www.vegaintro-projekti.com\/pilar-stari\/wp-content\/uploads\/2023\/05\/IMG-7-300x168.jpg 300w\" sizes=\"(max-width: 620px) 100vw, 620px\" \/><\/a><\/p>\n<p><strong>Znanstvenice su predstavile glavne rezultate rada \u201eMladi i klimatske promjene: osvije\u0161tenost i namjere pona\u0161anja\u201c (Magli\u0107, Franc i Pavlovi\u0107, 2023), objavljenog u tematskom broju \u010dasopisa <em>Sociologija i prostor<\/em> 3\/2022 na temelju podataka prikupljenih u Hrvatskoj u okviru Obzor2020 CHIEF projekta. U emisiji se raspravljalo o problemima u istra\u017eivanjima i implementaciji nalaza u \u0161irem kontekstu borbe s klimatskim promjenama.<\/strong><\/p>\n<p><strong>&#8211; Emisija:<\/strong> <a href=\"https:\/\/radio.hrt.hr\/slusaonica\/klimatski-izazov?epizoda=202305240905\">Klimatski izazov &#8211; Klima i mladi, HR 1, 24. 5. 2023.<\/a><br \/>\n<strong>&#8211; \u010clanak:<\/strong> <a href=\"https:\/\/hrcak.srce.hr\/file\/427236\">Mladi i klimatske promjene: osvije\u0161tenost i namjere pona\u0161anja, <em>Sociologija i prostor<\/em>, 3\/2022.<\/a><\/p>\n<p>Rezultati velikog istra\u017eivanja vi\u0161e od dvije tisu\u0107e u\u010denika drugog razreda srednjih \u0161kola u Hrvatskoj pokazuju da su u\u010denici <strong>u prosjeku svjesni va\u017enosti klimatskih promjena te iskazuju spremnost na pona\u0161anja s ciljem za\u0161tite okoli\u0161a<\/strong>. Tako\u0111er, \u0161to su u\u010denici osvje\u0161teniji u vezi s klimatskim promjenama, iskazuju i ve\u0107u spremnost za aktivnosti za\u0161tite okoli\u0161a. No, rezultati jasno upu\u0107uju na <strong>va\u017enost spola<\/strong> u\u010denika i <strong>tipa \u0161kolskog programa<\/strong> za razumijevanje odnosa osvije\u0161tenosti i namjera za\u0161tite okoli\u0161a. Naime, ne samo da u\u010denice i gimnazijalci op\u0107enito iskazuju ve\u0107u osvije\u0161tenost i (donekle sna\u017enije) namjere pona\u0161anja u pogledu za\u0161tite okoli\u0161a, nego je i odnos osvije\u0161tenosti i namjera pona\u0161anja sna\u017eniji kod u\u010denica negoli kod u\u010denika, odnosno gimnazijalaca u odnosu na u\u010denike strukovnih programa. Istaknut je i nalaz da i <strong>u\u010denici<\/strong> i <strong>predstavnici \u0161kola<\/strong> koji su sudjelovali u istra\u017eivanju pokazuju da je <strong>u \u0161kolama otvoren prostor za vi\u0161e mogu\u0107nosti u\u010denja, odnosno podu\u010davanja<\/strong> o temama u vezi s <strong>klimatskim promjenama i ekolo\u0161kim problemima<\/strong>. Naime, i u\u010denici i predstavnici \u0161kola navedene mogu\u0107nosti procjenjuju umjerenima. K tome, upravo kod u\u010denika koji su procijenili da u \u0161koli uop\u0107e nisu imali priliku u\u010diti o klimatskim promjenama i ekolo\u0161kim problemima izostaje povezanost osvije\u0161tenosti i spremnost na pona\u0161anja s ciljem za\u0161tite okoli\u0161a.<\/p>\n<p>Mladi su budu\u0107nost svakog dru\u0161tva i nositelji razvoja,te bitni akteri u borbi s klimatskim promjenama. Stoga, ovakva istra\u017eivanja, osobito u pogledu identificiranja motivacija i prepreka pona\u0161anja, mogu pru\u017eiti bitne uvide. No, pitanje klimatskih promjena jest slo\u017eeno te zahtijeva multidisciplinaran pristup, vi\u0161esmjernu komunikaciju izme\u0111u razli\u010ditih disciplina i integraciju nalaza. Naime, kako je veliki Isaac Asimov jo\u0161 krajem pro\u0161log stolje\u0107a rekao, <em><strong>najve\u0107i izazovi \u010dovje\u010danstva, oni koji utje\u010du na sve nas, koji odlu\u010duju o \u017eivotu i smrti, jesu globalni problemi<\/strong><\/em>. Klimatske promjene upravo su jedan od takvih problema. <strong>Globalni problemi zahtijevaju i globalne odgovore<\/strong>. Njih \u0107emo rije\u0161iti i sprije\u010diti da nas uni\u0161te samo uz zajedni\u010dko globalno rje\u0161enje. Klju\u010dno je to osvijestiti na svim razinama dru\u0161tva i shvatiti da smo svi imamo isti cilj koji nadilazi svakog pojedinca.<\/p>\n<blockquote><p><a href=\"https:\/\/www.vegaintro-projekti.com\/pilar-stari\/2018\/10\/institut-u-projektu-cultural-heritage-and-identities-of-europes-future-chief\/\">Projekt CHIEF<\/a><\/p><\/blockquote>\n","protected":false},"excerpt":{"rendered":"<p>U emisiji Klimatski izazov Prvog programa Hrvatskoga radija 24. svibnja 2023. gostovale su psihologinje Instituta Pilar dr. sc. Renata Franc i asistentica Marina Magli\u0107 Znanstvenice su predstavile glavne rezultate rada \u201eMladi i klimatske promjene: osvije\u0161tenost i namjere pona\u0161anja\u201c (Magli\u0107, Franc i Pavlovi\u0107, 2023), objavljenog u tematskom broju \u010dasopisa Sociologija i prostor 3\/2022 na temelju podataka&hellip; <a class=\"continue\" href=\"https:\/\/www.vegaintro-projekti.com\/pilar-stari\/2023\/05\/dr-sc-renata-franc-i-marina-maglic-klimatske-promjene-su-globalan-izazov-koji-zahtijeva-i-globalan-odgovor-24-5-2023\/\">Pro\u010ditaj vi\u0161e o<span> Dr. sc. Renata Franc i Marina Magli\u0107: \u201eKlimatske promjene su globalan izazov koji zahtijeva i globalan odgovor\u201c, 24. 5. 2023.<\/span><\/a><\/p>\n","protected":false},"author":7,"featured_media":26135,"comment_status":"closed","ping_status":"closed","sticky":false,"template":"","format":"standard","meta":{"inline_featured_image":false,"ngg_post_thumbnail":0,"footnotes":""},"categories":[48,12],"tags":[],"yoast_head":"<!-- This site is optimized with the Yoast SEO plugin v21.2 - https:\/\/yoast.com\/wordpress\/plugins\/seo\/ -->\n<title>Dr. sc. Renata Franc i Marina Magli\u0107: \u201eKlimatske promjene su globalan izazov koji zahtijeva i globalan odgovor\u201c, 24. 5. 2023. - Institut dru&scaron;tvenih znanosti Ivo Pilar<\/title>\n<meta name=\"robots\" content=\"noindex, follow, max-snippet:-1, max-image-preview:large, max-video-preview:-1\" \/>\n<meta property=\"og:locale\" content=\"hr_HR\" \/>\n<meta property=\"og:type\" content=\"article\" \/>\n<meta property=\"og:title\" content=\"Dr. sc. Renata Franc i Marina Magli\u0107: \u201eKlimatske promjene su globalan izazov koji zahtijeva i globalan odgovor\u201c, 24. 5. 2023. - Institut dru&scaron;tvenih znanosti Ivo Pilar\" \/>\n<meta property=\"og:description\" content=\"U emisiji Klimatski izazov Prvog programa Hrvatskoga radija 24. svibnja 2023. gostovale su psihologinje Instituta Pilar dr. sc. Renata Franc i asistentica Marina Magli\u0107 Znanstvenice su predstavile glavne rezultate rada \u201eMladi i klimatske promjene: osvije\u0161tenost i namjere pona\u0161anja\u201c (Magli\u0107, Franc i Pavlovi\u0107, 2023), objavljenog u tematskom broju \u010dasopisa Sociologija i prostor 3\/2022 na temelju podataka&hellip; Pro\u010ditaj vi\u0161e o Dr. sc. Renata Franc i Marina Magli\u0107: \u201eKlimatske promjene su globalan izazov koji zahtijeva i globalan odgovor\u201c, 24. 5. 2023.\" \/>\n<meta property=\"og:url\" content=\"https:\/\/www.vegaintro-projekti.com\/pilar-stari\/2023\/05\/dr-sc-renata-franc-i-marina-maglic-klimatske-promjene-su-globalan-izazov-koji-zahtijeva-i-globalan-odgovor-24-5-2023\/\" \/>\n<meta property=\"og:site_name\" content=\"Institut dru&scaron;tvenih znanosti Ivo Pilar\" \/>\n<meta property=\"article:published_time\" content=\"2023-05-28T17:19:50+00:00\" \/>\n<meta property=\"article:modified_time\" content=\"2023-05-28T17:26:17+00:00\" \/>\n<meta property=\"og:image\" content=\"https:\/\/www.vegaintro-projekti.com\/pilar-stari\/wp-content\/uploads\/2023\/05\/IMG-7.jpg\" \/>\n\t<meta property=\"og:image:width\" content=\"620\" \/>\n\t<meta property=\"og:image:height\" content=\"348\" \/>\n\t<meta property=\"og:image:type\" content=\"image\/jpeg\" \/>\n<meta name=\"author\" content=\"Boris\" \/>\n<meta name=\"twitter:card\" content=\"summary_large_image\" \/>\n<meta name=\"twitter:label1\" content=\"Napisao\/la\" \/>\n\t<meta name=\"twitter:data1\" content=\"Boris\" \/>\n\t<meta name=\"twitter:label2\" content=\"Procijenjeno vrijeme \u010ditanja\" \/>\n\t<meta name=\"twitter:data2\" content=\"3 minute\" \/>\n<script type=\"application\/ld+json\" class=\"yoast-schema-graph\">{\"@context\":\"https:\/\/schema.org\",\"@graph\":[{\"@type\":\"WebPage\",\"@id\":\"https:\/\/www.vegaintro-projekti.com\/pilar-stari\/2023\/05\/dr-sc-renata-franc-i-marina-maglic-klimatske-promjene-su-globalan-izazov-koji-zahtijeva-i-globalan-odgovor-24-5-2023\/\",\"url\":\"https:\/\/www.vegaintro-projekti.com\/pilar-stari\/2023\/05\/dr-sc-renata-franc-i-marina-maglic-klimatske-promjene-su-globalan-izazov-koji-zahtijeva-i-globalan-odgovor-24-5-2023\/\",\"name\":\"Dr. sc. Renata Franc i Marina Magli\u0107: \u201eKlimatske promjene su globalan izazov koji zahtijeva i globalan odgovor\u201c, 24. 5. 2023. - Institut dru&scaron;tvenih znanosti Ivo Pilar\",\"isPartOf\":{\"@id\":\"https:\/\/www.vegaintro-projekti.com\/pilar-stari\/#website\"},\"datePublished\":\"2023-05-28T17:19:50+00:00\",\"dateModified\":\"2023-05-28T17:26:17+00:00\",\"author\":{\"@id\":\"https:\/\/www.vegaintro-projekti.com\/pilar-stari\/#\/schema\/person\/ddd404c9f1e15e4ffef5986ac6a5d28b\"},\"breadcrumb\":{\"@id\":\"https:\/\/www.vegaintro-projekti.com\/pilar-stari\/2023\/05\/dr-sc-renata-franc-i-marina-maglic-klimatske-promjene-su-globalan-izazov-koji-zahtijeva-i-globalan-odgovor-24-5-2023\/#breadcrumb\"},\"inLanguage\":\"hr\",\"potentialAction\":[{\"@type\":\"ReadAction\",\"target\":[\"https:\/\/www.vegaintro-projekti.com\/pilar-stari\/2023\/05\/dr-sc-renata-franc-i-marina-maglic-klimatske-promjene-su-globalan-izazov-koji-zahtijeva-i-globalan-odgovor-24-5-2023\/\"]}]},{\"@type\":\"BreadcrumbList\",\"@id\":\"https:\/\/www.vegaintro-projekti.com\/pilar-stari\/2023\/05\/dr-sc-renata-franc-i-marina-maglic-klimatske-promjene-su-globalan-izazov-koji-zahtijeva-i-globalan-odgovor-24-5-2023\/#breadcrumb\",\"itemListElement\":[{\"@type\":\"ListItem\",\"position\":1,\"name\":\"Home\",\"item\":\"https:\/\/www.vegaintro-projekti.com\/pilar-stari\/\"},{\"@type\":\"ListItem\",\"position\":2,\"name\":\"Dr. sc. Renata Franc i Marina Magli\u0107: \u201eKlimatske promjene su globalan izazov koji zahtijeva i globalan odgovor\u201c, 24. 5. 2023.\"}]},{\"@type\":\"WebSite\",\"@id\":\"https:\/\/www.vegaintro-projekti.com\/pilar-stari\/#website\",\"url\":\"https:\/\/www.vegaintro-projekti.com\/pilar-stari\/\",\"name\":\"Institut dru&scaron;tvenih znanosti Ivo Pilar\",\"description\":\"Pilar\",\"potentialAction\":[{\"@type\":\"SearchAction\",\"target\":{\"@type\":\"EntryPoint\",\"urlTemplate\":\"https:\/\/www.vegaintro-projekti.com\/pilar-stari\/?s={search_term_string}\"},\"query-input\":\"required name=search_term_string\"}],\"inLanguage\":\"hr\"},{\"@type\":\"Person\",\"@id\":\"https:\/\/www.vegaintro-projekti.com\/pilar-stari\/#\/schema\/person\/ddd404c9f1e15e4ffef5986ac6a5d28b\",\"name\":\"Boris\",\"image\":{\"@type\":\"ImageObject\",\"inLanguage\":\"hr\",\"@id\":\"https:\/\/www.vegaintro-projekti.com\/pilar-stari\/#\/schema\/person\/image\/\",\"url\":\"https:\/\/secure.gravatar.com\/avatar\/29557b161a6ce6ab86ac1503164f1e90?s=96&d=mm&r=g\",\"contentUrl\":\"https:\/\/secure.gravatar.com\/avatar\/29557b161a6ce6ab86ac1503164f1e90?s=96&d=mm&r=g\",\"caption\":\"Boris\"},\"url\":\"https:\/\/www.vegaintro-projekti.com\/pilar-stari\/author\/boris\/\"}]}<\/script>\n<!-- \/ Yoast SEO plugin. -->","yoast_head_json":{"title":"Dr. sc. Renata Franc i Marina Magli\u0107: \u201eKlimatske promjene su globalan izazov koji zahtijeva i globalan odgovor\u201c, 24. 5. 2023. - Institut dru&scaron;tvenih znanosti Ivo Pilar","robots":{"index":"noindex","follow":"follow","max-snippet":"max-snippet:-1","max-image-preview":"max-image-preview:large","max-video-preview":"max-video-preview:-1"},"og_locale":"hr_HR","og_type":"article","og_title":"Dr. sc. Renata Franc i Marina Magli\u0107: \u201eKlimatske promjene su globalan izazov koji zahtijeva i globalan odgovor\u201c, 24. 5. 2023. - Institut dru&scaron;tvenih znanosti Ivo Pilar","og_description":"U emisiji Klimatski izazov Prvog programa Hrvatskoga radija 24. svibnja 2023. gostovale su psihologinje Instituta Pilar dr. sc. Renata Franc i asistentica Marina Magli\u0107 Znanstvenice su predstavile glavne rezultate rada \u201eMladi i klimatske promjene: osvije\u0161tenost i namjere pona\u0161anja\u201c (Magli\u0107, Franc i Pavlovi\u0107, 2023), objavljenog u tematskom broju \u010dasopisa Sociologija i prostor 3\/2022 na temelju podataka&hellip; Pro\u010ditaj vi\u0161e o Dr. sc. Renata Franc i Marina Magli\u0107: \u201eKlimatske promjene su globalan izazov koji zahtijeva i globalan odgovor\u201c, 24. 5. 2023.","og_url":"https:\/\/www.vegaintro-projekti.com\/pilar-stari\/2023\/05\/dr-sc-renata-franc-i-marina-maglic-klimatske-promjene-su-globalan-izazov-koji-zahtijeva-i-globalan-odgovor-24-5-2023\/","og_site_name":"Institut dru&scaron;tvenih znanosti Ivo Pilar","article_published_time":"2023-05-28T17:19:50+00:00","article_modified_time":"2023-05-28T17:26:17+00:00","og_image":[{"width":620,"height":348,"url":"https:\/\/www.vegaintro-projekti.com\/pilar-stari\/wp-content\/uploads\/2023\/05\/IMG-7.jpg","type":"image\/jpeg"}],"author":"Boris","twitter_card":"summary_large_image","twitter_misc":{"Napisao\/la":"Boris","Procijenjeno vrijeme \u010ditanja":"3 minute"},"schema":{"@context":"https:\/\/schema.org","@graph":[{"@type":"WebPage","@id":"https:\/\/www.vegaintro-projekti.com\/pilar-stari\/2023\/05\/dr-sc-renata-franc-i-marina-maglic-klimatske-promjene-su-globalan-izazov-koji-zahtijeva-i-globalan-odgovor-24-5-2023\/","url":"https:\/\/www.vegaintro-projekti.com\/pilar-stari\/2023\/05\/dr-sc-renata-franc-i-marina-maglic-klimatske-promjene-su-globalan-izazov-koji-zahtijeva-i-globalan-odgovor-24-5-2023\/","name":"Dr. sc. Renata Franc i Marina Magli\u0107: \u201eKlimatske promjene su globalan izazov koji zahtijeva i globalan odgovor\u201c, 24. 5. 2023. - Institut dru&scaron;tvenih znanosti Ivo Pilar","isPartOf":{"@id":"https:\/\/www.vegaintro-projekti.com\/pilar-stari\/#website"},"datePublished":"2023-05-28T17:19:50+00:00","dateModified":"2023-05-28T17:26:17+00:00","author":{"@id":"https:\/\/www.vegaintro-projekti.com\/pilar-stari\/#\/schema\/person\/ddd404c9f1e15e4ffef5986ac6a5d28b"},"breadcrumb":{"@id":"https:\/\/www.vegaintro-projekti.com\/pilar-stari\/2023\/05\/dr-sc-renata-franc-i-marina-maglic-klimatske-promjene-su-globalan-izazov-koji-zahtijeva-i-globalan-odgovor-24-5-2023\/#breadcrumb"},"inLanguage":"hr","potentialAction":[{"@type":"ReadAction","target":["https:\/\/www.vegaintro-projekti.com\/pilar-stari\/2023\/05\/dr-sc-renata-franc-i-marina-maglic-klimatske-promjene-su-globalan-izazov-koji-zahtijeva-i-globalan-odgovor-24-5-2023\/"]}]},{"@type":"BreadcrumbList","@id":"https:\/\/www.vegaintro-projekti.com\/pilar-stari\/2023\/05\/dr-sc-renata-franc-i-marina-maglic-klimatske-promjene-su-globalan-izazov-koji-zahtijeva-i-globalan-odgovor-24-5-2023\/#breadcrumb","itemListElement":[{"@type":"ListItem","position":1,"name":"Home","item":"https:\/\/www.vegaintro-projekti.com\/pilar-stari\/"},{"@type":"ListItem","position":2,"name":"Dr. sc. Renata Franc i Marina Magli\u0107: \u201eKlimatske promjene su globalan izazov koji zahtijeva i globalan odgovor\u201c, 24. 5. 2023."}]},{"@type":"WebSite","@id":"https:\/\/www.vegaintro-projekti.com\/pilar-stari\/#website","url":"https:\/\/www.vegaintro-projekti.com\/pilar-stari\/","name":"Institut dru&scaron;tvenih znanosti Ivo Pilar","description":"Pilar","potentialAction":[{"@type":"SearchAction","target":{"@type":"EntryPoint","urlTemplate":"https:\/\/www.vegaintro-projekti.com\/pilar-stari\/?s={search_term_string}"},"query-input":"required name=search_term_string"}],"inLanguage":"hr"},{"@type":"Person","@id":"https:\/\/www.vegaintro-projekti.com\/pilar-stari\/#\/schema\/person\/ddd404c9f1e15e4ffef5986ac6a5d28b","name":"Boris","image":{"@type":"ImageObject","inLanguage":"hr","@id":"https:\/\/www.vegaintro-projekti.com\/pilar-stari\/#\/schema\/person\/image\/","url":"https:\/\/secure.gravatar.com\/avatar\/29557b161a6ce6ab86ac1503164f1e90?s=96&d=mm&r=g","contentUrl":"https:\/\/secure.gravatar.com\/avatar\/29557b161a6ce6ab86ac1503164f1e90?s=96&d=mm&r=g","caption":"Boris"},"url":"https:\/\/www.vegaintro-projekti.com\/pilar-stari\/author\/boris\/"}]}},"_links":{"self":[{"href":"https:\/\/www.vegaintro-projekti.com\/pilar-stari\/wp-json\/wp\/v2\/posts\/26136"}],"collection":[{"href":"https:\/\/www.vegaintro-projekti.com\/pilar-stari\/wp-json\/wp\/v2\/posts"}],"about":[{"href":"https:\/\/www.vegaintro-projekti.com\/pilar-stari\/wp-json\/wp\/v2\/types\/post"}],"author":[{"embeddable":true,"href":"https:\/\/www.vegaintro-projekti.com\/pilar-stari\/wp-json\/wp\/v2\/users\/7"}],"replies":[{"embeddable":true,"href":"https:\/\/www.vegaintro-projekti.com\/pilar-stari\/wp-json\/wp\/v2\/comments?post=26136"}],"version-history":[{"count":2,"href":"https:\/\/www.vegaintro-projekti.com\/pilar-stari\/wp-json\/wp\/v2\/posts\/26136\/revisions"}],"predecessor-version":[{"id":26138,"href":"https:\/\/www.vegaintro-projekti.com\/pilar-stari\/wp-json\/wp\/v2\/posts\/26136\/revisions\/26138"}],"wp:featuredmedia":[{"embeddable":true,"href":"https:\/\/www.vegaintro-projekti.com\/pilar-stari\/wp-json\/wp\/v2\/media\/26135"}],"wp:attachment":[{"href":"https:\/\/www.vegaintro-projekti.com\/pilar-stari\/wp-json\/wp\/v2\/media?parent=26136"}],"wp:term":[{"taxonomy":"category","embeddable":true,"href":"https:\/\/www.vegaintro-projekti.com\/pilar-stari\/wp-json\/wp\/v2\/categories?post=26136"},{"taxonomy":"post_tag","embeddable":true,"href":"https:\/\/www.vegaintro-projekti.com\/pilar-stari\/wp-json\/wp\/v2\/tags?post=26136"}],"curies":[{"name":"wp","href":"https:\/\/api.w.org\/{rel}","templated":true}]}}