{"id":26185,"date":"2023-05-31T08:27:12","date_gmt":"2023-05-31T08:27:12","guid":{"rendered":"https:\/\/www.vegaintro-projekti.com\/pilar-stari\/?p=26185"},"modified":"2023-05-31T08:37:59","modified_gmt":"2023-05-31T08:37:59","slug":"dr-sc-ivan-hrstic-i-dr-sc-josip-mihaljevic-na-konferenciji-contested-identities-in-yugoslavia-prag-16-5-2023","status":"publish","type":"post","link":"https:\/\/www.vegaintro-projekti.com\/pilar-stari\/2023\/05\/dr-sc-ivan-hrstic-i-dr-sc-josip-mihaljevic-na-konferenciji-contested-identities-in-yugoslavia-prag-16-5-2023\/","title":{"rendered":"Dr. sc. Ivan Hrsti\u0107 i dr. sc. Josip Mihaljevi\u0107 na konferenciji &#8220;Contested Identities in Yugoslavia&#8221;;  Prag, 16. 5. 2023."},"content":{"rendered":"<p><strong>Voditelj uspostavnog istra\u017eiva\u010dkog projekta Hrvatske zaklade za znanost &#8220;Croceania&#8221; dr. sc. Ivan Hrsti\u0107 i suradnik na projektu dr. sc. Josip Mihaljevi\u0107 (Hrvatski institut za povijest) sudjelovali su na me\u0111unarodnoj znanstvenoj konferenciji &#8220;Centralist Ambitions and Peripheral Realities in the 20th Century: Contested Identities in Yugoslavia&#8221;, koja se odr\u017eala u Pragu 16. svibnja 2023.<\/strong><\/p>\n<p><a href=\"https:\/\/www.vegaintro-projekti.com\/pilar-stari\/wp-content\/uploads\/2023\/05\/Poster.pdf\"><img decoding=\"async\" loading=\"lazy\" class=\"alignnone wp-image-26182 size-full\" src=\"https:\/\/www.vegaintro-projekti.com\/pilar-stari\/wp-content\/uploads\/2023\/05\/IMG_1-12.jpg\" alt=\"\" width=\"620\" height=\"880\" srcset=\"https:\/\/www.vegaintro-projekti.com\/pilar-stari\/wp-content\/uploads\/2023\/05\/IMG_1-12.jpg 620w, https:\/\/www.vegaintro-projekti.com\/pilar-stari\/wp-content\/uploads\/2023\/05\/IMG_1-12-211x300.jpg 211w\" sizes=\"(max-width: 620px) 100vw, 620px\" \/><\/a><\/p>\n<p><strong>&#8211; Poster konferencije:<\/strong> <a href=\"https:\/\/www.vegaintro-projekti.com\/pilar-stari\/wp-content\/uploads\/2023\/05\/Poster.pdf\">Centralist Ambitions and Peripheral Realities in the 20th Century: Contested Identities in Yugoslavia; Prag, 16. 5. 2023.<\/a><\/p>\n<p><strong>Organizatori<\/strong> konferencije bili su \u010ce\u0161ka akademija znanosti, Filozofski fakultet Karlovog sve\u010dili\u0161ta u Pragu, Leibniz Institute for East and Southeast European Studies u Regensburgu i Hrvatski institut za povijest.<\/p>\n<p><strong>Dr. sc. Ivan Hrsti\u0107<\/strong> odr\u017eao je predavanje pod naslovom &#8220;Development of diasporic identity in a triangle of interrelations between the state of emigration, the state of immigration and the diaspora itself \u2013 the case of pre-World War II emigrants from Croatia to Australia and New Zealand until the 1990s&#8221;, a <strong>dr. sc. Josip Mihaljevi\u0107<\/strong> izlagao je na temu &#8220;Identity of Yugoslav Gastarbeiters in socialism and post-socialism&#8221;.<\/p>\n<blockquote><p><a href=\"https:\/\/www.vegaintro-projekti.com\/pilar-stari\/2021\/03\/croceania-istrazivanje-emocija-u-rekonstrukciji-identiteta-dijaspore-hrvati-u-australiji-i-novom-zelandu-1945-1991\/\">Projekt CROCEANIA<\/a><\/p><\/blockquote>\n","protected":false},"excerpt":{"rendered":"<p>Voditelj uspostavnog istra\u017eiva\u010dkog projekta Hrvatske zaklade za znanost &#8220;Croceania&#8221; dr. sc. Ivan Hrsti\u0107 i suradnik na projektu dr. sc. Josip Mihaljevi\u0107 (Hrvatski institut za povijest) sudjelovali su na me\u0111unarodnoj znanstvenoj konferenciji &#8220;Centralist Ambitions and Peripheral Realities in the 20th Century: Contested Identities in Yugoslavia&#8221;, koja se odr\u017eala u Pragu 16. svibnja 2023. &#8211; Poster konferencije:&hellip; <a class=\"continue\" href=\"https:\/\/www.vegaintro-projekti.com\/pilar-stari\/2023\/05\/dr-sc-ivan-hrstic-i-dr-sc-josip-mihaljevic-na-konferenciji-contested-identities-in-yugoslavia-prag-16-5-2023\/\">Pro\u010ditaj vi\u0161e o<span> Dr. sc. Ivan Hrsti\u0107 i dr. sc. Josip Mihaljevi\u0107 na konferenciji &#8220;Contested Identities in Yugoslavia&#8221;;  Prag, 16. 5. 2023.<\/span><\/a><\/p>\n","protected":false},"author":7,"featured_media":26183,"comment_status":"closed","ping_status":"closed","sticky":false,"template":"","format":"standard","meta":{"inline_featured_image":false,"ngg_post_thumbnail":0,"footnotes":""},"categories":[48,11],"tags":[],"yoast_head":"<!-- This site is optimized with the Yoast SEO plugin v21.2 - https:\/\/yoast.com\/wordpress\/plugins\/seo\/ -->\n<title>Dr. sc. Ivan Hrsti\u0107 i dr. sc. Josip Mihaljevi\u0107 na konferenciji &quot;Contested Identities in Yugoslavia&quot;; Prag, 16. 5. 2023. - Institut dru&scaron;tvenih znanosti Ivo Pilar<\/title>\n<meta name=\"robots\" content=\"noindex, follow, max-snippet:-1, max-image-preview:large, max-video-preview:-1\" \/>\n<meta property=\"og:locale\" content=\"hr_HR\" \/>\n<meta property=\"og:type\" content=\"article\" \/>\n<meta property=\"og:title\" content=\"Dr. sc. Ivan Hrsti\u0107 i dr. sc. Josip Mihaljevi\u0107 na konferenciji &quot;Contested Identities in Yugoslavia&quot;; Prag, 16. 5. 2023. - Institut dru&scaron;tvenih znanosti Ivo Pilar\" \/>\n<meta property=\"og:description\" content=\"Voditelj uspostavnog istra\u017eiva\u010dkog projekta Hrvatske zaklade za znanost &#8220;Croceania&#8221; dr. sc. Ivan Hrsti\u0107 i suradnik na projektu dr. sc. Josip Mihaljevi\u0107 (Hrvatski institut za povijest) sudjelovali su na me\u0111unarodnoj znanstvenoj konferenciji &#8220;Centralist Ambitions and Peripheral Realities in the 20th Century: Contested Identities in Yugoslavia&#8221;, koja se odr\u017eala u Pragu 16. svibnja 2023. &#8211; Poster konferencije:&hellip; Pro\u010ditaj vi\u0161e o Dr. sc. Ivan Hrsti\u0107 i dr. sc. Josip Mihaljevi\u0107 na konferenciji &#8220;Contested Identities in Yugoslavia&#8221;; Prag, 16. 5. 2023.\" \/>\n<meta property=\"og:url\" content=\"https:\/\/www.vegaintro-projekti.com\/pilar-stari\/2023\/05\/dr-sc-ivan-hrstic-i-dr-sc-josip-mihaljevic-na-konferenciji-contested-identities-in-yugoslavia-prag-16-5-2023\/\" \/>\n<meta property=\"og:site_name\" content=\"Institut dru&scaron;tvenih znanosti Ivo Pilar\" \/>\n<meta property=\"article:published_time\" content=\"2023-05-31T08:27:12+00:00\" \/>\n<meta property=\"article:modified_time\" content=\"2023-05-31T08:37:59+00:00\" \/>\n<meta property=\"og:image\" content=\"https:\/\/www.vegaintro-projekti.com\/pilar-stari\/wp-content\/uploads\/2023\/05\/IMG_fi-13.jpg\" \/>\n\t<meta property=\"og:image:width\" content=\"500\" \/>\n\t<meta property=\"og:image:height\" content=\"267\" \/>\n\t<meta property=\"og:image:type\" content=\"image\/jpeg\" \/>\n<meta name=\"author\" content=\"Boris\" \/>\n<meta name=\"twitter:card\" content=\"summary_large_image\" \/>\n<meta name=\"twitter:label1\" content=\"Napisao\/la\" \/>\n\t<meta name=\"twitter:data1\" content=\"Boris\" \/>\n\t<meta name=\"twitter:label2\" content=\"Procijenjeno vrijeme \u010ditanja\" \/>\n\t<meta name=\"twitter:data2\" content=\"2 minute\" \/>\n<script type=\"application\/ld+json\" class=\"yoast-schema-graph\">{\"@context\":\"https:\/\/schema.org\",\"@graph\":[{\"@type\":\"WebPage\",\"@id\":\"https:\/\/www.vegaintro-projekti.com\/pilar-stari\/2023\/05\/dr-sc-ivan-hrstic-i-dr-sc-josip-mihaljevic-na-konferenciji-contested-identities-in-yugoslavia-prag-16-5-2023\/\",\"url\":\"https:\/\/www.vegaintro-projekti.com\/pilar-stari\/2023\/05\/dr-sc-ivan-hrstic-i-dr-sc-josip-mihaljevic-na-konferenciji-contested-identities-in-yugoslavia-prag-16-5-2023\/\",\"name\":\"Dr. sc. Ivan Hrsti\u0107 i dr. sc. Josip Mihaljevi\u0107 na konferenciji \\\"Contested Identities in Yugoslavia\\\"; Prag, 16. 5. 2023. - Institut dru&scaron;tvenih znanosti Ivo Pilar\",\"isPartOf\":{\"@id\":\"https:\/\/www.vegaintro-projekti.com\/pilar-stari\/#website\"},\"datePublished\":\"2023-05-31T08:27:12+00:00\",\"dateModified\":\"2023-05-31T08:37:59+00:00\",\"author\":{\"@id\":\"https:\/\/www.vegaintro-projekti.com\/pilar-stari\/#\/schema\/person\/ddd404c9f1e15e4ffef5986ac6a5d28b\"},\"breadcrumb\":{\"@id\":\"https:\/\/www.vegaintro-projekti.com\/pilar-stari\/2023\/05\/dr-sc-ivan-hrstic-i-dr-sc-josip-mihaljevic-na-konferenciji-contested-identities-in-yugoslavia-prag-16-5-2023\/#breadcrumb\"},\"inLanguage\":\"hr\",\"potentialAction\":[{\"@type\":\"ReadAction\",\"target\":[\"https:\/\/www.vegaintro-projekti.com\/pilar-stari\/2023\/05\/dr-sc-ivan-hrstic-i-dr-sc-josip-mihaljevic-na-konferenciji-contested-identities-in-yugoslavia-prag-16-5-2023\/\"]}]},{\"@type\":\"BreadcrumbList\",\"@id\":\"https:\/\/www.vegaintro-projekti.com\/pilar-stari\/2023\/05\/dr-sc-ivan-hrstic-i-dr-sc-josip-mihaljevic-na-konferenciji-contested-identities-in-yugoslavia-prag-16-5-2023\/#breadcrumb\",\"itemListElement\":[{\"@type\":\"ListItem\",\"position\":1,\"name\":\"Home\",\"item\":\"https:\/\/www.vegaintro-projekti.com\/pilar-stari\/\"},{\"@type\":\"ListItem\",\"position\":2,\"name\":\"Dr. sc. Ivan Hrsti\u0107 i dr. sc. Josip Mihaljevi\u0107 na konferenciji &#8220;Contested Identities in Yugoslavia&#8221;; Prag, 16. 5. 2023.\"}]},{\"@type\":\"WebSite\",\"@id\":\"https:\/\/www.vegaintro-projekti.com\/pilar-stari\/#website\",\"url\":\"https:\/\/www.vegaintro-projekti.com\/pilar-stari\/\",\"name\":\"Institut dru&scaron;tvenih znanosti Ivo Pilar\",\"description\":\"Pilar\",\"potentialAction\":[{\"@type\":\"SearchAction\",\"target\":{\"@type\":\"EntryPoint\",\"urlTemplate\":\"https:\/\/www.vegaintro-projekti.com\/pilar-stari\/?s={search_term_string}\"},\"query-input\":\"required name=search_term_string\"}],\"inLanguage\":\"hr\"},{\"@type\":\"Person\",\"@id\":\"https:\/\/www.vegaintro-projekti.com\/pilar-stari\/#\/schema\/person\/ddd404c9f1e15e4ffef5986ac6a5d28b\",\"name\":\"Boris\",\"image\":{\"@type\":\"ImageObject\",\"inLanguage\":\"hr\",\"@id\":\"https:\/\/www.vegaintro-projekti.com\/pilar-stari\/#\/schema\/person\/image\/\",\"url\":\"https:\/\/secure.gravatar.com\/avatar\/29557b161a6ce6ab86ac1503164f1e90?s=96&d=mm&r=g\",\"contentUrl\":\"https:\/\/secure.gravatar.com\/avatar\/29557b161a6ce6ab86ac1503164f1e90?s=96&d=mm&r=g\",\"caption\":\"Boris\"},\"url\":\"https:\/\/www.vegaintro-projekti.com\/pilar-stari\/author\/boris\/\"}]}<\/script>\n<!-- \/ Yoast SEO plugin. -->","yoast_head_json":{"title":"Dr. sc. Ivan Hrsti\u0107 i dr. sc. Josip Mihaljevi\u0107 na konferenciji \"Contested Identities in Yugoslavia\"; Prag, 16. 5. 2023. - Institut dru&scaron;tvenih znanosti Ivo Pilar","robots":{"index":"noindex","follow":"follow","max-snippet":"max-snippet:-1","max-image-preview":"max-image-preview:large","max-video-preview":"max-video-preview:-1"},"og_locale":"hr_HR","og_type":"article","og_title":"Dr. sc. Ivan Hrsti\u0107 i dr. sc. Josip Mihaljevi\u0107 na konferenciji \"Contested Identities in Yugoslavia\"; Prag, 16. 5. 2023. - Institut dru&scaron;tvenih znanosti Ivo Pilar","og_description":"Voditelj uspostavnog istra\u017eiva\u010dkog projekta Hrvatske zaklade za znanost &#8220;Croceania&#8221; dr. sc. Ivan Hrsti\u0107 i suradnik na projektu dr. sc. Josip Mihaljevi\u0107 (Hrvatski institut za povijest) sudjelovali su na me\u0111unarodnoj znanstvenoj konferenciji &#8220;Centralist Ambitions and Peripheral Realities in the 20th Century: Contested Identities in Yugoslavia&#8221;, koja se odr\u017eala u Pragu 16. svibnja 2023. &#8211; Poster konferencije:&hellip; Pro\u010ditaj vi\u0161e o Dr. sc. Ivan Hrsti\u0107 i dr. sc. Josip Mihaljevi\u0107 na konferenciji &#8220;Contested Identities in Yugoslavia&#8221;; Prag, 16. 5. 2023.","og_url":"https:\/\/www.vegaintro-projekti.com\/pilar-stari\/2023\/05\/dr-sc-ivan-hrstic-i-dr-sc-josip-mihaljevic-na-konferenciji-contested-identities-in-yugoslavia-prag-16-5-2023\/","og_site_name":"Institut dru&scaron;tvenih znanosti Ivo Pilar","article_published_time":"2023-05-31T08:27:12+00:00","article_modified_time":"2023-05-31T08:37:59+00:00","og_image":[{"width":500,"height":267,"url":"https:\/\/www.vegaintro-projekti.com\/pilar-stari\/wp-content\/uploads\/2023\/05\/IMG_fi-13.jpg","type":"image\/jpeg"}],"author":"Boris","twitter_card":"summary_large_image","twitter_misc":{"Napisao\/la":"Boris","Procijenjeno vrijeme \u010ditanja":"2 minute"},"schema":{"@context":"https:\/\/schema.org","@graph":[{"@type":"WebPage","@id":"https:\/\/www.vegaintro-projekti.com\/pilar-stari\/2023\/05\/dr-sc-ivan-hrstic-i-dr-sc-josip-mihaljevic-na-konferenciji-contested-identities-in-yugoslavia-prag-16-5-2023\/","url":"https:\/\/www.vegaintro-projekti.com\/pilar-stari\/2023\/05\/dr-sc-ivan-hrstic-i-dr-sc-josip-mihaljevic-na-konferenciji-contested-identities-in-yugoslavia-prag-16-5-2023\/","name":"Dr. sc. Ivan Hrsti\u0107 i dr. sc. Josip Mihaljevi\u0107 na konferenciji \"Contested Identities in Yugoslavia\"; Prag, 16. 5. 2023. - Institut dru&scaron;tvenih znanosti Ivo Pilar","isPartOf":{"@id":"https:\/\/www.vegaintro-projekti.com\/pilar-stari\/#website"},"datePublished":"2023-05-31T08:27:12+00:00","dateModified":"2023-05-31T08:37:59+00:00","author":{"@id":"https:\/\/www.vegaintro-projekti.com\/pilar-stari\/#\/schema\/person\/ddd404c9f1e15e4ffef5986ac6a5d28b"},"breadcrumb":{"@id":"https:\/\/www.vegaintro-projekti.com\/pilar-stari\/2023\/05\/dr-sc-ivan-hrstic-i-dr-sc-josip-mihaljevic-na-konferenciji-contested-identities-in-yugoslavia-prag-16-5-2023\/#breadcrumb"},"inLanguage":"hr","potentialAction":[{"@type":"ReadAction","target":["https:\/\/www.vegaintro-projekti.com\/pilar-stari\/2023\/05\/dr-sc-ivan-hrstic-i-dr-sc-josip-mihaljevic-na-konferenciji-contested-identities-in-yugoslavia-prag-16-5-2023\/"]}]},{"@type":"BreadcrumbList","@id":"https:\/\/www.vegaintro-projekti.com\/pilar-stari\/2023\/05\/dr-sc-ivan-hrstic-i-dr-sc-josip-mihaljevic-na-konferenciji-contested-identities-in-yugoslavia-prag-16-5-2023\/#breadcrumb","itemListElement":[{"@type":"ListItem","position":1,"name":"Home","item":"https:\/\/www.vegaintro-projekti.com\/pilar-stari\/"},{"@type":"ListItem","position":2,"name":"Dr. sc. Ivan Hrsti\u0107 i dr. sc. Josip Mihaljevi\u0107 na konferenciji &#8220;Contested Identities in Yugoslavia&#8221;; Prag, 16. 5. 2023."}]},{"@type":"WebSite","@id":"https:\/\/www.vegaintro-projekti.com\/pilar-stari\/#website","url":"https:\/\/www.vegaintro-projekti.com\/pilar-stari\/","name":"Institut dru&scaron;tvenih znanosti Ivo Pilar","description":"Pilar","potentialAction":[{"@type":"SearchAction","target":{"@type":"EntryPoint","urlTemplate":"https:\/\/www.vegaintro-projekti.com\/pilar-stari\/?s={search_term_string}"},"query-input":"required name=search_term_string"}],"inLanguage":"hr"},{"@type":"Person","@id":"https:\/\/www.vegaintro-projekti.com\/pilar-stari\/#\/schema\/person\/ddd404c9f1e15e4ffef5986ac6a5d28b","name":"Boris","image":{"@type":"ImageObject","inLanguage":"hr","@id":"https:\/\/www.vegaintro-projekti.com\/pilar-stari\/#\/schema\/person\/image\/","url":"https:\/\/secure.gravatar.com\/avatar\/29557b161a6ce6ab86ac1503164f1e90?s=96&d=mm&r=g","contentUrl":"https:\/\/secure.gravatar.com\/avatar\/29557b161a6ce6ab86ac1503164f1e90?s=96&d=mm&r=g","caption":"Boris"},"url":"https:\/\/www.vegaintro-projekti.com\/pilar-stari\/author\/boris\/"}]}},"_links":{"self":[{"href":"https:\/\/www.vegaintro-projekti.com\/pilar-stari\/wp-json\/wp\/v2\/posts\/26185"}],"collection":[{"href":"https:\/\/www.vegaintro-projekti.com\/pilar-stari\/wp-json\/wp\/v2\/posts"}],"about":[{"href":"https:\/\/www.vegaintro-projekti.com\/pilar-stari\/wp-json\/wp\/v2\/types\/post"}],"author":[{"embeddable":true,"href":"https:\/\/www.vegaintro-projekti.com\/pilar-stari\/wp-json\/wp\/v2\/users\/7"}],"replies":[{"embeddable":true,"href":"https:\/\/www.vegaintro-projekti.com\/pilar-stari\/wp-json\/wp\/v2\/comments?post=26185"}],"version-history":[{"count":2,"href":"https:\/\/www.vegaintro-projekti.com\/pilar-stari\/wp-json\/wp\/v2\/posts\/26185\/revisions"}],"predecessor-version":[{"id":26187,"href":"https:\/\/www.vegaintro-projekti.com\/pilar-stari\/wp-json\/wp\/v2\/posts\/26185\/revisions\/26187"}],"wp:featuredmedia":[{"embeddable":true,"href":"https:\/\/www.vegaintro-projekti.com\/pilar-stari\/wp-json\/wp\/v2\/media\/26183"}],"wp:attachment":[{"href":"https:\/\/www.vegaintro-projekti.com\/pilar-stari\/wp-json\/wp\/v2\/media?parent=26185"}],"wp:term":[{"taxonomy":"category","embeddable":true,"href":"https:\/\/www.vegaintro-projekti.com\/pilar-stari\/wp-json\/wp\/v2\/categories?post=26185"},{"taxonomy":"post_tag","embeddable":true,"href":"https:\/\/www.vegaintro-projekti.com\/pilar-stari\/wp-json\/wp\/v2\/tags?post=26185"}],"curies":[{"name":"wp","href":"https:\/\/api.w.org\/{rel}","templated":true}]}}