{"id":26363,"date":"2023-06-20T08:53:10","date_gmt":"2023-06-20T08:53:10","guid":{"rendered":"https:\/\/www.vegaintro-projekti.com\/pilar-stari\/?p=26363"},"modified":"2023-06-26T08:12:36","modified_gmt":"2023-06-26T08:12:36","slug":"znanstveni-skup-300-godina-franjevacke-crkve-u-vukovaru-1723-2023-vukovar-24-6-2023","status":"publish","type":"post","link":"https:\/\/www.vegaintro-projekti.com\/pilar-stari\/2023\/06\/znanstveni-skup-300-godina-franjevacke-crkve-u-vukovaru-1723-2023-vukovar-24-6-2023\/","title":{"rendered":"Znanstveni skup 300 GODINA FRANJEVA\u010cKE CRKVE U VUKOVARU (1723. &#8211; 2023.); Vukovar, 24. 6. 2023."},"content":{"rendered":"<p><strong>U Pastoralnom centru sv. Bono franjeva\u010dkog samostana u Vukovaru 24. lipnja 2023. godine odr\u017ean je znanstveni skup naslovljen &#8220;300 godina franjeva\u010dke crkve u Vukovaru (1723. &#8211; 2023.)&#8221;. Znanstveni je skup organiziran u povodu obilje\u017eavanja velikoga jubileja &#8211; tri stolje\u0107a od posvetnog blagoslova i polaganja kamena temeljca franjeva\u010dke crkve sv. Filipa i Jakova, apostola u Vukovaru. <\/strong>&#8211; <a href=\"https:\/\/www.vegaintro-projekti.com\/pilar-stari\/wp-content\/uploads\/2023\/06\/Pozivnica.pdf\">Pozivnica i program<\/a> | <a href=\"https:\/\/www.vegaintro-projekti.com\/pilar-stari\/wp-content\/uploads\/2023\/06\/Programska_knjizica.pdf\">Programska knji\u017eica<\/a> | <a href=\"#med\">Iz medija<\/a><\/p>\n<p><a href=\"https:\/\/www.vegaintro-projekti.com\/pilar-stari\/wp-content\/uploads\/2023\/06\/IMG-1-1.jpg\"><img decoding=\"async\" loading=\"lazy\" class=\"alignnone wp-image-26452 size-full\" src=\"https:\/\/www.vegaintro-projekti.com\/pilar-stari\/wp-content\/uploads\/2023\/06\/IMG-1s-1.jpg\" alt=\"\" width=\"620\" height=\"279\" srcset=\"https:\/\/www.vegaintro-projekti.com\/pilar-stari\/wp-content\/uploads\/2023\/06\/IMG-1s-1.jpg 620w, https:\/\/www.vegaintro-projekti.com\/pilar-stari\/wp-content\/uploads\/2023\/06\/IMG-1s-1-300x135.jpg 300w\" sizes=\"(max-width: 620px) 100vw, 620px\" \/><\/a><a href=\"https:\/\/www.vegaintro-projekti.com\/pilar-stari\/wp-content\/uploads\/2023\/06\/IMG-2-1.jpg\"><img decoding=\"async\" loading=\"lazy\" class=\"alignnone wp-image-26454 size-full\" src=\"https:\/\/www.vegaintro-projekti.com\/pilar-stari\/wp-content\/uploads\/2023\/06\/IMG-2s-1.jpg\" alt=\"\" width=\"310\" height=\"140\" srcset=\"https:\/\/www.vegaintro-projekti.com\/pilar-stari\/wp-content\/uploads\/2023\/06\/IMG-2s-1.jpg 310w, https:\/\/www.vegaintro-projekti.com\/pilar-stari\/wp-content\/uploads\/2023\/06\/IMG-2s-1-300x135.jpg 300w\" sizes=\"(max-width: 310px) 100vw, 310px\" \/><\/a><a href=\"https:\/\/www.vegaintro-projekti.com\/pilar-stari\/wp-content\/uploads\/2023\/06\/IMG-3-1.jpg\"><img decoding=\"async\" loading=\"lazy\" class=\"alignnone wp-image-26456 size-full\" src=\"https:\/\/www.vegaintro-projekti.com\/pilar-stari\/wp-content\/uploads\/2023\/06\/IMG-3s-1.jpg\" alt=\"\" width=\"310\" height=\"140\" srcset=\"https:\/\/www.vegaintro-projekti.com\/pilar-stari\/wp-content\/uploads\/2023\/06\/IMG-3s-1.jpg 310w, https:\/\/www.vegaintro-projekti.com\/pilar-stari\/wp-content\/uploads\/2023\/06\/IMG-3s-1-300x135.jpg 300w\" sizes=\"(max-width: 310px) 100vw, 310px\" \/><\/a><a href=\"https:\/\/www.vegaintro-projekti.com\/pilar-stari\/wp-content\/uploads\/2023\/06\/IMG-6-1.jpg\"><img decoding=\"async\" loading=\"lazy\" class=\"alignnone wp-image-26462 size-full\" src=\"https:\/\/www.vegaintro-projekti.com\/pilar-stari\/wp-content\/uploads\/2023\/06\/IMG-6s.jpg\" alt=\"\" width=\"620\" height=\"313\" srcset=\"https:\/\/www.vegaintro-projekti.com\/pilar-stari\/wp-content\/uploads\/2023\/06\/IMG-6s.jpg 620w, https:\/\/www.vegaintro-projekti.com\/pilar-stari\/wp-content\/uploads\/2023\/06\/IMG-6s-300x151.jpg 300w\" sizes=\"(max-width: 620px) 100vw, 620px\" \/><\/a><a href=\"https:\/\/www.vegaintro-projekti.com\/pilar-stari\/wp-content\/uploads\/2023\/06\/IMG-4-1.jpg\"><img decoding=\"async\" loading=\"lazy\" class=\"alignnone wp-image-26458 size-full\" src=\"https:\/\/www.vegaintro-projekti.com\/pilar-stari\/wp-content\/uploads\/2023\/06\/IMG-4s-1.jpg\" alt=\"\" width=\"310\" height=\"154\" srcset=\"https:\/\/www.vegaintro-projekti.com\/pilar-stari\/wp-content\/uploads\/2023\/06\/IMG-4s-1.jpg 310w, https:\/\/www.vegaintro-projekti.com\/pilar-stari\/wp-content\/uploads\/2023\/06\/IMG-4s-1-300x149.jpg 300w\" sizes=\"(max-width: 310px) 100vw, 310px\" \/><\/a><a href=\"https:\/\/www.vegaintro-projekti.com\/pilar-stari\/wp-content\/uploads\/2023\/06\/IMG-5-1.jpg\"><img decoding=\"async\" loading=\"lazy\" class=\"alignnone wp-image-26460 size-full\" src=\"https:\/\/www.vegaintro-projekti.com\/pilar-stari\/wp-content\/uploads\/2023\/06\/IMG-5s.jpg\" alt=\"\" width=\"310\" height=\"154\" srcset=\"https:\/\/www.vegaintro-projekti.com\/pilar-stari\/wp-content\/uploads\/2023\/06\/IMG-5s.jpg 310w, https:\/\/www.vegaintro-projekti.com\/pilar-stari\/wp-content\/uploads\/2023\/06\/IMG-5s-300x149.jpg 300w\" sizes=\"(max-width: 310px) 100vw, 310px\" \/><\/a><\/p>\n<p><strong>Foto: Institut Pilar<\/strong><\/p>\n<p>Uz Franjeva\u010dki samostan Vukovar kao organizatora, suorganizatori skupa su bili Podru\u010dni centar Instituta Pilar u Vukovaru, Katoli\u010dki bogoslovni fakultet Sveu\u010dili\u0161ta u Zagrebu, Hrvatski institut za povijest &#8211; podru\u017enica za povijest Slavonije, Srijema i Baranje iz Slavonskog Broda te Dr\u017eavni arhiv u Vukovaru. Na skupu je sudjelovalo 27 istaknutih znanstvenika i stru\u010dnjaka (povjesni\u010dara, sociologa, teologa, arhivista, demografa) iz razli\u010ditih znanstvenih, kulturnih i crkvenih ustanova iz Zagreba, Osijeka, Vukovara, Rijeke, Na\u0161ica, \u0110akova, Bregenza&#8230;, a koji su prezentirali ukupno 22 priop\u0107enja za koja se o\u010dekuje da \u0107e u ukori\u010denom izdanju biti objavljena u 2024. godini.<\/p>\n<p>Pozdravne rije\u010di na po\u010detku skupa uputili su dr. sc. Dra\u017een \u017divi\u0107, pomo\u0107nik ravnatelja Instituta Pilar i predsjednik Programsko-organizacijskog odbora, fra Josip Poleto, gvardijan vukovarskog franjeva\u010dkog samostana, g. Filip Su\u0161ac, zamjenik gradona\u010delnika Grada Vukovara, g. Petar Elez, ravnatelj Dr\u017eavnog arhiva u Vukovaru, doc. dr. sc. fra Daniel Patafta, izaslanik dekana KBF-a Sveu\u010dili\u0161ta u Zagrebu, dr. sc. Miroslav Akmad\u017ea, ravnatelj Hrvatskog instituta za povijest, prof. dr. sc. \u017deljko Holjevac, ravnatelj Instituta Pilar, g. Nikola Ma\u017ear, izaslanik predsjednika Hrvatskoga sabora te g. Zvonko Milas, dr\u017eavni tajnik Sredi\u0161njeg dr\u017eavnog ureda za Hrvate izvan Republike Hrvatske i izaslanik predsjednika hrvatske Vlade.<\/p>\n<p>Svoja su zapa\u017eena priop\u0107enja na skupu izlo\u017eili i znanstvenici iz Instituta Pilar &#8211; dr. sc. Ivana Bendra, dr. sc. Sandra Cviki\u0107, dr. sc. Vine Mihaljevi\u0107, dr. sc. Mateo \u017dani\u010d i dr. sc. Dra\u017een \u017divi\u0107.<\/p>\n<p><span style=\"font-size: 14pt;\"><a id=\"med\"><\/a>Iz medija<\/span><\/p>\n<p><strong>&#8211; Hrvatski radio Vukovar:<\/strong> <a href=\"https:\/\/hrv.hr\/vijesti\/vijesti\/item\/31928-u-tijeku-znanstveni-skup-300-godina-franjevacke-crkve-u-vukovaru-1723-2023\">U tijeku znanstveni skup &#8220;300 godina franjeva\u010dke crkve u Vukovaru (1723.-2023.)\u201d, 24. 6. 2023.<\/a><br \/>\n<strong>&#8211; Hrvatski radio &#8211; Radio Osijek:<\/strong> <a href=\"https:\/\/radio.hrt.hr\/radio-osijek\/kultura\/300-godina-franjevacke-crkve-u-vukovaru-10859101\">300. godina franjeva\u010dke crkve u Vukovaru, 24. 6. 2023.<\/a><\/p>\n<p><a href=\"https:\/\/www.vegaintro-projekti.com\/pilar-stari\/wp-content\/uploads\/2023\/06\/Pozivnica.pdf\"><img decoding=\"async\" loading=\"lazy\" class=\"alignnone wp-image-26365 size-full\" src=\"https:\/\/www.vegaintro-projekti.com\/pilar-stari\/wp-content\/uploads\/2023\/06\/IMG_0-2.jpg\" alt=\"\" width=\"620\" height=\"880\" srcset=\"https:\/\/www.vegaintro-projekti.com\/pilar-stari\/wp-content\/uploads\/2023\/06\/IMG_0-2.jpg 620w, https:\/\/www.vegaintro-projekti.com\/pilar-stari\/wp-content\/uploads\/2023\/06\/IMG_0-2-211x300.jpg 211w\" sizes=\"(max-width: 620px) 100vw, 620px\" \/><\/a><\/p>\n<p><span style=\"font-size: 12pt;\">&#8211; <a href=\"https:\/\/www.vegaintro-projekti.com\/pilar-stari\/wp-content\/uploads\/2023\/06\/Pozivnica.pdf\">Pozivnica i program<\/a> | <a href=\"https:\/\/www.vegaintro-projekti.com\/pilar-stari\/wp-content\/uploads\/2023\/06\/Programska_knjizica.pdf\">Programska knji\u017eica<\/a><\/span><\/p>\n<blockquote><p><a href=\"https:\/\/www.vegaintro-projekti.com\/pilar-stari\/2018\/04\/podruni-centar-vukovar-2\/\">Podru\u010dni centar Vukovar<\/a><\/p><\/blockquote>\n","protected":false},"excerpt":{"rendered":"<p>U Pastoralnom centru sv. Bono franjeva\u010dkog samostana u Vukovaru 24. lipnja 2023. godine odr\u017ean je znanstveni skup naslovljen &#8220;300 godina franjeva\u010dke crkve u Vukovaru (1723. &#8211; 2023.)&#8221;. Znanstveni je skup organiziran u povodu obilje\u017eavanja velikoga jubileja &#8211; tri stolje\u0107a od posvetnog blagoslova i polaganja kamena temeljca franjeva\u010dke crkve sv. Filipa i Jakova, apostola u Vukovaru.&hellip; <a class=\"continue\" href=\"https:\/\/www.vegaintro-projekti.com\/pilar-stari\/2023\/06\/znanstveni-skup-300-godina-franjevacke-crkve-u-vukovaru-1723-2023-vukovar-24-6-2023\/\">Pro\u010ditaj vi\u0161e o<span> Znanstveni skup 300 GODINA FRANJEVA\u010cKE CRKVE U VUKOVARU (1723. &#8211; 2023.); Vukovar, 24. 6. 2023.<\/span><\/a><\/p>\n","protected":false},"author":7,"featured_media":26452,"comment_status":"closed","ping_status":"closed","sticky":false,"template":"","format":"standard","meta":{"inline_featured_image":false,"ngg_post_thumbnail":0,"footnotes":""},"categories":[48,11],"tags":[],"yoast_head":"<!-- This site is optimized with the Yoast SEO plugin v21.2 - https:\/\/yoast.com\/wordpress\/plugins\/seo\/ -->\n<title>Znanstveni skup 300 GODINA FRANJEVA\u010cKE CRKVE U VUKOVARU (1723. - 2023.); Vukovar, 24. 6. 2023. - Institut dru&scaron;tvenih znanosti Ivo Pilar<\/title>\n<meta name=\"robots\" content=\"noindex, follow, max-snippet:-1, max-image-preview:large, max-video-preview:-1\" \/>\n<meta property=\"og:locale\" content=\"hr_HR\" \/>\n<meta property=\"og:type\" content=\"article\" \/>\n<meta property=\"og:title\" content=\"Znanstveni skup 300 GODINA FRANJEVA\u010cKE CRKVE U VUKOVARU (1723. - 2023.); Vukovar, 24. 6. 2023. - Institut dru&scaron;tvenih znanosti Ivo Pilar\" \/>\n<meta property=\"og:description\" content=\"U Pastoralnom centru sv. Bono franjeva\u010dkog samostana u Vukovaru 24. lipnja 2023. godine odr\u017ean je znanstveni skup naslovljen &#8220;300 godina franjeva\u010dke crkve u Vukovaru (1723. &#8211; 2023.)&#8221;. Znanstveni je skup organiziran u povodu obilje\u017eavanja velikoga jubileja &#8211; tri stolje\u0107a od posvetnog blagoslova i polaganja kamena temeljca franjeva\u010dke crkve sv. Filipa i Jakova, apostola u Vukovaru.&hellip; Pro\u010ditaj vi\u0161e o Znanstveni skup 300 GODINA FRANJEVA\u010cKE CRKVE U VUKOVARU (1723. &#8211; 2023.); Vukovar, 24. 6. 2023.\" \/>\n<meta property=\"og:url\" content=\"https:\/\/www.vegaintro-projekti.com\/pilar-stari\/2023\/06\/znanstveni-skup-300-godina-franjevacke-crkve-u-vukovaru-1723-2023-vukovar-24-6-2023\/\" \/>\n<meta property=\"og:site_name\" content=\"Institut dru&scaron;tvenih znanosti Ivo Pilar\" \/>\n<meta property=\"article:published_time\" content=\"2023-06-20T08:53:10+00:00\" \/>\n<meta property=\"article:modified_time\" content=\"2023-06-26T08:12:36+00:00\" \/>\n<meta property=\"og:image\" content=\"https:\/\/www.vegaintro-projekti.com\/pilar-stari\/wp-content\/uploads\/2023\/06\/IMG-1s-1.jpg\" \/>\n\t<meta property=\"og:image:width\" content=\"620\" \/>\n\t<meta property=\"og:image:height\" content=\"279\" \/>\n\t<meta property=\"og:image:type\" content=\"image\/jpeg\" \/>\n<meta name=\"author\" content=\"Boris\" \/>\n<meta name=\"twitter:card\" content=\"summary_large_image\" \/>\n<meta name=\"twitter:label1\" content=\"Napisao\/la\" \/>\n\t<meta name=\"twitter:data1\" content=\"Boris\" \/>\n\t<meta name=\"twitter:label2\" content=\"Procijenjeno vrijeme \u010ditanja\" \/>\n\t<meta name=\"twitter:data2\" content=\"4 minute\" \/>\n<script type=\"application\/ld+json\" class=\"yoast-schema-graph\">{\"@context\":\"https:\/\/schema.org\",\"@graph\":[{\"@type\":\"WebPage\",\"@id\":\"https:\/\/www.vegaintro-projekti.com\/pilar-stari\/2023\/06\/znanstveni-skup-300-godina-franjevacke-crkve-u-vukovaru-1723-2023-vukovar-24-6-2023\/\",\"url\":\"https:\/\/www.vegaintro-projekti.com\/pilar-stari\/2023\/06\/znanstveni-skup-300-godina-franjevacke-crkve-u-vukovaru-1723-2023-vukovar-24-6-2023\/\",\"name\":\"Znanstveni skup 300 GODINA FRANJEVA\u010cKE CRKVE U VUKOVARU (1723. - 2023.); Vukovar, 24. 6. 2023. - Institut dru&scaron;tvenih znanosti Ivo Pilar\",\"isPartOf\":{\"@id\":\"https:\/\/www.vegaintro-projekti.com\/pilar-stari\/#website\"},\"datePublished\":\"2023-06-20T08:53:10+00:00\",\"dateModified\":\"2023-06-26T08:12:36+00:00\",\"author\":{\"@id\":\"https:\/\/www.vegaintro-projekti.com\/pilar-stari\/#\/schema\/person\/ddd404c9f1e15e4ffef5986ac6a5d28b\"},\"breadcrumb\":{\"@id\":\"https:\/\/www.vegaintro-projekti.com\/pilar-stari\/2023\/06\/znanstveni-skup-300-godina-franjevacke-crkve-u-vukovaru-1723-2023-vukovar-24-6-2023\/#breadcrumb\"},\"inLanguage\":\"hr\",\"potentialAction\":[{\"@type\":\"ReadAction\",\"target\":[\"https:\/\/www.vegaintro-projekti.com\/pilar-stari\/2023\/06\/znanstveni-skup-300-godina-franjevacke-crkve-u-vukovaru-1723-2023-vukovar-24-6-2023\/\"]}]},{\"@type\":\"BreadcrumbList\",\"@id\":\"https:\/\/www.vegaintro-projekti.com\/pilar-stari\/2023\/06\/znanstveni-skup-300-godina-franjevacke-crkve-u-vukovaru-1723-2023-vukovar-24-6-2023\/#breadcrumb\",\"itemListElement\":[{\"@type\":\"ListItem\",\"position\":1,\"name\":\"Home\",\"item\":\"https:\/\/www.vegaintro-projekti.com\/pilar-stari\/\"},{\"@type\":\"ListItem\",\"position\":2,\"name\":\"Znanstveni skup 300 GODINA FRANJEVA\u010cKE CRKVE U VUKOVARU (1723. &#8211; 2023.); Vukovar, 24. 6. 2023.\"}]},{\"@type\":\"WebSite\",\"@id\":\"https:\/\/www.vegaintro-projekti.com\/pilar-stari\/#website\",\"url\":\"https:\/\/www.vegaintro-projekti.com\/pilar-stari\/\",\"name\":\"Institut dru&scaron;tvenih znanosti Ivo Pilar\",\"description\":\"Pilar\",\"potentialAction\":[{\"@type\":\"SearchAction\",\"target\":{\"@type\":\"EntryPoint\",\"urlTemplate\":\"https:\/\/www.vegaintro-projekti.com\/pilar-stari\/?s={search_term_string}\"},\"query-input\":\"required name=search_term_string\"}],\"inLanguage\":\"hr\"},{\"@type\":\"Person\",\"@id\":\"https:\/\/www.vegaintro-projekti.com\/pilar-stari\/#\/schema\/person\/ddd404c9f1e15e4ffef5986ac6a5d28b\",\"name\":\"Boris\",\"image\":{\"@type\":\"ImageObject\",\"inLanguage\":\"hr\",\"@id\":\"https:\/\/www.vegaintro-projekti.com\/pilar-stari\/#\/schema\/person\/image\/\",\"url\":\"https:\/\/secure.gravatar.com\/avatar\/29557b161a6ce6ab86ac1503164f1e90?s=96&d=mm&r=g\",\"contentUrl\":\"https:\/\/secure.gravatar.com\/avatar\/29557b161a6ce6ab86ac1503164f1e90?s=96&d=mm&r=g\",\"caption\":\"Boris\"},\"url\":\"https:\/\/www.vegaintro-projekti.com\/pilar-stari\/author\/boris\/\"}]}<\/script>\n<!-- \/ Yoast SEO plugin. -->","yoast_head_json":{"title":"Znanstveni skup 300 GODINA FRANJEVA\u010cKE CRKVE U VUKOVARU (1723. - 2023.); Vukovar, 24. 6. 2023. - Institut dru&scaron;tvenih znanosti Ivo Pilar","robots":{"index":"noindex","follow":"follow","max-snippet":"max-snippet:-1","max-image-preview":"max-image-preview:large","max-video-preview":"max-video-preview:-1"},"og_locale":"hr_HR","og_type":"article","og_title":"Znanstveni skup 300 GODINA FRANJEVA\u010cKE CRKVE U VUKOVARU (1723. - 2023.); Vukovar, 24. 6. 2023. - Institut dru&scaron;tvenih znanosti Ivo Pilar","og_description":"U Pastoralnom centru sv. Bono franjeva\u010dkog samostana u Vukovaru 24. lipnja 2023. godine odr\u017ean je znanstveni skup naslovljen &#8220;300 godina franjeva\u010dke crkve u Vukovaru (1723. &#8211; 2023.)&#8221;. Znanstveni je skup organiziran u povodu obilje\u017eavanja velikoga jubileja &#8211; tri stolje\u0107a od posvetnog blagoslova i polaganja kamena temeljca franjeva\u010dke crkve sv. Filipa i Jakova, apostola u Vukovaru.&hellip; Pro\u010ditaj vi\u0161e o Znanstveni skup 300 GODINA FRANJEVA\u010cKE CRKVE U VUKOVARU (1723. &#8211; 2023.); Vukovar, 24. 6. 2023.","og_url":"https:\/\/www.vegaintro-projekti.com\/pilar-stari\/2023\/06\/znanstveni-skup-300-godina-franjevacke-crkve-u-vukovaru-1723-2023-vukovar-24-6-2023\/","og_site_name":"Institut dru&scaron;tvenih znanosti Ivo Pilar","article_published_time":"2023-06-20T08:53:10+00:00","article_modified_time":"2023-06-26T08:12:36+00:00","og_image":[{"width":620,"height":279,"url":"https:\/\/www.vegaintro-projekti.com\/pilar-stari\/wp-content\/uploads\/2023\/06\/IMG-1s-1.jpg","type":"image\/jpeg"}],"author":"Boris","twitter_card":"summary_large_image","twitter_misc":{"Napisao\/la":"Boris","Procijenjeno vrijeme \u010ditanja":"4 minute"},"schema":{"@context":"https:\/\/schema.org","@graph":[{"@type":"WebPage","@id":"https:\/\/www.vegaintro-projekti.com\/pilar-stari\/2023\/06\/znanstveni-skup-300-godina-franjevacke-crkve-u-vukovaru-1723-2023-vukovar-24-6-2023\/","url":"https:\/\/www.vegaintro-projekti.com\/pilar-stari\/2023\/06\/znanstveni-skup-300-godina-franjevacke-crkve-u-vukovaru-1723-2023-vukovar-24-6-2023\/","name":"Znanstveni skup 300 GODINA FRANJEVA\u010cKE CRKVE U VUKOVARU (1723. - 2023.); Vukovar, 24. 6. 2023. - Institut dru&scaron;tvenih znanosti Ivo Pilar","isPartOf":{"@id":"https:\/\/www.vegaintro-projekti.com\/pilar-stari\/#website"},"datePublished":"2023-06-20T08:53:10+00:00","dateModified":"2023-06-26T08:12:36+00:00","author":{"@id":"https:\/\/www.vegaintro-projekti.com\/pilar-stari\/#\/schema\/person\/ddd404c9f1e15e4ffef5986ac6a5d28b"},"breadcrumb":{"@id":"https:\/\/www.vegaintro-projekti.com\/pilar-stari\/2023\/06\/znanstveni-skup-300-godina-franjevacke-crkve-u-vukovaru-1723-2023-vukovar-24-6-2023\/#breadcrumb"},"inLanguage":"hr","potentialAction":[{"@type":"ReadAction","target":["https:\/\/www.vegaintro-projekti.com\/pilar-stari\/2023\/06\/znanstveni-skup-300-godina-franjevacke-crkve-u-vukovaru-1723-2023-vukovar-24-6-2023\/"]}]},{"@type":"BreadcrumbList","@id":"https:\/\/www.vegaintro-projekti.com\/pilar-stari\/2023\/06\/znanstveni-skup-300-godina-franjevacke-crkve-u-vukovaru-1723-2023-vukovar-24-6-2023\/#breadcrumb","itemListElement":[{"@type":"ListItem","position":1,"name":"Home","item":"https:\/\/www.vegaintro-projekti.com\/pilar-stari\/"},{"@type":"ListItem","position":2,"name":"Znanstveni skup 300 GODINA FRANJEVA\u010cKE CRKVE U VUKOVARU (1723. &#8211; 2023.); Vukovar, 24. 6. 2023."}]},{"@type":"WebSite","@id":"https:\/\/www.vegaintro-projekti.com\/pilar-stari\/#website","url":"https:\/\/www.vegaintro-projekti.com\/pilar-stari\/","name":"Institut dru&scaron;tvenih znanosti Ivo Pilar","description":"Pilar","potentialAction":[{"@type":"SearchAction","target":{"@type":"EntryPoint","urlTemplate":"https:\/\/www.vegaintro-projekti.com\/pilar-stari\/?s={search_term_string}"},"query-input":"required name=search_term_string"}],"inLanguage":"hr"},{"@type":"Person","@id":"https:\/\/www.vegaintro-projekti.com\/pilar-stari\/#\/schema\/person\/ddd404c9f1e15e4ffef5986ac6a5d28b","name":"Boris","image":{"@type":"ImageObject","inLanguage":"hr","@id":"https:\/\/www.vegaintro-projekti.com\/pilar-stari\/#\/schema\/person\/image\/","url":"https:\/\/secure.gravatar.com\/avatar\/29557b161a6ce6ab86ac1503164f1e90?s=96&d=mm&r=g","contentUrl":"https:\/\/secure.gravatar.com\/avatar\/29557b161a6ce6ab86ac1503164f1e90?s=96&d=mm&r=g","caption":"Boris"},"url":"https:\/\/www.vegaintro-projekti.com\/pilar-stari\/author\/boris\/"}]}},"_links":{"self":[{"href":"https:\/\/www.vegaintro-projekti.com\/pilar-stari\/wp-json\/wp\/v2\/posts\/26363"}],"collection":[{"href":"https:\/\/www.vegaintro-projekti.com\/pilar-stari\/wp-json\/wp\/v2\/posts"}],"about":[{"href":"https:\/\/www.vegaintro-projekti.com\/pilar-stari\/wp-json\/wp\/v2\/types\/post"}],"author":[{"embeddable":true,"href":"https:\/\/www.vegaintro-projekti.com\/pilar-stari\/wp-json\/wp\/v2\/users\/7"}],"replies":[{"embeddable":true,"href":"https:\/\/www.vegaintro-projekti.com\/pilar-stari\/wp-json\/wp\/v2\/comments?post=26363"}],"version-history":[{"count":9,"href":"https:\/\/www.vegaintro-projekti.com\/pilar-stari\/wp-json\/wp\/v2\/posts\/26363\/revisions"}],"predecessor-version":[{"id":26468,"href":"https:\/\/www.vegaintro-projekti.com\/pilar-stari\/wp-json\/wp\/v2\/posts\/26363\/revisions\/26468"}],"wp:featuredmedia":[{"embeddable":true,"href":"https:\/\/www.vegaintro-projekti.com\/pilar-stari\/wp-json\/wp\/v2\/media\/26452"}],"wp:attachment":[{"href":"https:\/\/www.vegaintro-projekti.com\/pilar-stari\/wp-json\/wp\/v2\/media?parent=26363"}],"wp:term":[{"taxonomy":"category","embeddable":true,"href":"https:\/\/www.vegaintro-projekti.com\/pilar-stari\/wp-json\/wp\/v2\/categories?post=26363"},{"taxonomy":"post_tag","embeddable":true,"href":"https:\/\/www.vegaintro-projekti.com\/pilar-stari\/wp-json\/wp\/v2\/tags?post=26363"}],"curies":[{"name":"wp","href":"https:\/\/api.w.org\/{rel}","templated":true}]}}