{"id":26516,"date":"2023-06-29T18:06:15","date_gmt":"2023-06-29T18:06:15","guid":{"rendered":"https:\/\/www.vegaintro-projekti.com\/pilar-stari\/?p=26516"},"modified":"2023-06-29T18:10:01","modified_gmt":"2023-06-29T18:10:01","slug":"dr-sc-danijel-vojak-na-prvom-prvom-plenarnom-zasjedanju-medunarodnog-saveza-za-sjecanje-na-holokaust-ihra-u-okviru-predsjedanja-republike-hrvatske-12-15-6-2023","status":"publish","type":"post","link":"https:\/\/www.vegaintro-projekti.com\/pilar-stari\/2023\/06\/dr-sc-danijel-vojak-na-prvom-prvom-plenarnom-zasjedanju-medunarodnog-saveza-za-sjecanje-na-holokaust-ihra-u-okviru-predsjedanja-republike-hrvatske-12-15-6-2023\/","title":{"rendered":"Dr. sc. Danijel Vojak na prvom prvom plenarnom zasjedanju Me\u0111unarodnog saveza za sje\u0107anje na Holokaust &#8211; IHRA u okviru predsjedanja Republike Hrvatske, 12.-15. 6. 2023."},"content":{"rendered":"<p><strong>Dr. sc. Danijel Vojak je kao dio hrvatske delegacije Me\u0111unarodnog saveza za sje\u0107anje na Holokaust &#8211; IHRA (International Holocaust Remembrance Alliance) sudjelovao na prvom plenarnom zasjedanju u Dubrovniku (12 \u2013 15. lipnja 2023.) u okviru predsjedanja Republike Hrvatske<\/strong><\/p>\n<p><img decoding=\"async\" loading=\"lazy\" class=\"alignnone wp-image-26514 size-full\" src=\"https:\/\/www.vegaintro-projekti.com\/pilar-stari\/wp-content\/uploads\/2023\/06\/IHRAs.jpg\" alt=\"\" width=\"620\" height=\"314\" srcset=\"https:\/\/www.vegaintro-projekti.com\/pilar-stari\/wp-content\/uploads\/2023\/06\/IHRAs.jpg 620w, https:\/\/www.vegaintro-projekti.com\/pilar-stari\/wp-content\/uploads\/2023\/06\/IHRAs-300x152.jpg 300w\" sizes=\"(max-width: 620px) 100vw, 620px\" \/><\/p>\n<p>Kao \u010dlan Odbora za genocid nad Romima (Committee on the Genocide of the Roma) dr. sc. Vojak je s Emirom Grbi\u0107em 13. lipnja 2023.&nbsp; izlagao na temu \u201eAdoption of the Definition of Antigypsyism by Croatia \u2013 Implementation\u201c.<\/p>\n<p>Za vrijeme zasjedanja dr. sc. Vojak je izvijestio i o radu na izradi \u201eRecommendations for teaching guidelines about the persecution and genocide of the Roma and Sinti during the Nazi era\u201c te je najavio odr\u017eavanje konferencije The Second International Conference on the Genocide of the Roma: Countering Holocaust Distortion and Anti-Roma Discrimination Through Research and Education, koja \u0107e se odr\u017eati 11.-12. rujna 2023. u Zagrebu.<\/p>\n<blockquote><p><a href=\"https:\/\/www.vegaintro-projekti.com\/pilar-stari\/biografije\/user-bio\/?my_user_id=63\">Dr. sc. Danijel Vojak<\/a><\/p><\/blockquote>\n","protected":false},"excerpt":{"rendered":"<p>Dr. sc. Danijel Vojak je kao dio hrvatske delegacije Me\u0111unarodnog saveza za sje\u0107anje na Holokaust &#8211; IHRA (International Holocaust Remembrance Alliance) sudjelovao na prvom plenarnom zasjedanju u Dubrovniku (12 \u2013 15. lipnja 2023.) u okviru predsjedanja Republike Hrvatske Kao \u010dlan Odbora za genocid nad Romima (Committee on the Genocide of the Roma) dr. sc. Vojak&hellip; <a class=\"continue\" href=\"https:\/\/www.vegaintro-projekti.com\/pilar-stari\/2023\/06\/dr-sc-danijel-vojak-na-prvom-prvom-plenarnom-zasjedanju-medunarodnog-saveza-za-sjecanje-na-holokaust-ihra-u-okviru-predsjedanja-republike-hrvatske-12-15-6-2023\/\">Pro\u010ditaj vi\u0161e o<span> Dr. sc. Danijel Vojak na prvom prvom plenarnom zasjedanju Me\u0111unarodnog saveza za sje\u0107anje na Holokaust &#8211; IHRA u okviru predsjedanja Republike Hrvatske, 12.-15. 6. 2023.<\/span><\/a><\/p>\n","protected":false},"author":7,"featured_media":26514,"comment_status":"closed","ping_status":"closed","sticky":false,"template":"","format":"standard","meta":{"inline_featured_image":false,"ngg_post_thumbnail":0,"footnotes":""},"categories":[11],"tags":[],"yoast_head":"<!-- This site is optimized with the Yoast SEO plugin v21.2 - https:\/\/yoast.com\/wordpress\/plugins\/seo\/ -->\n<title>Dr. sc. Danijel Vojak na prvom prvom plenarnom zasjedanju Me\u0111unarodnog saveza za sje\u0107anje na Holokaust - IHRA u okviru predsjedanja Republike Hrvatske, 12.-15. 6. 2023. - Institut dru&scaron;tvenih znanosti Ivo Pilar<\/title>\n<meta name=\"robots\" content=\"noindex, follow, max-snippet:-1, max-image-preview:large, max-video-preview:-1\" \/>\n<meta property=\"og:locale\" content=\"hr_HR\" \/>\n<meta property=\"og:type\" content=\"article\" \/>\n<meta property=\"og:title\" content=\"Dr. sc. Danijel Vojak na prvom prvom plenarnom zasjedanju Me\u0111unarodnog saveza za sje\u0107anje na Holokaust - IHRA u okviru predsjedanja Republike Hrvatske, 12.-15. 6. 2023. - Institut dru&scaron;tvenih znanosti Ivo Pilar\" \/>\n<meta property=\"og:description\" content=\"Dr. sc. Danijel Vojak je kao dio hrvatske delegacije Me\u0111unarodnog saveza za sje\u0107anje na Holokaust &#8211; IHRA (International Holocaust Remembrance Alliance) sudjelovao na prvom plenarnom zasjedanju u Dubrovniku (12 \u2013 15. lipnja 2023.) u okviru predsjedanja Republike Hrvatske Kao \u010dlan Odbora za genocid nad Romima (Committee on the Genocide of the Roma) dr. sc. Vojak&hellip; Pro\u010ditaj vi\u0161e o Dr. sc. Danijel Vojak na prvom prvom plenarnom zasjedanju Me\u0111unarodnog saveza za sje\u0107anje na Holokaust &#8211; IHRA u okviru predsjedanja Republike Hrvatske, 12.-15. 6. 2023.\" \/>\n<meta property=\"og:url\" content=\"https:\/\/www.vegaintro-projekti.com\/pilar-stari\/2023\/06\/dr-sc-danijel-vojak-na-prvom-prvom-plenarnom-zasjedanju-medunarodnog-saveza-za-sjecanje-na-holokaust-ihra-u-okviru-predsjedanja-republike-hrvatske-12-15-6-2023\/\" \/>\n<meta property=\"og:site_name\" content=\"Institut dru&scaron;tvenih znanosti Ivo Pilar\" \/>\n<meta property=\"article:published_time\" content=\"2023-06-29T18:06:15+00:00\" \/>\n<meta property=\"article:modified_time\" content=\"2023-06-29T18:10:01+00:00\" \/>\n<meta property=\"og:image\" content=\"https:\/\/www.vegaintro-projekti.com\/pilar-stari\/wp-content\/uploads\/2023\/06\/IHRAs.jpg\" \/>\n\t<meta property=\"og:image:width\" content=\"620\" \/>\n\t<meta property=\"og:image:height\" content=\"314\" \/>\n\t<meta property=\"og:image:type\" content=\"image\/jpeg\" \/>\n<meta name=\"author\" content=\"Boris\" \/>\n<meta name=\"twitter:card\" content=\"summary_large_image\" \/>\n<meta name=\"twitter:label1\" content=\"Napisao\/la\" \/>\n\t<meta name=\"twitter:data1\" content=\"Boris\" \/>\n\t<meta name=\"twitter:label2\" content=\"Procijenjeno vrijeme \u010ditanja\" \/>\n\t<meta name=\"twitter:data2\" content=\"1 minuta\" \/>\n<script type=\"application\/ld+json\" class=\"yoast-schema-graph\">{\"@context\":\"https:\/\/schema.org\",\"@graph\":[{\"@type\":\"WebPage\",\"@id\":\"https:\/\/www.vegaintro-projekti.com\/pilar-stari\/2023\/06\/dr-sc-danijel-vojak-na-prvom-prvom-plenarnom-zasjedanju-medunarodnog-saveza-za-sjecanje-na-holokaust-ihra-u-okviru-predsjedanja-republike-hrvatske-12-15-6-2023\/\",\"url\":\"https:\/\/www.vegaintro-projekti.com\/pilar-stari\/2023\/06\/dr-sc-danijel-vojak-na-prvom-prvom-plenarnom-zasjedanju-medunarodnog-saveza-za-sjecanje-na-holokaust-ihra-u-okviru-predsjedanja-republike-hrvatske-12-15-6-2023\/\",\"name\":\"Dr. sc. Danijel Vojak na prvom prvom plenarnom zasjedanju Me\u0111unarodnog saveza za sje\u0107anje na Holokaust - IHRA u okviru predsjedanja Republike Hrvatske, 12.-15. 6. 2023. - Institut dru&scaron;tvenih znanosti Ivo Pilar\",\"isPartOf\":{\"@id\":\"https:\/\/www.vegaintro-projekti.com\/pilar-stari\/#website\"},\"datePublished\":\"2023-06-29T18:06:15+00:00\",\"dateModified\":\"2023-06-29T18:10:01+00:00\",\"author\":{\"@id\":\"https:\/\/www.vegaintro-projekti.com\/pilar-stari\/#\/schema\/person\/ddd404c9f1e15e4ffef5986ac6a5d28b\"},\"breadcrumb\":{\"@id\":\"https:\/\/www.vegaintro-projekti.com\/pilar-stari\/2023\/06\/dr-sc-danijel-vojak-na-prvom-prvom-plenarnom-zasjedanju-medunarodnog-saveza-za-sjecanje-na-holokaust-ihra-u-okviru-predsjedanja-republike-hrvatske-12-15-6-2023\/#breadcrumb\"},\"inLanguage\":\"hr\",\"potentialAction\":[{\"@type\":\"ReadAction\",\"target\":[\"https:\/\/www.vegaintro-projekti.com\/pilar-stari\/2023\/06\/dr-sc-danijel-vojak-na-prvom-prvom-plenarnom-zasjedanju-medunarodnog-saveza-za-sjecanje-na-holokaust-ihra-u-okviru-predsjedanja-republike-hrvatske-12-15-6-2023\/\"]}]},{\"@type\":\"BreadcrumbList\",\"@id\":\"https:\/\/www.vegaintro-projekti.com\/pilar-stari\/2023\/06\/dr-sc-danijel-vojak-na-prvom-prvom-plenarnom-zasjedanju-medunarodnog-saveza-za-sjecanje-na-holokaust-ihra-u-okviru-predsjedanja-republike-hrvatske-12-15-6-2023\/#breadcrumb\",\"itemListElement\":[{\"@type\":\"ListItem\",\"position\":1,\"name\":\"Home\",\"item\":\"https:\/\/www.vegaintro-projekti.com\/pilar-stari\/\"},{\"@type\":\"ListItem\",\"position\":2,\"name\":\"Dr. sc. Danijel Vojak na prvom prvom plenarnom zasjedanju Me\u0111unarodnog saveza za sje\u0107anje na Holokaust &#8211; IHRA u okviru predsjedanja Republike Hrvatske, 12.-15. 6. 2023.\"}]},{\"@type\":\"WebSite\",\"@id\":\"https:\/\/www.vegaintro-projekti.com\/pilar-stari\/#website\",\"url\":\"https:\/\/www.vegaintro-projekti.com\/pilar-stari\/\",\"name\":\"Institut dru&scaron;tvenih znanosti Ivo Pilar\",\"description\":\"Pilar\",\"potentialAction\":[{\"@type\":\"SearchAction\",\"target\":{\"@type\":\"EntryPoint\",\"urlTemplate\":\"https:\/\/www.vegaintro-projekti.com\/pilar-stari\/?s={search_term_string}\"},\"query-input\":\"required name=search_term_string\"}],\"inLanguage\":\"hr\"},{\"@type\":\"Person\",\"@id\":\"https:\/\/www.vegaintro-projekti.com\/pilar-stari\/#\/schema\/person\/ddd404c9f1e15e4ffef5986ac6a5d28b\",\"name\":\"Boris\",\"image\":{\"@type\":\"ImageObject\",\"inLanguage\":\"hr\",\"@id\":\"https:\/\/www.vegaintro-projekti.com\/pilar-stari\/#\/schema\/person\/image\/\",\"url\":\"https:\/\/secure.gravatar.com\/avatar\/29557b161a6ce6ab86ac1503164f1e90?s=96&d=mm&r=g\",\"contentUrl\":\"https:\/\/secure.gravatar.com\/avatar\/29557b161a6ce6ab86ac1503164f1e90?s=96&d=mm&r=g\",\"caption\":\"Boris\"},\"url\":\"https:\/\/www.vegaintro-projekti.com\/pilar-stari\/author\/boris\/\"}]}<\/script>\n<!-- \/ Yoast SEO plugin. -->","yoast_head_json":{"title":"Dr. sc. Danijel Vojak na prvom prvom plenarnom zasjedanju Me\u0111unarodnog saveza za sje\u0107anje na Holokaust - IHRA u okviru predsjedanja Republike Hrvatske, 12.-15. 6. 2023. - Institut dru&scaron;tvenih znanosti Ivo Pilar","robots":{"index":"noindex","follow":"follow","max-snippet":"max-snippet:-1","max-image-preview":"max-image-preview:large","max-video-preview":"max-video-preview:-1"},"og_locale":"hr_HR","og_type":"article","og_title":"Dr. sc. Danijel Vojak na prvom prvom plenarnom zasjedanju Me\u0111unarodnog saveza za sje\u0107anje na Holokaust - IHRA u okviru predsjedanja Republike Hrvatske, 12.-15. 6. 2023. - Institut dru&scaron;tvenih znanosti Ivo Pilar","og_description":"Dr. sc. Danijel Vojak je kao dio hrvatske delegacije Me\u0111unarodnog saveza za sje\u0107anje na Holokaust &#8211; IHRA (International Holocaust Remembrance Alliance) sudjelovao na prvom plenarnom zasjedanju u Dubrovniku (12 \u2013 15. lipnja 2023.) u okviru predsjedanja Republike Hrvatske Kao \u010dlan Odbora za genocid nad Romima (Committee on the Genocide of the Roma) dr. sc. Vojak&hellip; Pro\u010ditaj vi\u0161e o Dr. sc. Danijel Vojak na prvom prvom plenarnom zasjedanju Me\u0111unarodnog saveza za sje\u0107anje na Holokaust &#8211; IHRA u okviru predsjedanja Republike Hrvatske, 12.-15. 6. 2023.","og_url":"https:\/\/www.vegaintro-projekti.com\/pilar-stari\/2023\/06\/dr-sc-danijel-vojak-na-prvom-prvom-plenarnom-zasjedanju-medunarodnog-saveza-za-sjecanje-na-holokaust-ihra-u-okviru-predsjedanja-republike-hrvatske-12-15-6-2023\/","og_site_name":"Institut dru&scaron;tvenih znanosti Ivo Pilar","article_published_time":"2023-06-29T18:06:15+00:00","article_modified_time":"2023-06-29T18:10:01+00:00","og_image":[{"width":620,"height":314,"url":"https:\/\/www.vegaintro-projekti.com\/pilar-stari\/wp-content\/uploads\/2023\/06\/IHRAs.jpg","type":"image\/jpeg"}],"author":"Boris","twitter_card":"summary_large_image","twitter_misc":{"Napisao\/la":"Boris","Procijenjeno vrijeme \u010ditanja":"1 minuta"},"schema":{"@context":"https:\/\/schema.org","@graph":[{"@type":"WebPage","@id":"https:\/\/www.vegaintro-projekti.com\/pilar-stari\/2023\/06\/dr-sc-danijel-vojak-na-prvom-prvom-plenarnom-zasjedanju-medunarodnog-saveza-za-sjecanje-na-holokaust-ihra-u-okviru-predsjedanja-republike-hrvatske-12-15-6-2023\/","url":"https:\/\/www.vegaintro-projekti.com\/pilar-stari\/2023\/06\/dr-sc-danijel-vojak-na-prvom-prvom-plenarnom-zasjedanju-medunarodnog-saveza-za-sjecanje-na-holokaust-ihra-u-okviru-predsjedanja-republike-hrvatske-12-15-6-2023\/","name":"Dr. sc. Danijel Vojak na prvom prvom plenarnom zasjedanju Me\u0111unarodnog saveza za sje\u0107anje na Holokaust - IHRA u okviru predsjedanja Republike Hrvatske, 12.-15. 6. 2023. - Institut dru&scaron;tvenih znanosti Ivo Pilar","isPartOf":{"@id":"https:\/\/www.vegaintro-projekti.com\/pilar-stari\/#website"},"datePublished":"2023-06-29T18:06:15+00:00","dateModified":"2023-06-29T18:10:01+00:00","author":{"@id":"https:\/\/www.vegaintro-projekti.com\/pilar-stari\/#\/schema\/person\/ddd404c9f1e15e4ffef5986ac6a5d28b"},"breadcrumb":{"@id":"https:\/\/www.vegaintro-projekti.com\/pilar-stari\/2023\/06\/dr-sc-danijel-vojak-na-prvom-prvom-plenarnom-zasjedanju-medunarodnog-saveza-za-sjecanje-na-holokaust-ihra-u-okviru-predsjedanja-republike-hrvatske-12-15-6-2023\/#breadcrumb"},"inLanguage":"hr","potentialAction":[{"@type":"ReadAction","target":["https:\/\/www.vegaintro-projekti.com\/pilar-stari\/2023\/06\/dr-sc-danijel-vojak-na-prvom-prvom-plenarnom-zasjedanju-medunarodnog-saveza-za-sjecanje-na-holokaust-ihra-u-okviru-predsjedanja-republike-hrvatske-12-15-6-2023\/"]}]},{"@type":"BreadcrumbList","@id":"https:\/\/www.vegaintro-projekti.com\/pilar-stari\/2023\/06\/dr-sc-danijel-vojak-na-prvom-prvom-plenarnom-zasjedanju-medunarodnog-saveza-za-sjecanje-na-holokaust-ihra-u-okviru-predsjedanja-republike-hrvatske-12-15-6-2023\/#breadcrumb","itemListElement":[{"@type":"ListItem","position":1,"name":"Home","item":"https:\/\/www.vegaintro-projekti.com\/pilar-stari\/"},{"@type":"ListItem","position":2,"name":"Dr. sc. Danijel Vojak na prvom prvom plenarnom zasjedanju Me\u0111unarodnog saveza za sje\u0107anje na Holokaust &#8211; IHRA u okviru predsjedanja Republike Hrvatske, 12.-15. 6. 2023."}]},{"@type":"WebSite","@id":"https:\/\/www.vegaintro-projekti.com\/pilar-stari\/#website","url":"https:\/\/www.vegaintro-projekti.com\/pilar-stari\/","name":"Institut dru&scaron;tvenih znanosti Ivo Pilar","description":"Pilar","potentialAction":[{"@type":"SearchAction","target":{"@type":"EntryPoint","urlTemplate":"https:\/\/www.vegaintro-projekti.com\/pilar-stari\/?s={search_term_string}"},"query-input":"required name=search_term_string"}],"inLanguage":"hr"},{"@type":"Person","@id":"https:\/\/www.vegaintro-projekti.com\/pilar-stari\/#\/schema\/person\/ddd404c9f1e15e4ffef5986ac6a5d28b","name":"Boris","image":{"@type":"ImageObject","inLanguage":"hr","@id":"https:\/\/www.vegaintro-projekti.com\/pilar-stari\/#\/schema\/person\/image\/","url":"https:\/\/secure.gravatar.com\/avatar\/29557b161a6ce6ab86ac1503164f1e90?s=96&d=mm&r=g","contentUrl":"https:\/\/secure.gravatar.com\/avatar\/29557b161a6ce6ab86ac1503164f1e90?s=96&d=mm&r=g","caption":"Boris"},"url":"https:\/\/www.vegaintro-projekti.com\/pilar-stari\/author\/boris\/"}]}},"_links":{"self":[{"href":"https:\/\/www.vegaintro-projekti.com\/pilar-stari\/wp-json\/wp\/v2\/posts\/26516"}],"collection":[{"href":"https:\/\/www.vegaintro-projekti.com\/pilar-stari\/wp-json\/wp\/v2\/posts"}],"about":[{"href":"https:\/\/www.vegaintro-projekti.com\/pilar-stari\/wp-json\/wp\/v2\/types\/post"}],"author":[{"embeddable":true,"href":"https:\/\/www.vegaintro-projekti.com\/pilar-stari\/wp-json\/wp\/v2\/users\/7"}],"replies":[{"embeddable":true,"href":"https:\/\/www.vegaintro-projekti.com\/pilar-stari\/wp-json\/wp\/v2\/comments?post=26516"}],"version-history":[{"count":1,"href":"https:\/\/www.vegaintro-projekti.com\/pilar-stari\/wp-json\/wp\/v2\/posts\/26516\/revisions"}],"predecessor-version":[{"id":26517,"href":"https:\/\/www.vegaintro-projekti.com\/pilar-stari\/wp-json\/wp\/v2\/posts\/26516\/revisions\/26517"}],"wp:featuredmedia":[{"embeddable":true,"href":"https:\/\/www.vegaintro-projekti.com\/pilar-stari\/wp-json\/wp\/v2\/media\/26514"}],"wp:attachment":[{"href":"https:\/\/www.vegaintro-projekti.com\/pilar-stari\/wp-json\/wp\/v2\/media?parent=26516"}],"wp:term":[{"taxonomy":"category","embeddable":true,"href":"https:\/\/www.vegaintro-projekti.com\/pilar-stari\/wp-json\/wp\/v2\/categories?post=26516"},{"taxonomy":"post_tag","embeddable":true,"href":"https:\/\/www.vegaintro-projekti.com\/pilar-stari\/wp-json\/wp\/v2\/tags?post=26516"}],"curies":[{"name":"wp","href":"https:\/\/api.w.org\/{rel}","templated":true}]}}