{"id":26521,"date":"2023-06-15T20:46:45","date_gmt":"2023-06-15T20:46:45","guid":{"rendered":"https:\/\/www.vegaintro-projekti.com\/pilar-stari\/?p=26521"},"modified":"2023-06-30T21:49:50","modified_gmt":"2023-06-30T21:49:50","slug":"dr-sc-sasa-poljanec-boric-na-znanstvenom-kolokviju-turizam-i-zasticena-podrucja-1-2-6-2023","status":"publish","type":"post","link":"https:\/\/www.vegaintro-projekti.com\/pilar-stari\/2023\/06\/dr-sc-sasa-poljanec-boric-na-znanstvenom-kolokviju-turizam-i-zasticena-podrucja-1-2-6-2023\/","title":{"rendered":"Dr. sc. Sa\u0161a Poljanec-Bori\u0107 na znanstvenom kolokviju Turizam i za\u0161ti\u0107ena podru\u010dja, 1.-2. 6. 2023."},"content":{"rendered":"<p><strong>Dr. sc. Sa\u0161a Poljanec-Bori\u0107 sudjelovala je na znanstvenom kolokviju organiziranom u suradnji HAZU-a, Sveu\u010dili\u0161ta u Zadru i Javne ustanove Nacionalni park Kornati. Na skupu je odr\u017eala izlaganje pod naslovom &#8220;Turizam, za\u0161tita i teritorij: teorijski uvid u socijalnu evoluciju (post)moderne dr\u017eave&#8221; u kojem je objasnila izvornu ulogu za\u0161tite prirodne i kulturne ba\u0161tine u kontekstu europske modernizacije<\/strong><\/p>\n<p><a href=\"https:\/\/www.vegaintro-projekti.com\/pilar-stari\/wp-content\/uploads\/2023\/06\/Knjizica_sazetaka.pdf\"><img decoding=\"async\" loading=\"lazy\" class=\"alignnone wp-image-26518 size-full\" src=\"https:\/\/www.vegaintro-projekti.com\/pilar-stari\/wp-content\/uploads\/2023\/06\/IMG-11.jpg\" alt=\"\" width=\"620\" height=\"409\" srcset=\"https:\/\/www.vegaintro-projekti.com\/pilar-stari\/wp-content\/uploads\/2023\/06\/IMG-11.jpg 620w, https:\/\/www.vegaintro-projekti.com\/pilar-stari\/wp-content\/uploads\/2023\/06\/IMG-11-300x198.jpg 300w, https:\/\/www.vegaintro-projekti.com\/pilar-stari\/wp-content\/uploads\/2023\/06\/IMG-11-310x205.jpg 310w\" sizes=\"(max-width: 620px) 100vw, 620px\" \/><img decoding=\"async\" loading=\"lazy\" class=\"alignnone wp-image-26519 size-full\" src=\"https:\/\/www.vegaintro-projekti.com\/pilar-stari\/wp-content\/uploads\/2023\/06\/IMG_1-13.jpg\" alt=\"\" width=\"620\" height=\"369\" srcset=\"https:\/\/www.vegaintro-projekti.com\/pilar-stari\/wp-content\/uploads\/2023\/06\/IMG_1-13.jpg 620w, https:\/\/www.vegaintro-projekti.com\/pilar-stari\/wp-content\/uploads\/2023\/06\/IMG_1-13-300x179.jpg 300w\" sizes=\"(max-width: 620px) 100vw, 620px\" \/><\/a><\/p>\n<p><strong>&#8211; Knji\u017eica sa\u017eetaka:<\/strong> <a href=\"https:\/\/www.vegaintro-projekti.com\/pilar-stari\/wp-content\/uploads\/2023\/06\/Knjizica_sazetaka.pdf\">Znanstveni kolokvij Turizam i za\u0161ti\u0107ena podru\u010dja; Kornat i Levrnaka, 1.-2. 6. 2023.<\/a><\/p>\n<p>Dr. sc. Sa\u0161a Poljanec-Bori\u0107 u svome izlaganju je govorila i o Strategiji EU-a za bioraznolikost do 2030. godine te o potrebi javnog financiranja re\u017eima stroge za\u0161tite u podru\u010djima s visokom bioraznoliko\u0161\u0107u i izvorima svje\u017ee vode. Zaklju\u010dno se osvrnula na institucionalnu perspektivu upravljanja teritorijem u Hrvatskoj te istaknula potrebu prilagodbe europskim praksama uz navo\u0111enje primjera iz Austrije, Slovenije i Francuske.<\/p>\n<blockquote><p><a href=\"https:\/\/www.vegaintro-projekti.com\/pilar-stari\/biografije\/user-bio\/?my_user_id=47\">Dr. sc. Sa\u0161a Poljanec-Bori\u0107<\/a><\/p><\/blockquote>\n","protected":false},"excerpt":{"rendered":"<p>Dr. sc. Sa\u0161a Poljanec-Bori\u0107 sudjelovala je na znanstvenom kolokviju organiziranom u suradnji HAZU-a, Sveu\u010dili\u0161ta u Zadru i Javne ustanove Nacionalni park Kornati. Na skupu je odr\u017eala izlaganje pod naslovom &#8220;Turizam, za\u0161tita i teritorij: teorijski uvid u socijalnu evoluciju (post)moderne dr\u017eave&#8221; u kojem je objasnila izvornu ulogu za\u0161tite prirodne i kulturne ba\u0161tine u kontekstu europske modernizacije&hellip; <a class=\"continue\" href=\"https:\/\/www.vegaintro-projekti.com\/pilar-stari\/2023\/06\/dr-sc-sasa-poljanec-boric-na-znanstvenom-kolokviju-turizam-i-zasticena-podrucja-1-2-6-2023\/\">Pro\u010ditaj vi\u0161e o<span> Dr. sc. Sa\u0161a Poljanec-Bori\u0107 na znanstvenom kolokviju Turizam i za\u0161ti\u0107ena podru\u010dja, 1.-2. 6. 2023.<\/span><\/a><\/p>\n","protected":false},"author":7,"featured_media":26519,"comment_status":"closed","ping_status":"closed","sticky":false,"template":"","format":"standard","meta":{"inline_featured_image":false,"ngg_post_thumbnail":0,"footnotes":""},"categories":[11],"tags":[],"yoast_head":"<!-- This site is optimized with the Yoast SEO plugin v21.2 - https:\/\/yoast.com\/wordpress\/plugins\/seo\/ -->\n<title>Dr. sc. Sa\u0161a Poljanec-Bori\u0107 na znanstvenom kolokviju Turizam i za\u0161ti\u0107ena podru\u010dja, 1.-2. 6. 2023. - Institut dru&scaron;tvenih znanosti Ivo Pilar<\/title>\n<meta name=\"robots\" content=\"noindex, follow, max-snippet:-1, max-image-preview:large, max-video-preview:-1\" \/>\n<meta property=\"og:locale\" content=\"hr_HR\" \/>\n<meta property=\"og:type\" content=\"article\" \/>\n<meta property=\"og:title\" content=\"Dr. sc. Sa\u0161a Poljanec-Bori\u0107 na znanstvenom kolokviju Turizam i za\u0161ti\u0107ena podru\u010dja, 1.-2. 6. 2023. - Institut dru&scaron;tvenih znanosti Ivo Pilar\" \/>\n<meta property=\"og:description\" content=\"Dr. sc. Sa\u0161a Poljanec-Bori\u0107 sudjelovala je na znanstvenom kolokviju organiziranom u suradnji HAZU-a, Sveu\u010dili\u0161ta u Zadru i Javne ustanove Nacionalni park Kornati. Na skupu je odr\u017eala izlaganje pod naslovom &#8220;Turizam, za\u0161tita i teritorij: teorijski uvid u socijalnu evoluciju (post)moderne dr\u017eave&#8221; u kojem je objasnila izvornu ulogu za\u0161tite prirodne i kulturne ba\u0161tine u kontekstu europske modernizacije&hellip; Pro\u010ditaj vi\u0161e o Dr. sc. Sa\u0161a Poljanec-Bori\u0107 na znanstvenom kolokviju Turizam i za\u0161ti\u0107ena podru\u010dja, 1.-2. 6. 2023.\" \/>\n<meta property=\"og:url\" content=\"https:\/\/www.vegaintro-projekti.com\/pilar-stari\/2023\/06\/dr-sc-sasa-poljanec-boric-na-znanstvenom-kolokviju-turizam-i-zasticena-podrucja-1-2-6-2023\/\" \/>\n<meta property=\"og:site_name\" content=\"Institut dru&scaron;tvenih znanosti Ivo Pilar\" \/>\n<meta property=\"article:published_time\" content=\"2023-06-15T20:46:45+00:00\" \/>\n<meta property=\"article:modified_time\" content=\"2023-06-30T21:49:50+00:00\" \/>\n<meta property=\"og:image\" content=\"https:\/\/www.vegaintro-projekti.com\/pilar-stari\/wp-content\/uploads\/2023\/06\/IMG_1-13.jpg\" \/>\n\t<meta property=\"og:image:width\" content=\"620\" \/>\n\t<meta property=\"og:image:height\" content=\"369\" \/>\n\t<meta property=\"og:image:type\" content=\"image\/jpeg\" \/>\n<meta name=\"author\" content=\"Boris\" \/>\n<meta name=\"twitter:card\" content=\"summary_large_image\" \/>\n<meta name=\"twitter:label1\" content=\"Napisao\/la\" \/>\n\t<meta name=\"twitter:data1\" content=\"Boris\" \/>\n\t<meta name=\"twitter:label2\" content=\"Procijenjeno vrijeme \u010ditanja\" \/>\n\t<meta name=\"twitter:data2\" content=\"2 minute\" \/>\n<script type=\"application\/ld+json\" class=\"yoast-schema-graph\">{\"@context\":\"https:\/\/schema.org\",\"@graph\":[{\"@type\":\"WebPage\",\"@id\":\"https:\/\/www.vegaintro-projekti.com\/pilar-stari\/2023\/06\/dr-sc-sasa-poljanec-boric-na-znanstvenom-kolokviju-turizam-i-zasticena-podrucja-1-2-6-2023\/\",\"url\":\"https:\/\/www.vegaintro-projekti.com\/pilar-stari\/2023\/06\/dr-sc-sasa-poljanec-boric-na-znanstvenom-kolokviju-turizam-i-zasticena-podrucja-1-2-6-2023\/\",\"name\":\"Dr. sc. Sa\u0161a Poljanec-Bori\u0107 na znanstvenom kolokviju Turizam i za\u0161ti\u0107ena podru\u010dja, 1.-2. 6. 2023. - Institut dru&scaron;tvenih znanosti Ivo Pilar\",\"isPartOf\":{\"@id\":\"https:\/\/www.vegaintro-projekti.com\/pilar-stari\/#website\"},\"datePublished\":\"2023-06-15T20:46:45+00:00\",\"dateModified\":\"2023-06-30T21:49:50+00:00\",\"author\":{\"@id\":\"https:\/\/www.vegaintro-projekti.com\/pilar-stari\/#\/schema\/person\/ddd404c9f1e15e4ffef5986ac6a5d28b\"},\"breadcrumb\":{\"@id\":\"https:\/\/www.vegaintro-projekti.com\/pilar-stari\/2023\/06\/dr-sc-sasa-poljanec-boric-na-znanstvenom-kolokviju-turizam-i-zasticena-podrucja-1-2-6-2023\/#breadcrumb\"},\"inLanguage\":\"hr\",\"potentialAction\":[{\"@type\":\"ReadAction\",\"target\":[\"https:\/\/www.vegaintro-projekti.com\/pilar-stari\/2023\/06\/dr-sc-sasa-poljanec-boric-na-znanstvenom-kolokviju-turizam-i-zasticena-podrucja-1-2-6-2023\/\"]}]},{\"@type\":\"BreadcrumbList\",\"@id\":\"https:\/\/www.vegaintro-projekti.com\/pilar-stari\/2023\/06\/dr-sc-sasa-poljanec-boric-na-znanstvenom-kolokviju-turizam-i-zasticena-podrucja-1-2-6-2023\/#breadcrumb\",\"itemListElement\":[{\"@type\":\"ListItem\",\"position\":1,\"name\":\"Home\",\"item\":\"https:\/\/www.vegaintro-projekti.com\/pilar-stari\/\"},{\"@type\":\"ListItem\",\"position\":2,\"name\":\"Dr. sc. Sa\u0161a Poljanec-Bori\u0107 na znanstvenom kolokviju Turizam i za\u0161ti\u0107ena podru\u010dja, 1.-2. 6. 2023.\"}]},{\"@type\":\"WebSite\",\"@id\":\"https:\/\/www.vegaintro-projekti.com\/pilar-stari\/#website\",\"url\":\"https:\/\/www.vegaintro-projekti.com\/pilar-stari\/\",\"name\":\"Institut dru&scaron;tvenih znanosti Ivo Pilar\",\"description\":\"Pilar\",\"potentialAction\":[{\"@type\":\"SearchAction\",\"target\":{\"@type\":\"EntryPoint\",\"urlTemplate\":\"https:\/\/www.vegaintro-projekti.com\/pilar-stari\/?s={search_term_string}\"},\"query-input\":\"required name=search_term_string\"}],\"inLanguage\":\"hr\"},{\"@type\":\"Person\",\"@id\":\"https:\/\/www.vegaintro-projekti.com\/pilar-stari\/#\/schema\/person\/ddd404c9f1e15e4ffef5986ac6a5d28b\",\"name\":\"Boris\",\"image\":{\"@type\":\"ImageObject\",\"inLanguage\":\"hr\",\"@id\":\"https:\/\/www.vegaintro-projekti.com\/pilar-stari\/#\/schema\/person\/image\/\",\"url\":\"https:\/\/secure.gravatar.com\/avatar\/29557b161a6ce6ab86ac1503164f1e90?s=96&d=mm&r=g\",\"contentUrl\":\"https:\/\/secure.gravatar.com\/avatar\/29557b161a6ce6ab86ac1503164f1e90?s=96&d=mm&r=g\",\"caption\":\"Boris\"},\"url\":\"https:\/\/www.vegaintro-projekti.com\/pilar-stari\/author\/boris\/\"}]}<\/script>\n<!-- \/ Yoast SEO plugin. -->","yoast_head_json":{"title":"Dr. sc. Sa\u0161a Poljanec-Bori\u0107 na znanstvenom kolokviju Turizam i za\u0161ti\u0107ena podru\u010dja, 1.-2. 6. 2023. - Institut dru&scaron;tvenih znanosti Ivo Pilar","robots":{"index":"noindex","follow":"follow","max-snippet":"max-snippet:-1","max-image-preview":"max-image-preview:large","max-video-preview":"max-video-preview:-1"},"og_locale":"hr_HR","og_type":"article","og_title":"Dr. sc. Sa\u0161a Poljanec-Bori\u0107 na znanstvenom kolokviju Turizam i za\u0161ti\u0107ena podru\u010dja, 1.-2. 6. 2023. - Institut dru&scaron;tvenih znanosti Ivo Pilar","og_description":"Dr. sc. Sa\u0161a Poljanec-Bori\u0107 sudjelovala je na znanstvenom kolokviju organiziranom u suradnji HAZU-a, Sveu\u010dili\u0161ta u Zadru i Javne ustanove Nacionalni park Kornati. Na skupu je odr\u017eala izlaganje pod naslovom &#8220;Turizam, za\u0161tita i teritorij: teorijski uvid u socijalnu evoluciju (post)moderne dr\u017eave&#8221; u kojem je objasnila izvornu ulogu za\u0161tite prirodne i kulturne ba\u0161tine u kontekstu europske modernizacije&hellip; Pro\u010ditaj vi\u0161e o Dr. sc. Sa\u0161a Poljanec-Bori\u0107 na znanstvenom kolokviju Turizam i za\u0161ti\u0107ena podru\u010dja, 1.-2. 6. 2023.","og_url":"https:\/\/www.vegaintro-projekti.com\/pilar-stari\/2023\/06\/dr-sc-sasa-poljanec-boric-na-znanstvenom-kolokviju-turizam-i-zasticena-podrucja-1-2-6-2023\/","og_site_name":"Institut dru&scaron;tvenih znanosti Ivo Pilar","article_published_time":"2023-06-15T20:46:45+00:00","article_modified_time":"2023-06-30T21:49:50+00:00","og_image":[{"width":620,"height":369,"url":"https:\/\/www.vegaintro-projekti.com\/pilar-stari\/wp-content\/uploads\/2023\/06\/IMG_1-13.jpg","type":"image\/jpeg"}],"author":"Boris","twitter_card":"summary_large_image","twitter_misc":{"Napisao\/la":"Boris","Procijenjeno vrijeme \u010ditanja":"2 minute"},"schema":{"@context":"https:\/\/schema.org","@graph":[{"@type":"WebPage","@id":"https:\/\/www.vegaintro-projekti.com\/pilar-stari\/2023\/06\/dr-sc-sasa-poljanec-boric-na-znanstvenom-kolokviju-turizam-i-zasticena-podrucja-1-2-6-2023\/","url":"https:\/\/www.vegaintro-projekti.com\/pilar-stari\/2023\/06\/dr-sc-sasa-poljanec-boric-na-znanstvenom-kolokviju-turizam-i-zasticena-podrucja-1-2-6-2023\/","name":"Dr. sc. Sa\u0161a Poljanec-Bori\u0107 na znanstvenom kolokviju Turizam i za\u0161ti\u0107ena podru\u010dja, 1.-2. 6. 2023. - Institut dru&scaron;tvenih znanosti Ivo Pilar","isPartOf":{"@id":"https:\/\/www.vegaintro-projekti.com\/pilar-stari\/#website"},"datePublished":"2023-06-15T20:46:45+00:00","dateModified":"2023-06-30T21:49:50+00:00","author":{"@id":"https:\/\/www.vegaintro-projekti.com\/pilar-stari\/#\/schema\/person\/ddd404c9f1e15e4ffef5986ac6a5d28b"},"breadcrumb":{"@id":"https:\/\/www.vegaintro-projekti.com\/pilar-stari\/2023\/06\/dr-sc-sasa-poljanec-boric-na-znanstvenom-kolokviju-turizam-i-zasticena-podrucja-1-2-6-2023\/#breadcrumb"},"inLanguage":"hr","potentialAction":[{"@type":"ReadAction","target":["https:\/\/www.vegaintro-projekti.com\/pilar-stari\/2023\/06\/dr-sc-sasa-poljanec-boric-na-znanstvenom-kolokviju-turizam-i-zasticena-podrucja-1-2-6-2023\/"]}]},{"@type":"BreadcrumbList","@id":"https:\/\/www.vegaintro-projekti.com\/pilar-stari\/2023\/06\/dr-sc-sasa-poljanec-boric-na-znanstvenom-kolokviju-turizam-i-zasticena-podrucja-1-2-6-2023\/#breadcrumb","itemListElement":[{"@type":"ListItem","position":1,"name":"Home","item":"https:\/\/www.vegaintro-projekti.com\/pilar-stari\/"},{"@type":"ListItem","position":2,"name":"Dr. sc. Sa\u0161a Poljanec-Bori\u0107 na znanstvenom kolokviju Turizam i za\u0161ti\u0107ena podru\u010dja, 1.-2. 6. 2023."}]},{"@type":"WebSite","@id":"https:\/\/www.vegaintro-projekti.com\/pilar-stari\/#website","url":"https:\/\/www.vegaintro-projekti.com\/pilar-stari\/","name":"Institut dru&scaron;tvenih znanosti Ivo Pilar","description":"Pilar","potentialAction":[{"@type":"SearchAction","target":{"@type":"EntryPoint","urlTemplate":"https:\/\/www.vegaintro-projekti.com\/pilar-stari\/?s={search_term_string}"},"query-input":"required name=search_term_string"}],"inLanguage":"hr"},{"@type":"Person","@id":"https:\/\/www.vegaintro-projekti.com\/pilar-stari\/#\/schema\/person\/ddd404c9f1e15e4ffef5986ac6a5d28b","name":"Boris","image":{"@type":"ImageObject","inLanguage":"hr","@id":"https:\/\/www.vegaintro-projekti.com\/pilar-stari\/#\/schema\/person\/image\/","url":"https:\/\/secure.gravatar.com\/avatar\/29557b161a6ce6ab86ac1503164f1e90?s=96&d=mm&r=g","contentUrl":"https:\/\/secure.gravatar.com\/avatar\/29557b161a6ce6ab86ac1503164f1e90?s=96&d=mm&r=g","caption":"Boris"},"url":"https:\/\/www.vegaintro-projekti.com\/pilar-stari\/author\/boris\/"}]}},"_links":{"self":[{"href":"https:\/\/www.vegaintro-projekti.com\/pilar-stari\/wp-json\/wp\/v2\/posts\/26521"}],"collection":[{"href":"https:\/\/www.vegaintro-projekti.com\/pilar-stari\/wp-json\/wp\/v2\/posts"}],"about":[{"href":"https:\/\/www.vegaintro-projekti.com\/pilar-stari\/wp-json\/wp\/v2\/types\/post"}],"author":[{"embeddable":true,"href":"https:\/\/www.vegaintro-projekti.com\/pilar-stari\/wp-json\/wp\/v2\/users\/7"}],"replies":[{"embeddable":true,"href":"https:\/\/www.vegaintro-projekti.com\/pilar-stari\/wp-json\/wp\/v2\/comments?post=26521"}],"version-history":[{"count":2,"href":"https:\/\/www.vegaintro-projekti.com\/pilar-stari\/wp-json\/wp\/v2\/posts\/26521\/revisions"}],"predecessor-version":[{"id":26523,"href":"https:\/\/www.vegaintro-projekti.com\/pilar-stari\/wp-json\/wp\/v2\/posts\/26521\/revisions\/26523"}],"wp:featuredmedia":[{"embeddable":true,"href":"https:\/\/www.vegaintro-projekti.com\/pilar-stari\/wp-json\/wp\/v2\/media\/26519"}],"wp:attachment":[{"href":"https:\/\/www.vegaintro-projekti.com\/pilar-stari\/wp-json\/wp\/v2\/media?parent=26521"}],"wp:term":[{"taxonomy":"category","embeddable":true,"href":"https:\/\/www.vegaintro-projekti.com\/pilar-stari\/wp-json\/wp\/v2\/categories?post=26521"},{"taxonomy":"post_tag","embeddable":true,"href":"https:\/\/www.vegaintro-projekti.com\/pilar-stari\/wp-json\/wp\/v2\/tags?post=26521"}],"curies":[{"name":"wp","href":"https:\/\/api.w.org\/{rel}","templated":true}]}}