{"id":266,"date":"2010-04-14T08:08:49","date_gmt":"2010-04-14T08:08:49","guid":{"rendered":"https:\/\/www.vegaintro-projekti.com\/pilar-stari\/2010\/04\/14\/tisak-o-znanstvenom-predstavljanju-instituta-ivo-pilar-u-beu\/"},"modified":"2017-12-06T15:05:00","modified_gmt":"2017-12-06T15:05:00","slug":"tisak-o-znanstvenom-predstavljanju-instituta-ivo-pilar-u-beu","status":"publish","type":"post","link":"https:\/\/www.vegaintro-projekti.com\/pilar-stari\/2010\/04\/tisak-o-znanstvenom-predstavljanju-instituta-ivo-pilar-u-beu\/","title":{"rendered":"Tisak o znanstvenom predstavljanju Instituta Ivo Pilar u Be\u010du"},"content":{"rendered":"<p><strong>Tjednik za kulturu <em>Hrvatsko slovo<\/em> u broju 781 od 9. travnja 2010. godine iz pera Stjepana \u0160uleka donosi tekst o znanstvenom predstavljanju Instituta dru\u0161tvenih znanosti Ivo Pilar u Be\u010du. Autor, izme\u0111u ostalog, pi\u0161e: \u201eBudu\u0107i da u hrvatskom tisku taj va\u017ean doga\u0111aj nije zabilje\u017een, \u017eelimo obavijesiti o ovom zna\u010dajnom doga\u0111aju koji mo\u017ee poslu\u017eiti kao pravi primjer hrvatske diplomacije na podru\u010dju znanosti i povijesti.\u201c<\/strong><\/p>\n<table border=\"0\">\n<tbody>\n<tr>\n<td><a href=\"https:\/\/www.vegaintro-projekti.com\/pilar-stari\/wp-content\/images\/stories\/dokumenti\/tisak\/hr-slovo.pdf\"><img decoding=\"async\" loading=\"lazy\" height=\"640\" width=\"453\" src=\"https:\/\/www.vegaintro-projekti.com\/pilar-stari\/wp-content\/images\/stories\/fotografije\/pilar_u_becu\/hr-slovo.jpg\" alt=\"hr-slovo\" \/><\/a><\/td>\n<td valign=\"top\">\n<p><span><em><\/em><\/span><\/p>\n<p><span><em><\/p>\n<p>Prof. Heinrich Badura u zavr\u0161noj rije\u010di naglasio je da se 12. o\u017eujka 2010. ne\u0161to va\u017eno dogodilo u Saveznom ministarstvu Republike Austrije. Pokazali smo da je Ivo Pilar bio povijesna li\u010dnost koja je ostavila duboke tragove. Susreli smo se s Institutom iz Zagreba koji u Be\u010du nije poznat, ali on se danas predstavio u najvi\u0161oj znanstvenoj vrijednosti<\/em><\/span><\/p>\n<\/td>\n<\/tr>\n<tr>\n<td><\/td>\n<td><\/td>\n<\/tr>\n<\/tbody>\n<\/table>\n<p>&#8211; <a href=\"https:\/\/www.vegaintro-projekti.com\/pilar-stari\/wp-content\/images\/stories\/dokumenti\/tisak\/hr-slovo.pdf\">Stjepan \u0160ulek: <em>Ivo Pilar<\/em> u Be\u010du, Hrvatsko slovo, br. 781 od 9. travnja 2010., str. 10.<\/a><br \/>&#8211; <a href=\"https:\/\/www.vegaintro-projekti.com\/pilar-stari\/2010\/03\/dr-ivo-pilar-i-ideja-ujedinjene-europe-meunarodni-skup-be-12-oujka\/\">Dr. Ivo Pilar i ideja ujedinjene Europe &#8211; me\u0111unarodni skup, Be\u010d, 12. o\u017eujka 2010.<\/a> <br \/>&#8211; <a href=\"https:\/\/www.vegaintro-projekti.com\/pilar-stari\/wp-content\/images\/stories\/dokumenti\/razno\/progr_2010-03-12.pdf\">Program skupa<\/a><br \/>&#8211; <a href=\"https:\/\/www.vegaintro-projekti.com\/pilar-stari\/2008\/10\/fotogalerija\/\">Fotogalerija sa skupa u Be\u010du<\/a><\/p>\n","protected":false},"excerpt":{"rendered":"<p>Tjednik za kulturu Hrvatsko slovo u broju 781 od 9. travnja 2010. godine iz pera Stjepana \u0160uleka donosi tekst o znanstvenom predstavljanju Instituta dru\u0161tvenih znanosti Ivo Pilar u Be\u010du. Autor, izme\u0111u ostalog, pi\u0161e: \u201eBudu\u0107i da u hrvatskom tisku taj va\u017ean doga\u0111aj nije zabilje\u017een, \u017eelimo obavijesiti o ovom zna\u010dajnom doga\u0111aju koji mo\u017ee poslu\u017eiti kao pravi primjer&hellip; <a class=\"continue\" href=\"https:\/\/www.vegaintro-projekti.com\/pilar-stari\/2010\/04\/tisak-o-znanstvenom-predstavljanju-instituta-ivo-pilar-u-beu\/\">Pro\u010ditaj vi\u0161e o<span> Tisak o znanstvenom predstavljanju Instituta Ivo Pilar u Be\u010du<\/span><\/a><\/p>\n","protected":false},"author":1,"featured_media":0,"comment_status":"open","ping_status":"open","sticky":false,"template":"","format":"standard","meta":{"inline_featured_image":false,"ngg_post_thumbnail":0,"footnotes":""},"categories":[12],"tags":[],"yoast_head":"<!-- This site is optimized with the Yoast SEO plugin v21.2 - https:\/\/yoast.com\/wordpress\/plugins\/seo\/ -->\n<title>Tisak o znanstvenom predstavljanju Instituta Ivo Pilar u Be\u010du - Institut dru&scaron;tvenih znanosti Ivo Pilar<\/title>\n<meta name=\"robots\" content=\"noindex, follow, max-snippet:-1, max-image-preview:large, max-video-preview:-1\" \/>\n<meta property=\"og:locale\" content=\"hr_HR\" \/>\n<meta property=\"og:type\" content=\"article\" \/>\n<meta property=\"og:title\" content=\"Tisak o znanstvenom predstavljanju Instituta Ivo Pilar u Be\u010du - Institut dru&scaron;tvenih znanosti Ivo Pilar\" \/>\n<meta property=\"og:description\" content=\"Tjednik za kulturu Hrvatsko slovo u broju 781 od 9. travnja 2010. godine iz pera Stjepana \u0160uleka donosi tekst o znanstvenom predstavljanju Instituta dru\u0161tvenih znanosti Ivo Pilar u Be\u010du. Autor, izme\u0111u ostalog, pi\u0161e: \u201eBudu\u0107i da u hrvatskom tisku taj va\u017ean doga\u0111aj nije zabilje\u017een, \u017eelimo obavijesiti o ovom zna\u010dajnom doga\u0111aju koji mo\u017ee poslu\u017eiti kao pravi primjer&hellip; Pro\u010ditaj vi\u0161e o Tisak o znanstvenom predstavljanju Instituta Ivo Pilar u Be\u010du\" \/>\n<meta property=\"og:url\" content=\"https:\/\/www.vegaintro-projekti.com\/pilar-stari\/2010\/04\/tisak-o-znanstvenom-predstavljanju-instituta-ivo-pilar-u-beu\/\" \/>\n<meta property=\"og:site_name\" content=\"Institut dru&scaron;tvenih znanosti Ivo Pilar\" \/>\n<meta property=\"article:published_time\" content=\"2010-04-14T08:08:49+00:00\" \/>\n<meta property=\"article:modified_time\" content=\"2017-12-06T15:05:00+00:00\" \/>\n<meta property=\"og:image\" content=\"https:\/\/www.vegaintro-projekti.com\/pilar-stari\/wp-content\/images\/stories\/fotografije\/pilar_u_becu\/hr-slovo.jpg\" \/>\n<meta name=\"author\" content=\"pilar-admin\" \/>\n<meta name=\"twitter:card\" content=\"summary_large_image\" \/>\n<meta name=\"twitter:label1\" content=\"Napisao\/la\" \/>\n\t<meta name=\"twitter:data1\" content=\"pilar-admin\" \/>\n\t<meta name=\"twitter:label2\" content=\"Procijenjeno vrijeme \u010ditanja\" \/>\n\t<meta name=\"twitter:data2\" content=\"1 minuta\" \/>\n<script type=\"application\/ld+json\" class=\"yoast-schema-graph\">{\"@context\":\"https:\/\/schema.org\",\"@graph\":[{\"@type\":\"WebPage\",\"@id\":\"https:\/\/www.vegaintro-projekti.com\/pilar-stari\/2010\/04\/tisak-o-znanstvenom-predstavljanju-instituta-ivo-pilar-u-beu\/\",\"url\":\"https:\/\/www.vegaintro-projekti.com\/pilar-stari\/2010\/04\/tisak-o-znanstvenom-predstavljanju-instituta-ivo-pilar-u-beu\/\",\"name\":\"Tisak o znanstvenom predstavljanju Instituta Ivo Pilar u Be\u010du - Institut dru&scaron;tvenih znanosti Ivo Pilar\",\"isPartOf\":{\"@id\":\"https:\/\/www.vegaintro-projekti.com\/pilar-stari\/#website\"},\"datePublished\":\"2010-04-14T08:08:49+00:00\",\"dateModified\":\"2017-12-06T15:05:00+00:00\",\"author\":{\"@id\":\"https:\/\/www.vegaintro-projekti.com\/pilar-stari\/#\/schema\/person\/c0db50ebd77c4409e19b18044bbf10c1\"},\"breadcrumb\":{\"@id\":\"https:\/\/www.vegaintro-projekti.com\/pilar-stari\/2010\/04\/tisak-o-znanstvenom-predstavljanju-instituta-ivo-pilar-u-beu\/#breadcrumb\"},\"inLanguage\":\"hr\",\"potentialAction\":[{\"@type\":\"ReadAction\",\"target\":[\"https:\/\/www.vegaintro-projekti.com\/pilar-stari\/2010\/04\/tisak-o-znanstvenom-predstavljanju-instituta-ivo-pilar-u-beu\/\"]}]},{\"@type\":\"BreadcrumbList\",\"@id\":\"https:\/\/www.vegaintro-projekti.com\/pilar-stari\/2010\/04\/tisak-o-znanstvenom-predstavljanju-instituta-ivo-pilar-u-beu\/#breadcrumb\",\"itemListElement\":[{\"@type\":\"ListItem\",\"position\":1,\"name\":\"Home\",\"item\":\"https:\/\/www.vegaintro-projekti.com\/pilar-stari\/\"},{\"@type\":\"ListItem\",\"position\":2,\"name\":\"Tisak o znanstvenom predstavljanju Instituta Ivo Pilar u Be\u010du\"}]},{\"@type\":\"WebSite\",\"@id\":\"https:\/\/www.vegaintro-projekti.com\/pilar-stari\/#website\",\"url\":\"https:\/\/www.vegaintro-projekti.com\/pilar-stari\/\",\"name\":\"Institut dru&scaron;tvenih znanosti Ivo Pilar\",\"description\":\"Pilar\",\"potentialAction\":[{\"@type\":\"SearchAction\",\"target\":{\"@type\":\"EntryPoint\",\"urlTemplate\":\"https:\/\/www.vegaintro-projekti.com\/pilar-stari\/?s={search_term_string}\"},\"query-input\":\"required name=search_term_string\"}],\"inLanguage\":\"hr\"},{\"@type\":\"Person\",\"@id\":\"https:\/\/www.vegaintro-projekti.com\/pilar-stari\/#\/schema\/person\/c0db50ebd77c4409e19b18044bbf10c1\",\"name\":\"pilar-admin\",\"image\":{\"@type\":\"ImageObject\",\"inLanguage\":\"hr\",\"@id\":\"https:\/\/www.vegaintro-projekti.com\/pilar-stari\/#\/schema\/person\/image\/\",\"url\":\"https:\/\/secure.gravatar.com\/avatar\/fac9e03c4db0011b9c1ad8b5e9c74b8c?s=96&d=mm&r=g\",\"contentUrl\":\"https:\/\/secure.gravatar.com\/avatar\/fac9e03c4db0011b9c1ad8b5e9c74b8c?s=96&d=mm&r=g\",\"caption\":\"pilar-admin\"},\"url\":\"https:\/\/www.vegaintro-projekti.com\/pilar-stari\/author\/pilar-admin\/\"}]}<\/script>\n<!-- \/ Yoast SEO plugin. -->","yoast_head_json":{"title":"Tisak o znanstvenom predstavljanju Instituta Ivo Pilar u Be\u010du - Institut dru&scaron;tvenih znanosti Ivo Pilar","robots":{"index":"noindex","follow":"follow","max-snippet":"max-snippet:-1","max-image-preview":"max-image-preview:large","max-video-preview":"max-video-preview:-1"},"og_locale":"hr_HR","og_type":"article","og_title":"Tisak o znanstvenom predstavljanju Instituta Ivo Pilar u Be\u010du - Institut dru&scaron;tvenih znanosti Ivo Pilar","og_description":"Tjednik za kulturu Hrvatsko slovo u broju 781 od 9. travnja 2010. godine iz pera Stjepana \u0160uleka donosi tekst o znanstvenom predstavljanju Instituta dru\u0161tvenih znanosti Ivo Pilar u Be\u010du. Autor, izme\u0111u ostalog, pi\u0161e: \u201eBudu\u0107i da u hrvatskom tisku taj va\u017ean doga\u0111aj nije zabilje\u017een, \u017eelimo obavijesiti o ovom zna\u010dajnom doga\u0111aju koji mo\u017ee poslu\u017eiti kao pravi primjer&hellip; Pro\u010ditaj vi\u0161e o Tisak o znanstvenom predstavljanju Instituta Ivo Pilar u Be\u010du","og_url":"https:\/\/www.vegaintro-projekti.com\/pilar-stari\/2010\/04\/tisak-o-znanstvenom-predstavljanju-instituta-ivo-pilar-u-beu\/","og_site_name":"Institut dru&scaron;tvenih znanosti Ivo Pilar","article_published_time":"2010-04-14T08:08:49+00:00","article_modified_time":"2017-12-06T15:05:00+00:00","og_image":[{"url":"https:\/\/www.vegaintro-projekti.com\/pilar-stari\/wp-content\/images\/stories\/fotografije\/pilar_u_becu\/hr-slovo.jpg"}],"author":"pilar-admin","twitter_card":"summary_large_image","twitter_misc":{"Napisao\/la":"pilar-admin","Procijenjeno vrijeme \u010ditanja":"1 minuta"},"schema":{"@context":"https:\/\/schema.org","@graph":[{"@type":"WebPage","@id":"https:\/\/www.vegaintro-projekti.com\/pilar-stari\/2010\/04\/tisak-o-znanstvenom-predstavljanju-instituta-ivo-pilar-u-beu\/","url":"https:\/\/www.vegaintro-projekti.com\/pilar-stari\/2010\/04\/tisak-o-znanstvenom-predstavljanju-instituta-ivo-pilar-u-beu\/","name":"Tisak o znanstvenom predstavljanju Instituta Ivo Pilar u Be\u010du - Institut dru&scaron;tvenih znanosti Ivo Pilar","isPartOf":{"@id":"https:\/\/www.vegaintro-projekti.com\/pilar-stari\/#website"},"datePublished":"2010-04-14T08:08:49+00:00","dateModified":"2017-12-06T15:05:00+00:00","author":{"@id":"https:\/\/www.vegaintro-projekti.com\/pilar-stari\/#\/schema\/person\/c0db50ebd77c4409e19b18044bbf10c1"},"breadcrumb":{"@id":"https:\/\/www.vegaintro-projekti.com\/pilar-stari\/2010\/04\/tisak-o-znanstvenom-predstavljanju-instituta-ivo-pilar-u-beu\/#breadcrumb"},"inLanguage":"hr","potentialAction":[{"@type":"ReadAction","target":["https:\/\/www.vegaintro-projekti.com\/pilar-stari\/2010\/04\/tisak-o-znanstvenom-predstavljanju-instituta-ivo-pilar-u-beu\/"]}]},{"@type":"BreadcrumbList","@id":"https:\/\/www.vegaintro-projekti.com\/pilar-stari\/2010\/04\/tisak-o-znanstvenom-predstavljanju-instituta-ivo-pilar-u-beu\/#breadcrumb","itemListElement":[{"@type":"ListItem","position":1,"name":"Home","item":"https:\/\/www.vegaintro-projekti.com\/pilar-stari\/"},{"@type":"ListItem","position":2,"name":"Tisak o znanstvenom predstavljanju Instituta Ivo Pilar u Be\u010du"}]},{"@type":"WebSite","@id":"https:\/\/www.vegaintro-projekti.com\/pilar-stari\/#website","url":"https:\/\/www.vegaintro-projekti.com\/pilar-stari\/","name":"Institut dru&scaron;tvenih znanosti Ivo Pilar","description":"Pilar","potentialAction":[{"@type":"SearchAction","target":{"@type":"EntryPoint","urlTemplate":"https:\/\/www.vegaintro-projekti.com\/pilar-stari\/?s={search_term_string}"},"query-input":"required name=search_term_string"}],"inLanguage":"hr"},{"@type":"Person","@id":"https:\/\/www.vegaintro-projekti.com\/pilar-stari\/#\/schema\/person\/c0db50ebd77c4409e19b18044bbf10c1","name":"pilar-admin","image":{"@type":"ImageObject","inLanguage":"hr","@id":"https:\/\/www.vegaintro-projekti.com\/pilar-stari\/#\/schema\/person\/image\/","url":"https:\/\/secure.gravatar.com\/avatar\/fac9e03c4db0011b9c1ad8b5e9c74b8c?s=96&d=mm&r=g","contentUrl":"https:\/\/secure.gravatar.com\/avatar\/fac9e03c4db0011b9c1ad8b5e9c74b8c?s=96&d=mm&r=g","caption":"pilar-admin"},"url":"https:\/\/www.vegaintro-projekti.com\/pilar-stari\/author\/pilar-admin\/"}]}},"_links":{"self":[{"href":"https:\/\/www.vegaintro-projekti.com\/pilar-stari\/wp-json\/wp\/v2\/posts\/266"}],"collection":[{"href":"https:\/\/www.vegaintro-projekti.com\/pilar-stari\/wp-json\/wp\/v2\/posts"}],"about":[{"href":"https:\/\/www.vegaintro-projekti.com\/pilar-stari\/wp-json\/wp\/v2\/types\/post"}],"author":[{"embeddable":true,"href":"https:\/\/www.vegaintro-projekti.com\/pilar-stari\/wp-json\/wp\/v2\/users\/1"}],"replies":[{"embeddable":true,"href":"https:\/\/www.vegaintro-projekti.com\/pilar-stari\/wp-json\/wp\/v2\/comments?post=266"}],"version-history":[{"count":3,"href":"https:\/\/www.vegaintro-projekti.com\/pilar-stari\/wp-json\/wp\/v2\/posts\/266\/revisions"}],"predecessor-version":[{"id":6028,"href":"https:\/\/www.vegaintro-projekti.com\/pilar-stari\/wp-json\/wp\/v2\/posts\/266\/revisions\/6028"}],"wp:attachment":[{"href":"https:\/\/www.vegaintro-projekti.com\/pilar-stari\/wp-json\/wp\/v2\/media?parent=266"}],"wp:term":[{"taxonomy":"category","embeddable":true,"href":"https:\/\/www.vegaintro-projekti.com\/pilar-stari\/wp-json\/wp\/v2\/categories?post=266"},{"taxonomy":"post_tag","embeddable":true,"href":"https:\/\/www.vegaintro-projekti.com\/pilar-stari\/wp-json\/wp\/v2\/tags?post=266"}],"curies":[{"name":"wp","href":"https:\/\/api.w.org\/{rel}","templated":true}]}}