{"id":26752,"date":"2023-08-22T16:34:43","date_gmt":"2023-08-22T16:34:43","guid":{"rendered":"https:\/\/www.vegaintro-projekti.com\/pilar-stari\/?p=26752"},"modified":"2023-09-04T10:50:03","modified_gmt":"2023-09-04T10:50:03","slug":"dr-sc-matko-krce-ivancic-na-konferenciji-discourses-and-their-impacts-on-a-world-of-multiple-crises-valencija-25-28-7-2023","status":"publish","type":"post","link":"https:\/\/www.vegaintro-projekti.com\/pilar-stari\/2023\/08\/dr-sc-matko-krce-ivancic-na-konferenciji-discourses-and-their-impacts-on-a-world-of-multiple-crises-valencija-25-28-7-2023\/","title":{"rendered":"Dr. sc. Matko Krce-Ivan\u010di\u0107 na konferenciji Discourses and Their Impacts on a World of Multiple Crises; Valencija, 25.-28. 7. 2023."},"content":{"rendered":"<p><strong>Dr. sc. Matko Krce-Ivan\u010di\u0107, poslijedoktorand na projektu CROCEANIA, koji financira Hrvatska zaklada za znanost, sudjelovao je na me\u0111unarodnoj znanstvenoj konferenciji <em>Discourses and Their Impacts on a World of Multiple Crises<\/em> (Valencija, \u0160panjolska, 25. &#8211; 28. 7. 2023.), koju su organizirali DiscourseNet (International Association of Discourse Studies) i ALED (Latin American Discourse Studies Association) na the University of Valencia<\/strong><\/p>\n<p><img decoding=\"async\" loading=\"lazy\" class=\"alignnone wp-image-26750 size-full\" src=\"https:\/\/www.vegaintro-projekti.com\/pilar-stari\/wp-content\/uploads\/2023\/08\/IMG-5.jpg\" alt=\"\" width=\"620\" height=\"354\" srcset=\"https:\/\/www.vegaintro-projekti.com\/pilar-stari\/wp-content\/uploads\/2023\/08\/IMG-5.jpg 620w, https:\/\/www.vegaintro-projekti.com\/pilar-stari\/wp-content\/uploads\/2023\/08\/IMG-5-300x171.jpg 300w\" sizes=\"(max-width: 620px) 100vw, 620px\" \/><\/p>\n<p><strong>&#8211; Program konferencije:<\/strong> <a href=\"https:\/\/discourseanalysis.net\/DNC5ALED\/Programme\">https:\/\/discourseanalysis.net\/DNC5ALED\/Programme<\/a><br \/>\n<strong>&#8211; Vi\u0161e o DiscourseNet:<\/strong> <a href=\"https:\/\/discourseanalysis.net\/DN\/mission\">https:\/\/discourseanalysis.net\/DN\/mission<\/a><\/p>\n<p>Na konferenciji je dr. sc. Matko Krce-Ivan\u010di\u0107, u sklopu panela <em>Contemporary Discourses of Antisemitism, Racism, and Hate<\/em>, odr\u017eao 26. srpnja 2023. izlaganje \u2018Towards critical discourse studies of whiteness: mapping the racialisation of Eastern Europe\u2019 u kojem se bavio diskurzivnom konstitucijom Isto\u010dne Europe, a posebice shva\u0107anjem i tretmanom Isto\u010dne Europe kao rase, podsje\u0107aju\u0107i pritom da je ideologija prosvjetiteljstva nerazdvojiva od koncepta Isto\u010dne Europe.<\/p>\n<p><span style=\"font-size: 14pt;\">Sa\u017eetak rada<\/span><\/p>\n<p><strong>&#8211; Krce-Ivan\u010di\u0107, Matko:<\/strong> <a href=\"https:\/\/www.croris.hr\/crosbi\/publikacija\/prilog-skup\/795892\">Towards critical discourse studies of whiteness: mapping the racialisation of Eastern Europe<\/a><\/p>\n<blockquote><p><a href=\"https:\/\/www.vegaintro-projekti.com\/pilar-stari\/2021\/03\/croceania-istrazivanje-emocija-u-rekonstrukciji-identiteta-dijaspore-hrvati-u-australiji-i-novom-zelandu-1945-1991\/\">Projekt CROCEANIA<\/a><\/p><\/blockquote>\n","protected":false},"excerpt":{"rendered":"<p>Dr. sc. Matko Krce-Ivan\u010di\u0107, poslijedoktorand na projektu CROCEANIA, koji financira Hrvatska zaklada za znanost, sudjelovao je na me\u0111unarodnoj znanstvenoj konferenciji Discourses and Their Impacts on a World of Multiple Crises (Valencija, \u0160panjolska, 25. &#8211; 28. 7. 2023.), koju su organizirali DiscourseNet (International Association of Discourse Studies) i ALED (Latin American Discourse Studies Association) na the&hellip; <a class=\"continue\" href=\"https:\/\/www.vegaintro-projekti.com\/pilar-stari\/2023\/08\/dr-sc-matko-krce-ivancic-na-konferenciji-discourses-and-their-impacts-on-a-world-of-multiple-crises-valencija-25-28-7-2023\/\">Pro\u010ditaj vi\u0161e o<span> Dr. sc. Matko Krce-Ivan\u010di\u0107 na konferenciji Discourses and Their Impacts on a World of Multiple Crises; Valencija, 25.-28. 7. 2023.<\/span><\/a><\/p>\n","protected":false},"author":7,"featured_media":26756,"comment_status":"closed","ping_status":"closed","sticky":false,"template":"","format":"standard","meta":{"inline_featured_image":false,"ngg_post_thumbnail":0,"footnotes":""},"categories":[11],"tags":[],"yoast_head":"<!-- This site is optimized with the Yoast SEO plugin v21.2 - https:\/\/yoast.com\/wordpress\/plugins\/seo\/ -->\n<title>Dr. sc. Matko Krce-Ivan\u010di\u0107 na konferenciji Discourses and Their Impacts on a World of Multiple Crises; Valencija, 25.-28. 7. 2023. - Institut dru&scaron;tvenih znanosti Ivo Pilar<\/title>\n<meta name=\"robots\" content=\"noindex, follow, max-snippet:-1, max-image-preview:large, max-video-preview:-1\" \/>\n<meta property=\"og:locale\" content=\"hr_HR\" \/>\n<meta property=\"og:type\" content=\"article\" \/>\n<meta property=\"og:title\" content=\"Dr. sc. Matko Krce-Ivan\u010di\u0107 na konferenciji Discourses and Their Impacts on a World of Multiple Crises; Valencija, 25.-28. 7. 2023. - Institut dru&scaron;tvenih znanosti Ivo Pilar\" \/>\n<meta property=\"og:description\" content=\"Dr. sc. Matko Krce-Ivan\u010di\u0107, poslijedoktorand na projektu CROCEANIA, koji financira Hrvatska zaklada za znanost, sudjelovao je na me\u0111unarodnoj znanstvenoj konferenciji Discourses and Their Impacts on a World of Multiple Crises (Valencija, \u0160panjolska, 25. &#8211; 28. 7. 2023.), koju su organizirali DiscourseNet (International Association of Discourse Studies) i ALED (Latin American Discourse Studies Association) na the&hellip; Pro\u010ditaj vi\u0161e o Dr. sc. Matko Krce-Ivan\u010di\u0107 na konferenciji Discourses and Their Impacts on a World of Multiple Crises; Valencija, 25.-28. 7. 2023.\" \/>\n<meta property=\"og:url\" content=\"https:\/\/www.vegaintro-projekti.com\/pilar-stari\/2023\/08\/dr-sc-matko-krce-ivancic-na-konferenciji-discourses-and-their-impacts-on-a-world-of-multiple-crises-valencija-25-28-7-2023\/\" \/>\n<meta property=\"og:site_name\" content=\"Institut dru&scaron;tvenih znanosti Ivo Pilar\" \/>\n<meta property=\"article:published_time\" content=\"2023-08-22T16:34:43+00:00\" \/>\n<meta property=\"article:modified_time\" content=\"2023-09-04T10:50:03+00:00\" \/>\n<meta property=\"og:image\" content=\"https:\/\/www.vegaintro-projekti.com\/pilar-stari\/wp-content\/uploads\/2023\/08\/IMGfi-4.jpg\" \/>\n\t<meta property=\"og:image:width\" content=\"500\" \/>\n\t<meta property=\"og:image:height\" content=\"223\" \/>\n\t<meta property=\"og:image:type\" content=\"image\/jpeg\" \/>\n<meta name=\"author\" content=\"Boris\" \/>\n<meta name=\"twitter:card\" content=\"summary_large_image\" \/>\n<meta name=\"twitter:label1\" content=\"Napisao\/la\" \/>\n\t<meta name=\"twitter:data1\" content=\"Boris\" \/>\n\t<meta name=\"twitter:label2\" content=\"Procijenjeno vrijeme \u010ditanja\" \/>\n\t<meta name=\"twitter:data2\" content=\"1 minuta\" \/>\n<script type=\"application\/ld+json\" class=\"yoast-schema-graph\">{\"@context\":\"https:\/\/schema.org\",\"@graph\":[{\"@type\":\"WebPage\",\"@id\":\"https:\/\/www.vegaintro-projekti.com\/pilar-stari\/2023\/08\/dr-sc-matko-krce-ivancic-na-konferenciji-discourses-and-their-impacts-on-a-world-of-multiple-crises-valencija-25-28-7-2023\/\",\"url\":\"https:\/\/www.vegaintro-projekti.com\/pilar-stari\/2023\/08\/dr-sc-matko-krce-ivancic-na-konferenciji-discourses-and-their-impacts-on-a-world-of-multiple-crises-valencija-25-28-7-2023\/\",\"name\":\"Dr. sc. Matko Krce-Ivan\u010di\u0107 na konferenciji Discourses and Their Impacts on a World of Multiple Crises; Valencija, 25.-28. 7. 2023. - Institut dru&scaron;tvenih znanosti Ivo Pilar\",\"isPartOf\":{\"@id\":\"https:\/\/www.vegaintro-projekti.com\/pilar-stari\/#website\"},\"datePublished\":\"2023-08-22T16:34:43+00:00\",\"dateModified\":\"2023-09-04T10:50:03+00:00\",\"author\":{\"@id\":\"https:\/\/www.vegaintro-projekti.com\/pilar-stari\/#\/schema\/person\/ddd404c9f1e15e4ffef5986ac6a5d28b\"},\"breadcrumb\":{\"@id\":\"https:\/\/www.vegaintro-projekti.com\/pilar-stari\/2023\/08\/dr-sc-matko-krce-ivancic-na-konferenciji-discourses-and-their-impacts-on-a-world-of-multiple-crises-valencija-25-28-7-2023\/#breadcrumb\"},\"inLanguage\":\"hr\",\"potentialAction\":[{\"@type\":\"ReadAction\",\"target\":[\"https:\/\/www.vegaintro-projekti.com\/pilar-stari\/2023\/08\/dr-sc-matko-krce-ivancic-na-konferenciji-discourses-and-their-impacts-on-a-world-of-multiple-crises-valencija-25-28-7-2023\/\"]}]},{\"@type\":\"BreadcrumbList\",\"@id\":\"https:\/\/www.vegaintro-projekti.com\/pilar-stari\/2023\/08\/dr-sc-matko-krce-ivancic-na-konferenciji-discourses-and-their-impacts-on-a-world-of-multiple-crises-valencija-25-28-7-2023\/#breadcrumb\",\"itemListElement\":[{\"@type\":\"ListItem\",\"position\":1,\"name\":\"Home\",\"item\":\"https:\/\/www.vegaintro-projekti.com\/pilar-stari\/\"},{\"@type\":\"ListItem\",\"position\":2,\"name\":\"Dr. sc. Matko Krce-Ivan\u010di\u0107 na konferenciji Discourses and Their Impacts on a World of Multiple Crises; Valencija, 25.-28. 7. 2023.\"}]},{\"@type\":\"WebSite\",\"@id\":\"https:\/\/www.vegaintro-projekti.com\/pilar-stari\/#website\",\"url\":\"https:\/\/www.vegaintro-projekti.com\/pilar-stari\/\",\"name\":\"Institut dru&scaron;tvenih znanosti Ivo Pilar\",\"description\":\"Pilar\",\"potentialAction\":[{\"@type\":\"SearchAction\",\"target\":{\"@type\":\"EntryPoint\",\"urlTemplate\":\"https:\/\/www.vegaintro-projekti.com\/pilar-stari\/?s={search_term_string}\"},\"query-input\":\"required name=search_term_string\"}],\"inLanguage\":\"hr\"},{\"@type\":\"Person\",\"@id\":\"https:\/\/www.vegaintro-projekti.com\/pilar-stari\/#\/schema\/person\/ddd404c9f1e15e4ffef5986ac6a5d28b\",\"name\":\"Boris\",\"image\":{\"@type\":\"ImageObject\",\"inLanguage\":\"hr\",\"@id\":\"https:\/\/www.vegaintro-projekti.com\/pilar-stari\/#\/schema\/person\/image\/\",\"url\":\"https:\/\/secure.gravatar.com\/avatar\/29557b161a6ce6ab86ac1503164f1e90?s=96&d=mm&r=g\",\"contentUrl\":\"https:\/\/secure.gravatar.com\/avatar\/29557b161a6ce6ab86ac1503164f1e90?s=96&d=mm&r=g\",\"caption\":\"Boris\"},\"url\":\"https:\/\/www.vegaintro-projekti.com\/pilar-stari\/author\/boris\/\"}]}<\/script>\n<!-- \/ Yoast SEO plugin. -->","yoast_head_json":{"title":"Dr. sc. Matko Krce-Ivan\u010di\u0107 na konferenciji Discourses and Their Impacts on a World of Multiple Crises; Valencija, 25.-28. 7. 2023. - Institut dru&scaron;tvenih znanosti Ivo Pilar","robots":{"index":"noindex","follow":"follow","max-snippet":"max-snippet:-1","max-image-preview":"max-image-preview:large","max-video-preview":"max-video-preview:-1"},"og_locale":"hr_HR","og_type":"article","og_title":"Dr. sc. Matko Krce-Ivan\u010di\u0107 na konferenciji Discourses and Their Impacts on a World of Multiple Crises; Valencija, 25.-28. 7. 2023. - Institut dru&scaron;tvenih znanosti Ivo Pilar","og_description":"Dr. sc. Matko Krce-Ivan\u010di\u0107, poslijedoktorand na projektu CROCEANIA, koji financira Hrvatska zaklada za znanost, sudjelovao je na me\u0111unarodnoj znanstvenoj konferenciji Discourses and Their Impacts on a World of Multiple Crises (Valencija, \u0160panjolska, 25. &#8211; 28. 7. 2023.), koju su organizirali DiscourseNet (International Association of Discourse Studies) i ALED (Latin American Discourse Studies Association) na the&hellip; Pro\u010ditaj vi\u0161e o Dr. sc. Matko Krce-Ivan\u010di\u0107 na konferenciji Discourses and Their Impacts on a World of Multiple Crises; Valencija, 25.-28. 7. 2023.","og_url":"https:\/\/www.vegaintro-projekti.com\/pilar-stari\/2023\/08\/dr-sc-matko-krce-ivancic-na-konferenciji-discourses-and-their-impacts-on-a-world-of-multiple-crises-valencija-25-28-7-2023\/","og_site_name":"Institut dru&scaron;tvenih znanosti Ivo Pilar","article_published_time":"2023-08-22T16:34:43+00:00","article_modified_time":"2023-09-04T10:50:03+00:00","og_image":[{"width":500,"height":223,"url":"https:\/\/www.vegaintro-projekti.com\/pilar-stari\/wp-content\/uploads\/2023\/08\/IMGfi-4.jpg","type":"image\/jpeg"}],"author":"Boris","twitter_card":"summary_large_image","twitter_misc":{"Napisao\/la":"Boris","Procijenjeno vrijeme \u010ditanja":"1 minuta"},"schema":{"@context":"https:\/\/schema.org","@graph":[{"@type":"WebPage","@id":"https:\/\/www.vegaintro-projekti.com\/pilar-stari\/2023\/08\/dr-sc-matko-krce-ivancic-na-konferenciji-discourses-and-their-impacts-on-a-world-of-multiple-crises-valencija-25-28-7-2023\/","url":"https:\/\/www.vegaintro-projekti.com\/pilar-stari\/2023\/08\/dr-sc-matko-krce-ivancic-na-konferenciji-discourses-and-their-impacts-on-a-world-of-multiple-crises-valencija-25-28-7-2023\/","name":"Dr. sc. Matko Krce-Ivan\u010di\u0107 na konferenciji Discourses and Their Impacts on a World of Multiple Crises; Valencija, 25.-28. 7. 2023. - Institut dru&scaron;tvenih znanosti Ivo Pilar","isPartOf":{"@id":"https:\/\/www.vegaintro-projekti.com\/pilar-stari\/#website"},"datePublished":"2023-08-22T16:34:43+00:00","dateModified":"2023-09-04T10:50:03+00:00","author":{"@id":"https:\/\/www.vegaintro-projekti.com\/pilar-stari\/#\/schema\/person\/ddd404c9f1e15e4ffef5986ac6a5d28b"},"breadcrumb":{"@id":"https:\/\/www.vegaintro-projekti.com\/pilar-stari\/2023\/08\/dr-sc-matko-krce-ivancic-na-konferenciji-discourses-and-their-impacts-on-a-world-of-multiple-crises-valencija-25-28-7-2023\/#breadcrumb"},"inLanguage":"hr","potentialAction":[{"@type":"ReadAction","target":["https:\/\/www.vegaintro-projekti.com\/pilar-stari\/2023\/08\/dr-sc-matko-krce-ivancic-na-konferenciji-discourses-and-their-impacts-on-a-world-of-multiple-crises-valencija-25-28-7-2023\/"]}]},{"@type":"BreadcrumbList","@id":"https:\/\/www.vegaintro-projekti.com\/pilar-stari\/2023\/08\/dr-sc-matko-krce-ivancic-na-konferenciji-discourses-and-their-impacts-on-a-world-of-multiple-crises-valencija-25-28-7-2023\/#breadcrumb","itemListElement":[{"@type":"ListItem","position":1,"name":"Home","item":"https:\/\/www.vegaintro-projekti.com\/pilar-stari\/"},{"@type":"ListItem","position":2,"name":"Dr. sc. Matko Krce-Ivan\u010di\u0107 na konferenciji Discourses and Their Impacts on a World of Multiple Crises; Valencija, 25.-28. 7. 2023."}]},{"@type":"WebSite","@id":"https:\/\/www.vegaintro-projekti.com\/pilar-stari\/#website","url":"https:\/\/www.vegaintro-projekti.com\/pilar-stari\/","name":"Institut dru&scaron;tvenih znanosti Ivo Pilar","description":"Pilar","potentialAction":[{"@type":"SearchAction","target":{"@type":"EntryPoint","urlTemplate":"https:\/\/www.vegaintro-projekti.com\/pilar-stari\/?s={search_term_string}"},"query-input":"required name=search_term_string"}],"inLanguage":"hr"},{"@type":"Person","@id":"https:\/\/www.vegaintro-projekti.com\/pilar-stari\/#\/schema\/person\/ddd404c9f1e15e4ffef5986ac6a5d28b","name":"Boris","image":{"@type":"ImageObject","inLanguage":"hr","@id":"https:\/\/www.vegaintro-projekti.com\/pilar-stari\/#\/schema\/person\/image\/","url":"https:\/\/secure.gravatar.com\/avatar\/29557b161a6ce6ab86ac1503164f1e90?s=96&d=mm&r=g","contentUrl":"https:\/\/secure.gravatar.com\/avatar\/29557b161a6ce6ab86ac1503164f1e90?s=96&d=mm&r=g","caption":"Boris"},"url":"https:\/\/www.vegaintro-projekti.com\/pilar-stari\/author\/boris\/"}]}},"_links":{"self":[{"href":"https:\/\/www.vegaintro-projekti.com\/pilar-stari\/wp-json\/wp\/v2\/posts\/26752"}],"collection":[{"href":"https:\/\/www.vegaintro-projekti.com\/pilar-stari\/wp-json\/wp\/v2\/posts"}],"about":[{"href":"https:\/\/www.vegaintro-projekti.com\/pilar-stari\/wp-json\/wp\/v2\/types\/post"}],"author":[{"embeddable":true,"href":"https:\/\/www.vegaintro-projekti.com\/pilar-stari\/wp-json\/wp\/v2\/users\/7"}],"replies":[{"embeddable":true,"href":"https:\/\/www.vegaintro-projekti.com\/pilar-stari\/wp-json\/wp\/v2\/comments?post=26752"}],"version-history":[{"count":3,"href":"https:\/\/www.vegaintro-projekti.com\/pilar-stari\/wp-json\/wp\/v2\/posts\/26752\/revisions"}],"predecessor-version":[{"id":26755,"href":"https:\/\/www.vegaintro-projekti.com\/pilar-stari\/wp-json\/wp\/v2\/posts\/26752\/revisions\/26755"}],"wp:featuredmedia":[{"embeddable":true,"href":"https:\/\/www.vegaintro-projekti.com\/pilar-stari\/wp-json\/wp\/v2\/media\/26756"}],"wp:attachment":[{"href":"https:\/\/www.vegaintro-projekti.com\/pilar-stari\/wp-json\/wp\/v2\/media?parent=26752"}],"wp:term":[{"taxonomy":"category","embeddable":true,"href":"https:\/\/www.vegaintro-projekti.com\/pilar-stari\/wp-json\/wp\/v2\/categories?post=26752"},{"taxonomy":"post_tag","embeddable":true,"href":"https:\/\/www.vegaintro-projekti.com\/pilar-stari\/wp-json\/wp\/v2\/tags?post=26752"}],"curies":[{"name":"wp","href":"https:\/\/api.w.org\/{rel}","templated":true}]}}