{"id":26767,"date":"2023-08-28T08:03:11","date_gmt":"2023-08-28T08:03:11","guid":{"rendered":"https:\/\/www.vegaintro-projekti.com\/pilar-stari\/?p=26767"},"modified":"2023-09-08T19:39:56","modified_gmt":"2023-09-08T19:39:56","slug":"dr-sc-vinicije-lupis-otvorio-izlozbu-akademskog-slikara-eugena-varzica-u-motovunu-26-8-2023","status":"publish","type":"post","link":"https:\/\/www.vegaintro-projekti.com\/pilar-stari\/2023\/08\/dr-sc-vinicije-lupis-otvorio-izlozbu-akademskog-slikara-eugena-varzica-u-motovunu-26-8-2023\/","title":{"rendered":"Dr. sc. Vinicije Lupis otvorio izlo\u017ebu akademskog slikara Eugena Varzi\u0107a u Motovunu, 26. 8. 2023."},"content":{"rendered":"<p><strong>Dr. sc. Vinicije Lupis kao kustos otvorio je 26. kolovoza 2023. izlo\u017ebu \u201eMA de.\u201c akademskog slikara Eugena Varzi\u0107a u galeriji Pet kula u Motovunu<\/strong><\/p>\n<p><img decoding=\"async\" loading=\"lazy\" class=\"alignnone wp-image-26766 size-full\" src=\"https:\/\/www.vegaintro-projekti.com\/pilar-stari\/wp-content\/uploads\/2023\/08\/IMG-6.jpg\" alt=\"\" width=\"620\" height=\"421\" srcset=\"https:\/\/www.vegaintro-projekti.com\/pilar-stari\/wp-content\/uploads\/2023\/08\/IMG-6.jpg 620w, https:\/\/www.vegaintro-projekti.com\/pilar-stari\/wp-content\/uploads\/2023\/08\/IMG-6-300x204.jpg 300w, https:\/\/www.vegaintro-projekti.com\/pilar-stari\/wp-content\/uploads\/2023\/08\/IMG-6-110x75.jpg 110w\" sizes=\"(max-width: 620px) 100vw, 620px\" \/><\/p>\n<p><strong>&#8211; Katalog izlo\u017ebe:<\/strong> <a href=\"https:\/\/online.fliphtml5.com\/uicyb\/vten\/\">Eugen Varzi\u0107: Ma de.; Motovun, 26. 8. 2023.<\/a><\/p>\n<p><a href=\"https:\/\/eugenvarzic.com\/hr\/misticni-svijet-eugena-varzica-ma-de-dr-sc-vinicije-b-lupis\/\"><img decoding=\"async\" loading=\"lazy\" class=\"alignnone wp-image-26861 size-full\" src=\"https:\/\/www.vegaintro-projekti.com\/pilar-stari\/wp-content\/uploads\/2023\/09\/IMG_VBL.jpg\" alt=\"\" width=\"620\" height=\"254\" srcset=\"https:\/\/www.vegaintro-projekti.com\/pilar-stari\/wp-content\/uploads\/2023\/09\/IMG_VBL.jpg 620w, https:\/\/www.vegaintro-projekti.com\/pilar-stari\/wp-content\/uploads\/2023\/09\/IMG_VBL-300x123.jpg 300w\" sizes=\"(max-width: 620px) 100vw, 620px\" \/><\/a><\/p>\n<p><strong>&#8211; Portal EUGEN VARZI\u0106:<\/strong> <a href=\"https:\/\/eugenvarzic.com\/hr\/misticni-svijet-eugena-varzica-ma-de-dr-sc-vinicije-b-lupis\/\">Vinicije B. Lupis: Misti\u010dni svijet Eugena Varzi\u0107a<\/a><\/p>\n<p><span style=\"font-size: 14pt;\">Iz medija<\/span><\/p>\n<p>&#8211; <a href=\"https:\/\/www.parentium.com\/clanak\/ma-de-novi-izlozbeni-projekt-eugena-varzica\">https:\/\/www.parentium.com\/clanak\/ma-de-novi-izlozbeni-projekt-eugena-varzica<\/a><br \/>\n&#8211; <a href=\"https:\/\/m.ipress.hr\/magazin\/79655-nova-izlozba-eugena-varzica-ma-de-u-motovunu\">https:\/\/m.ipress.hr\/magazin\/79655-nova-izlozba-eugena-varzica-ma-de-u-motovunu<\/a><br \/>\n&#8211; <a href=\"https:\/\/porestina.info\/ma-de-novi-izlozbeni-projekt-eugena-varzica-u-motovunskoj-galeriji-pet-kula-26-8-2023\/\">https:\/\/porestina.info\/ma-de-novi-izlozbeni-projekt-eugena-varzica-u-motovunskoj-galeriji-pet-kula-26-8-2023\/<\/a><\/p>\n<blockquote><p><a href=\"https:\/\/www.vegaintro-projekti.com\/pilar-stari\/2010\/07\/podruni-centar-dubrovnik-2\/\">Podru\u010dni centar Dubrovnik<\/a><\/p><\/blockquote>\n","protected":false},"excerpt":{"rendered":"<p>Dr. sc. Vinicije Lupis kao kustos otvorio je 26. kolovoza 2023. izlo\u017ebu \u201eMA de.\u201c akademskog slikara Eugena Varzi\u0107a u galeriji Pet kula u Motovunu &#8211; Katalog izlo\u017ebe: Eugen Varzi\u0107: Ma de.; Motovun, 26. 8. 2023. &#8211; Portal EUGEN VARZI\u0106: Vinicije B. Lupis: Misti\u010dni svijet Eugena Varzi\u0107a Iz medija &#8211; https:\/\/www.parentium.com\/clanak\/ma-de-novi-izlozbeni-projekt-eugena-varzica &#8211; https:\/\/m.ipress.hr\/magazin\/79655-nova-izlozba-eugena-varzica-ma-de-u-motovunu &#8211; https:\/\/porestina.info\/ma-de-novi-izlozbeni-projekt-eugena-varzica-u-motovunskoj-galeriji-pet-kula-26-8-2023\/ Podru\u010dni&hellip; <a class=\"continue\" href=\"https:\/\/www.vegaintro-projekti.com\/pilar-stari\/2023\/08\/dr-sc-vinicije-lupis-otvorio-izlozbu-akademskog-slikara-eugena-varzica-u-motovunu-26-8-2023\/\">Pro\u010ditaj vi\u0161e o<span> Dr. sc. Vinicije Lupis otvorio izlo\u017ebu akademskog slikara Eugena Varzi\u0107a u Motovunu, 26. 8. 2023.<\/span><\/a><\/p>\n","protected":false},"author":7,"featured_media":26766,"comment_status":"closed","ping_status":"closed","sticky":false,"template":"","format":"standard","meta":{"inline_featured_image":false,"ngg_post_thumbnail":0,"footnotes":""},"categories":[11],"tags":[],"yoast_head":"<!-- This site is optimized with the Yoast SEO plugin v21.2 - https:\/\/yoast.com\/wordpress\/plugins\/seo\/ -->\n<title>Dr. sc. Vinicije Lupis otvorio izlo\u017ebu akademskog slikara Eugena Varzi\u0107a u Motovunu, 26. 8. 2023. - Institut dru&scaron;tvenih znanosti Ivo Pilar<\/title>\n<meta name=\"robots\" content=\"noindex, follow, max-snippet:-1, max-image-preview:large, max-video-preview:-1\" \/>\n<meta property=\"og:locale\" content=\"hr_HR\" \/>\n<meta property=\"og:type\" content=\"article\" \/>\n<meta property=\"og:title\" content=\"Dr. sc. Vinicije Lupis otvorio izlo\u017ebu akademskog slikara Eugena Varzi\u0107a u Motovunu, 26. 8. 2023. - Institut dru&scaron;tvenih znanosti Ivo Pilar\" \/>\n<meta property=\"og:description\" content=\"Dr. sc. Vinicije Lupis kao kustos otvorio je 26. kolovoza 2023. izlo\u017ebu \u201eMA de.\u201c akademskog slikara Eugena Varzi\u0107a u galeriji Pet kula u Motovunu &#8211; Katalog izlo\u017ebe: Eugen Varzi\u0107: Ma de.; Motovun, 26. 8. 2023. &#8211; Portal EUGEN VARZI\u0106: Vinicije B. Lupis: Misti\u010dni svijet Eugena Varzi\u0107a Iz medija &#8211; https:\/\/www.parentium.com\/clanak\/ma-de-novi-izlozbeni-projekt-eugena-varzica &#8211; https:\/\/m.ipress.hr\/magazin\/79655-nova-izlozba-eugena-varzica-ma-de-u-motovunu &#8211; https:\/\/porestina.info\/ma-de-novi-izlozbeni-projekt-eugena-varzica-u-motovunskoj-galeriji-pet-kula-26-8-2023\/ Podru\u010dni&hellip; Pro\u010ditaj vi\u0161e o Dr. sc. Vinicije Lupis otvorio izlo\u017ebu akademskog slikara Eugena Varzi\u0107a u Motovunu, 26. 8. 2023.\" \/>\n<meta property=\"og:url\" content=\"https:\/\/www.vegaintro-projekti.com\/pilar-stari\/2023\/08\/dr-sc-vinicije-lupis-otvorio-izlozbu-akademskog-slikara-eugena-varzica-u-motovunu-26-8-2023\/\" \/>\n<meta property=\"og:site_name\" content=\"Institut dru&scaron;tvenih znanosti Ivo Pilar\" \/>\n<meta property=\"article:published_time\" content=\"2023-08-28T08:03:11+00:00\" \/>\n<meta property=\"article:modified_time\" content=\"2023-09-08T19:39:56+00:00\" \/>\n<meta property=\"og:image\" content=\"https:\/\/www.vegaintro-projekti.com\/pilar-stari\/wp-content\/uploads\/2023\/08\/IMG-6.jpg\" \/>\n\t<meta property=\"og:image:width\" content=\"620\" \/>\n\t<meta property=\"og:image:height\" content=\"421\" \/>\n\t<meta property=\"og:image:type\" content=\"image\/jpeg\" \/>\n<meta name=\"author\" content=\"Boris\" \/>\n<meta name=\"twitter:card\" content=\"summary_large_image\" \/>\n<meta name=\"twitter:label1\" content=\"Napisao\/la\" \/>\n\t<meta name=\"twitter:data1\" content=\"Boris\" \/>\n\t<meta name=\"twitter:label2\" content=\"Procijenjeno vrijeme \u010ditanja\" \/>\n\t<meta name=\"twitter:data2\" content=\"1 minuta\" \/>\n<script type=\"application\/ld+json\" class=\"yoast-schema-graph\">{\"@context\":\"https:\/\/schema.org\",\"@graph\":[{\"@type\":\"WebPage\",\"@id\":\"https:\/\/www.vegaintro-projekti.com\/pilar-stari\/2023\/08\/dr-sc-vinicije-lupis-otvorio-izlozbu-akademskog-slikara-eugena-varzica-u-motovunu-26-8-2023\/\",\"url\":\"https:\/\/www.vegaintro-projekti.com\/pilar-stari\/2023\/08\/dr-sc-vinicije-lupis-otvorio-izlozbu-akademskog-slikara-eugena-varzica-u-motovunu-26-8-2023\/\",\"name\":\"Dr. sc. Vinicije Lupis otvorio izlo\u017ebu akademskog slikara Eugena Varzi\u0107a u Motovunu, 26. 8. 2023. - Institut dru&scaron;tvenih znanosti Ivo Pilar\",\"isPartOf\":{\"@id\":\"https:\/\/www.vegaintro-projekti.com\/pilar-stari\/#website\"},\"datePublished\":\"2023-08-28T08:03:11+00:00\",\"dateModified\":\"2023-09-08T19:39:56+00:00\",\"author\":{\"@id\":\"https:\/\/www.vegaintro-projekti.com\/pilar-stari\/#\/schema\/person\/ddd404c9f1e15e4ffef5986ac6a5d28b\"},\"breadcrumb\":{\"@id\":\"https:\/\/www.vegaintro-projekti.com\/pilar-stari\/2023\/08\/dr-sc-vinicije-lupis-otvorio-izlozbu-akademskog-slikara-eugena-varzica-u-motovunu-26-8-2023\/#breadcrumb\"},\"inLanguage\":\"hr\",\"potentialAction\":[{\"@type\":\"ReadAction\",\"target\":[\"https:\/\/www.vegaintro-projekti.com\/pilar-stari\/2023\/08\/dr-sc-vinicije-lupis-otvorio-izlozbu-akademskog-slikara-eugena-varzica-u-motovunu-26-8-2023\/\"]}]},{\"@type\":\"BreadcrumbList\",\"@id\":\"https:\/\/www.vegaintro-projekti.com\/pilar-stari\/2023\/08\/dr-sc-vinicije-lupis-otvorio-izlozbu-akademskog-slikara-eugena-varzica-u-motovunu-26-8-2023\/#breadcrumb\",\"itemListElement\":[{\"@type\":\"ListItem\",\"position\":1,\"name\":\"Home\",\"item\":\"https:\/\/www.vegaintro-projekti.com\/pilar-stari\/\"},{\"@type\":\"ListItem\",\"position\":2,\"name\":\"Dr. sc. Vinicije Lupis otvorio izlo\u017ebu akademskog slikara Eugena Varzi\u0107a u Motovunu, 26. 8. 2023.\"}]},{\"@type\":\"WebSite\",\"@id\":\"https:\/\/www.vegaintro-projekti.com\/pilar-stari\/#website\",\"url\":\"https:\/\/www.vegaintro-projekti.com\/pilar-stari\/\",\"name\":\"Institut dru&scaron;tvenih znanosti Ivo Pilar\",\"description\":\"Pilar\",\"potentialAction\":[{\"@type\":\"SearchAction\",\"target\":{\"@type\":\"EntryPoint\",\"urlTemplate\":\"https:\/\/www.vegaintro-projekti.com\/pilar-stari\/?s={search_term_string}\"},\"query-input\":\"required name=search_term_string\"}],\"inLanguage\":\"hr\"},{\"@type\":\"Person\",\"@id\":\"https:\/\/www.vegaintro-projekti.com\/pilar-stari\/#\/schema\/person\/ddd404c9f1e15e4ffef5986ac6a5d28b\",\"name\":\"Boris\",\"image\":{\"@type\":\"ImageObject\",\"inLanguage\":\"hr\",\"@id\":\"https:\/\/www.vegaintro-projekti.com\/pilar-stari\/#\/schema\/person\/image\/\",\"url\":\"https:\/\/secure.gravatar.com\/avatar\/29557b161a6ce6ab86ac1503164f1e90?s=96&d=mm&r=g\",\"contentUrl\":\"https:\/\/secure.gravatar.com\/avatar\/29557b161a6ce6ab86ac1503164f1e90?s=96&d=mm&r=g\",\"caption\":\"Boris\"},\"url\":\"https:\/\/www.vegaintro-projekti.com\/pilar-stari\/author\/boris\/\"}]}<\/script>\n<!-- \/ Yoast SEO plugin. -->","yoast_head_json":{"title":"Dr. sc. Vinicije Lupis otvorio izlo\u017ebu akademskog slikara Eugena Varzi\u0107a u Motovunu, 26. 8. 2023. - Institut dru&scaron;tvenih znanosti Ivo Pilar","robots":{"index":"noindex","follow":"follow","max-snippet":"max-snippet:-1","max-image-preview":"max-image-preview:large","max-video-preview":"max-video-preview:-1"},"og_locale":"hr_HR","og_type":"article","og_title":"Dr. sc. Vinicije Lupis otvorio izlo\u017ebu akademskog slikara Eugena Varzi\u0107a u Motovunu, 26. 8. 2023. - Institut dru&scaron;tvenih znanosti Ivo Pilar","og_description":"Dr. sc. Vinicije Lupis kao kustos otvorio je 26. kolovoza 2023. izlo\u017ebu \u201eMA de.\u201c akademskog slikara Eugena Varzi\u0107a u galeriji Pet kula u Motovunu &#8211; Katalog izlo\u017ebe: Eugen Varzi\u0107: Ma de.; Motovun, 26. 8. 2023. &#8211; Portal EUGEN VARZI\u0106: Vinicije B. Lupis: Misti\u010dni svijet Eugena Varzi\u0107a Iz medija &#8211; https:\/\/www.parentium.com\/clanak\/ma-de-novi-izlozbeni-projekt-eugena-varzica &#8211; https:\/\/m.ipress.hr\/magazin\/79655-nova-izlozba-eugena-varzica-ma-de-u-motovunu &#8211; https:\/\/porestina.info\/ma-de-novi-izlozbeni-projekt-eugena-varzica-u-motovunskoj-galeriji-pet-kula-26-8-2023\/ Podru\u010dni&hellip; Pro\u010ditaj vi\u0161e o Dr. sc. Vinicije Lupis otvorio izlo\u017ebu akademskog slikara Eugena Varzi\u0107a u Motovunu, 26. 8. 2023.","og_url":"https:\/\/www.vegaintro-projekti.com\/pilar-stari\/2023\/08\/dr-sc-vinicije-lupis-otvorio-izlozbu-akademskog-slikara-eugena-varzica-u-motovunu-26-8-2023\/","og_site_name":"Institut dru&scaron;tvenih znanosti Ivo Pilar","article_published_time":"2023-08-28T08:03:11+00:00","article_modified_time":"2023-09-08T19:39:56+00:00","og_image":[{"width":620,"height":421,"url":"https:\/\/www.vegaintro-projekti.com\/pilar-stari\/wp-content\/uploads\/2023\/08\/IMG-6.jpg","type":"image\/jpeg"}],"author":"Boris","twitter_card":"summary_large_image","twitter_misc":{"Napisao\/la":"Boris","Procijenjeno vrijeme \u010ditanja":"1 minuta"},"schema":{"@context":"https:\/\/schema.org","@graph":[{"@type":"WebPage","@id":"https:\/\/www.vegaintro-projekti.com\/pilar-stari\/2023\/08\/dr-sc-vinicije-lupis-otvorio-izlozbu-akademskog-slikara-eugena-varzica-u-motovunu-26-8-2023\/","url":"https:\/\/www.vegaintro-projekti.com\/pilar-stari\/2023\/08\/dr-sc-vinicije-lupis-otvorio-izlozbu-akademskog-slikara-eugena-varzica-u-motovunu-26-8-2023\/","name":"Dr. sc. Vinicije Lupis otvorio izlo\u017ebu akademskog slikara Eugena Varzi\u0107a u Motovunu, 26. 8. 2023. - Institut dru&scaron;tvenih znanosti Ivo Pilar","isPartOf":{"@id":"https:\/\/www.vegaintro-projekti.com\/pilar-stari\/#website"},"datePublished":"2023-08-28T08:03:11+00:00","dateModified":"2023-09-08T19:39:56+00:00","author":{"@id":"https:\/\/www.vegaintro-projekti.com\/pilar-stari\/#\/schema\/person\/ddd404c9f1e15e4ffef5986ac6a5d28b"},"breadcrumb":{"@id":"https:\/\/www.vegaintro-projekti.com\/pilar-stari\/2023\/08\/dr-sc-vinicije-lupis-otvorio-izlozbu-akademskog-slikara-eugena-varzica-u-motovunu-26-8-2023\/#breadcrumb"},"inLanguage":"hr","potentialAction":[{"@type":"ReadAction","target":["https:\/\/www.vegaintro-projekti.com\/pilar-stari\/2023\/08\/dr-sc-vinicije-lupis-otvorio-izlozbu-akademskog-slikara-eugena-varzica-u-motovunu-26-8-2023\/"]}]},{"@type":"BreadcrumbList","@id":"https:\/\/www.vegaintro-projekti.com\/pilar-stari\/2023\/08\/dr-sc-vinicije-lupis-otvorio-izlozbu-akademskog-slikara-eugena-varzica-u-motovunu-26-8-2023\/#breadcrumb","itemListElement":[{"@type":"ListItem","position":1,"name":"Home","item":"https:\/\/www.vegaintro-projekti.com\/pilar-stari\/"},{"@type":"ListItem","position":2,"name":"Dr. sc. Vinicije Lupis otvorio izlo\u017ebu akademskog slikara Eugena Varzi\u0107a u Motovunu, 26. 8. 2023."}]},{"@type":"WebSite","@id":"https:\/\/www.vegaintro-projekti.com\/pilar-stari\/#website","url":"https:\/\/www.vegaintro-projekti.com\/pilar-stari\/","name":"Institut dru&scaron;tvenih znanosti Ivo Pilar","description":"Pilar","potentialAction":[{"@type":"SearchAction","target":{"@type":"EntryPoint","urlTemplate":"https:\/\/www.vegaintro-projekti.com\/pilar-stari\/?s={search_term_string}"},"query-input":"required name=search_term_string"}],"inLanguage":"hr"},{"@type":"Person","@id":"https:\/\/www.vegaintro-projekti.com\/pilar-stari\/#\/schema\/person\/ddd404c9f1e15e4ffef5986ac6a5d28b","name":"Boris","image":{"@type":"ImageObject","inLanguage":"hr","@id":"https:\/\/www.vegaintro-projekti.com\/pilar-stari\/#\/schema\/person\/image\/","url":"https:\/\/secure.gravatar.com\/avatar\/29557b161a6ce6ab86ac1503164f1e90?s=96&d=mm&r=g","contentUrl":"https:\/\/secure.gravatar.com\/avatar\/29557b161a6ce6ab86ac1503164f1e90?s=96&d=mm&r=g","caption":"Boris"},"url":"https:\/\/www.vegaintro-projekti.com\/pilar-stari\/author\/boris\/"}]}},"_links":{"self":[{"href":"https:\/\/www.vegaintro-projekti.com\/pilar-stari\/wp-json\/wp\/v2\/posts\/26767"}],"collection":[{"href":"https:\/\/www.vegaintro-projekti.com\/pilar-stari\/wp-json\/wp\/v2\/posts"}],"about":[{"href":"https:\/\/www.vegaintro-projekti.com\/pilar-stari\/wp-json\/wp\/v2\/types\/post"}],"author":[{"embeddable":true,"href":"https:\/\/www.vegaintro-projekti.com\/pilar-stari\/wp-json\/wp\/v2\/users\/7"}],"replies":[{"embeddable":true,"href":"https:\/\/www.vegaintro-projekti.com\/pilar-stari\/wp-json\/wp\/v2\/comments?post=26767"}],"version-history":[{"count":3,"href":"https:\/\/www.vegaintro-projekti.com\/pilar-stari\/wp-json\/wp\/v2\/posts\/26767\/revisions"}],"predecessor-version":[{"id":26863,"href":"https:\/\/www.vegaintro-projekti.com\/pilar-stari\/wp-json\/wp\/v2\/posts\/26767\/revisions\/26863"}],"wp:featuredmedia":[{"embeddable":true,"href":"https:\/\/www.vegaintro-projekti.com\/pilar-stari\/wp-json\/wp\/v2\/media\/26766"}],"wp:attachment":[{"href":"https:\/\/www.vegaintro-projekti.com\/pilar-stari\/wp-json\/wp\/v2\/media?parent=26767"}],"wp:term":[{"taxonomy":"category","embeddable":true,"href":"https:\/\/www.vegaintro-projekti.com\/pilar-stari\/wp-json\/wp\/v2\/categories?post=26767"},{"taxonomy":"post_tag","embeddable":true,"href":"https:\/\/www.vegaintro-projekti.com\/pilar-stari\/wp-json\/wp\/v2\/tags?post=26767"}],"curies":[{"name":"wp","href":"https:\/\/api.w.org\/{rel}","templated":true}]}}