{"id":268,"date":"2010-05-19T14:04:30","date_gmt":"2010-05-19T14:04:30","guid":{"rendered":"https:\/\/www.vegaintro-projekti.com\/pilar-stari\/2010\/05\/19\/annales-pilar-2010-meunarodna-konferencija-ljudska-prava-ena\/"},"modified":"2017-12-04T11:31:36","modified_gmt":"2017-12-04T11:31:36","slug":"annales-pilar-2010-meunarodna-konferencija-ljudska-prava-ena","status":"publish","type":"post","link":"https:\/\/www.vegaintro-projekti.com\/pilar-stari\/2010\/05\/annales-pilar-2010-meunarodna-konferencija-ljudska-prava-ena\/","title":{"rendered":"ANNALES PILAR 2010. \u2013 Me\u0111unarodna konferencija Ljudska prava \u017eena"},"content":{"rendered":"<p>\u00a0<\/p>\n<p><strong>U organizaciji Instituta dru\u0161tvenih znanosti Ivo Pilar i Ureda za ravnopravnost spolova Vlade Republike Hrvatske u Zagrebu se od 26. do 28. svibnja 2010. odr\u017eala me\u0111unarodna konferencija Ljudska prava \u017eena &#8211; Razvoj na me\u0111unarodnoj i nacionalnoj razini 30 godina nakon usvajanja UN-ove Konvencije o uklanjanju svih oblika diskriminacije \u017eena. &#8211; <\/strong><a href=\"https:\/\/www.vegaintro-projekti.com\/pilar-stari\/2010\/05\/annales-pilar-2010-meunarodna-konferencija-ljudska-prava-ena\/\"><strong>Fotogalerija<\/strong><\/a><\/p>\n<table border=\"0\">\n<tbody>\n<tr>\n<td>\n<p style=\"TEXT-ALIGN: center\"><a href=\"https:\/\/www.vegaintro-projekti.com\/pilar-stari\/wp-content\/images\/stories\/dokumenti\/razno\/annales_pilar_2010.pdf\"><img decoding=\"async\" loading=\"lazy\" height=\"516\" width=\"365\" src=\"https:\/\/www.vegaintro-projekti.com\/pilar-stari\/wp-content\/images\/stories\/fotografije\/razno\/prava_zene.jpg\" alt=\"prava_zene\" \/><\/a><\/p>\n<\/td>\n<td><\/td>\n<\/tr>\n<tr>\n<td><span style=\"font-size: 8pt;\"><br \/><span style=\"font-size: 10pt;\"><strong>&#8211; <\/strong><\/span><a href=\"https:\/\/www.vegaintro-projekti.com\/pilar-stari\/wp-content\/images\/stories\/dokumenti\/razno\/annales_pilar_2010.pdf\"><span style=\"font-size: 10pt;\"><strong>Program me\u0111unarodne konferencije Ljudska prava \u017eena<\/strong><\/span><\/a><br \/>&#8211; <span style=\"font-size: 10pt;\"><a href=\"https:\/\/www.vegaintro-projekti.com\/pilar-stari\/wp-content\/images\/stories\/dokumenti\/annales_2010\/annales_pilar_knjiga_sazetaka.pdf\"><strong>Knjiga sa\u017eetaka \/ Book of abstract<\/strong><\/a><\/span><\/span><\/td>\n<td><\/td>\n<\/tr>\n<\/tbody>\n<\/table>\n<p>Konferencija se pod visokim pokroviteljstvom predsjednice Vlade Republike Hrvatske Jadranke Kosor\u00a0odr\u017eala u Institutu dru\u0161tvenih znanosti Ivo Pilar na\u00a0Maruli\u0107evom trgu 19\/I u Zagrebu.<\/p>\n<p><strong>Uvodni govori<\/strong><\/p>\n<p>\u2022 Vlado \u0160aki\u0107, ravnatelj Instituta dru\u0161tvenih znanosti Ivo Pilar<br \/>\u2022 Helena \u0160timac Radin, predstojnica Ureda za ravnopravnost spolova Vlade Republike Hrvatske<br \/>\u2022 Ivana Rada\u010di\u0107, predsjednica Programsko-organizacijskog odbora Annales Pilar 2010.<br \/>\u2022 Doris Pack, \u010dlanica Europskog parlamenta<\/p>\n<p><strong>Posebno predavanje (26. svibnja u 18 sati)<\/strong><\/p>\n<p>\u2022 Doris Pack, Croatia&#8217;s Accession and further EU Enlargement<\/p>\n<p><strong>Teme Konferencije<\/strong><\/p>\n<p>\u2022 Razvoj ljudskih prava \u017eena i rodne ravnopravnosti (moderatorica: Jelka Vince Pallua) <br \/>\u2022 \u017denska ljudska prava i religijske zajednice (moderatorica Marija \u0160eri\u0107)<br \/>\u2022 Rodni stereotipi, predrasude i diskriminacija (moderatorica: Jadranka Rebeka Ani\u0107)<br \/>\u2022 \u017dene i (visoko) obrazovanje (moderatorica: Lynette \u0160iki\u0107-Mi\u0107anovi\u0107)<br \/>\u2022 \u017dene, rad i socijalna skrb (moderatorica: Tihana \u0160tojs) <br \/>\u2022 Nasilje nad \u017eenama (moderator: Marijan Bari\u0107) <br \/>\u2022 Reproduktivna prava (moderatorica: Ivana Rada\u010di\u0107)<\/p>\n<p><strong>Promocija knjiga<\/strong><\/p>\n<p>\u2022 Zilka Spahi\u0107-\u0160iljak i Jadranka Rebeka Ani\u0107 (ur.), I vjernice i gra\u0111anke <br \/>\u2022 Ivana Rada\u010di\u0107 (ur.), \u017dene i pravo: feministi\u010dke pravne teorije<\/p>\n<p><strong>Programsko-organizacijski odbor Konferencije<\/strong><\/p>\n<p>Jadranka Rebeka Ani\u0107, Institut Pilar, Split <br \/>Marijan Bari\u0107, Institut Pilar, Zagreb <br \/>Anita Bu\u0161ljeta, Institut Pilar, Gospi\u0107Ivana Rada\u010di\u0107, Institut Pilar, Zagreb (predsjednica) <br \/>Marija \u0160eri\u0107, Institut Pilar, Zagreb <br \/>Lynette \u0160iki\u0107-Mi\u0107anovi\u0107, Institut Pilar, Zagreb <br \/>Helena \u0160timac Radin, Ured za ravnopravnost spolova Vlade RH <br \/>Tihana \u0160tojs, Institut Pilar, Zagreb <br \/>Jelka Vince Pallua, Institut Pilar, Zagreb <br \/>Ina Volmut, Ured za ravnopravnost spolova Vlade RH<\/p>\n","protected":false},"excerpt":{"rendered":"<p>\u00a0 U organizaciji Instituta dru\u0161tvenih znanosti Ivo Pilar i Ureda za ravnopravnost spolova Vlade Republike Hrvatske u Zagrebu se od 26. do 28. svibnja 2010. odr\u017eala me\u0111unarodna konferencija Ljudska prava \u017eena &#8211; Razvoj na me\u0111unarodnoj i nacionalnoj razini 30 godina nakon usvajanja UN-ove Konvencije o uklanjanju svih oblika diskriminacije \u017eena. &#8211; Fotogalerija &#8211; Program me\u0111unarodne&hellip; <a class=\"continue\" href=\"https:\/\/www.vegaintro-projekti.com\/pilar-stari\/2010\/05\/annales-pilar-2010-meunarodna-konferencija-ljudska-prava-ena\/\">Pro\u010ditaj vi\u0161e o<span> ANNALES PILAR 2010. \u2013 Me\u0111unarodna konferencija Ljudska prava \u017eena<\/span><\/a><\/p>\n","protected":false},"author":1,"featured_media":0,"comment_status":"open","ping_status":"open","sticky":false,"template":"","format":"standard","meta":{"inline_featured_image":false,"ngg_post_thumbnail":0,"footnotes":""},"categories":[11],"tags":[],"yoast_head":"<!-- This site is optimized with the Yoast SEO plugin v21.2 - https:\/\/yoast.com\/wordpress\/plugins\/seo\/ -->\n<title>ANNALES PILAR 2010. \u2013 Me\u0111unarodna konferencija Ljudska prava \u017eena - Institut dru&scaron;tvenih znanosti Ivo Pilar<\/title>\n<meta name=\"robots\" content=\"noindex, follow, max-snippet:-1, max-image-preview:large, max-video-preview:-1\" \/>\n<meta property=\"og:locale\" content=\"hr_HR\" \/>\n<meta property=\"og:type\" content=\"article\" \/>\n<meta property=\"og:title\" content=\"ANNALES PILAR 2010. \u2013 Me\u0111unarodna konferencija Ljudska prava \u017eena - Institut dru&scaron;tvenih znanosti Ivo Pilar\" \/>\n<meta property=\"og:description\" content=\"\u00a0 U organizaciji Instituta dru\u0161tvenih znanosti Ivo Pilar i Ureda za ravnopravnost spolova Vlade Republike Hrvatske u Zagrebu se od 26. do 28. svibnja 2010. odr\u017eala me\u0111unarodna konferencija Ljudska prava \u017eena &#8211; Razvoj na me\u0111unarodnoj i nacionalnoj razini 30 godina nakon usvajanja UN-ove Konvencije o uklanjanju svih oblika diskriminacije \u017eena. &#8211; Fotogalerija &#8211; Program me\u0111unarodne&hellip; Pro\u010ditaj vi\u0161e o ANNALES PILAR 2010. \u2013 Me\u0111unarodna konferencija Ljudska prava \u017eena\" \/>\n<meta property=\"og:url\" content=\"https:\/\/www.vegaintro-projekti.com\/pilar-stari\/2010\/05\/annales-pilar-2010-meunarodna-konferencija-ljudska-prava-ena\/\" \/>\n<meta property=\"og:site_name\" content=\"Institut dru&scaron;tvenih znanosti Ivo Pilar\" \/>\n<meta property=\"article:published_time\" content=\"2010-05-19T14:04:30+00:00\" \/>\n<meta property=\"article:modified_time\" content=\"2017-12-04T11:31:36+00:00\" \/>\n<meta property=\"og:image\" content=\"https:\/\/www.vegaintro-projekti.com\/pilar-stari\/wp-content\/images\/stories\/fotografije\/razno\/prava_zene.jpg\" \/>\n<meta name=\"author\" content=\"pilar-admin\" \/>\n<meta name=\"twitter:card\" content=\"summary_large_image\" \/>\n<meta name=\"twitter:label1\" content=\"Napisao\/la\" \/>\n\t<meta name=\"twitter:data1\" content=\"pilar-admin\" \/>\n\t<meta name=\"twitter:label2\" content=\"Procijenjeno vrijeme \u010ditanja\" \/>\n\t<meta name=\"twitter:data2\" content=\"1 minuta\" \/>\n<script type=\"application\/ld+json\" class=\"yoast-schema-graph\">{\"@context\":\"https:\/\/schema.org\",\"@graph\":[{\"@type\":\"WebPage\",\"@id\":\"https:\/\/www.vegaintro-projekti.com\/pilar-stari\/2010\/05\/annales-pilar-2010-meunarodna-konferencija-ljudska-prava-ena\/\",\"url\":\"https:\/\/www.vegaintro-projekti.com\/pilar-stari\/2010\/05\/annales-pilar-2010-meunarodna-konferencija-ljudska-prava-ena\/\",\"name\":\"ANNALES PILAR 2010. \u2013 Me\u0111unarodna konferencija Ljudska prava \u017eena - Institut dru&scaron;tvenih znanosti Ivo Pilar\",\"isPartOf\":{\"@id\":\"https:\/\/www.vegaintro-projekti.com\/pilar-stari\/#website\"},\"datePublished\":\"2010-05-19T14:04:30+00:00\",\"dateModified\":\"2017-12-04T11:31:36+00:00\",\"author\":{\"@id\":\"https:\/\/www.vegaintro-projekti.com\/pilar-stari\/#\/schema\/person\/c0db50ebd77c4409e19b18044bbf10c1\"},\"breadcrumb\":{\"@id\":\"https:\/\/www.vegaintro-projekti.com\/pilar-stari\/2010\/05\/annales-pilar-2010-meunarodna-konferencija-ljudska-prava-ena\/#breadcrumb\"},\"inLanguage\":\"hr\",\"potentialAction\":[{\"@type\":\"ReadAction\",\"target\":[\"https:\/\/www.vegaintro-projekti.com\/pilar-stari\/2010\/05\/annales-pilar-2010-meunarodna-konferencija-ljudska-prava-ena\/\"]}]},{\"@type\":\"BreadcrumbList\",\"@id\":\"https:\/\/www.vegaintro-projekti.com\/pilar-stari\/2010\/05\/annales-pilar-2010-meunarodna-konferencija-ljudska-prava-ena\/#breadcrumb\",\"itemListElement\":[{\"@type\":\"ListItem\",\"position\":1,\"name\":\"Home\",\"item\":\"https:\/\/www.vegaintro-projekti.com\/pilar-stari\/\"},{\"@type\":\"ListItem\",\"position\":2,\"name\":\"ANNALES PILAR 2010. \u2013 Me\u0111unarodna konferencija Ljudska prava \u017eena\"}]},{\"@type\":\"WebSite\",\"@id\":\"https:\/\/www.vegaintro-projekti.com\/pilar-stari\/#website\",\"url\":\"https:\/\/www.vegaintro-projekti.com\/pilar-stari\/\",\"name\":\"Institut dru&scaron;tvenih znanosti Ivo Pilar\",\"description\":\"Pilar\",\"potentialAction\":[{\"@type\":\"SearchAction\",\"target\":{\"@type\":\"EntryPoint\",\"urlTemplate\":\"https:\/\/www.vegaintro-projekti.com\/pilar-stari\/?s={search_term_string}\"},\"query-input\":\"required name=search_term_string\"}],\"inLanguage\":\"hr\"},{\"@type\":\"Person\",\"@id\":\"https:\/\/www.vegaintro-projekti.com\/pilar-stari\/#\/schema\/person\/c0db50ebd77c4409e19b18044bbf10c1\",\"name\":\"pilar-admin\",\"image\":{\"@type\":\"ImageObject\",\"inLanguage\":\"hr\",\"@id\":\"https:\/\/www.vegaintro-projekti.com\/pilar-stari\/#\/schema\/person\/image\/\",\"url\":\"https:\/\/secure.gravatar.com\/avatar\/fac9e03c4db0011b9c1ad8b5e9c74b8c?s=96&d=mm&r=g\",\"contentUrl\":\"https:\/\/secure.gravatar.com\/avatar\/fac9e03c4db0011b9c1ad8b5e9c74b8c?s=96&d=mm&r=g\",\"caption\":\"pilar-admin\"},\"url\":\"https:\/\/www.vegaintro-projekti.com\/pilar-stari\/author\/pilar-admin\/\"}]}<\/script>\n<!-- \/ Yoast SEO plugin. -->","yoast_head_json":{"title":"ANNALES PILAR 2010. \u2013 Me\u0111unarodna konferencija Ljudska prava \u017eena - Institut dru&scaron;tvenih znanosti Ivo Pilar","robots":{"index":"noindex","follow":"follow","max-snippet":"max-snippet:-1","max-image-preview":"max-image-preview:large","max-video-preview":"max-video-preview:-1"},"og_locale":"hr_HR","og_type":"article","og_title":"ANNALES PILAR 2010. \u2013 Me\u0111unarodna konferencija Ljudska prava \u017eena - Institut dru&scaron;tvenih znanosti Ivo Pilar","og_description":"\u00a0 U organizaciji Instituta dru\u0161tvenih znanosti Ivo Pilar i Ureda za ravnopravnost spolova Vlade Republike Hrvatske u Zagrebu se od 26. do 28. svibnja 2010. odr\u017eala me\u0111unarodna konferencija Ljudska prava \u017eena &#8211; Razvoj na me\u0111unarodnoj i nacionalnoj razini 30 godina nakon usvajanja UN-ove Konvencije o uklanjanju svih oblika diskriminacije \u017eena. &#8211; Fotogalerija &#8211; Program me\u0111unarodne&hellip; Pro\u010ditaj vi\u0161e o ANNALES PILAR 2010. \u2013 Me\u0111unarodna konferencija Ljudska prava \u017eena","og_url":"https:\/\/www.vegaintro-projekti.com\/pilar-stari\/2010\/05\/annales-pilar-2010-meunarodna-konferencija-ljudska-prava-ena\/","og_site_name":"Institut dru&scaron;tvenih znanosti Ivo Pilar","article_published_time":"2010-05-19T14:04:30+00:00","article_modified_time":"2017-12-04T11:31:36+00:00","og_image":[{"url":"https:\/\/www.vegaintro-projekti.com\/pilar-stari\/wp-content\/images\/stories\/fotografije\/razno\/prava_zene.jpg"}],"author":"pilar-admin","twitter_card":"summary_large_image","twitter_misc":{"Napisao\/la":"pilar-admin","Procijenjeno vrijeme \u010ditanja":"1 minuta"},"schema":{"@context":"https:\/\/schema.org","@graph":[{"@type":"WebPage","@id":"https:\/\/www.vegaintro-projekti.com\/pilar-stari\/2010\/05\/annales-pilar-2010-meunarodna-konferencija-ljudska-prava-ena\/","url":"https:\/\/www.vegaintro-projekti.com\/pilar-stari\/2010\/05\/annales-pilar-2010-meunarodna-konferencija-ljudska-prava-ena\/","name":"ANNALES PILAR 2010. \u2013 Me\u0111unarodna konferencija Ljudska prava \u017eena - Institut dru&scaron;tvenih znanosti Ivo Pilar","isPartOf":{"@id":"https:\/\/www.vegaintro-projekti.com\/pilar-stari\/#website"},"datePublished":"2010-05-19T14:04:30+00:00","dateModified":"2017-12-04T11:31:36+00:00","author":{"@id":"https:\/\/www.vegaintro-projekti.com\/pilar-stari\/#\/schema\/person\/c0db50ebd77c4409e19b18044bbf10c1"},"breadcrumb":{"@id":"https:\/\/www.vegaintro-projekti.com\/pilar-stari\/2010\/05\/annales-pilar-2010-meunarodna-konferencija-ljudska-prava-ena\/#breadcrumb"},"inLanguage":"hr","potentialAction":[{"@type":"ReadAction","target":["https:\/\/www.vegaintro-projekti.com\/pilar-stari\/2010\/05\/annales-pilar-2010-meunarodna-konferencija-ljudska-prava-ena\/"]}]},{"@type":"BreadcrumbList","@id":"https:\/\/www.vegaintro-projekti.com\/pilar-stari\/2010\/05\/annales-pilar-2010-meunarodna-konferencija-ljudska-prava-ena\/#breadcrumb","itemListElement":[{"@type":"ListItem","position":1,"name":"Home","item":"https:\/\/www.vegaintro-projekti.com\/pilar-stari\/"},{"@type":"ListItem","position":2,"name":"ANNALES PILAR 2010. \u2013 Me\u0111unarodna konferencija Ljudska prava \u017eena"}]},{"@type":"WebSite","@id":"https:\/\/www.vegaintro-projekti.com\/pilar-stari\/#website","url":"https:\/\/www.vegaintro-projekti.com\/pilar-stari\/","name":"Institut dru&scaron;tvenih znanosti Ivo Pilar","description":"Pilar","potentialAction":[{"@type":"SearchAction","target":{"@type":"EntryPoint","urlTemplate":"https:\/\/www.vegaintro-projekti.com\/pilar-stari\/?s={search_term_string}"},"query-input":"required name=search_term_string"}],"inLanguage":"hr"},{"@type":"Person","@id":"https:\/\/www.vegaintro-projekti.com\/pilar-stari\/#\/schema\/person\/c0db50ebd77c4409e19b18044bbf10c1","name":"pilar-admin","image":{"@type":"ImageObject","inLanguage":"hr","@id":"https:\/\/www.vegaintro-projekti.com\/pilar-stari\/#\/schema\/person\/image\/","url":"https:\/\/secure.gravatar.com\/avatar\/fac9e03c4db0011b9c1ad8b5e9c74b8c?s=96&d=mm&r=g","contentUrl":"https:\/\/secure.gravatar.com\/avatar\/fac9e03c4db0011b9c1ad8b5e9c74b8c?s=96&d=mm&r=g","caption":"pilar-admin"},"url":"https:\/\/www.vegaintro-projekti.com\/pilar-stari\/author\/pilar-admin\/"}]}},"_links":{"self":[{"href":"https:\/\/www.vegaintro-projekti.com\/pilar-stari\/wp-json\/wp\/v2\/posts\/268"}],"collection":[{"href":"https:\/\/www.vegaintro-projekti.com\/pilar-stari\/wp-json\/wp\/v2\/posts"}],"about":[{"href":"https:\/\/www.vegaintro-projekti.com\/pilar-stari\/wp-json\/wp\/v2\/types\/post"}],"author":[{"embeddable":true,"href":"https:\/\/www.vegaintro-projekti.com\/pilar-stari\/wp-json\/wp\/v2\/users\/1"}],"replies":[{"embeddable":true,"href":"https:\/\/www.vegaintro-projekti.com\/pilar-stari\/wp-json\/wp\/v2\/comments?post=268"}],"version-history":[{"count":2,"href":"https:\/\/www.vegaintro-projekti.com\/pilar-stari\/wp-json\/wp\/v2\/posts\/268\/revisions"}],"predecessor-version":[{"id":5033,"href":"https:\/\/www.vegaintro-projekti.com\/pilar-stari\/wp-json\/wp\/v2\/posts\/268\/revisions\/5033"}],"wp:attachment":[{"href":"https:\/\/www.vegaintro-projekti.com\/pilar-stari\/wp-json\/wp\/v2\/media?parent=268"}],"wp:term":[{"taxonomy":"category","embeddable":true,"href":"https:\/\/www.vegaintro-projekti.com\/pilar-stari\/wp-json\/wp\/v2\/categories?post=268"},{"taxonomy":"post_tag","embeddable":true,"href":"https:\/\/www.vegaintro-projekti.com\/pilar-stari\/wp-json\/wp\/v2\/tags?post=268"}],"curies":[{"name":"wp","href":"https:\/\/api.w.org\/{rel}","templated":true}]}}