{"id":26991,"date":"2023-09-20T19:15:33","date_gmt":"2023-09-20T19:15:33","guid":{"rendered":"https:\/\/www.vegaintro-projekti.com\/pilar-stari\/?p=26991"},"modified":"2023-09-22T19:35:49","modified_gmt":"2023-09-22T19:35:49","slug":"dr-sc-andreja-brajsa-zganec-i-dr-sc-toni-babarovic-na-21-godisnjoj-konferenciji-medunarodnog-udruzenja-za-istrazivanja-kvalitete-zivota-isqols-rotterdam-21-25-8-2023","status":"publish","type":"post","link":"https:\/\/www.vegaintro-projekti.com\/pilar-stari\/2023\/09\/dr-sc-andreja-brajsa-zganec-i-dr-sc-toni-babarovic-na-21-godisnjoj-konferenciji-medunarodnog-udruzenja-za-istrazivanja-kvalitete-zivota-isqols-rotterdam-21-25-8-2023\/","title":{"rendered":"Dr. sc. Andreja Braj\u0161a-\u017dganec i dr. sc. Toni Babarovi\u0107 na konferenciji Me\u0111unarodnog udru\u017eenja za istra\u017eivanja kvalitete \u017eivota, 21.-25. 8. 2023."},"content":{"rendered":"<p><strong>Dr. sc. Andreja Braj\u0161a-\u017dganec i dr. sc. Toni Babarovi\u0107 sudjelovali su na 21. godi\u0161njoj konferenciji Me\u0111unarodnog udru\u017eenja za istra\u017eivanja kvalitete \u017eivota (ISQOLS) na temu \u201cTowards a People-First Economy and Society: A World to Win\u201c (Prema ekonomiji i dru\u0161tvu kojima su ljudi na prvome mjestu: Svijet koji \u0107e pobijediti) odr\u017eanoj u Rotterdamu, Nizozemska, 21.\u201325. kolovoza 2023.<\/strong><\/p>\n<p><a href=\"https:\/\/www.vegaintro-projekti.com\/pilar-stari\/wp-content\/uploads\/2023\/09\/IMG_1-5.jpg\"><img decoding=\"async\" loading=\"lazy\" class=\"alignnone wp-image-26984 size-full\" src=\"https:\/\/www.vegaintro-projekti.com\/pilar-stari\/wp-content\/uploads\/2023\/09\/IMG_1s-4.jpg\" alt=\"\" width=\"310\" height=\"693\" srcset=\"https:\/\/www.vegaintro-projekti.com\/pilar-stari\/wp-content\/uploads\/2023\/09\/IMG_1s-4.jpg 310w, https:\/\/www.vegaintro-projekti.com\/pilar-stari\/wp-content\/uploads\/2023\/09\/IMG_1s-4-134x300.jpg 134w\" sizes=\"(max-width: 310px) 100vw, 310px\" \/><\/a><a href=\"https:\/\/www.vegaintro-projekti.com\/pilar-stari\/wp-content\/uploads\/2023\/09\/IMG_2-5.jpg\"><img decoding=\"async\" loading=\"lazy\" class=\"alignnone wp-image-26986 size-full\" src=\"https:\/\/www.vegaintro-projekti.com\/pilar-stari\/wp-content\/uploads\/2023\/09\/IMG_2s-4.jpg\" alt=\"\" width=\"310\" height=\"693\" srcset=\"https:\/\/www.vegaintro-projekti.com\/pilar-stari\/wp-content\/uploads\/2023\/09\/IMG_2s-4.jpg 310w, https:\/\/www.vegaintro-projekti.com\/pilar-stari\/wp-content\/uploads\/2023\/09\/IMG_2s-4-134x300.jpg 134w\" sizes=\"(max-width: 310px) 100vw, 310px\" \/><\/a><a href=\"https:\/\/www.vegaintro-projekti.com\/pilar-stari\/wp-content\/uploads\/2023\/09\/IMG_3-3.jpg\"><img decoding=\"async\" loading=\"lazy\" class=\"alignnone wp-image-26988 size-full\" src=\"https:\/\/www.vegaintro-projekti.com\/pilar-stari\/wp-content\/uploads\/2023\/09\/IMG_3s-3.jpg\" alt=\"\" width=\"620\" height=\"286\" srcset=\"https:\/\/www.vegaintro-projekti.com\/pilar-stari\/wp-content\/uploads\/2023\/09\/IMG_3s-3.jpg 620w, https:\/\/www.vegaintro-projekti.com\/pilar-stari\/wp-content\/uploads\/2023\/09\/IMG_3s-3-300x138.jpg 300w\" sizes=\"(max-width: 620px) 100vw, 620px\" \/><\/a><a href=\"https:\/\/www.vegaintro-projekti.com\/pilar-stari\/wp-content\/uploads\/2023\/09\/IMG_4-1.jpg\"><img decoding=\"async\" loading=\"lazy\" class=\"alignnone wp-image-26990 size-full\" src=\"https:\/\/www.vegaintro-projekti.com\/pilar-stari\/wp-content\/uploads\/2023\/09\/IMG_4s-2.jpg\" alt=\"\" width=\"620\" height=\"286\" srcset=\"https:\/\/www.vegaintro-projekti.com\/pilar-stari\/wp-content\/uploads\/2023\/09\/IMG_4s-2.jpg 620w, https:\/\/www.vegaintro-projekti.com\/pilar-stari\/wp-content\/uploads\/2023\/09\/IMG_4s-2-300x138.jpg 300w\" sizes=\"(max-width: 620px) 100vw, 620px\" \/><\/a><\/p>\n<p>U svojim izlaganjima dr. sc. Braj\u0161a-\u017dganec i dr. sc. Babarovi\u0107 predstavili su najnovije rezultate istra\u017eivanja provedenih u sklopu projekta \u201cDobrobit djeteta u kontekstu obitelji (CHILD-WELL)\u201d koji financira Hrvatska zaklade za znanost.<\/p>\n<p><strong>Dr. sc. Braj\u0161a-\u017dganec<\/strong> izlagala je na temu \u201cMarital\/Relationship Satisfaction and Big Five Personality Traits: Analysis of Association Between Partners\u2019 Personalities and Marital\/Relationship Satisfaction (Zadovoljstvo brakom\/partnerstvom i Big Five osobine li\u010dnosti: analiza povezanosti izme\u0111u osobina li\u010dnosti partnera i zadovoljstva brakom\/partnerstvom). Suautori rada su dr. sc. Ljiljana Kaliterna Lipov\u010dan, dr. sc. Tihana Brklja\u010di\u0107, Marija D\u017eida i Maja Ku\u0107ar.<\/p>\n<p><strong>Dr. sc. Babarovi\u0107<\/strong> izlagao je na temu: \u201cParenting Behaviors and Child\u2019s Emotional and Behavioral Problems During the Transition to Adolescence \u2013 Two-Wave Multi-Informant Study (Pona\u0161anje roditelja i emocionalni problemi te problemi u pona\u0161anju kod djece tijekom tranzicije u adolescenciju \u2013 dva vala istra\u017eivanja). Suautori rada su dr. sc. Andreja Braj\u0161a-\u017dganec, Marija D\u017eida, dr. sc. Ljiljana Kaliterna Lipov\u010dan i dr. sc. Maja Tadi\u0107 Vuj\u010di\u0107.<\/p>\n<blockquote><p><a href=\"https:\/\/www.vegaintro-projekti.com\/pilar-stari\/2020\/02\/child-well-dobrobit-djeteta-u-kontekstu-obitelji\/\">Projekt CHILD-WELL<\/a><\/p><\/blockquote>\n","protected":false},"excerpt":{"rendered":"<p>Dr. sc. Andreja Braj\u0161a-\u017dganec i dr. sc. Toni Babarovi\u0107 sudjelovali su na 21. godi\u0161njoj konferenciji Me\u0111unarodnog udru\u017eenja za istra\u017eivanja kvalitete \u017eivota (ISQOLS) na temu \u201cTowards a People-First Economy and Society: A World to Win\u201c (Prema ekonomiji i dru\u0161tvu kojima su ljudi na prvome mjestu: Svijet koji \u0107e pobijediti) odr\u017eanoj u Rotterdamu, Nizozemska, 21.\u201325. kolovoza 2023.&hellip; <a class=\"continue\" href=\"https:\/\/www.vegaintro-projekti.com\/pilar-stari\/2023\/09\/dr-sc-andreja-brajsa-zganec-i-dr-sc-toni-babarovic-na-21-godisnjoj-konferenciji-medunarodnog-udruzenja-za-istrazivanja-kvalitete-zivota-isqols-rotterdam-21-25-8-2023\/\">Pro\u010ditaj vi\u0161e o<span> Dr. sc. Andreja Braj\u0161a-\u017dganec i dr. sc. Toni Babarovi\u0107 na konferenciji Me\u0111unarodnog udru\u017eenja za istra\u017eivanja kvalitete \u017eivota, 21.-25. 8. 2023.<\/span><\/a><\/p>\n","protected":false},"author":7,"featured_media":26993,"comment_status":"closed","ping_status":"closed","sticky":false,"template":"","format":"standard","meta":{"inline_featured_image":false,"ngg_post_thumbnail":0,"footnotes":""},"categories":[11],"tags":[],"yoast_head":"<!-- This site is optimized with the Yoast SEO plugin v21.2 - https:\/\/yoast.com\/wordpress\/plugins\/seo\/ -->\n<title>Dr. sc. Andreja Braj\u0161a-\u017dganec i dr. sc. Toni Babarovi\u0107 na konferenciji Me\u0111unarodnog udru\u017eenja za istra\u017eivanja kvalitete \u017eivota, 21.-25. 8. 2023. - Institut dru&scaron;tvenih znanosti Ivo Pilar<\/title>\n<meta name=\"robots\" content=\"noindex, follow, max-snippet:-1, max-image-preview:large, max-video-preview:-1\" \/>\n<meta property=\"og:locale\" content=\"hr_HR\" \/>\n<meta property=\"og:type\" content=\"article\" \/>\n<meta property=\"og:title\" content=\"Dr. sc. Andreja Braj\u0161a-\u017dganec i dr. sc. Toni Babarovi\u0107 na konferenciji Me\u0111unarodnog udru\u017eenja za istra\u017eivanja kvalitete \u017eivota, 21.-25. 8. 2023. - Institut dru&scaron;tvenih znanosti Ivo Pilar\" \/>\n<meta property=\"og:description\" content=\"Dr. sc. Andreja Braj\u0161a-\u017dganec i dr. sc. Toni Babarovi\u0107 sudjelovali su na 21. godi\u0161njoj konferenciji Me\u0111unarodnog udru\u017eenja za istra\u017eivanja kvalitete \u017eivota (ISQOLS) na temu \u201cTowards a People-First Economy and Society: A World to Win\u201c (Prema ekonomiji i dru\u0161tvu kojima su ljudi na prvome mjestu: Svijet koji \u0107e pobijediti) odr\u017eanoj u Rotterdamu, Nizozemska, 21.\u201325. kolovoza 2023.&hellip; Pro\u010ditaj vi\u0161e o Dr. sc. Andreja Braj\u0161a-\u017dganec i dr. sc. Toni Babarovi\u0107 na konferenciji Me\u0111unarodnog udru\u017eenja za istra\u017eivanja kvalitete \u017eivota, 21.-25. 8. 2023.\" \/>\n<meta property=\"og:url\" content=\"https:\/\/www.vegaintro-projekti.com\/pilar-stari\/2023\/09\/dr-sc-andreja-brajsa-zganec-i-dr-sc-toni-babarovic-na-21-godisnjoj-konferenciji-medunarodnog-udruzenja-za-istrazivanja-kvalitete-zivota-isqols-rotterdam-21-25-8-2023\/\" \/>\n<meta property=\"og:site_name\" content=\"Institut dru&scaron;tvenih znanosti Ivo Pilar\" \/>\n<meta property=\"article:published_time\" content=\"2023-09-20T19:15:33+00:00\" \/>\n<meta property=\"article:modified_time\" content=\"2023-09-22T19:35:49+00:00\" \/>\n<meta property=\"og:image\" content=\"https:\/\/www.vegaintro-projekti.com\/pilar-stari\/wp-content\/uploads\/2023\/09\/IMG_fi-4.jpg\" \/>\n\t<meta property=\"og:image:width\" content=\"500\" \/>\n\t<meta property=\"og:image:height\" content=\"224\" \/>\n\t<meta property=\"og:image:type\" content=\"image\/jpeg\" \/>\n<meta name=\"author\" content=\"Boris\" \/>\n<meta name=\"twitter:card\" content=\"summary_large_image\" \/>\n<meta name=\"twitter:label1\" content=\"Napisao\/la\" \/>\n\t<meta name=\"twitter:data1\" content=\"Boris\" \/>\n\t<meta name=\"twitter:label2\" content=\"Procijenjeno vrijeme \u010ditanja\" \/>\n\t<meta name=\"twitter:data2\" content=\"2 minute\" \/>\n<script type=\"application\/ld+json\" class=\"yoast-schema-graph\">{\"@context\":\"https:\/\/schema.org\",\"@graph\":[{\"@type\":\"WebPage\",\"@id\":\"https:\/\/www.vegaintro-projekti.com\/pilar-stari\/2023\/09\/dr-sc-andreja-brajsa-zganec-i-dr-sc-toni-babarovic-na-21-godisnjoj-konferenciji-medunarodnog-udruzenja-za-istrazivanja-kvalitete-zivota-isqols-rotterdam-21-25-8-2023\/\",\"url\":\"https:\/\/www.vegaintro-projekti.com\/pilar-stari\/2023\/09\/dr-sc-andreja-brajsa-zganec-i-dr-sc-toni-babarovic-na-21-godisnjoj-konferenciji-medunarodnog-udruzenja-za-istrazivanja-kvalitete-zivota-isqols-rotterdam-21-25-8-2023\/\",\"name\":\"Dr. sc. Andreja Braj\u0161a-\u017dganec i dr. sc. Toni Babarovi\u0107 na konferenciji Me\u0111unarodnog udru\u017eenja za istra\u017eivanja kvalitete \u017eivota, 21.-25. 8. 2023. - Institut dru&scaron;tvenih znanosti Ivo Pilar\",\"isPartOf\":{\"@id\":\"https:\/\/www.vegaintro-projekti.com\/pilar-stari\/#website\"},\"datePublished\":\"2023-09-20T19:15:33+00:00\",\"dateModified\":\"2023-09-22T19:35:49+00:00\",\"author\":{\"@id\":\"https:\/\/www.vegaintro-projekti.com\/pilar-stari\/#\/schema\/person\/ddd404c9f1e15e4ffef5986ac6a5d28b\"},\"breadcrumb\":{\"@id\":\"https:\/\/www.vegaintro-projekti.com\/pilar-stari\/2023\/09\/dr-sc-andreja-brajsa-zganec-i-dr-sc-toni-babarovic-na-21-godisnjoj-konferenciji-medunarodnog-udruzenja-za-istrazivanja-kvalitete-zivota-isqols-rotterdam-21-25-8-2023\/#breadcrumb\"},\"inLanguage\":\"hr\",\"potentialAction\":[{\"@type\":\"ReadAction\",\"target\":[\"https:\/\/www.vegaintro-projekti.com\/pilar-stari\/2023\/09\/dr-sc-andreja-brajsa-zganec-i-dr-sc-toni-babarovic-na-21-godisnjoj-konferenciji-medunarodnog-udruzenja-za-istrazivanja-kvalitete-zivota-isqols-rotterdam-21-25-8-2023\/\"]}]},{\"@type\":\"BreadcrumbList\",\"@id\":\"https:\/\/www.vegaintro-projekti.com\/pilar-stari\/2023\/09\/dr-sc-andreja-brajsa-zganec-i-dr-sc-toni-babarovic-na-21-godisnjoj-konferenciji-medunarodnog-udruzenja-za-istrazivanja-kvalitete-zivota-isqols-rotterdam-21-25-8-2023\/#breadcrumb\",\"itemListElement\":[{\"@type\":\"ListItem\",\"position\":1,\"name\":\"Home\",\"item\":\"https:\/\/www.vegaintro-projekti.com\/pilar-stari\/\"},{\"@type\":\"ListItem\",\"position\":2,\"name\":\"Dr. sc. Andreja Braj\u0161a-\u017dganec i dr. sc. Toni Babarovi\u0107 na konferenciji Me\u0111unarodnog udru\u017eenja za istra\u017eivanja kvalitete \u017eivota, 21.-25. 8. 2023.\"}]},{\"@type\":\"WebSite\",\"@id\":\"https:\/\/www.vegaintro-projekti.com\/pilar-stari\/#website\",\"url\":\"https:\/\/www.vegaintro-projekti.com\/pilar-stari\/\",\"name\":\"Institut dru&scaron;tvenih znanosti Ivo Pilar\",\"description\":\"Pilar\",\"potentialAction\":[{\"@type\":\"SearchAction\",\"target\":{\"@type\":\"EntryPoint\",\"urlTemplate\":\"https:\/\/www.vegaintro-projekti.com\/pilar-stari\/?s={search_term_string}\"},\"query-input\":\"required name=search_term_string\"}],\"inLanguage\":\"hr\"},{\"@type\":\"Person\",\"@id\":\"https:\/\/www.vegaintro-projekti.com\/pilar-stari\/#\/schema\/person\/ddd404c9f1e15e4ffef5986ac6a5d28b\",\"name\":\"Boris\",\"image\":{\"@type\":\"ImageObject\",\"inLanguage\":\"hr\",\"@id\":\"https:\/\/www.vegaintro-projekti.com\/pilar-stari\/#\/schema\/person\/image\/\",\"url\":\"https:\/\/secure.gravatar.com\/avatar\/29557b161a6ce6ab86ac1503164f1e90?s=96&d=mm&r=g\",\"contentUrl\":\"https:\/\/secure.gravatar.com\/avatar\/29557b161a6ce6ab86ac1503164f1e90?s=96&d=mm&r=g\",\"caption\":\"Boris\"},\"url\":\"https:\/\/www.vegaintro-projekti.com\/pilar-stari\/author\/boris\/\"}]}<\/script>\n<!-- \/ Yoast SEO plugin. -->","yoast_head_json":{"title":"Dr. sc. Andreja Braj\u0161a-\u017dganec i dr. sc. Toni Babarovi\u0107 na konferenciji Me\u0111unarodnog udru\u017eenja za istra\u017eivanja kvalitete \u017eivota, 21.-25. 8. 2023. - Institut dru&scaron;tvenih znanosti Ivo Pilar","robots":{"index":"noindex","follow":"follow","max-snippet":"max-snippet:-1","max-image-preview":"max-image-preview:large","max-video-preview":"max-video-preview:-1"},"og_locale":"hr_HR","og_type":"article","og_title":"Dr. sc. Andreja Braj\u0161a-\u017dganec i dr. sc. Toni Babarovi\u0107 na konferenciji Me\u0111unarodnog udru\u017eenja za istra\u017eivanja kvalitete \u017eivota, 21.-25. 8. 2023. - Institut dru&scaron;tvenih znanosti Ivo Pilar","og_description":"Dr. sc. Andreja Braj\u0161a-\u017dganec i dr. sc. Toni Babarovi\u0107 sudjelovali su na 21. godi\u0161njoj konferenciji Me\u0111unarodnog udru\u017eenja za istra\u017eivanja kvalitete \u017eivota (ISQOLS) na temu \u201cTowards a People-First Economy and Society: A World to Win\u201c (Prema ekonomiji i dru\u0161tvu kojima su ljudi na prvome mjestu: Svijet koji \u0107e pobijediti) odr\u017eanoj u Rotterdamu, Nizozemska, 21.\u201325. kolovoza 2023.&hellip; Pro\u010ditaj vi\u0161e o Dr. sc. Andreja Braj\u0161a-\u017dganec i dr. sc. Toni Babarovi\u0107 na konferenciji Me\u0111unarodnog udru\u017eenja za istra\u017eivanja kvalitete \u017eivota, 21.-25. 8. 2023.","og_url":"https:\/\/www.vegaintro-projekti.com\/pilar-stari\/2023\/09\/dr-sc-andreja-brajsa-zganec-i-dr-sc-toni-babarovic-na-21-godisnjoj-konferenciji-medunarodnog-udruzenja-za-istrazivanja-kvalitete-zivota-isqols-rotterdam-21-25-8-2023\/","og_site_name":"Institut dru&scaron;tvenih znanosti Ivo Pilar","article_published_time":"2023-09-20T19:15:33+00:00","article_modified_time":"2023-09-22T19:35:49+00:00","og_image":[{"width":500,"height":224,"url":"https:\/\/www.vegaintro-projekti.com\/pilar-stari\/wp-content\/uploads\/2023\/09\/IMG_fi-4.jpg","type":"image\/jpeg"}],"author":"Boris","twitter_card":"summary_large_image","twitter_misc":{"Napisao\/la":"Boris","Procijenjeno vrijeme \u010ditanja":"2 minute"},"schema":{"@context":"https:\/\/schema.org","@graph":[{"@type":"WebPage","@id":"https:\/\/www.vegaintro-projekti.com\/pilar-stari\/2023\/09\/dr-sc-andreja-brajsa-zganec-i-dr-sc-toni-babarovic-na-21-godisnjoj-konferenciji-medunarodnog-udruzenja-za-istrazivanja-kvalitete-zivota-isqols-rotterdam-21-25-8-2023\/","url":"https:\/\/www.vegaintro-projekti.com\/pilar-stari\/2023\/09\/dr-sc-andreja-brajsa-zganec-i-dr-sc-toni-babarovic-na-21-godisnjoj-konferenciji-medunarodnog-udruzenja-za-istrazivanja-kvalitete-zivota-isqols-rotterdam-21-25-8-2023\/","name":"Dr. sc. Andreja Braj\u0161a-\u017dganec i dr. sc. Toni Babarovi\u0107 na konferenciji Me\u0111unarodnog udru\u017eenja za istra\u017eivanja kvalitete \u017eivota, 21.-25. 8. 2023. - Institut dru&scaron;tvenih znanosti Ivo Pilar","isPartOf":{"@id":"https:\/\/www.vegaintro-projekti.com\/pilar-stari\/#website"},"datePublished":"2023-09-20T19:15:33+00:00","dateModified":"2023-09-22T19:35:49+00:00","author":{"@id":"https:\/\/www.vegaintro-projekti.com\/pilar-stari\/#\/schema\/person\/ddd404c9f1e15e4ffef5986ac6a5d28b"},"breadcrumb":{"@id":"https:\/\/www.vegaintro-projekti.com\/pilar-stari\/2023\/09\/dr-sc-andreja-brajsa-zganec-i-dr-sc-toni-babarovic-na-21-godisnjoj-konferenciji-medunarodnog-udruzenja-za-istrazivanja-kvalitete-zivota-isqols-rotterdam-21-25-8-2023\/#breadcrumb"},"inLanguage":"hr","potentialAction":[{"@type":"ReadAction","target":["https:\/\/www.vegaintro-projekti.com\/pilar-stari\/2023\/09\/dr-sc-andreja-brajsa-zganec-i-dr-sc-toni-babarovic-na-21-godisnjoj-konferenciji-medunarodnog-udruzenja-za-istrazivanja-kvalitete-zivota-isqols-rotterdam-21-25-8-2023\/"]}]},{"@type":"BreadcrumbList","@id":"https:\/\/www.vegaintro-projekti.com\/pilar-stari\/2023\/09\/dr-sc-andreja-brajsa-zganec-i-dr-sc-toni-babarovic-na-21-godisnjoj-konferenciji-medunarodnog-udruzenja-za-istrazivanja-kvalitete-zivota-isqols-rotterdam-21-25-8-2023\/#breadcrumb","itemListElement":[{"@type":"ListItem","position":1,"name":"Home","item":"https:\/\/www.vegaintro-projekti.com\/pilar-stari\/"},{"@type":"ListItem","position":2,"name":"Dr. sc. Andreja Braj\u0161a-\u017dganec i dr. sc. Toni Babarovi\u0107 na konferenciji Me\u0111unarodnog udru\u017eenja za istra\u017eivanja kvalitete \u017eivota, 21.-25. 8. 2023."}]},{"@type":"WebSite","@id":"https:\/\/www.vegaintro-projekti.com\/pilar-stari\/#website","url":"https:\/\/www.vegaintro-projekti.com\/pilar-stari\/","name":"Institut dru&scaron;tvenih znanosti Ivo Pilar","description":"Pilar","potentialAction":[{"@type":"SearchAction","target":{"@type":"EntryPoint","urlTemplate":"https:\/\/www.vegaintro-projekti.com\/pilar-stari\/?s={search_term_string}"},"query-input":"required name=search_term_string"}],"inLanguage":"hr"},{"@type":"Person","@id":"https:\/\/www.vegaintro-projekti.com\/pilar-stari\/#\/schema\/person\/ddd404c9f1e15e4ffef5986ac6a5d28b","name":"Boris","image":{"@type":"ImageObject","inLanguage":"hr","@id":"https:\/\/www.vegaintro-projekti.com\/pilar-stari\/#\/schema\/person\/image\/","url":"https:\/\/secure.gravatar.com\/avatar\/29557b161a6ce6ab86ac1503164f1e90?s=96&d=mm&r=g","contentUrl":"https:\/\/secure.gravatar.com\/avatar\/29557b161a6ce6ab86ac1503164f1e90?s=96&d=mm&r=g","caption":"Boris"},"url":"https:\/\/www.vegaintro-projekti.com\/pilar-stari\/author\/boris\/"}]}},"_links":{"self":[{"href":"https:\/\/www.vegaintro-projekti.com\/pilar-stari\/wp-json\/wp\/v2\/posts\/26991"}],"collection":[{"href":"https:\/\/www.vegaintro-projekti.com\/pilar-stari\/wp-json\/wp\/v2\/posts"}],"about":[{"href":"https:\/\/www.vegaintro-projekti.com\/pilar-stari\/wp-json\/wp\/v2\/types\/post"}],"author":[{"embeddable":true,"href":"https:\/\/www.vegaintro-projekti.com\/pilar-stari\/wp-json\/wp\/v2\/users\/7"}],"replies":[{"embeddable":true,"href":"https:\/\/www.vegaintro-projekti.com\/pilar-stari\/wp-json\/wp\/v2\/comments?post=26991"}],"version-history":[{"count":5,"href":"https:\/\/www.vegaintro-projekti.com\/pilar-stari\/wp-json\/wp\/v2\/posts\/26991\/revisions"}],"predecessor-version":[{"id":26998,"href":"https:\/\/www.vegaintro-projekti.com\/pilar-stari\/wp-json\/wp\/v2\/posts\/26991\/revisions\/26998"}],"wp:featuredmedia":[{"embeddable":true,"href":"https:\/\/www.vegaintro-projekti.com\/pilar-stari\/wp-json\/wp\/v2\/media\/26993"}],"wp:attachment":[{"href":"https:\/\/www.vegaintro-projekti.com\/pilar-stari\/wp-json\/wp\/v2\/media?parent=26991"}],"wp:term":[{"taxonomy":"category","embeddable":true,"href":"https:\/\/www.vegaintro-projekti.com\/pilar-stari\/wp-json\/wp\/v2\/categories?post=26991"},{"taxonomy":"post_tag","embeddable":true,"href":"https:\/\/www.vegaintro-projekti.com\/pilar-stari\/wp-json\/wp\/v2\/tags?post=26991"}],"curies":[{"name":"wp","href":"https:\/\/api.w.org\/{rel}","templated":true}]}}