{"id":27107,"date":"2023-09-26T13:09:47","date_gmt":"2023-09-26T13:09:47","guid":{"rendered":"https:\/\/www.vegaintro-projekti.com\/pilar-stari\/?p=27107"},"modified":"2023-09-26T16:27:18","modified_gmt":"2023-09-26T16:27:18","slug":"za-jedno-hr-odrzana-zavrsna-konferencija-projekta-zagreb-19-9-2023","status":"publish","type":"post","link":"https:\/\/www.vegaintro-projekti.com\/pilar-stari\/2023\/09\/za-jedno-hr-odrzana-zavrsna-konferencija-projekta-zagreb-19-9-2023\/","title":{"rendered":"ZA-JEDNO.HR \u2013 Odr\u017eana zavr\u0161na konferencija projekta; Zagreb, 19. 9. 2023."},"content":{"rendered":"<p><strong>U dvorani Hrvatske matice iseljenika, a u organizaciji Humanitarne udruge \u201efra Mladen Hrka\u0107\u201c, odr\u017eana je 19. rujna zavr\u0161na konferencija projekta ZA-JEDNO.HR koji se financira iz Europskog socijalnog fonda<\/strong><\/p>\n<p><a href=\"https:\/\/www.vegaintro-projekti.com\/pilar-stari\/wp-content\/uploads\/2023\/09\/IMG_1-11.jpg\"><img decoding=\"async\" loading=\"lazy\" class=\"alignnone wp-image-27102 size-full\" src=\"https:\/\/www.vegaintro-projekti.com\/pilar-stari\/wp-content\/uploads\/2023\/09\/IMG_1s-10.jpg\" alt=\"\" width=\"620\" height=\"344\" srcset=\"https:\/\/www.vegaintro-projekti.com\/pilar-stari\/wp-content\/uploads\/2023\/09\/IMG_1s-10.jpg 620w, https:\/\/www.vegaintro-projekti.com\/pilar-stari\/wp-content\/uploads\/2023\/09\/IMG_1s-10-300x166.jpg 300w\" sizes=\"(max-width: 620px) 100vw, 620px\" \/><\/a><a href=\"https:\/\/www.vegaintro-projekti.com\/pilar-stari\/wp-content\/uploads\/2023\/09\/IMG_2.jpeg\"><img decoding=\"async\" loading=\"lazy\" class=\"alignnone wp-image-27104 size-full\" src=\"https:\/\/www.vegaintro-projekti.com\/pilar-stari\/wp-content\/uploads\/2023\/09\/IMG_2s-9.jpg\" alt=\"\" width=\"620\" height=\"349\" srcset=\"https:\/\/www.vegaintro-projekti.com\/pilar-stari\/wp-content\/uploads\/2023\/09\/IMG_2s-9.jpg 620w, https:\/\/www.vegaintro-projekti.com\/pilar-stari\/wp-content\/uploads\/2023\/09\/IMG_2s-9-300x169.jpg 300w\" sizes=\"(max-width: 620px) 100vw, 620px\" \/><\/a><\/p>\n<p><strong>Na konferenciji<\/strong> su predstavljeni rezultati uspje\u0161nog projekta stvaranja tematske mre\u017ee usmjerene hrvatskom iseljeni\u0161tvu, ali i istaknuti izazovi njegove provedbe. Unato\u010d svim izazovima tijekom tri godine trajanja projekta planirane su aktivnosti provedene i ciljevi ostvareni. Dio rezultata provedenih znanstvenih istra\u017eivanja predstavljen je \u0161iroj javnosti.<\/p>\n<p>Na temu promocije gospodarskih interesa i kulturnog identiteta Republike Hrvatske u svijetu govorio je <strong>dr. sc. Bo\u017eo Skoko.<\/strong> G.<strong> Antun Plenkovi\u0107<\/strong> predstavio je istra\u017eiva\u010dke dionice Instituta Pilar: NOVA DIJASPORA: Povijesni i empirijski uvidi.<\/p>\n<p>Projekt <strong>ZA-JEDNO.HR<\/strong> u tematsku mre\u017eu okuplja vi\u0161e od 60 organizacija civilnog dru\u0161tva, zaklada i misija iz cijeloga svijeta u kojima djeluju Hrvati.<\/p>\n<p><a href=\"https:\/\/www.vegaintro-projekti.com\/pilar-stari\/wp-content\/uploads\/2023\/09\/Prezentacija.pptx\"><img decoding=\"async\" loading=\"lazy\" class=\"alignnone wp-image-27100 size-full\" src=\"https:\/\/www.vegaintro-projekti.com\/pilar-stari\/wp-content\/uploads\/2023\/09\/IMG_0-5.jpg\" alt=\"\" width=\"620\" height=\"348\" srcset=\"https:\/\/www.vegaintro-projekti.com\/pilar-stari\/wp-content\/uploads\/2023\/09\/IMG_0-5.jpg 620w, https:\/\/www.vegaintro-projekti.com\/pilar-stari\/wp-content\/uploads\/2023\/09\/IMG_0-5-300x168.jpg 300w\" sizes=\"(max-width: 620px) 100vw, 620px\" \/><\/a><\/p>\n<p><strong>&#8211; Prezentacija:<\/strong> <a href=\"https:\/\/www.vegaintro-projekti.com\/pilar-stari\/wp-content\/uploads\/2023\/09\/Prezentacija.pptx\">NOVA DIJASPORA: Povijesni i empirijski uvidi<\/a><\/p>\n<blockquote><p><a href=\"https:\/\/www.vegaintro-projekti.com\/pilar-stari\/2023\/09\/za-jedno-hr-poziv-na-zavrsnu-konferenciju-zagreb-19-9-2023\/\">ZA-JEDNO.HR \u2013 Poziv na zavr\u0161nu konferenciju; Zagreb, 19. 9. 2023.<\/a><\/p>\n<p><a href=\"https:\/\/www.vegaintro-projekti.com\/pilar-stari\/2021\/07\/zajedno-srce-jedna-dusa-jedna-hrvatska\/\">Projekt zaJEDNO srce, jedna du\u0161a, jedna HRVATSKA<\/a><\/p><\/blockquote>\n","protected":false},"excerpt":{"rendered":"<p>U dvorani Hrvatske matice iseljenika, a u organizaciji Humanitarne udruge \u201efra Mladen Hrka\u0107\u201c, odr\u017eana je 19. rujna zavr\u0161na konferencija projekta ZA-JEDNO.HR koji se financira iz Europskog socijalnog fonda Na konferenciji su predstavljeni rezultati uspje\u0161nog projekta stvaranja tematske mre\u017ee usmjerene hrvatskom iseljeni\u0161tvu, ali i istaknuti izazovi njegove provedbe. Unato\u010d svim izazovima tijekom tri godine trajanja projekta&hellip; <a class=\"continue\" href=\"https:\/\/www.vegaintro-projekti.com\/pilar-stari\/2023\/09\/za-jedno-hr-odrzana-zavrsna-konferencija-projekta-zagreb-19-9-2023\/\">Pro\u010ditaj vi\u0161e o<span> ZA-JEDNO.HR \u2013 Odr\u017eana zavr\u0161na konferencija projekta; Zagreb, 19. 9. 2023.<\/span><\/a><\/p>\n","protected":false},"author":7,"featured_media":27110,"comment_status":"closed","ping_status":"closed","sticky":false,"template":"","format":"standard","meta":{"inline_featured_image":false,"ngg_post_thumbnail":0,"footnotes":""},"categories":[48,29],"tags":[],"yoast_head":"<!-- This site is optimized with the Yoast SEO plugin v21.2 - https:\/\/yoast.com\/wordpress\/plugins\/seo\/ -->\n<title>ZA-JEDNO.HR \u2013 Odr\u017eana zavr\u0161na konferencija projekta; Zagreb, 19. 9. 2023. - Institut dru&scaron;tvenih znanosti Ivo Pilar<\/title>\n<meta name=\"robots\" content=\"noindex, follow, max-snippet:-1, max-image-preview:large, max-video-preview:-1\" \/>\n<meta property=\"og:locale\" content=\"hr_HR\" \/>\n<meta property=\"og:type\" content=\"article\" \/>\n<meta property=\"og:title\" content=\"ZA-JEDNO.HR \u2013 Odr\u017eana zavr\u0161na konferencija projekta; Zagreb, 19. 9. 2023. - Institut dru&scaron;tvenih znanosti Ivo Pilar\" \/>\n<meta property=\"og:description\" content=\"U dvorani Hrvatske matice iseljenika, a u organizaciji Humanitarne udruge \u201efra Mladen Hrka\u0107\u201c, odr\u017eana je 19. rujna zavr\u0161na konferencija projekta ZA-JEDNO.HR koji se financira iz Europskog socijalnog fonda Na konferenciji su predstavljeni rezultati uspje\u0161nog projekta stvaranja tematske mre\u017ee usmjerene hrvatskom iseljeni\u0161tvu, ali i istaknuti izazovi njegove provedbe. Unato\u010d svim izazovima tijekom tri godine trajanja projekta&hellip; Pro\u010ditaj vi\u0161e o ZA-JEDNO.HR \u2013 Odr\u017eana zavr\u0161na konferencija projekta; Zagreb, 19. 9. 2023.\" \/>\n<meta property=\"og:url\" content=\"https:\/\/www.vegaintro-projekti.com\/pilar-stari\/2023\/09\/za-jedno-hr-odrzana-zavrsna-konferencija-projekta-zagreb-19-9-2023\/\" \/>\n<meta property=\"og:site_name\" content=\"Institut dru&scaron;tvenih znanosti Ivo Pilar\" \/>\n<meta property=\"article:published_time\" content=\"2023-09-26T13:09:47+00:00\" \/>\n<meta property=\"article:modified_time\" content=\"2023-09-26T16:27:18+00:00\" \/>\n<meta property=\"og:image\" content=\"https:\/\/www.vegaintro-projekti.com\/pilar-stari\/wp-content\/uploads\/2023\/09\/IMG_fi1.jpg\" \/>\n\t<meta property=\"og:image:width\" content=\"500\" \/>\n\t<meta property=\"og:image:height\" content=\"220\" \/>\n\t<meta property=\"og:image:type\" content=\"image\/jpeg\" \/>\n<meta name=\"author\" content=\"Boris\" \/>\n<meta name=\"twitter:card\" content=\"summary_large_image\" \/>\n<meta name=\"twitter:label1\" content=\"Napisao\/la\" \/>\n\t<meta name=\"twitter:data1\" content=\"Boris\" \/>\n\t<meta name=\"twitter:label2\" content=\"Procijenjeno vrijeme \u010ditanja\" \/>\n\t<meta name=\"twitter:data2\" content=\"2 minute\" \/>\n<script type=\"application\/ld+json\" class=\"yoast-schema-graph\">{\"@context\":\"https:\/\/schema.org\",\"@graph\":[{\"@type\":\"WebPage\",\"@id\":\"https:\/\/www.vegaintro-projekti.com\/pilar-stari\/2023\/09\/za-jedno-hr-odrzana-zavrsna-konferencija-projekta-zagreb-19-9-2023\/\",\"url\":\"https:\/\/www.vegaintro-projekti.com\/pilar-stari\/2023\/09\/za-jedno-hr-odrzana-zavrsna-konferencija-projekta-zagreb-19-9-2023\/\",\"name\":\"ZA-JEDNO.HR \u2013 Odr\u017eana zavr\u0161na konferencija projekta; Zagreb, 19. 9. 2023. - Institut dru&scaron;tvenih znanosti Ivo Pilar\",\"isPartOf\":{\"@id\":\"https:\/\/www.vegaintro-projekti.com\/pilar-stari\/#website\"},\"datePublished\":\"2023-09-26T13:09:47+00:00\",\"dateModified\":\"2023-09-26T16:27:18+00:00\",\"author\":{\"@id\":\"https:\/\/www.vegaintro-projekti.com\/pilar-stari\/#\/schema\/person\/ddd404c9f1e15e4ffef5986ac6a5d28b\"},\"breadcrumb\":{\"@id\":\"https:\/\/www.vegaintro-projekti.com\/pilar-stari\/2023\/09\/za-jedno-hr-odrzana-zavrsna-konferencija-projekta-zagreb-19-9-2023\/#breadcrumb\"},\"inLanguage\":\"hr\",\"potentialAction\":[{\"@type\":\"ReadAction\",\"target\":[\"https:\/\/www.vegaintro-projekti.com\/pilar-stari\/2023\/09\/za-jedno-hr-odrzana-zavrsna-konferencija-projekta-zagreb-19-9-2023\/\"]}]},{\"@type\":\"BreadcrumbList\",\"@id\":\"https:\/\/www.vegaintro-projekti.com\/pilar-stari\/2023\/09\/za-jedno-hr-odrzana-zavrsna-konferencija-projekta-zagreb-19-9-2023\/#breadcrumb\",\"itemListElement\":[{\"@type\":\"ListItem\",\"position\":1,\"name\":\"Home\",\"item\":\"https:\/\/www.vegaintro-projekti.com\/pilar-stari\/\"},{\"@type\":\"ListItem\",\"position\":2,\"name\":\"ZA-JEDNO.HR \u2013 Odr\u017eana zavr\u0161na konferencija projekta; Zagreb, 19. 9. 2023.\"}]},{\"@type\":\"WebSite\",\"@id\":\"https:\/\/www.vegaintro-projekti.com\/pilar-stari\/#website\",\"url\":\"https:\/\/www.vegaintro-projekti.com\/pilar-stari\/\",\"name\":\"Institut dru&scaron;tvenih znanosti Ivo Pilar\",\"description\":\"Pilar\",\"potentialAction\":[{\"@type\":\"SearchAction\",\"target\":{\"@type\":\"EntryPoint\",\"urlTemplate\":\"https:\/\/www.vegaintro-projekti.com\/pilar-stari\/?s={search_term_string}\"},\"query-input\":\"required name=search_term_string\"}],\"inLanguage\":\"hr\"},{\"@type\":\"Person\",\"@id\":\"https:\/\/www.vegaintro-projekti.com\/pilar-stari\/#\/schema\/person\/ddd404c9f1e15e4ffef5986ac6a5d28b\",\"name\":\"Boris\",\"image\":{\"@type\":\"ImageObject\",\"inLanguage\":\"hr\",\"@id\":\"https:\/\/www.vegaintro-projekti.com\/pilar-stari\/#\/schema\/person\/image\/\",\"url\":\"https:\/\/secure.gravatar.com\/avatar\/29557b161a6ce6ab86ac1503164f1e90?s=96&d=mm&r=g\",\"contentUrl\":\"https:\/\/secure.gravatar.com\/avatar\/29557b161a6ce6ab86ac1503164f1e90?s=96&d=mm&r=g\",\"caption\":\"Boris\"},\"url\":\"https:\/\/www.vegaintro-projekti.com\/pilar-stari\/author\/boris\/\"}]}<\/script>\n<!-- \/ Yoast SEO plugin. -->","yoast_head_json":{"title":"ZA-JEDNO.HR \u2013 Odr\u017eana zavr\u0161na konferencija projekta; Zagreb, 19. 9. 2023. - Institut dru&scaron;tvenih znanosti Ivo Pilar","robots":{"index":"noindex","follow":"follow","max-snippet":"max-snippet:-1","max-image-preview":"max-image-preview:large","max-video-preview":"max-video-preview:-1"},"og_locale":"hr_HR","og_type":"article","og_title":"ZA-JEDNO.HR \u2013 Odr\u017eana zavr\u0161na konferencija projekta; Zagreb, 19. 9. 2023. - Institut dru&scaron;tvenih znanosti Ivo Pilar","og_description":"U dvorani Hrvatske matice iseljenika, a u organizaciji Humanitarne udruge \u201efra Mladen Hrka\u0107\u201c, odr\u017eana je 19. rujna zavr\u0161na konferencija projekta ZA-JEDNO.HR koji se financira iz Europskog socijalnog fonda Na konferenciji su predstavljeni rezultati uspje\u0161nog projekta stvaranja tematske mre\u017ee usmjerene hrvatskom iseljeni\u0161tvu, ali i istaknuti izazovi njegove provedbe. Unato\u010d svim izazovima tijekom tri godine trajanja projekta&hellip; Pro\u010ditaj vi\u0161e o ZA-JEDNO.HR \u2013 Odr\u017eana zavr\u0161na konferencija projekta; Zagreb, 19. 9. 2023.","og_url":"https:\/\/www.vegaintro-projekti.com\/pilar-stari\/2023\/09\/za-jedno-hr-odrzana-zavrsna-konferencija-projekta-zagreb-19-9-2023\/","og_site_name":"Institut dru&scaron;tvenih znanosti Ivo Pilar","article_published_time":"2023-09-26T13:09:47+00:00","article_modified_time":"2023-09-26T16:27:18+00:00","og_image":[{"width":500,"height":220,"url":"https:\/\/www.vegaintro-projekti.com\/pilar-stari\/wp-content\/uploads\/2023\/09\/IMG_fi1.jpg","type":"image\/jpeg"}],"author":"Boris","twitter_card":"summary_large_image","twitter_misc":{"Napisao\/la":"Boris","Procijenjeno vrijeme \u010ditanja":"2 minute"},"schema":{"@context":"https:\/\/schema.org","@graph":[{"@type":"WebPage","@id":"https:\/\/www.vegaintro-projekti.com\/pilar-stari\/2023\/09\/za-jedno-hr-odrzana-zavrsna-konferencija-projekta-zagreb-19-9-2023\/","url":"https:\/\/www.vegaintro-projekti.com\/pilar-stari\/2023\/09\/za-jedno-hr-odrzana-zavrsna-konferencija-projekta-zagreb-19-9-2023\/","name":"ZA-JEDNO.HR \u2013 Odr\u017eana zavr\u0161na konferencija projekta; Zagreb, 19. 9. 2023. - Institut dru&scaron;tvenih znanosti Ivo Pilar","isPartOf":{"@id":"https:\/\/www.vegaintro-projekti.com\/pilar-stari\/#website"},"datePublished":"2023-09-26T13:09:47+00:00","dateModified":"2023-09-26T16:27:18+00:00","author":{"@id":"https:\/\/www.vegaintro-projekti.com\/pilar-stari\/#\/schema\/person\/ddd404c9f1e15e4ffef5986ac6a5d28b"},"breadcrumb":{"@id":"https:\/\/www.vegaintro-projekti.com\/pilar-stari\/2023\/09\/za-jedno-hr-odrzana-zavrsna-konferencija-projekta-zagreb-19-9-2023\/#breadcrumb"},"inLanguage":"hr","potentialAction":[{"@type":"ReadAction","target":["https:\/\/www.vegaintro-projekti.com\/pilar-stari\/2023\/09\/za-jedno-hr-odrzana-zavrsna-konferencija-projekta-zagreb-19-9-2023\/"]}]},{"@type":"BreadcrumbList","@id":"https:\/\/www.vegaintro-projekti.com\/pilar-stari\/2023\/09\/za-jedno-hr-odrzana-zavrsna-konferencija-projekta-zagreb-19-9-2023\/#breadcrumb","itemListElement":[{"@type":"ListItem","position":1,"name":"Home","item":"https:\/\/www.vegaintro-projekti.com\/pilar-stari\/"},{"@type":"ListItem","position":2,"name":"ZA-JEDNO.HR \u2013 Odr\u017eana zavr\u0161na konferencija projekta; Zagreb, 19. 9. 2023."}]},{"@type":"WebSite","@id":"https:\/\/www.vegaintro-projekti.com\/pilar-stari\/#website","url":"https:\/\/www.vegaintro-projekti.com\/pilar-stari\/","name":"Institut dru&scaron;tvenih znanosti Ivo Pilar","description":"Pilar","potentialAction":[{"@type":"SearchAction","target":{"@type":"EntryPoint","urlTemplate":"https:\/\/www.vegaintro-projekti.com\/pilar-stari\/?s={search_term_string}"},"query-input":"required name=search_term_string"}],"inLanguage":"hr"},{"@type":"Person","@id":"https:\/\/www.vegaintro-projekti.com\/pilar-stari\/#\/schema\/person\/ddd404c9f1e15e4ffef5986ac6a5d28b","name":"Boris","image":{"@type":"ImageObject","inLanguage":"hr","@id":"https:\/\/www.vegaintro-projekti.com\/pilar-stari\/#\/schema\/person\/image\/","url":"https:\/\/secure.gravatar.com\/avatar\/29557b161a6ce6ab86ac1503164f1e90?s=96&d=mm&r=g","contentUrl":"https:\/\/secure.gravatar.com\/avatar\/29557b161a6ce6ab86ac1503164f1e90?s=96&d=mm&r=g","caption":"Boris"},"url":"https:\/\/www.vegaintro-projekti.com\/pilar-stari\/author\/boris\/"}]}},"_links":{"self":[{"href":"https:\/\/www.vegaintro-projekti.com\/pilar-stari\/wp-json\/wp\/v2\/posts\/27107"}],"collection":[{"href":"https:\/\/www.vegaintro-projekti.com\/pilar-stari\/wp-json\/wp\/v2\/posts"}],"about":[{"href":"https:\/\/www.vegaintro-projekti.com\/pilar-stari\/wp-json\/wp\/v2\/types\/post"}],"author":[{"embeddable":true,"href":"https:\/\/www.vegaintro-projekti.com\/pilar-stari\/wp-json\/wp\/v2\/users\/7"}],"replies":[{"embeddable":true,"href":"https:\/\/www.vegaintro-projekti.com\/pilar-stari\/wp-json\/wp\/v2\/comments?post=27107"}],"version-history":[{"count":4,"href":"https:\/\/www.vegaintro-projekti.com\/pilar-stari\/wp-json\/wp\/v2\/posts\/27107\/revisions"}],"predecessor-version":[{"id":27122,"href":"https:\/\/www.vegaintro-projekti.com\/pilar-stari\/wp-json\/wp\/v2\/posts\/27107\/revisions\/27122"}],"wp:featuredmedia":[{"embeddable":true,"href":"https:\/\/www.vegaintro-projekti.com\/pilar-stari\/wp-json\/wp\/v2\/media\/27110"}],"wp:attachment":[{"href":"https:\/\/www.vegaintro-projekti.com\/pilar-stari\/wp-json\/wp\/v2\/media?parent=27107"}],"wp:term":[{"taxonomy":"category","embeddable":true,"href":"https:\/\/www.vegaintro-projekti.com\/pilar-stari\/wp-json\/wp\/v2\/categories?post=27107"},{"taxonomy":"post_tag","embeddable":true,"href":"https:\/\/www.vegaintro-projekti.com\/pilar-stari\/wp-json\/wp\/v2\/tags?post=27107"}],"curies":[{"name":"wp","href":"https:\/\/api.w.org\/{rel}","templated":true}]}}