{"id":27202,"date":"2023-10-04T09:10:26","date_gmt":"2023-10-04T09:10:26","guid":{"rendered":"https:\/\/www.vegaintro-projekti.com\/pilar-stari\/?p=27202"},"modified":"2023-10-04T10:00:49","modified_gmt":"2023-10-04T10:00:49","slug":"dr-sc-rebeka-mesaric-na-33rd-aemi-konferenciji-intersections-of-migrations-and-work-ljubljana-28-9-2023","status":"publish","type":"post","link":"https:\/\/www.vegaintro-projekti.com\/pilar-stari\/2023\/10\/dr-sc-rebeka-mesaric-na-33rd-aemi-konferenciji-intersections-of-migrations-and-work-ljubljana-28-9-2023\/","title":{"rendered":"Dr. sc. Rebeka Mesari\u0107 na 33rd AEMI konferenciji \u201cIntersections of migrations and work&#8221;; Ljubljana, 28. 9. 2023."},"content":{"rendered":"<p><strong>Dr. sc. Rebeka Mesari\u0107 \u017dab\u010di\u0107 sudjelovala je 28. rujna 2023. u Ljubljani na 33rd AEMI konferenciji \u201cIntersections of migrations and work &#8211; Exploring labour migration trough social, historical and gender perspectives\u201d na kojoj je u koautorstvu s dr. sc. Natashom Kathleen Ru\u017ei\u0107 imala izlaganje \u201cPerspectives of female returnees established as entrepreneurs in Republic of Croatia\u201d<\/strong><\/p>\n<div class=\"wp-block-image\">\n<p><a href=\"http:\/\/aemi.hl1181.dinaserver.com\/2023\/07\/12\/__trashed\/\"><img decoding=\"async\" loading=\"lazy\" class=\"alignnone wp-image-27192 size-full\" src=\"https:\/\/www.vegaintro-projekti.com\/pilar-stari\/wp-content\/uploads\/2023\/10\/IMG-2.jpg\" alt=\"img\" width=\"620\" height=\"363\" srcset=\"https:\/\/www.vegaintro-projekti.com\/pilar-stari\/wp-content\/uploads\/2023\/10\/IMG-2.jpg 620w, https:\/\/www.vegaintro-projekti.com\/pilar-stari\/wp-content\/uploads\/2023\/10\/IMG-2-300x176.jpg 300w\" sizes=\"(max-width: 620px) 100vw, 620px\" \/><\/a><a href=\"https:\/\/www.vegaintro-projekti.com\/pilar-stari\/wp-content\/uploads\/2023\/10\/IMG_4.jpg\"><img decoding=\"async\" loading=\"lazy\" class=\"alignnone wp-image-27200 size-full\" src=\"https:\/\/www.vegaintro-projekti.com\/pilar-stari\/wp-content\/uploads\/2023\/10\/IMG_4s.jpg\" alt=\"img\" width=\"620\" height=\"315\" srcset=\"https:\/\/www.vegaintro-projekti.com\/pilar-stari\/wp-content\/uploads\/2023\/10\/IMG_4s.jpg 620w, https:\/\/www.vegaintro-projekti.com\/pilar-stari\/wp-content\/uploads\/2023\/10\/IMG_4s-300x152.jpg 300w\" sizes=\"(max-width: 620px) 100vw, 620px\" \/><\/a><a href=\"https:\/\/www.vegaintro-projekti.com\/pilar-stari\/wp-content\/uploads\/2023\/10\/IMG_1.jpg\"><img decoding=\"async\" loading=\"lazy\" class=\"alignnone wp-image-27194 size-full\" src=\"https:\/\/www.vegaintro-projekti.com\/pilar-stari\/wp-content\/uploads\/2023\/10\/IMG_1s.jpg\" alt=\"img\" width=\"310\" height=\"174\" srcset=\"https:\/\/www.vegaintro-projekti.com\/pilar-stari\/wp-content\/uploads\/2023\/10\/IMG_1s.jpg 310w, https:\/\/www.vegaintro-projekti.com\/pilar-stari\/wp-content\/uploads\/2023\/10\/IMG_1s-300x168.jpg 300w\" sizes=\"(max-width: 310px) 100vw, 310px\" \/><\/a><a href=\"https:\/\/www.vegaintro-projekti.com\/pilar-stari\/wp-content\/uploads\/2023\/10\/IMG_2.jpg\"><img decoding=\"async\" loading=\"lazy\" class=\"alignnone wp-image-27196 size-full\" src=\"https:\/\/www.vegaintro-projekti.com\/pilar-stari\/wp-content\/uploads\/2023\/10\/IMG_2s.jpg\" alt=\"img4\" width=\"310\" height=\"174\" srcset=\"https:\/\/www.vegaintro-projekti.com\/pilar-stari\/wp-content\/uploads\/2023\/10\/IMG_2s.jpg 310w, https:\/\/www.vegaintro-projekti.com\/pilar-stari\/wp-content\/uploads\/2023\/10\/IMG_2s-300x168.jpg 300w\" sizes=\"(max-width: 310px) 100vw, 310px\" \/><\/a><a href=\"https:\/\/www.vegaintro-projekti.com\/pilar-stari\/wp-content\/uploads\/2023\/10\/IMG_3.jpg\"><img decoding=\"async\" loading=\"lazy\" class=\"alignnone wp-image-27198 size-full\" src=\"https:\/\/www.vegaintro-projekti.com\/pilar-stari\/wp-content\/uploads\/2023\/10\/IMG_3s.jpg\" alt=\"img5\" width=\"620\" height=\"274\" srcset=\"https:\/\/www.vegaintro-projekti.com\/pilar-stari\/wp-content\/uploads\/2023\/10\/IMG_3s.jpg 620w, https:\/\/www.vegaintro-projekti.com\/pilar-stari\/wp-content\/uploads\/2023\/10\/IMG_3s-300x133.jpg 300w\" sizes=\"(max-width: 620px) 100vw, 620px\" \/><\/a><\/p>\n<\/div>\n<p><strong>&#8211; Program skupa:<\/strong> <a href=\"http:\/\/aemi.hl1181.dinaserver.com\/2023\/07\/12\/__trashed\/\">33rd AEMI: Intersections of migrations and work; Ljubljana, 28. 9. 2023.<\/a><\/p>\n<blockquote><p><a href=\"https:\/\/www.vegaintro-projekti.com\/pilar-stari\/biografije\/user-bio\/?my_user_id=369\">Dr. sc. Rebeka Mesari\u0107 \u017dab\u010di\u0107<\/a><\/p><\/blockquote>\n","protected":false},"excerpt":{"rendered":"<p>Dr. sc. Rebeka Mesari\u0107 \u017dab\u010di\u0107 sudjelovala je 28. rujna 2023. u Ljubljani na 33rd AEMI konferenciji \u201cIntersections of migrations and work &#8211; Exploring labour migration trough social, historical and gender perspectives\u201d na kojoj je u koautorstvu s dr. sc. Natashom Kathleen Ru\u017ei\u0107 imala izlaganje \u201cPerspectives of female returnees established as entrepreneurs in Republic of Croatia\u201d&hellip; <a class=\"continue\" href=\"https:\/\/www.vegaintro-projekti.com\/pilar-stari\/2023\/10\/dr-sc-rebeka-mesaric-na-33rd-aemi-konferenciji-intersections-of-migrations-and-work-ljubljana-28-9-2023\/\">Pro\u010ditaj vi\u0161e o<span> Dr. sc. Rebeka Mesari\u0107 na 33rd AEMI konferenciji \u201cIntersections of migrations and work&#8221;; Ljubljana, 28. 9. 2023.<\/span><\/a><\/p>\n","protected":false},"author":7,"featured_media":27201,"comment_status":"closed","ping_status":"closed","sticky":false,"template":"","format":"standard","meta":{"inline_featured_image":false,"ngg_post_thumbnail":0,"footnotes":""},"categories":[48,11],"tags":[],"yoast_head":"<!-- This site is optimized with the Yoast SEO plugin v21.2 - https:\/\/yoast.com\/wordpress\/plugins\/seo\/ -->\n<title>Dr. sc. Rebeka Mesari\u0107 na 33rd AEMI konferenciji \u201cIntersections of migrations and work&quot;; Ljubljana, 28. 9. 2023. - Institut dru&scaron;tvenih znanosti Ivo Pilar<\/title>\n<meta name=\"robots\" content=\"noindex, follow, max-snippet:-1, max-image-preview:large, max-video-preview:-1\" \/>\n<meta property=\"og:locale\" content=\"hr_HR\" \/>\n<meta property=\"og:type\" content=\"article\" \/>\n<meta property=\"og:title\" content=\"Dr. sc. Rebeka Mesari\u0107 na 33rd AEMI konferenciji \u201cIntersections of migrations and work&quot;; Ljubljana, 28. 9. 2023. - Institut dru&scaron;tvenih znanosti Ivo Pilar\" \/>\n<meta property=\"og:description\" content=\"Dr. sc. Rebeka Mesari\u0107 \u017dab\u010di\u0107 sudjelovala je 28. rujna 2023. u Ljubljani na 33rd AEMI konferenciji \u201cIntersections of migrations and work &#8211; Exploring labour migration trough social, historical and gender perspectives\u201d na kojoj je u koautorstvu s dr. sc. Natashom Kathleen Ru\u017ei\u0107 imala izlaganje \u201cPerspectives of female returnees established as entrepreneurs in Republic of Croatia\u201d&hellip; Pro\u010ditaj vi\u0161e o Dr. sc. Rebeka Mesari\u0107 na 33rd AEMI konferenciji \u201cIntersections of migrations and work&#8221;; Ljubljana, 28. 9. 2023.\" \/>\n<meta property=\"og:url\" content=\"https:\/\/www.vegaintro-projekti.com\/pilar-stari\/2023\/10\/dr-sc-rebeka-mesaric-na-33rd-aemi-konferenciji-intersections-of-migrations-and-work-ljubljana-28-9-2023\/\" \/>\n<meta property=\"og:site_name\" content=\"Institut dru&scaron;tvenih znanosti Ivo Pilar\" \/>\n<meta property=\"article:published_time\" content=\"2023-10-04T09:10:26+00:00\" \/>\n<meta property=\"article:modified_time\" content=\"2023-10-04T10:00:49+00:00\" \/>\n<meta property=\"og:image\" content=\"https:\/\/www.vegaintro-projekti.com\/pilar-stari\/wp-content\/uploads\/2023\/10\/IMG_fi-2.jpg\" \/>\n\t<meta property=\"og:image:width\" content=\"498\" \/>\n\t<meta property=\"og:image:height\" content=\"221\" \/>\n\t<meta property=\"og:image:type\" content=\"image\/jpeg\" \/>\n<meta name=\"author\" content=\"Boris\" \/>\n<meta name=\"twitter:card\" content=\"summary_large_image\" \/>\n<meta name=\"twitter:label1\" content=\"Napisao\/la\" \/>\n\t<meta name=\"twitter:data1\" content=\"Boris\" \/>\n\t<meta name=\"twitter:label2\" content=\"Procijenjeno vrijeme \u010ditanja\" \/>\n\t<meta name=\"twitter:data2\" content=\"2 minute\" \/>\n<script type=\"application\/ld+json\" class=\"yoast-schema-graph\">{\"@context\":\"https:\/\/schema.org\",\"@graph\":[{\"@type\":\"WebPage\",\"@id\":\"https:\/\/www.vegaintro-projekti.com\/pilar-stari\/2023\/10\/dr-sc-rebeka-mesaric-na-33rd-aemi-konferenciji-intersections-of-migrations-and-work-ljubljana-28-9-2023\/\",\"url\":\"https:\/\/www.vegaintro-projekti.com\/pilar-stari\/2023\/10\/dr-sc-rebeka-mesaric-na-33rd-aemi-konferenciji-intersections-of-migrations-and-work-ljubljana-28-9-2023\/\",\"name\":\"Dr. sc. Rebeka Mesari\u0107 na 33rd AEMI konferenciji \u201cIntersections of migrations and work\\\"; Ljubljana, 28. 9. 2023. - Institut dru&scaron;tvenih znanosti Ivo Pilar\",\"isPartOf\":{\"@id\":\"https:\/\/www.vegaintro-projekti.com\/pilar-stari\/#website\"},\"datePublished\":\"2023-10-04T09:10:26+00:00\",\"dateModified\":\"2023-10-04T10:00:49+00:00\",\"author\":{\"@id\":\"https:\/\/www.vegaintro-projekti.com\/pilar-stari\/#\/schema\/person\/ddd404c9f1e15e4ffef5986ac6a5d28b\"},\"breadcrumb\":{\"@id\":\"https:\/\/www.vegaintro-projekti.com\/pilar-stari\/2023\/10\/dr-sc-rebeka-mesaric-na-33rd-aemi-konferenciji-intersections-of-migrations-and-work-ljubljana-28-9-2023\/#breadcrumb\"},\"inLanguage\":\"hr\",\"potentialAction\":[{\"@type\":\"ReadAction\",\"target\":[\"https:\/\/www.vegaintro-projekti.com\/pilar-stari\/2023\/10\/dr-sc-rebeka-mesaric-na-33rd-aemi-konferenciji-intersections-of-migrations-and-work-ljubljana-28-9-2023\/\"]}]},{\"@type\":\"BreadcrumbList\",\"@id\":\"https:\/\/www.vegaintro-projekti.com\/pilar-stari\/2023\/10\/dr-sc-rebeka-mesaric-na-33rd-aemi-konferenciji-intersections-of-migrations-and-work-ljubljana-28-9-2023\/#breadcrumb\",\"itemListElement\":[{\"@type\":\"ListItem\",\"position\":1,\"name\":\"Home\",\"item\":\"https:\/\/www.vegaintro-projekti.com\/pilar-stari\/\"},{\"@type\":\"ListItem\",\"position\":2,\"name\":\"Dr. sc. Rebeka Mesari\u0107 na 33rd AEMI konferenciji \u201cIntersections of migrations and work&#8221;; Ljubljana, 28. 9. 2023.\"}]},{\"@type\":\"WebSite\",\"@id\":\"https:\/\/www.vegaintro-projekti.com\/pilar-stari\/#website\",\"url\":\"https:\/\/www.vegaintro-projekti.com\/pilar-stari\/\",\"name\":\"Institut dru&scaron;tvenih znanosti Ivo Pilar\",\"description\":\"Pilar\",\"potentialAction\":[{\"@type\":\"SearchAction\",\"target\":{\"@type\":\"EntryPoint\",\"urlTemplate\":\"https:\/\/www.vegaintro-projekti.com\/pilar-stari\/?s={search_term_string}\"},\"query-input\":\"required name=search_term_string\"}],\"inLanguage\":\"hr\"},{\"@type\":\"Person\",\"@id\":\"https:\/\/www.vegaintro-projekti.com\/pilar-stari\/#\/schema\/person\/ddd404c9f1e15e4ffef5986ac6a5d28b\",\"name\":\"Boris\",\"image\":{\"@type\":\"ImageObject\",\"inLanguage\":\"hr\",\"@id\":\"https:\/\/www.vegaintro-projekti.com\/pilar-stari\/#\/schema\/person\/image\/\",\"url\":\"https:\/\/secure.gravatar.com\/avatar\/29557b161a6ce6ab86ac1503164f1e90?s=96&d=mm&r=g\",\"contentUrl\":\"https:\/\/secure.gravatar.com\/avatar\/29557b161a6ce6ab86ac1503164f1e90?s=96&d=mm&r=g\",\"caption\":\"Boris\"},\"url\":\"https:\/\/www.vegaintro-projekti.com\/pilar-stari\/author\/boris\/\"}]}<\/script>\n<!-- \/ Yoast SEO plugin. -->","yoast_head_json":{"title":"Dr. sc. Rebeka Mesari\u0107 na 33rd AEMI konferenciji \u201cIntersections of migrations and work\"; Ljubljana, 28. 9. 2023. - Institut dru&scaron;tvenih znanosti Ivo Pilar","robots":{"index":"noindex","follow":"follow","max-snippet":"max-snippet:-1","max-image-preview":"max-image-preview:large","max-video-preview":"max-video-preview:-1"},"og_locale":"hr_HR","og_type":"article","og_title":"Dr. sc. Rebeka Mesari\u0107 na 33rd AEMI konferenciji \u201cIntersections of migrations and work\"; Ljubljana, 28. 9. 2023. - Institut dru&scaron;tvenih znanosti Ivo Pilar","og_description":"Dr. sc. Rebeka Mesari\u0107 \u017dab\u010di\u0107 sudjelovala je 28. rujna 2023. u Ljubljani na 33rd AEMI konferenciji \u201cIntersections of migrations and work &#8211; Exploring labour migration trough social, historical and gender perspectives\u201d na kojoj je u koautorstvu s dr. sc. Natashom Kathleen Ru\u017ei\u0107 imala izlaganje \u201cPerspectives of female returnees established as entrepreneurs in Republic of Croatia\u201d&hellip; Pro\u010ditaj vi\u0161e o Dr. sc. Rebeka Mesari\u0107 na 33rd AEMI konferenciji \u201cIntersections of migrations and work&#8221;; Ljubljana, 28. 9. 2023.","og_url":"https:\/\/www.vegaintro-projekti.com\/pilar-stari\/2023\/10\/dr-sc-rebeka-mesaric-na-33rd-aemi-konferenciji-intersections-of-migrations-and-work-ljubljana-28-9-2023\/","og_site_name":"Institut dru&scaron;tvenih znanosti Ivo Pilar","article_published_time":"2023-10-04T09:10:26+00:00","article_modified_time":"2023-10-04T10:00:49+00:00","og_image":[{"width":498,"height":221,"url":"https:\/\/www.vegaintro-projekti.com\/pilar-stari\/wp-content\/uploads\/2023\/10\/IMG_fi-2.jpg","type":"image\/jpeg"}],"author":"Boris","twitter_card":"summary_large_image","twitter_misc":{"Napisao\/la":"Boris","Procijenjeno vrijeme \u010ditanja":"2 minute"},"schema":{"@context":"https:\/\/schema.org","@graph":[{"@type":"WebPage","@id":"https:\/\/www.vegaintro-projekti.com\/pilar-stari\/2023\/10\/dr-sc-rebeka-mesaric-na-33rd-aemi-konferenciji-intersections-of-migrations-and-work-ljubljana-28-9-2023\/","url":"https:\/\/www.vegaintro-projekti.com\/pilar-stari\/2023\/10\/dr-sc-rebeka-mesaric-na-33rd-aemi-konferenciji-intersections-of-migrations-and-work-ljubljana-28-9-2023\/","name":"Dr. sc. Rebeka Mesari\u0107 na 33rd AEMI konferenciji \u201cIntersections of migrations and work\"; Ljubljana, 28. 9. 2023. - Institut dru&scaron;tvenih znanosti Ivo Pilar","isPartOf":{"@id":"https:\/\/www.vegaintro-projekti.com\/pilar-stari\/#website"},"datePublished":"2023-10-04T09:10:26+00:00","dateModified":"2023-10-04T10:00:49+00:00","author":{"@id":"https:\/\/www.vegaintro-projekti.com\/pilar-stari\/#\/schema\/person\/ddd404c9f1e15e4ffef5986ac6a5d28b"},"breadcrumb":{"@id":"https:\/\/www.vegaintro-projekti.com\/pilar-stari\/2023\/10\/dr-sc-rebeka-mesaric-na-33rd-aemi-konferenciji-intersections-of-migrations-and-work-ljubljana-28-9-2023\/#breadcrumb"},"inLanguage":"hr","potentialAction":[{"@type":"ReadAction","target":["https:\/\/www.vegaintro-projekti.com\/pilar-stari\/2023\/10\/dr-sc-rebeka-mesaric-na-33rd-aemi-konferenciji-intersections-of-migrations-and-work-ljubljana-28-9-2023\/"]}]},{"@type":"BreadcrumbList","@id":"https:\/\/www.vegaintro-projekti.com\/pilar-stari\/2023\/10\/dr-sc-rebeka-mesaric-na-33rd-aemi-konferenciji-intersections-of-migrations-and-work-ljubljana-28-9-2023\/#breadcrumb","itemListElement":[{"@type":"ListItem","position":1,"name":"Home","item":"https:\/\/www.vegaintro-projekti.com\/pilar-stari\/"},{"@type":"ListItem","position":2,"name":"Dr. sc. Rebeka Mesari\u0107 na 33rd AEMI konferenciji \u201cIntersections of migrations and work&#8221;; Ljubljana, 28. 9. 2023."}]},{"@type":"WebSite","@id":"https:\/\/www.vegaintro-projekti.com\/pilar-stari\/#website","url":"https:\/\/www.vegaintro-projekti.com\/pilar-stari\/","name":"Institut dru&scaron;tvenih znanosti Ivo Pilar","description":"Pilar","potentialAction":[{"@type":"SearchAction","target":{"@type":"EntryPoint","urlTemplate":"https:\/\/www.vegaintro-projekti.com\/pilar-stari\/?s={search_term_string}"},"query-input":"required name=search_term_string"}],"inLanguage":"hr"},{"@type":"Person","@id":"https:\/\/www.vegaintro-projekti.com\/pilar-stari\/#\/schema\/person\/ddd404c9f1e15e4ffef5986ac6a5d28b","name":"Boris","image":{"@type":"ImageObject","inLanguage":"hr","@id":"https:\/\/www.vegaintro-projekti.com\/pilar-stari\/#\/schema\/person\/image\/","url":"https:\/\/secure.gravatar.com\/avatar\/29557b161a6ce6ab86ac1503164f1e90?s=96&d=mm&r=g","contentUrl":"https:\/\/secure.gravatar.com\/avatar\/29557b161a6ce6ab86ac1503164f1e90?s=96&d=mm&r=g","caption":"Boris"},"url":"https:\/\/www.vegaintro-projekti.com\/pilar-stari\/author\/boris\/"}]}},"_links":{"self":[{"href":"https:\/\/www.vegaintro-projekti.com\/pilar-stari\/wp-json\/wp\/v2\/posts\/27202"}],"collection":[{"href":"https:\/\/www.vegaintro-projekti.com\/pilar-stari\/wp-json\/wp\/v2\/posts"}],"about":[{"href":"https:\/\/www.vegaintro-projekti.com\/pilar-stari\/wp-json\/wp\/v2\/types\/post"}],"author":[{"embeddable":true,"href":"https:\/\/www.vegaintro-projekti.com\/pilar-stari\/wp-json\/wp\/v2\/users\/7"}],"replies":[{"embeddable":true,"href":"https:\/\/www.vegaintro-projekti.com\/pilar-stari\/wp-json\/wp\/v2\/comments?post=27202"}],"version-history":[{"count":4,"href":"https:\/\/www.vegaintro-projekti.com\/pilar-stari\/wp-json\/wp\/v2\/posts\/27202\/revisions"}],"predecessor-version":[{"id":27206,"href":"https:\/\/www.vegaintro-projekti.com\/pilar-stari\/wp-json\/wp\/v2\/posts\/27202\/revisions\/27206"}],"wp:featuredmedia":[{"embeddable":true,"href":"https:\/\/www.vegaintro-projekti.com\/pilar-stari\/wp-json\/wp\/v2\/media\/27201"}],"wp:attachment":[{"href":"https:\/\/www.vegaintro-projekti.com\/pilar-stari\/wp-json\/wp\/v2\/media?parent=27202"}],"wp:term":[{"taxonomy":"category","embeddable":true,"href":"https:\/\/www.vegaintro-projekti.com\/pilar-stari\/wp-json\/wp\/v2\/categories?post=27202"},{"taxonomy":"post_tag","embeddable":true,"href":"https:\/\/www.vegaintro-projekti.com\/pilar-stari\/wp-json\/wp\/v2\/tags?post=27202"}],"curies":[{"name":"wp","href":"https:\/\/api.w.org\/{rel}","templated":true}]}}