{"id":27364,"date":"2023-10-17T12:51:30","date_gmt":"2023-10-17T12:51:30","guid":{"rendered":"https:\/\/www.vegaintro-projekti.com\/pilar-stari\/?p=27364"},"modified":"2023-10-17T13:03:02","modified_gmt":"2023-10-17T13:03:02","slug":"dr-sc-sasa-poljanec-boric-postoji-li-potreba-za-eu-direktivom-o-prekomjernom-turizmu-plitvicka-jezera-15-16-9-2023","status":"publish","type":"post","link":"https:\/\/www.vegaintro-projekti.com\/pilar-stari\/2023\/10\/dr-sc-sasa-poljanec-boric-postoji-li-potreba-za-eu-direktivom-o-prekomjernom-turizmu-plitvicka-jezera-15-16-9-2023\/","title":{"rendered":"Dr. sc. \u0160a\u0161a Poljanec-Bori\u0107: Postoji li potreba za EU direktivom o prekomjernom turizmu?; Plitvi\u010dka jezera, 15.-16. 9. 2023."},"content":{"rendered":"<p><strong>Portal ESD objavio je radove s 99. International Scientific Conference on Economic and Social Development, odr\u017eane na Plitvi\u010dkim jezerima 15.-16. rujna 2023., me\u0111u kojima i rad dr. sc. \u0160a\u0161a Poljanec-Bori\u0107 pod naslovom TOURISM, NATIONAL PARKS, AND CLIMATE CHANGE: IS THERE A NEED FOR AN EU DIRECTIVE ON OVER-TOURISM?<\/strong><\/p>\n<div class=\"wp-block-image\"><img decoding=\"async\" loading=\"lazy\" class=\"alignnone wp-image-27363 size-full\" src=\"https:\/\/www.vegaintro-projekti.com\/pilar-stari\/wp-content\/uploads\/2023\/10\/SPB_s.jpg\" alt=\"i1\" width=\"620\" height=\"325\" srcset=\"https:\/\/www.vegaintro-projekti.com\/pilar-stari\/wp-content\/uploads\/2023\/10\/SPB_s.jpg 620w, https:\/\/www.vegaintro-projekti.com\/pilar-stari\/wp-content\/uploads\/2023\/10\/SPB_s-300x157.jpg 300w\" sizes=\"(max-width: 620px) 100vw, 620px\" \/><\/div>\n<p><strong><br \/>\n&#8211; Book of Proceedings:<\/strong> <a href=\"https:\/\/www.esd-conference.com\/upload\/book_of_proceedings\/Book_of_Proceedings_esdPlitviceLakes2023_Online.pdf\">Economic and Social Development &#8211; 99th International Scientific Conference on Economic and Social Development, Plitvice Lakes, 15-16 September, 2023<\/a><\/p>\n<p><span style=\"font-size: 14pt;\">Apstract<\/span><\/p>\n<p><strong>TOURISM, NATIONAL PARKS, AND CLIMATE CHANGE: IS THERE A NEED FOR AN EU DIRECTIVE ON OVER-TOURISM?<\/strong><br \/>\n<strong>Sa\u0161a Poljanec-Bori\u0107<\/strong><\/p>\n<p>The article is written as a conceptual paper reflecting on interrelation of nature protection and tourism in the context of European Green Deal. A focus of the article is the problem of overtourism present in specific EU destinations and in Croatia as a whole. The argument supporting the hypothesis that Croatia as a country is burdened with overtourism is linked to the statistical evidence showing that tourism contributes roughly 25% of country\u2019s GDP. Overtourism is perceived as structural problem inherent to unregulated flow of tourists in Europe and additionally supported by chaotic contraction of public sector in transitional economies. Thus, it is suggested that overtourism is an EU problem. The context of European Green Plan as a strategic EU development choice in the era of climate change is addressed. Within this context the growth of tourist visits to National Park \u201cPlitivi\u010dka jezera\u201d is discussed as an empirical example of overtourism where the context of European Green Plan, two Directives on Biodiversity and overtourism interrelate. Cases of overtourism in Barcelona, Venice, Amsterdam and Prag are also tackled as examples of scope of overtourism problems in Europe. It is concluded that body of secondary laws which ensure the rule of law in the EU are tools to regulate (negative) externalities immanent to overtourism. Therefore, a Decision on overtourism in Croatia and an EU Direction on overtourism is suggested.<\/p>\n<p><strong>Keywords:<\/strong> Nature protection, overtourism, European Green Deal, National Park \u201cPlitvi\u010dka jezera, Decision, Direction, European Union<\/p>\n<blockquote><p><a href=\"https:\/\/www.vegaintro-projekti.com\/pilar-stari\/biografije\/user-bio\/?my_user_id=47\">Dr. sc. \u0160a\u0161a Poljanec-Bori\u0107<\/a><\/p><\/blockquote>\n","protected":false},"excerpt":{"rendered":"<p>Portal ESD objavio je radove s 99. International Scientific Conference on Economic and Social Development, odr\u017eane na Plitvi\u010dkim jezerima 15.-16. rujna 2023., me\u0111u kojima i rad dr. sc. \u0160a\u0161a Poljanec-Bori\u0107 pod naslovom TOURISM, NATIONAL PARKS, AND CLIMATE CHANGE: IS THERE A NEED FOR AN EU DIRECTIVE ON OVER-TOURISM? &#8211; Book of Proceedings: Economic and Social&hellip; <a class=\"continue\" href=\"https:\/\/www.vegaintro-projekti.com\/pilar-stari\/2023\/10\/dr-sc-sasa-poljanec-boric-postoji-li-potreba-za-eu-direktivom-o-prekomjernom-turizmu-plitvicka-jezera-15-16-9-2023\/\">Pro\u010ditaj vi\u0161e o<span> Dr. sc. \u0160a\u0161a Poljanec-Bori\u0107: Postoji li potreba za EU direktivom o prekomjernom turizmu?; Plitvi\u010dka jezera, 15.-16. 9. 2023.<\/span><\/a><\/p>\n","protected":false},"author":7,"featured_media":27362,"comment_status":"closed","ping_status":"closed","sticky":false,"template":"","format":"standard","meta":{"inline_featured_image":false,"ngg_post_thumbnail":0,"footnotes":""},"categories":[48,12],"tags":[],"yoast_head":"<!-- This site is optimized with the Yoast SEO plugin v21.2 - https:\/\/yoast.com\/wordpress\/plugins\/seo\/ -->\n<title>Dr. sc. \u0160a\u0161a Poljanec-Bori\u0107: Postoji li potreba za EU direktivom o prekomjernom turizmu?; Plitvi\u010dka jezera, 15.-16. 9. 2023. - Institut dru&scaron;tvenih znanosti Ivo Pilar<\/title>\n<meta name=\"robots\" content=\"noindex, follow, max-snippet:-1, max-image-preview:large, max-video-preview:-1\" \/>\n<meta property=\"og:locale\" content=\"hr_HR\" \/>\n<meta property=\"og:type\" content=\"article\" \/>\n<meta property=\"og:title\" content=\"Dr. sc. \u0160a\u0161a Poljanec-Bori\u0107: Postoji li potreba za EU direktivom o prekomjernom turizmu?; Plitvi\u010dka jezera, 15.-16. 9. 2023. - Institut dru&scaron;tvenih znanosti Ivo Pilar\" \/>\n<meta property=\"og:description\" content=\"Portal ESD objavio je radove s 99. International Scientific Conference on Economic and Social Development, odr\u017eane na Plitvi\u010dkim jezerima 15.-16. rujna 2023., me\u0111u kojima i rad dr. sc. \u0160a\u0161a Poljanec-Bori\u0107 pod naslovom TOURISM, NATIONAL PARKS, AND CLIMATE CHANGE: IS THERE A NEED FOR AN EU DIRECTIVE ON OVER-TOURISM? &#8211; Book of Proceedings: Economic and Social&hellip; Pro\u010ditaj vi\u0161e o Dr. sc. \u0160a\u0161a Poljanec-Bori\u0107: Postoji li potreba za EU direktivom o prekomjernom turizmu?; Plitvi\u010dka jezera, 15.-16. 9. 2023.\" \/>\n<meta property=\"og:url\" content=\"https:\/\/www.vegaintro-projekti.com\/pilar-stari\/2023\/10\/dr-sc-sasa-poljanec-boric-postoji-li-potreba-za-eu-direktivom-o-prekomjernom-turizmu-plitvicka-jezera-15-16-9-2023\/\" \/>\n<meta property=\"og:site_name\" content=\"Institut dru&scaron;tvenih znanosti Ivo Pilar\" \/>\n<meta property=\"article:published_time\" content=\"2023-10-17T12:51:30+00:00\" \/>\n<meta property=\"article:modified_time\" content=\"2023-10-17T13:03:02+00:00\" \/>\n<meta property=\"og:image\" content=\"https:\/\/www.vegaintro-projekti.com\/pilar-stari\/wp-content\/uploads\/2023\/10\/SPB_fi.jpg\" \/>\n\t<meta property=\"og:image:width\" content=\"499\" \/>\n\t<meta property=\"og:image:height\" content=\"220\" \/>\n\t<meta property=\"og:image:type\" content=\"image\/jpeg\" \/>\n<meta name=\"author\" content=\"Boris\" \/>\n<meta name=\"twitter:card\" content=\"summary_large_image\" \/>\n<meta name=\"twitter:label1\" content=\"Napisao\/la\" \/>\n\t<meta name=\"twitter:data1\" content=\"Boris\" \/>\n\t<meta name=\"twitter:label2\" content=\"Procijenjeno vrijeme \u010ditanja\" \/>\n\t<meta name=\"twitter:data2\" content=\"2 minute\" \/>\n<script type=\"application\/ld+json\" class=\"yoast-schema-graph\">{\"@context\":\"https:\/\/schema.org\",\"@graph\":[{\"@type\":\"WebPage\",\"@id\":\"https:\/\/www.vegaintro-projekti.com\/pilar-stari\/2023\/10\/dr-sc-sasa-poljanec-boric-postoji-li-potreba-za-eu-direktivom-o-prekomjernom-turizmu-plitvicka-jezera-15-16-9-2023\/\",\"url\":\"https:\/\/www.vegaintro-projekti.com\/pilar-stari\/2023\/10\/dr-sc-sasa-poljanec-boric-postoji-li-potreba-za-eu-direktivom-o-prekomjernom-turizmu-plitvicka-jezera-15-16-9-2023\/\",\"name\":\"Dr. sc. \u0160a\u0161a Poljanec-Bori\u0107: Postoji li potreba za EU direktivom o prekomjernom turizmu?; Plitvi\u010dka jezera, 15.-16. 9. 2023. - Institut dru&scaron;tvenih znanosti Ivo Pilar\",\"isPartOf\":{\"@id\":\"https:\/\/www.vegaintro-projekti.com\/pilar-stari\/#website\"},\"datePublished\":\"2023-10-17T12:51:30+00:00\",\"dateModified\":\"2023-10-17T13:03:02+00:00\",\"author\":{\"@id\":\"https:\/\/www.vegaintro-projekti.com\/pilar-stari\/#\/schema\/person\/ddd404c9f1e15e4ffef5986ac6a5d28b\"},\"breadcrumb\":{\"@id\":\"https:\/\/www.vegaintro-projekti.com\/pilar-stari\/2023\/10\/dr-sc-sasa-poljanec-boric-postoji-li-potreba-za-eu-direktivom-o-prekomjernom-turizmu-plitvicka-jezera-15-16-9-2023\/#breadcrumb\"},\"inLanguage\":\"hr\",\"potentialAction\":[{\"@type\":\"ReadAction\",\"target\":[\"https:\/\/www.vegaintro-projekti.com\/pilar-stari\/2023\/10\/dr-sc-sasa-poljanec-boric-postoji-li-potreba-za-eu-direktivom-o-prekomjernom-turizmu-plitvicka-jezera-15-16-9-2023\/\"]}]},{\"@type\":\"BreadcrumbList\",\"@id\":\"https:\/\/www.vegaintro-projekti.com\/pilar-stari\/2023\/10\/dr-sc-sasa-poljanec-boric-postoji-li-potreba-za-eu-direktivom-o-prekomjernom-turizmu-plitvicka-jezera-15-16-9-2023\/#breadcrumb\",\"itemListElement\":[{\"@type\":\"ListItem\",\"position\":1,\"name\":\"Home\",\"item\":\"https:\/\/www.vegaintro-projekti.com\/pilar-stari\/\"},{\"@type\":\"ListItem\",\"position\":2,\"name\":\"Dr. sc. \u0160a\u0161a Poljanec-Bori\u0107: Postoji li potreba za EU direktivom o prekomjernom turizmu?; Plitvi\u010dka jezera, 15.-16. 9. 2023.\"}]},{\"@type\":\"WebSite\",\"@id\":\"https:\/\/www.vegaintro-projekti.com\/pilar-stari\/#website\",\"url\":\"https:\/\/www.vegaintro-projekti.com\/pilar-stari\/\",\"name\":\"Institut dru&scaron;tvenih znanosti Ivo Pilar\",\"description\":\"Pilar\",\"potentialAction\":[{\"@type\":\"SearchAction\",\"target\":{\"@type\":\"EntryPoint\",\"urlTemplate\":\"https:\/\/www.vegaintro-projekti.com\/pilar-stari\/?s={search_term_string}\"},\"query-input\":\"required name=search_term_string\"}],\"inLanguage\":\"hr\"},{\"@type\":\"Person\",\"@id\":\"https:\/\/www.vegaintro-projekti.com\/pilar-stari\/#\/schema\/person\/ddd404c9f1e15e4ffef5986ac6a5d28b\",\"name\":\"Boris\",\"image\":{\"@type\":\"ImageObject\",\"inLanguage\":\"hr\",\"@id\":\"https:\/\/www.vegaintro-projekti.com\/pilar-stari\/#\/schema\/person\/image\/\",\"url\":\"https:\/\/secure.gravatar.com\/avatar\/29557b161a6ce6ab86ac1503164f1e90?s=96&d=mm&r=g\",\"contentUrl\":\"https:\/\/secure.gravatar.com\/avatar\/29557b161a6ce6ab86ac1503164f1e90?s=96&d=mm&r=g\",\"caption\":\"Boris\"},\"url\":\"https:\/\/www.vegaintro-projekti.com\/pilar-stari\/author\/boris\/\"}]}<\/script>\n<!-- \/ Yoast SEO plugin. -->","yoast_head_json":{"title":"Dr. sc. \u0160a\u0161a Poljanec-Bori\u0107: Postoji li potreba za EU direktivom o prekomjernom turizmu?; Plitvi\u010dka jezera, 15.-16. 9. 2023. - Institut dru&scaron;tvenih znanosti Ivo Pilar","robots":{"index":"noindex","follow":"follow","max-snippet":"max-snippet:-1","max-image-preview":"max-image-preview:large","max-video-preview":"max-video-preview:-1"},"og_locale":"hr_HR","og_type":"article","og_title":"Dr. sc. \u0160a\u0161a Poljanec-Bori\u0107: Postoji li potreba za EU direktivom o prekomjernom turizmu?; Plitvi\u010dka jezera, 15.-16. 9. 2023. - Institut dru&scaron;tvenih znanosti Ivo Pilar","og_description":"Portal ESD objavio je radove s 99. International Scientific Conference on Economic and Social Development, odr\u017eane na Plitvi\u010dkim jezerima 15.-16. rujna 2023., me\u0111u kojima i rad dr. sc. \u0160a\u0161a Poljanec-Bori\u0107 pod naslovom TOURISM, NATIONAL PARKS, AND CLIMATE CHANGE: IS THERE A NEED FOR AN EU DIRECTIVE ON OVER-TOURISM? &#8211; Book of Proceedings: Economic and Social&hellip; Pro\u010ditaj vi\u0161e o Dr. sc. \u0160a\u0161a Poljanec-Bori\u0107: Postoji li potreba za EU direktivom o prekomjernom turizmu?; Plitvi\u010dka jezera, 15.-16. 9. 2023.","og_url":"https:\/\/www.vegaintro-projekti.com\/pilar-stari\/2023\/10\/dr-sc-sasa-poljanec-boric-postoji-li-potreba-za-eu-direktivom-o-prekomjernom-turizmu-plitvicka-jezera-15-16-9-2023\/","og_site_name":"Institut dru&scaron;tvenih znanosti Ivo Pilar","article_published_time":"2023-10-17T12:51:30+00:00","article_modified_time":"2023-10-17T13:03:02+00:00","og_image":[{"width":499,"height":220,"url":"https:\/\/www.vegaintro-projekti.com\/pilar-stari\/wp-content\/uploads\/2023\/10\/SPB_fi.jpg","type":"image\/jpeg"}],"author":"Boris","twitter_card":"summary_large_image","twitter_misc":{"Napisao\/la":"Boris","Procijenjeno vrijeme \u010ditanja":"2 minute"},"schema":{"@context":"https:\/\/schema.org","@graph":[{"@type":"WebPage","@id":"https:\/\/www.vegaintro-projekti.com\/pilar-stari\/2023\/10\/dr-sc-sasa-poljanec-boric-postoji-li-potreba-za-eu-direktivom-o-prekomjernom-turizmu-plitvicka-jezera-15-16-9-2023\/","url":"https:\/\/www.vegaintro-projekti.com\/pilar-stari\/2023\/10\/dr-sc-sasa-poljanec-boric-postoji-li-potreba-za-eu-direktivom-o-prekomjernom-turizmu-plitvicka-jezera-15-16-9-2023\/","name":"Dr. sc. \u0160a\u0161a Poljanec-Bori\u0107: Postoji li potreba za EU direktivom o prekomjernom turizmu?; Plitvi\u010dka jezera, 15.-16. 9. 2023. - Institut dru&scaron;tvenih znanosti Ivo Pilar","isPartOf":{"@id":"https:\/\/www.vegaintro-projekti.com\/pilar-stari\/#website"},"datePublished":"2023-10-17T12:51:30+00:00","dateModified":"2023-10-17T13:03:02+00:00","author":{"@id":"https:\/\/www.vegaintro-projekti.com\/pilar-stari\/#\/schema\/person\/ddd404c9f1e15e4ffef5986ac6a5d28b"},"breadcrumb":{"@id":"https:\/\/www.vegaintro-projekti.com\/pilar-stari\/2023\/10\/dr-sc-sasa-poljanec-boric-postoji-li-potreba-za-eu-direktivom-o-prekomjernom-turizmu-plitvicka-jezera-15-16-9-2023\/#breadcrumb"},"inLanguage":"hr","potentialAction":[{"@type":"ReadAction","target":["https:\/\/www.vegaintro-projekti.com\/pilar-stari\/2023\/10\/dr-sc-sasa-poljanec-boric-postoji-li-potreba-za-eu-direktivom-o-prekomjernom-turizmu-plitvicka-jezera-15-16-9-2023\/"]}]},{"@type":"BreadcrumbList","@id":"https:\/\/www.vegaintro-projekti.com\/pilar-stari\/2023\/10\/dr-sc-sasa-poljanec-boric-postoji-li-potreba-za-eu-direktivom-o-prekomjernom-turizmu-plitvicka-jezera-15-16-9-2023\/#breadcrumb","itemListElement":[{"@type":"ListItem","position":1,"name":"Home","item":"https:\/\/www.vegaintro-projekti.com\/pilar-stari\/"},{"@type":"ListItem","position":2,"name":"Dr. sc. \u0160a\u0161a Poljanec-Bori\u0107: Postoji li potreba za EU direktivom o prekomjernom turizmu?; Plitvi\u010dka jezera, 15.-16. 9. 2023."}]},{"@type":"WebSite","@id":"https:\/\/www.vegaintro-projekti.com\/pilar-stari\/#website","url":"https:\/\/www.vegaintro-projekti.com\/pilar-stari\/","name":"Institut dru&scaron;tvenih znanosti Ivo Pilar","description":"Pilar","potentialAction":[{"@type":"SearchAction","target":{"@type":"EntryPoint","urlTemplate":"https:\/\/www.vegaintro-projekti.com\/pilar-stari\/?s={search_term_string}"},"query-input":"required name=search_term_string"}],"inLanguage":"hr"},{"@type":"Person","@id":"https:\/\/www.vegaintro-projekti.com\/pilar-stari\/#\/schema\/person\/ddd404c9f1e15e4ffef5986ac6a5d28b","name":"Boris","image":{"@type":"ImageObject","inLanguage":"hr","@id":"https:\/\/www.vegaintro-projekti.com\/pilar-stari\/#\/schema\/person\/image\/","url":"https:\/\/secure.gravatar.com\/avatar\/29557b161a6ce6ab86ac1503164f1e90?s=96&d=mm&r=g","contentUrl":"https:\/\/secure.gravatar.com\/avatar\/29557b161a6ce6ab86ac1503164f1e90?s=96&d=mm&r=g","caption":"Boris"},"url":"https:\/\/www.vegaintro-projekti.com\/pilar-stari\/author\/boris\/"}]}},"_links":{"self":[{"href":"https:\/\/www.vegaintro-projekti.com\/pilar-stari\/wp-json\/wp\/v2\/posts\/27364"}],"collection":[{"href":"https:\/\/www.vegaintro-projekti.com\/pilar-stari\/wp-json\/wp\/v2\/posts"}],"about":[{"href":"https:\/\/www.vegaintro-projekti.com\/pilar-stari\/wp-json\/wp\/v2\/types\/post"}],"author":[{"embeddable":true,"href":"https:\/\/www.vegaintro-projekti.com\/pilar-stari\/wp-json\/wp\/v2\/users\/7"}],"replies":[{"embeddable":true,"href":"https:\/\/www.vegaintro-projekti.com\/pilar-stari\/wp-json\/wp\/v2\/comments?post=27364"}],"version-history":[{"count":3,"href":"https:\/\/www.vegaintro-projekti.com\/pilar-stari\/wp-json\/wp\/v2\/posts\/27364\/revisions"}],"predecessor-version":[{"id":27367,"href":"https:\/\/www.vegaintro-projekti.com\/pilar-stari\/wp-json\/wp\/v2\/posts\/27364\/revisions\/27367"}],"wp:featuredmedia":[{"embeddable":true,"href":"https:\/\/www.vegaintro-projekti.com\/pilar-stari\/wp-json\/wp\/v2\/media\/27362"}],"wp:attachment":[{"href":"https:\/\/www.vegaintro-projekti.com\/pilar-stari\/wp-json\/wp\/v2\/media?parent=27364"}],"wp:term":[{"taxonomy":"category","embeddable":true,"href":"https:\/\/www.vegaintro-projekti.com\/pilar-stari\/wp-json\/wp\/v2\/categories?post=27364"},{"taxonomy":"post_tag","embeddable":true,"href":"https:\/\/www.vegaintro-projekti.com\/pilar-stari\/wp-json\/wp\/v2\/tags?post=27364"}],"curies":[{"name":"wp","href":"https:\/\/api.w.org\/{rel}","templated":true}]}}