{"id":27669,"date":"2023-11-06T18:03:08","date_gmt":"2023-11-06T18:03:08","guid":{"rendered":"https:\/\/www.vegaintro-projekti.com\/pilar-stari\/?p=27669"},"modified":"2023-11-09T20:45:35","modified_gmt":"2023-11-09T20:45:35","slug":"dr-sc-sandra-cvikic-na-konferenciji-regionalnih-centara-kompetentnosti-koraci-prema-uspjehu-ilok-3-11-2023","status":"publish","type":"post","link":"https:\/\/www.vegaintro-projekti.com\/pilar-stari\/2023\/11\/dr-sc-sandra-cvikic-na-konferenciji-regionalnih-centara-kompetentnosti-koraci-prema-uspjehu-ilok-3-11-2023\/","title":{"rendered":"Dr. sc. Sandra Cviki\u0107 na konferenciji regionalnih centara kompetentnosti \u201eKoraci prema uspjehu&#8221;; Ilok, 3. 11. 2023."},"content":{"rendered":"<p><strong>Dr. sc. Sandra Cviki\u0107 sudjelovala je na konferenciji \u201eKoraci prema uspjehu: konferencija regionalnih centara kompetentnosti\u201c odr\u017eanoj u okviru projekta \u201eCentar za suvremene tehnologije i obrazovanje u poljoprivredi, II. faza\u201c 3. studenog 2023. u Iloku.<\/strong> &#8211; <a href=\"http:\/\/ss-poljoprivredno-sumarska-vk.skole.hr\/?news_hk=1&amp;news_id=1606&amp;mshow=290#mod_news\">O konferenciji<\/a><\/p>\n<div class=\"wp-block-image\">\n<p><a href=\"https:\/\/www.vegaintro-projekti.com\/pilar-stari\/wp-content\/uploads\/2023\/11\/IMG_0-1.jpg\"><img decoding=\"async\" loading=\"lazy\" class=\"alignnone wp-image-27657 size-full\" src=\"https:\/\/www.vegaintro-projekti.com\/pilar-stari\/wp-content\/uploads\/2023\/11\/IMG_0_s.jpg\" alt=\"i1\" width=\"620\" height=\"348\" srcset=\"https:\/\/www.vegaintro-projekti.com\/pilar-stari\/wp-content\/uploads\/2023\/11\/IMG_0_s.jpg 620w, https:\/\/www.vegaintro-projekti.com\/pilar-stari\/wp-content\/uploads\/2023\/11\/IMG_0_s-300x168.jpg 300w\" sizes=\"(max-width: 620px) 100vw, 620px\" \/><\/a><a href=\"https:\/\/www.vegaintro-projekti.com\/pilar-stari\/wp-content\/uploads\/2023\/11\/IMG_1.jpg\"><img decoding=\"async\" loading=\"lazy\" class=\"alignnone wp-image-27659 size-full\" src=\"https:\/\/www.vegaintro-projekti.com\/pilar-stari\/wp-content\/uploads\/2023\/11\/IMG_1s.jpg\" alt=\"i2\" width=\"310\" height=\"206\" srcset=\"https:\/\/www.vegaintro-projekti.com\/pilar-stari\/wp-content\/uploads\/2023\/11\/IMG_1s.jpg 310w, https:\/\/www.vegaintro-projekti.com\/pilar-stari\/wp-content\/uploads\/2023\/11\/IMG_1s-300x199.jpg 300w\" sizes=\"(max-width: 310px) 100vw, 310px\" \/><\/a><a href=\"https:\/\/www.vegaintro-projekti.com\/pilar-stari\/wp-content\/uploads\/2023\/11\/IMG_2.jpg\"><img decoding=\"async\" loading=\"lazy\" class=\"alignnone wp-image-27661 size-full\" src=\"https:\/\/www.vegaintro-projekti.com\/pilar-stari\/wp-content\/uploads\/2023\/11\/IMG_2s.jpg\" alt=\"i3\" width=\"310\" height=\"206\" srcset=\"https:\/\/www.vegaintro-projekti.com\/pilar-stari\/wp-content\/uploads\/2023\/11\/IMG_2s.jpg 310w, https:\/\/www.vegaintro-projekti.com\/pilar-stari\/wp-content\/uploads\/2023\/11\/IMG_2s-300x199.jpg 300w\" sizes=\"(max-width: 310px) 100vw, 310px\" \/><\/a><a href=\"https:\/\/www.vegaintro-projekti.com\/pilar-stari\/wp-content\/uploads\/2023\/11\/IMG_3.jpg\"><img decoding=\"async\" loading=\"lazy\" class=\"alignnone wp-image-27663 size-full\" src=\"https:\/\/www.vegaintro-projekti.com\/pilar-stari\/wp-content\/uploads\/2023\/11\/IMG_3s.jpg\" alt=\"i4\" width=\"310\" height=\"206\" srcset=\"https:\/\/www.vegaintro-projekti.com\/pilar-stari\/wp-content\/uploads\/2023\/11\/IMG_3s.jpg 310w, https:\/\/www.vegaintro-projekti.com\/pilar-stari\/wp-content\/uploads\/2023\/11\/IMG_3s-300x199.jpg 300w\" sizes=\"(max-width: 310px) 100vw, 310px\" \/><\/a><a href=\"https:\/\/www.vegaintro-projekti.com\/pilar-stari\/wp-content\/uploads\/2023\/11\/IMG_4.jpg\"><img decoding=\"async\" loading=\"lazy\" class=\"alignnone wp-image-27665 size-full\" src=\"https:\/\/www.vegaintro-projekti.com\/pilar-stari\/wp-content\/uploads\/2023\/11\/IMG_4s.jpg\" alt=\"i5\" width=\"310\" height=\"206\" srcset=\"https:\/\/www.vegaintro-projekti.com\/pilar-stari\/wp-content\/uploads\/2023\/11\/IMG_4s.jpg 310w, https:\/\/www.vegaintro-projekti.com\/pilar-stari\/wp-content\/uploads\/2023\/11\/IMG_4s-300x199.jpg 300w\" sizes=\"(max-width: 310px) 100vw, 310px\" \/><\/a><a href=\"https:\/\/www.vegaintro-projekti.com\/pilar-stari\/wp-content\/uploads\/2023\/11\/Pozivnica.png\"><img decoding=\"async\" loading=\"lazy\" class=\"alignnone wp-image-27667 size-full\" src=\"https:\/\/www.vegaintro-projekti.com\/pilar-stari\/wp-content\/uploads\/2023\/11\/Pozivnica_s.jpg\" alt=\"i5\" width=\"620\" height=\"438\" srcset=\"https:\/\/www.vegaintro-projekti.com\/pilar-stari\/wp-content\/uploads\/2023\/11\/Pozivnica_s.jpg 620w, https:\/\/www.vegaintro-projekti.com\/pilar-stari\/wp-content\/uploads\/2023\/11\/Pozivnica_s-300x212.jpg 300w\" sizes=\"(max-width: 620px) 100vw, 620px\" \/><\/a><\/p>\n<\/div>\n<p><strong>Nositelj projekta<\/strong> i organizator konferencije je bio Regionalni centar kompetentnosti Poljoprivredno \u0161umarske \u0161kole Vinkovci zajedno s partnerima. Dr. sc. Cviki\u0107 odr\u017eala je uvodno predavanje pod naslovom \u201eIzazovi strukovnog obrazovanja i demografska revitalizacija Republike Hrvatske\u201c.<\/p>\n<blockquote><p><a href=\"https:\/\/www.vegaintro-projekti.com\/pilar-stari\/biografije\/user-bio\/?my_user_id=100\">Dr. sc. Sandra Cviki\u0107<\/a><\/p>\n<p><a href=\"https:\/\/www.vegaintro-projekti.com\/pilar-stari\/2018\/04\/podruni-centar-vukovar-2\/\">Podru\u010dni centar Vukovar<\/a><\/p><\/blockquote>\n","protected":false},"excerpt":{"rendered":"<p>Dr. sc. Sandra Cviki\u0107 sudjelovala je na konferenciji \u201eKoraci prema uspjehu: konferencija regionalnih centara kompetentnosti\u201c odr\u017eanoj u okviru projekta \u201eCentar za suvremene tehnologije i obrazovanje u poljoprivredi, II. faza\u201c 3. studenog 2023. u Iloku. &#8211; O konferenciji Nositelj projekta i organizator konferencije je bio Regionalni centar kompetentnosti Poljoprivredno \u0161umarske \u0161kole Vinkovci zajedno s partnerima. Dr.&hellip; <a class=\"continue\" href=\"https:\/\/www.vegaintro-projekti.com\/pilar-stari\/2023\/11\/dr-sc-sandra-cvikic-na-konferenciji-regionalnih-centara-kompetentnosti-koraci-prema-uspjehu-ilok-3-11-2023\/\">Pro\u010ditaj vi\u0161e o<span> Dr. sc. Sandra Cviki\u0107 na konferenciji regionalnih centara kompetentnosti \u201eKoraci prema uspjehu&#8221;; Ilok, 3. 11. 2023.<\/span><\/a><\/p>\n","protected":false},"author":7,"featured_media":27656,"comment_status":"closed","ping_status":"closed","sticky":false,"template":"","format":"standard","meta":{"inline_featured_image":false,"ngg_post_thumbnail":0,"footnotes":""},"categories":[11],"tags":[],"yoast_head":"<!-- This site is optimized with the Yoast SEO plugin v21.2 - https:\/\/yoast.com\/wordpress\/plugins\/seo\/ -->\n<title>Dr. sc. Sandra Cviki\u0107 na konferenciji regionalnih centara kompetentnosti \u201eKoraci prema uspjehu&quot;; Ilok, 3. 11. 2023. - Institut dru&scaron;tvenih znanosti Ivo Pilar<\/title>\n<meta name=\"robots\" content=\"noindex, follow, max-snippet:-1, max-image-preview:large, max-video-preview:-1\" \/>\n<meta property=\"og:locale\" content=\"hr_HR\" \/>\n<meta property=\"og:type\" content=\"article\" \/>\n<meta property=\"og:title\" content=\"Dr. sc. Sandra Cviki\u0107 na konferenciji regionalnih centara kompetentnosti \u201eKoraci prema uspjehu&quot;; Ilok, 3. 11. 2023. - Institut dru&scaron;tvenih znanosti Ivo Pilar\" \/>\n<meta property=\"og:description\" content=\"Dr. sc. Sandra Cviki\u0107 sudjelovala je na konferenciji \u201eKoraci prema uspjehu: konferencija regionalnih centara kompetentnosti\u201c odr\u017eanoj u okviru projekta \u201eCentar za suvremene tehnologije i obrazovanje u poljoprivredi, II. faza\u201c 3. studenog 2023. u Iloku. &#8211; O konferenciji Nositelj projekta i organizator konferencije je bio Regionalni centar kompetentnosti Poljoprivredno \u0161umarske \u0161kole Vinkovci zajedno s partnerima. Dr.&hellip; Pro\u010ditaj vi\u0161e o Dr. sc. Sandra Cviki\u0107 na konferenciji regionalnih centara kompetentnosti \u201eKoraci prema uspjehu&#8221;; Ilok, 3. 11. 2023.\" \/>\n<meta property=\"og:url\" content=\"https:\/\/www.vegaintro-projekti.com\/pilar-stari\/2023\/11\/dr-sc-sandra-cvikic-na-konferenciji-regionalnih-centara-kompetentnosti-koraci-prema-uspjehu-ilok-3-11-2023\/\" \/>\n<meta property=\"og:site_name\" content=\"Institut dru&scaron;tvenih znanosti Ivo Pilar\" \/>\n<meta property=\"article:published_time\" content=\"2023-11-06T18:03:08+00:00\" \/>\n<meta property=\"article:modified_time\" content=\"2023-11-09T20:45:35+00:00\" \/>\n<meta property=\"og:image\" content=\"https:\/\/www.vegaintro-projekti.com\/pilar-stari\/wp-content\/uploads\/2023\/11\/IMG_0_fi.jpg\" \/>\n\t<meta property=\"og:image:width\" content=\"500\" \/>\n\t<meta property=\"og:image:height\" content=\"228\" \/>\n\t<meta property=\"og:image:type\" content=\"image\/jpeg\" \/>\n<meta name=\"author\" content=\"Boris\" \/>\n<meta name=\"twitter:card\" content=\"summary_large_image\" \/>\n<meta name=\"twitter:label1\" content=\"Napisao\/la\" \/>\n\t<meta name=\"twitter:data1\" content=\"Boris\" \/>\n\t<meta name=\"twitter:label2\" content=\"Procijenjeno vrijeme \u010ditanja\" \/>\n\t<meta name=\"twitter:data2\" content=\"2 minute\" \/>\n<script type=\"application\/ld+json\" class=\"yoast-schema-graph\">{\"@context\":\"https:\/\/schema.org\",\"@graph\":[{\"@type\":\"WebPage\",\"@id\":\"https:\/\/www.vegaintro-projekti.com\/pilar-stari\/2023\/11\/dr-sc-sandra-cvikic-na-konferenciji-regionalnih-centara-kompetentnosti-koraci-prema-uspjehu-ilok-3-11-2023\/\",\"url\":\"https:\/\/www.vegaintro-projekti.com\/pilar-stari\/2023\/11\/dr-sc-sandra-cvikic-na-konferenciji-regionalnih-centara-kompetentnosti-koraci-prema-uspjehu-ilok-3-11-2023\/\",\"name\":\"Dr. sc. Sandra Cviki\u0107 na konferenciji regionalnih centara kompetentnosti \u201eKoraci prema uspjehu\\\"; Ilok, 3. 11. 2023. - Institut dru&scaron;tvenih znanosti Ivo Pilar\",\"isPartOf\":{\"@id\":\"https:\/\/www.vegaintro-projekti.com\/pilar-stari\/#website\"},\"datePublished\":\"2023-11-06T18:03:08+00:00\",\"dateModified\":\"2023-11-09T20:45:35+00:00\",\"author\":{\"@id\":\"https:\/\/www.vegaintro-projekti.com\/pilar-stari\/#\/schema\/person\/ddd404c9f1e15e4ffef5986ac6a5d28b\"},\"breadcrumb\":{\"@id\":\"https:\/\/www.vegaintro-projekti.com\/pilar-stari\/2023\/11\/dr-sc-sandra-cvikic-na-konferenciji-regionalnih-centara-kompetentnosti-koraci-prema-uspjehu-ilok-3-11-2023\/#breadcrumb\"},\"inLanguage\":\"hr\",\"potentialAction\":[{\"@type\":\"ReadAction\",\"target\":[\"https:\/\/www.vegaintro-projekti.com\/pilar-stari\/2023\/11\/dr-sc-sandra-cvikic-na-konferenciji-regionalnih-centara-kompetentnosti-koraci-prema-uspjehu-ilok-3-11-2023\/\"]}]},{\"@type\":\"BreadcrumbList\",\"@id\":\"https:\/\/www.vegaintro-projekti.com\/pilar-stari\/2023\/11\/dr-sc-sandra-cvikic-na-konferenciji-regionalnih-centara-kompetentnosti-koraci-prema-uspjehu-ilok-3-11-2023\/#breadcrumb\",\"itemListElement\":[{\"@type\":\"ListItem\",\"position\":1,\"name\":\"Home\",\"item\":\"https:\/\/www.vegaintro-projekti.com\/pilar-stari\/\"},{\"@type\":\"ListItem\",\"position\":2,\"name\":\"Dr. sc. Sandra Cviki\u0107 na konferenciji regionalnih centara kompetentnosti \u201eKoraci prema uspjehu&#8221;; Ilok, 3. 11. 2023.\"}]},{\"@type\":\"WebSite\",\"@id\":\"https:\/\/www.vegaintro-projekti.com\/pilar-stari\/#website\",\"url\":\"https:\/\/www.vegaintro-projekti.com\/pilar-stari\/\",\"name\":\"Institut dru&scaron;tvenih znanosti Ivo Pilar\",\"description\":\"Pilar\",\"potentialAction\":[{\"@type\":\"SearchAction\",\"target\":{\"@type\":\"EntryPoint\",\"urlTemplate\":\"https:\/\/www.vegaintro-projekti.com\/pilar-stari\/?s={search_term_string}\"},\"query-input\":\"required name=search_term_string\"}],\"inLanguage\":\"hr\"},{\"@type\":\"Person\",\"@id\":\"https:\/\/www.vegaintro-projekti.com\/pilar-stari\/#\/schema\/person\/ddd404c9f1e15e4ffef5986ac6a5d28b\",\"name\":\"Boris\",\"image\":{\"@type\":\"ImageObject\",\"inLanguage\":\"hr\",\"@id\":\"https:\/\/www.vegaintro-projekti.com\/pilar-stari\/#\/schema\/person\/image\/\",\"url\":\"https:\/\/secure.gravatar.com\/avatar\/29557b161a6ce6ab86ac1503164f1e90?s=96&d=mm&r=g\",\"contentUrl\":\"https:\/\/secure.gravatar.com\/avatar\/29557b161a6ce6ab86ac1503164f1e90?s=96&d=mm&r=g\",\"caption\":\"Boris\"},\"url\":\"https:\/\/www.vegaintro-projekti.com\/pilar-stari\/author\/boris\/\"}]}<\/script>\n<!-- \/ Yoast SEO plugin. -->","yoast_head_json":{"title":"Dr. sc. Sandra Cviki\u0107 na konferenciji regionalnih centara kompetentnosti \u201eKoraci prema uspjehu\"; Ilok, 3. 11. 2023. - Institut dru&scaron;tvenih znanosti Ivo Pilar","robots":{"index":"noindex","follow":"follow","max-snippet":"max-snippet:-1","max-image-preview":"max-image-preview:large","max-video-preview":"max-video-preview:-1"},"og_locale":"hr_HR","og_type":"article","og_title":"Dr. sc. Sandra Cviki\u0107 na konferenciji regionalnih centara kompetentnosti \u201eKoraci prema uspjehu\"; Ilok, 3. 11. 2023. - Institut dru&scaron;tvenih znanosti Ivo Pilar","og_description":"Dr. sc. Sandra Cviki\u0107 sudjelovala je na konferenciji \u201eKoraci prema uspjehu: konferencija regionalnih centara kompetentnosti\u201c odr\u017eanoj u okviru projekta \u201eCentar za suvremene tehnologije i obrazovanje u poljoprivredi, II. faza\u201c 3. studenog 2023. u Iloku. &#8211; O konferenciji Nositelj projekta i organizator konferencije je bio Regionalni centar kompetentnosti Poljoprivredno \u0161umarske \u0161kole Vinkovci zajedno s partnerima. Dr.&hellip; Pro\u010ditaj vi\u0161e o Dr. sc. Sandra Cviki\u0107 na konferenciji regionalnih centara kompetentnosti \u201eKoraci prema uspjehu&#8221;; Ilok, 3. 11. 2023.","og_url":"https:\/\/www.vegaintro-projekti.com\/pilar-stari\/2023\/11\/dr-sc-sandra-cvikic-na-konferenciji-regionalnih-centara-kompetentnosti-koraci-prema-uspjehu-ilok-3-11-2023\/","og_site_name":"Institut dru&scaron;tvenih znanosti Ivo Pilar","article_published_time":"2023-11-06T18:03:08+00:00","article_modified_time":"2023-11-09T20:45:35+00:00","og_image":[{"width":500,"height":228,"url":"https:\/\/www.vegaintro-projekti.com\/pilar-stari\/wp-content\/uploads\/2023\/11\/IMG_0_fi.jpg","type":"image\/jpeg"}],"author":"Boris","twitter_card":"summary_large_image","twitter_misc":{"Napisao\/la":"Boris","Procijenjeno vrijeme \u010ditanja":"2 minute"},"schema":{"@context":"https:\/\/schema.org","@graph":[{"@type":"WebPage","@id":"https:\/\/www.vegaintro-projekti.com\/pilar-stari\/2023\/11\/dr-sc-sandra-cvikic-na-konferenciji-regionalnih-centara-kompetentnosti-koraci-prema-uspjehu-ilok-3-11-2023\/","url":"https:\/\/www.vegaintro-projekti.com\/pilar-stari\/2023\/11\/dr-sc-sandra-cvikic-na-konferenciji-regionalnih-centara-kompetentnosti-koraci-prema-uspjehu-ilok-3-11-2023\/","name":"Dr. sc. Sandra Cviki\u0107 na konferenciji regionalnih centara kompetentnosti \u201eKoraci prema uspjehu\"; Ilok, 3. 11. 2023. - Institut dru&scaron;tvenih znanosti Ivo Pilar","isPartOf":{"@id":"https:\/\/www.vegaintro-projekti.com\/pilar-stari\/#website"},"datePublished":"2023-11-06T18:03:08+00:00","dateModified":"2023-11-09T20:45:35+00:00","author":{"@id":"https:\/\/www.vegaintro-projekti.com\/pilar-stari\/#\/schema\/person\/ddd404c9f1e15e4ffef5986ac6a5d28b"},"breadcrumb":{"@id":"https:\/\/www.vegaintro-projekti.com\/pilar-stari\/2023\/11\/dr-sc-sandra-cvikic-na-konferenciji-regionalnih-centara-kompetentnosti-koraci-prema-uspjehu-ilok-3-11-2023\/#breadcrumb"},"inLanguage":"hr","potentialAction":[{"@type":"ReadAction","target":["https:\/\/www.vegaintro-projekti.com\/pilar-stari\/2023\/11\/dr-sc-sandra-cvikic-na-konferenciji-regionalnih-centara-kompetentnosti-koraci-prema-uspjehu-ilok-3-11-2023\/"]}]},{"@type":"BreadcrumbList","@id":"https:\/\/www.vegaintro-projekti.com\/pilar-stari\/2023\/11\/dr-sc-sandra-cvikic-na-konferenciji-regionalnih-centara-kompetentnosti-koraci-prema-uspjehu-ilok-3-11-2023\/#breadcrumb","itemListElement":[{"@type":"ListItem","position":1,"name":"Home","item":"https:\/\/www.vegaintro-projekti.com\/pilar-stari\/"},{"@type":"ListItem","position":2,"name":"Dr. sc. Sandra Cviki\u0107 na konferenciji regionalnih centara kompetentnosti \u201eKoraci prema uspjehu&#8221;; Ilok, 3. 11. 2023."}]},{"@type":"WebSite","@id":"https:\/\/www.vegaintro-projekti.com\/pilar-stari\/#website","url":"https:\/\/www.vegaintro-projekti.com\/pilar-stari\/","name":"Institut dru&scaron;tvenih znanosti Ivo Pilar","description":"Pilar","potentialAction":[{"@type":"SearchAction","target":{"@type":"EntryPoint","urlTemplate":"https:\/\/www.vegaintro-projekti.com\/pilar-stari\/?s={search_term_string}"},"query-input":"required name=search_term_string"}],"inLanguage":"hr"},{"@type":"Person","@id":"https:\/\/www.vegaintro-projekti.com\/pilar-stari\/#\/schema\/person\/ddd404c9f1e15e4ffef5986ac6a5d28b","name":"Boris","image":{"@type":"ImageObject","inLanguage":"hr","@id":"https:\/\/www.vegaintro-projekti.com\/pilar-stari\/#\/schema\/person\/image\/","url":"https:\/\/secure.gravatar.com\/avatar\/29557b161a6ce6ab86ac1503164f1e90?s=96&d=mm&r=g","contentUrl":"https:\/\/secure.gravatar.com\/avatar\/29557b161a6ce6ab86ac1503164f1e90?s=96&d=mm&r=g","caption":"Boris"},"url":"https:\/\/www.vegaintro-projekti.com\/pilar-stari\/author\/boris\/"}]}},"_links":{"self":[{"href":"https:\/\/www.vegaintro-projekti.com\/pilar-stari\/wp-json\/wp\/v2\/posts\/27669"}],"collection":[{"href":"https:\/\/www.vegaintro-projekti.com\/pilar-stari\/wp-json\/wp\/v2\/posts"}],"about":[{"href":"https:\/\/www.vegaintro-projekti.com\/pilar-stari\/wp-json\/wp\/v2\/types\/post"}],"author":[{"embeddable":true,"href":"https:\/\/www.vegaintro-projekti.com\/pilar-stari\/wp-json\/wp\/v2\/users\/7"}],"replies":[{"embeddable":true,"href":"https:\/\/www.vegaintro-projekti.com\/pilar-stari\/wp-json\/wp\/v2\/comments?post=27669"}],"version-history":[{"count":6,"href":"https:\/\/www.vegaintro-projekti.com\/pilar-stari\/wp-json\/wp\/v2\/posts\/27669\/revisions"}],"predecessor-version":[{"id":27675,"href":"https:\/\/www.vegaintro-projekti.com\/pilar-stari\/wp-json\/wp\/v2\/posts\/27669\/revisions\/27675"}],"wp:featuredmedia":[{"embeddable":true,"href":"https:\/\/www.vegaintro-projekti.com\/pilar-stari\/wp-json\/wp\/v2\/media\/27656"}],"wp:attachment":[{"href":"https:\/\/www.vegaintro-projekti.com\/pilar-stari\/wp-json\/wp\/v2\/media?parent=27669"}],"wp:term":[{"taxonomy":"category","embeddable":true,"href":"https:\/\/www.vegaintro-projekti.com\/pilar-stari\/wp-json\/wp\/v2\/categories?post=27669"},{"taxonomy":"post_tag","embeddable":true,"href":"https:\/\/www.vegaintro-projekti.com\/pilar-stari\/wp-json\/wp\/v2\/tags?post=27669"}],"curies":[{"name":"wp","href":"https:\/\/api.w.org\/{rel}","templated":true}]}}